{"id":659199,"date":"2017-10-11T11:25:37","date_gmt":"2017-10-11T09:25:37","guid":{"rendered":"http:\/\/www.varesenews.it\/?p=659199"},"modified":"2017-10-11T11:25:37","modified_gmt":"2017-10-11T09:25:37","slug":"la-bpm-torna-in-vasca-nel-weekend-per-la-len-euro-cup","status":"publish","type":"post","link":"https:\/\/staging.varesenews.it\/2017\/10\/la-bpm-torna-in-vasca-nel-weekend-per-la-len-euro-cup\/659199\/","title":{"rendered":"La Bpm torna in vasca nel weekend per la Len Euro Cup"},"content":{"rendered":"<p>Torner\u00e0 in vasca nel weekend la <strong>Pallanuoto Banco BPM Sport Management<\/strong> impegnata nel secondo turno di Len Euro Cup. Il teatro di gara sar\u00e0 la cittadina francese di <strong>Aix En Provence<\/strong> dove, dal 13 al 15 ottobre 2017, le quattro squadre del girone C si contenderanno i due posti a disposizione per qualificarsi al terzo turno del torneo continentale. Oltre ai mastini bustocchi (in Francia senza gli infortunati Lazovic, Blary e Fondelli) e ai padroni di casa del <strong>Pays D\u2019Aix Natation<\/strong> (la squadra francese che si era qualificata come quarta nel round 1 disputato a Busto Arsizio un paio di settimane fa) al via ci saranno anche i russi dello <strong>Shturm 2002 Ruza<\/strong> e gli ungheresi del <strong>Miskolci Vlc<\/strong>.<\/p>\n<p>Proprio contro la forte compagine ungherese (prima classificata nell\u2019altro raggruppamento del round 1) far\u00e0 il suo esordio nel round 2 la Pallanuoto Banco BPM Sport Management, con il sette di mister Baldineti che sfider\u00e0 il Miskolci Vlc <strong>venerd\u00ec 13 ottobre alle ore 18.00<\/strong>.<\/p>\n<p>Il secondo impegno sar\u00e0 invece il match in programma <strong>sabato 14 ottobre alle ore 17.00<\/strong> quando capitan Valentino Gallo e compagni saranno in vasca per la gara contro i russi dello Shturm 2002 Ruza. L\u2019ultima sfida sar\u00e0 invece quella di <strong>domenica 15 ottobre<\/strong>, quando la Pallanuoto Banco BPM Sport Management chiuder\u00e0 il suo programma di gara affrontando <strong>alle ore 11.00<\/strong> i padroni di casa del Pays D\u2019Aix Natation (battuti 13-4 nello scontro diretto disputato a Busto Arsizio nel round 1 di Len Euro Cup).<\/p>\n<p>Nel girone D (con sede a Budapest), che si disputer\u00e0 in contemporanea al gruppo C, al via ci saranno: FTC Budapest, Jadran Split, Primorac Kotor e CN Mataro. <strong>Le prime due classificate<\/strong> dei due gironi di secondo turno di Len Euro Cup <strong>si qualificheranno al terzo turno<\/strong>.<\/p>\n<p><strong>Questo il programma completo del round 2 &#8211; girone C:<\/strong><br \/>\n<strong>VENERDI\u2019 13 OTTOBRE<\/strong><br \/>\n18.00: Miskolci Vlc-Pallanuoto Banco BPM Sport Management<br \/>\n20.00: Pays D\u2019Aix Natation-Shturm 2002 Ruza<\/p>\n<p><strong>SABATO 14 OTTOBRE<\/strong><br \/>\n17.00: Pallanuoto Banco BPM Sport Management-Shturm 2002 Ruza<br \/>\n19.00: Pays D\u2019Aix Natation-Miskolci Vlc<\/p>\n<p><strong>DOMENICA 15 OTTOBRE<\/strong><br \/>\n09.00: Shturm 2002 Ruza-Miskolci Vlc<br \/>\n11.00: Pays D\u2019Aix Natation-Pallanuoto Banco BPM Sport Management<\/p>\n","protected":false},"excerpt":{"rendered":"<p>A Aix En Provence i mastini affronteranno il secondo turno di Coppa da venerd\u00ec 13 a domenica 15 ottobre<\/p>\n","protected":false},"author":37,"featured_media":0,"comment_status":"open","ping_status":"open","sticky":false,"template":"","format":"standard","meta":{"footnotes":""},"categories":[14],"tags":[51823,72593,1590],"acf":[],"yoast_head":"<!-- This site is optimized with the Yoast SEO plugin v20.1 - https:\/\/yoast.com\/wordpress\/plugins\/seo\/ -->\n<title>La Bpm torna in vasca nel weekend per la Len Euro Cup<\/title>\n<meta name=\"description\" content=\"A Aix En Provence i mastini affronteranno il secondo turno di Coppa da venerd\u00ec 13 a domenica 15 ottobre\" \/>\n<meta name=\"robots\" content=\"noindex, follow, max-snippet:-1, max-image-preview:large, max-video-preview:-1\" \/>\n<meta property=\"og:locale\" content=\"it_IT\" \/>\n<meta property=\"og:type\" content=\"article\" \/>\n<meta property=\"og:title\" content=\"La Bpm torna in vasca nel weekend per la Len Euro Cup\" \/>\n<meta property=\"og:description\" content=\"A Aix En Provence i mastini affronteranno il secondo turno di Coppa da venerd\u00ec 13 a domenica 15 ottobre\" \/>\n<meta property=\"og:url\" content=\"https:\/\/staging.varesenews.it\/2017\/10\/la-bpm-torna-in-vasca-nel-weekend-per-la-len-euro-cup\/659199\/\" \/>\n<meta property=\"og:site_name\" content=\"VareseNews\" \/>\n<meta property=\"article:publisher\" content=\"https:\/\/www.facebook.com\/varesenews\" \/>\n<meta property=\"article:published_time\" content=\"2017-10-11T09:25:37+00:00\" \/>\n<meta name=\"author\" content=\"Francesco Mazzoleni\" \/>\n<meta name=\"twitter:card\" content=\"summary_large_image\" \/>\n<meta name=\"twitter:creator\" content=\"@fmazzof\" \/>\n<meta name=\"twitter:site\" content=\"@varesenews\" \/>\n<meta name=\"twitter:label1\" content=\"Scritto da\" \/>\n\t<meta name=\"twitter:data1\" content=\"Francesco Mazzoleni\" \/>\n\t<meta name=\"twitter:label2\" content=\"Tempo di lettura stimato\" \/>\n\t<meta name=\"twitter:data2\" content=\"2 minuti\" \/>\n<script type=\"application\/ld+json\" class=\"yoast-schema-graph\">{\"@context\":\"https:\/\/schema.org\",\"@graph\":[{\"@type\":\"WebPage\",\"@id\":\"https:\/\/staging.varesenews.it\/2017\/10\/la-bpm-torna-in-vasca-nel-weekend-per-la-len-euro-cup\/659199\/\",\"url\":\"https:\/\/staging.varesenews.it\/2017\/10\/la-bpm-torna-in-vasca-nel-weekend-per-la-len-euro-cup\/659199\/\",\"name\":\"La Bpm torna in vasca nel weekend per la Len Euro Cup\",\"isPartOf\":{\"@id\":\"https:\/\/staging.varesenews.it\/#website\"},\"datePublished\":\"2017-10-11T09:25:37+00:00\",\"dateModified\":\"2017-10-11T09:25:37+00:00\",\"author\":{\"@id\":\"https:\/\/staging.varesenews.it\/#\/schema\/person\/e82236e79160d30d4e1f942004ac3038\"},\"description\":\"A Aix En Provence i mastini affronteranno il secondo turno di Coppa da venerd\u00ec 13 a domenica 15 ottobre\",\"breadcrumb\":{\"@id\":\"https:\/\/staging.varesenews.it\/2017\/10\/la-bpm-torna-in-vasca-nel-weekend-per-la-len-euro-cup\/659199\/#breadcrumb\"},\"inLanguage\":\"it-IT\",\"potentialAction\":[{\"@type\":\"ReadAction\",\"target\":[\"https:\/\/staging.varesenews.it\/2017\/10\/la-bpm-torna-in-vasca-nel-weekend-per-la-len-euro-cup\/659199\/\"]}]},{\"@type\":\"BreadcrumbList\",\"@id\":\"https:\/\/staging.varesenews.it\/2017\/10\/la-bpm-torna-in-vasca-nel-weekend-per-la-len-euro-cup\/659199\/#breadcrumb\",\"itemListElement\":[{\"@type\":\"ListItem\",\"position\":1,\"name\":\"Home\",\"item\":\"https:\/\/www.varesenews.it\/\"},{\"@type\":\"ListItem\",\"position\":2,\"name\":\"La Bpm torna in vasca nel weekend per la Len Euro Cup\"}]},{\"@type\":\"WebSite\",\"@id\":\"https:\/\/staging.varesenews.it\/#website\",\"url\":\"https:\/\/staging.varesenews.it\/\",\"name\":\"VareseNews\",\"description\":\"\",\"potentialAction\":[{\"@type\":\"SearchAction\",\"target\":{\"@type\":\"EntryPoint\",\"urlTemplate\":\"https:\/\/staging.varesenews.it\/?s={search_term_string}\"},\"query-input\":\"required name=search_term_string\"}],\"inLanguage\":\"it-IT\"},{\"@type\":\"Person\",\"@id\":\"https:\/\/staging.varesenews.it\/#\/schema\/person\/e82236e79160d30d4e1f942004ac3038\",\"name\":\"Francesco Mazzoleni\",\"image\":{\"@type\":\"ImageObject\",\"inLanguage\":\"it-IT\",\"@id\":\"https:\/\/staging.varesenews.it\/#\/schema\/person\/image\/\",\"url\":\"https:\/\/staging.varesenews.it\/wp-content\/uploads\/2020\/12\/francesco_mazzoleni_colori_500-1.jpg\",\"contentUrl\":\"https:\/\/staging.varesenews.it\/wp-content\/uploads\/2020\/12\/francesco_mazzoleni_colori_500-1.jpg\",\"caption\":\"Francesco Mazzoleni\"},\"description\":\"\\\"Uomo di campo\\\" della redazione sportiva. Nutro una vera passione per il calcio, che sia ad alti livelli, sui campi di provincia o in altri continenti. Sono nato a Varese nel 1984, vivo da sempre a Malnate e ho una laurea in Scienze Motorie. Ho mosso i primi passi a VareseNews da stagista nel 2002; nel 2008 ho iniziato a collaborare con maggiore continuit\u00e0 e dal 2018 sono giornalista professionista. Orgoglioso pap\u00e0 di Federico e Adelaide.\",\"sameAs\":[\"fmazzof\",\"it.linkedin.com\/in\/francescomazzolenif\",\"https:\/\/twitter.com\/fmazzof\"],\"url\":\"https:\/\/staging.varesenews.it\/persona\/francesco_mazzoleniferracini\/\"}]}<\/script>\n<!-- \/ Yoast SEO plugin. -->","yoast_head_json":{"title":"La Bpm torna in vasca nel weekend per la Len Euro Cup","description":"A Aix En Provence i mastini affronteranno il secondo turno di Coppa da venerd\u00ec 13 a domenica 15 ottobre","robots":{"index":"noindex","follow":"follow","max-snippet":"max-snippet:-1","max-image-preview":"max-image-preview:large","max-video-preview":"max-video-preview:-1"},"og_locale":"it_IT","og_type":"article","og_title":"La Bpm torna in vasca nel weekend per la Len Euro Cup","og_description":"A Aix En Provence i mastini affronteranno il secondo turno di Coppa da venerd\u00ec 13 a domenica 15 ottobre","og_url":"https:\/\/staging.varesenews.it\/2017\/10\/la-bpm-torna-in-vasca-nel-weekend-per-la-len-euro-cup\/659199\/","og_site_name":"VareseNews","article_publisher":"https:\/\/www.facebook.com\/varesenews","article_published_time":"2017-10-11T09:25:37+00:00","author":"Francesco Mazzoleni","twitter_card":"summary_large_image","twitter_creator":"@fmazzof","twitter_site":"@varesenews","twitter_misc":{"Scritto da":"Francesco Mazzoleni","Tempo di lettura stimato":"2 minuti"},"schema":{"@context":"https:\/\/schema.org","@graph":[{"@type":"WebPage","@id":"https:\/\/staging.varesenews.it\/2017\/10\/la-bpm-torna-in-vasca-nel-weekend-per-la-len-euro-cup\/659199\/","url":"https:\/\/staging.varesenews.it\/2017\/10\/la-bpm-torna-in-vasca-nel-weekend-per-la-len-euro-cup\/659199\/","name":"La Bpm torna in vasca nel weekend per la Len Euro Cup","isPartOf":{"@id":"https:\/\/staging.varesenews.it\/#website"},"datePublished":"2017-10-11T09:25:37+00:00","dateModified":"2017-10-11T09:25:37+00:00","author":{"@id":"https:\/\/staging.varesenews.it\/#\/schema\/person\/e82236e79160d30d4e1f942004ac3038"},"description":"A Aix En Provence i mastini affronteranno il secondo turno di Coppa da venerd\u00ec 13 a domenica 15 ottobre","breadcrumb":{"@id":"https:\/\/staging.varesenews.it\/2017\/10\/la-bpm-torna-in-vasca-nel-weekend-per-la-len-euro-cup\/659199\/#breadcrumb"},"inLanguage":"it-IT","potentialAction":[{"@type":"ReadAction","target":["https:\/\/staging.varesenews.it\/2017\/10\/la-bpm-torna-in-vasca-nel-weekend-per-la-len-euro-cup\/659199\/"]}]},{"@type":"BreadcrumbList","@id":"https:\/\/staging.varesenews.it\/2017\/10\/la-bpm-torna-in-vasca-nel-weekend-per-la-len-euro-cup\/659199\/#breadcrumb","itemListElement":[{"@type":"ListItem","position":1,"name":"Home","item":"https:\/\/www.varesenews.it\/"},{"@type":"ListItem","position":2,"name":"La Bpm torna in vasca nel weekend per la Len Euro Cup"}]},{"@type":"WebSite","@id":"https:\/\/staging.varesenews.it\/#website","url":"https:\/\/staging.varesenews.it\/","name":"VareseNews","description":"","potentialAction":[{"@type":"SearchAction","target":{"@type":"EntryPoint","urlTemplate":"https:\/\/staging.varesenews.it\/?s={search_term_string}"},"query-input":"required name=search_term_string"}],"inLanguage":"it-IT"},{"@type":"Person","@id":"https:\/\/staging.varesenews.it\/#\/schema\/person\/e82236e79160d30d4e1f942004ac3038","name":"Francesco Mazzoleni","image":{"@type":"ImageObject","inLanguage":"it-IT","@id":"https:\/\/staging.varesenews.it\/#\/schema\/person\/image\/","url":"https:\/\/staging.varesenews.it\/wp-content\/uploads\/2020\/12\/francesco_mazzoleni_colori_500-1.jpg","contentUrl":"https:\/\/staging.varesenews.it\/wp-content\/uploads\/2020\/12\/francesco_mazzoleni_colori_500-1.jpg","caption":"Francesco Mazzoleni"},"description":"\"Uomo di campo\" della redazione sportiva. Nutro una vera passione per il calcio, che sia ad alti livelli, sui campi di provincia o in altri continenti. Sono nato a Varese nel 1984, vivo da sempre a Malnate e ho una laurea in Scienze Motorie. Ho mosso i primi passi a VareseNews da stagista nel 2002; nel 2008 ho iniziato a collaborare con maggiore continuit\u00e0 e dal 2018 sono giornalista professionista. Orgoglioso pap\u00e0 di Federico e Adelaide.","sameAs":["fmazzof","it.linkedin.com\/in\/francescomazzolenif","https:\/\/twitter.com\/fmazzof"],"url":"https:\/\/staging.varesenews.it\/persona\/francesco_mazzoleniferracini\/"}]}},"post_meta":{"_edit_lock":"1507713890:37","_edit_last":"37","_category_permalink":"14","ratings_users":"0","ratings_score":"0","ratings_average":"0","wdfb_og_title":"","wdfb_og_type":"","wdfb_og_description":"","wdfb_og_images":"a:1:{i:0;s:0:\"\";}","wdfb_og_custom_name":"a:1:{i:0;s:0:\"\";}","wdfb_og_custom_value":"a:1:{i:0;s:0:\"\";}","id_leggi_anche":"657198,656103,655820,660408","foto":"636260","firma_come_redazione":"1","argomento":"Pallanuoto","_yoast_wpseo_focuskw":"bpm","_jd_twitter":"","_jd_tweet_this":"yes","_wpt_short_url":"http:\/\/www.varesenews.it\/2017\/10\/la-bpm-torna-in-vasca-nel-weekend-per-la-len-euro-cup\/659199\/","_wp_jd_target":"http:\/\/www.varesenews.it\/2017\/10\/la-bpm-torna-in-vasca-nel-weekend-per-la-len-euro-cup\/659199\/","_jd_wp_twitter":"a:1:{i:0;s:172:\"La Bpm torna in vasca nel weekend per la Len Euro Cup http:\/\/www.varesenews.it\/2017\/10\/la-bpm-torna-in-vasca-nel-weekend-per-la-len-euro-cup\/659199\/ #leneurocup #pallanuoto\";}","_wpt_status_message":"Tweet inviato con successo.","_yoast_wpseo_linkdex":"70"},"photos":[{"original":"https:\/\/staging.varesenews.it\/photogallery_new\/images\/2017\/10\/cristiano-mirarchi-bpm-sport-management-636260.jpg","full":"https:\/\/staging.varesenews.it\/photogallery_new\/images\/2017\/10\/cristiano-mirarchi-bpm-sport-management-636260.1024x768.jpg","large":"https:\/\/staging.varesenews.it\/photogallery_new\/images\/2017\/10\/cristiano-mirarchi-bpm-sport-management-636260.610x431.jpg"}],"_links":{"self":[{"href":"https:\/\/staging.varesenews.it\/swgapi\/v1\/wp\/v2\/posts\/659199"}],"collection":[{"href":"https:\/\/staging.varesenews.it\/swgapi\/v1\/wp\/v2\/posts"}],"about":[{"href":"https:\/\/staging.varesenews.it\/swgapi\/v1\/wp\/v2\/types\/post"}],"author":[{"embeddable":true,"href":"https:\/\/staging.varesenews.it\/swgapi\/v1\/wp\/v2\/users\/37"}],"replies":[{"embeddable":true,"href":"https:\/\/staging.varesenews.it\/swgapi\/v1\/wp\/v2\/comments?post=659199"}],"version-history":[{"count":0,"href":"https:\/\/staging.varesenews.it\/swgapi\/v1\/wp\/v2\/posts\/659199\/revisions"}],"wp:attachment":[{"href":"https:\/\/staging.varesenews.it\/swgapi\/v1\/wp\/v2\/media?parent=659199"}],"wp:term":[{"taxonomy":"category","embeddable":true,"href":"https:\/\/staging.varesenews.it\/swgapi\/v1\/wp\/v2\/categories?post=659199"},{"taxonomy":"post_tag","embeddable":true,"href":"https:\/\/staging.varesenews.it\/swgapi\/v1\/wp\/v2\/tags?post=659199"}],"curies":[{"name":"wp","href":"https:\/\/api.w.org\/{rel}","templated":true}]}}