{"id":659914,"date":"2017-10-17T08:58:56","date_gmt":"2017-10-17T06:58:56","guid":{"rendered":"http:\/\/www.varesenews.it\/?p=659914"},"modified":"2017-10-17T08:58:56","modified_gmt":"2017-10-17T06:58:56","slug":"canti-e-tradizione-i-sem-chi-insci-compiono-ventanni","status":"publish","type":"post","link":"https:\/\/staging.varesenews.it\/2017\/10\/canti-e-tradizione-i-sem-chi-insci-compiono-ventanni\/659914\/","title":{"rendered":"Canti e tradizione, i &#8220;S\u00e8m Ch\u00ec Insc\u00ec&#8221; compiono vent&#8217;anni"},"content":{"rendered":"<p>Vent&#8217;anni di canti e tradizioni. Un bel traguardo per il gruppo folcloristico<strong> &#8220;S\u00e8m Ch\u00ec Insc\u00ec&#8221; di Laveno Mombello<\/strong> che dal 1997\u00a0porta per le piazze i canti della tradizione lombarda.<\/p>\n<p>Nato sotto l&#8217;ala della storica Filarmonica Giuseppe Verdi, fondata nel 1901, che oggi conta 60 elementi, il gruppo folcloristico non si\u00a0\u00e8 pi\u00f9 fermato: \u00abTutto \u00e8 iniziato\u00a0quando la banda ha chiesto ad un gruppo di persone di accompagnarla ad una manifestazione in Svizzera, vestiti con gli abiti\u00a0di una volta. Abbiamo riunito qualche famiglia e siamo andati, per l&#8217;occasione abbiamo anche preparato i primi canti. E&#8217; nato tutto cos\u00ec\u00bb.<\/p>\n<p>Tornati da quell&#8217;esperienza <strong>il gruppo continua\u00a0nella ricerca di canti della tradizione, fino alla formazione di un vero e proprio coro<\/strong>. \u00abDa quel tempo le cose sono cambiate, i bambini e i ragazzi\u00a0non partecipano pi\u00f9 ma siamo comunque un bel gruppo con persone\u00bb. Il ritrovo\u00a0per le prove \u00e8 una volta ogni tre settimane nella loro sede, in uno dei locali al piano terra del Liceo Scientifico di Laveno Mombello: \u00abNon manca mai nessuno ed \u00e8 l&#8217;occasione per\u00a0stare insieme\u00bb.<\/p>\n<p>Nel giro di qualche anno il gruppo, formato da una trentina di elementi, diventa uno dei punti di riferimento per il genere, come i Bosini di Varese o i Ten Citt di Cuanardo, e vengono chiamati\u00a0in tutta Europa: <strong>\u00abFacciamo circa venti uscite l&#8217;anno, in questi vent&#8217;anni siamo stati in ottanta Paesi,<\/strong> tra Italia del nord e centro e Europa. Siamo stati in Austria, Germania, Moldavia. La trasferta per noi diventa anche un momento di divertimento, c&#8217;\u00e8 sempre la voglia di stare insieme\u00bb.<\/p>\n<p>Nel repertorio ci sono canti <strong>della tradizione popolare lombarda, alcuni tramandati da generazioni e altri ricercati:<\/strong> \u00abLe prime canzoni le ho trovate nei dischi di Elsa Albonico, una musicologa della zona che aveva raccolto in un cd e in un libretto le canzoni del Canton Ticino e del Varesotto. Altre canzoni sono dei nostri tempi e le sapevamo gi\u00e0. Sono tutti brani che raccontano i lavori di un tempo, dall&#8217;arrotino alla filanda fino al contrabbandiere. E poi, ci sono le canzoni d&#8217;amore\u00bb. Nel loro elenco anche canzoni pi\u00f9 recenti di Nanni Svampa o le primissime di Davide Van De Sfroos.<\/p>\n<p>\u00abCrediamo che sia importante non perdere il patrimonio culturale della canzone, che sia in dialetto o in italiano. Inoltre,<strong> siamo contenti di vedere che alle persone il nostro spettacolo piace,<\/strong> non abbiamo nessuna pretesa artistica ma ci divertiamo e questo \u00e8 importante\u00bb. Gianluigi Arioli e\u00a0Cesare Morton spiegano che la difficolt\u00e0 oggi \u00e8 principalmente: \u00abquella di coinvolgere persone giovani. Le cose sono cambiate e oggi c&#8217;\u00e8 meno interesse per queste cose. Siamo comunque contenti e chi vuole pu\u00f2 unirsi o ci venga a vedere\u00bb.<\/p>\n<p><em>Nella foto Gianluigi Arioli Presidente della Filarmonica Giuseppe Verdi e Cesare Morton, Presidente dei gruppo folcloristico<\/em><\/p>\n","protected":false},"excerpt":{"rendered":"<p>Lo storico gruppo festeggia l&#8217;importante traguardo. Negli anni \u00e8 stato chiamato in ottanta Paesi in tutta Europa <\/p>\n","protected":false},"author":32,"featured_media":0,"comment_status":"open","ping_status":"open","sticky":false,"template":"","format":"standard","meta":{"footnotes":""},"categories":[20,21,2],"tags":[27191,4130],"acf":[],"yoast_head":"<!-- This site is optimized with the Yoast SEO plugin v20.1 - https:\/\/yoast.com\/wordpress\/plugins\/seo\/ -->\n<title>Canti e tradizione, i &quot;S\u00e8m Ch\u00ec Insc\u00ec&quot; compiono vent&#039;anni<\/title>\n<meta name=\"description\" content=\"Lo storico gruppo festeggia l&#039;importante traguardo. Negli anni \u00e8 stato chiamato in ottanta Paesi in tutta Europa\" \/>\n<meta name=\"robots\" content=\"noindex, follow, max-snippet:-1, max-image-preview:large, max-video-preview:-1\" \/>\n<meta property=\"og:locale\" content=\"it_IT\" \/>\n<meta property=\"og:type\" content=\"article\" \/>\n<meta property=\"og:title\" content=\"Canti e tradizione, i &quot;S\u00e8m Ch\u00ec Insc\u00ec&quot; compiono vent&#039;anni\" \/>\n<meta property=\"og:description\" content=\"Lo storico gruppo festeggia l&#039;importante traguardo. Negli anni \u00e8 stato chiamato in ottanta Paesi in tutta Europa\" \/>\n<meta property=\"og:url\" content=\"https:\/\/staging.varesenews.it\/2017\/10\/canti-e-tradizione-i-sem-chi-insci-compiono-ventanni\/659914\/\" \/>\n<meta property=\"og:site_name\" content=\"VareseNews\" \/>\n<meta property=\"article:publisher\" content=\"https:\/\/www.facebook.com\/varesenews\" \/>\n<meta property=\"article:published_time\" content=\"2017-10-17T06:58:56+00:00\" \/>\n<meta name=\"author\" content=\"Adelia Brigo\" \/>\n<meta name=\"twitter:card\" content=\"summary_large_image\" \/>\n<meta name=\"twitter:creator\" content=\"@AdeliaBrigo\" \/>\n<meta name=\"twitter:site\" content=\"@varesenews\" \/>\n<meta name=\"twitter:label1\" content=\"Scritto da\" \/>\n\t<meta name=\"twitter:data1\" content=\"Adelia Brigo\" \/>\n\t<meta name=\"twitter:label2\" content=\"Tempo di lettura stimato\" \/>\n\t<meta name=\"twitter:data2\" content=\"2 minuti\" \/>\n<script type=\"application\/ld+json\" class=\"yoast-schema-graph\">{\"@context\":\"https:\/\/schema.org\",\"@graph\":[{\"@type\":\"WebPage\",\"@id\":\"https:\/\/staging.varesenews.it\/2017\/10\/canti-e-tradizione-i-sem-chi-insci-compiono-ventanni\/659914\/\",\"url\":\"https:\/\/staging.varesenews.it\/2017\/10\/canti-e-tradizione-i-sem-chi-insci-compiono-ventanni\/659914\/\",\"name\":\"Canti e tradizione, i \\\"S\u00e8m Ch\u00ec Insc\u00ec\\\" compiono vent'anni\",\"isPartOf\":{\"@id\":\"https:\/\/staging.varesenews.it\/#website\"},\"datePublished\":\"2017-10-17T06:58:56+00:00\",\"dateModified\":\"2017-10-17T06:58:56+00:00\",\"author\":{\"@id\":\"https:\/\/staging.varesenews.it\/#\/schema\/person\/272ac0f5b2dbfd572218c2d86e013f1a\"},\"description\":\"Lo storico gruppo festeggia l'importante traguardo. Negli anni \u00e8 stato chiamato in ottanta Paesi in tutta Europa\",\"breadcrumb\":{\"@id\":\"https:\/\/staging.varesenews.it\/2017\/10\/canti-e-tradizione-i-sem-chi-insci-compiono-ventanni\/659914\/#breadcrumb\"},\"inLanguage\":\"it-IT\",\"potentialAction\":[{\"@type\":\"ReadAction\",\"target\":[\"https:\/\/staging.varesenews.it\/2017\/10\/canti-e-tradizione-i-sem-chi-insci-compiono-ventanni\/659914\/\"]}]},{\"@type\":\"BreadcrumbList\",\"@id\":\"https:\/\/staging.varesenews.it\/2017\/10\/canti-e-tradizione-i-sem-chi-insci-compiono-ventanni\/659914\/#breadcrumb\",\"itemListElement\":[{\"@type\":\"ListItem\",\"position\":1,\"name\":\"Home\",\"item\":\"https:\/\/www.varesenews.it\/\"},{\"@type\":\"ListItem\",\"position\":2,\"name\":\"Canti e tradizione, i &#8220;S\u00e8m Ch\u00ec Insc\u00ec&#8221; compiono vent&#8217;anni\"}]},{\"@type\":\"WebSite\",\"@id\":\"https:\/\/staging.varesenews.it\/#website\",\"url\":\"https:\/\/staging.varesenews.it\/\",\"name\":\"VareseNews\",\"description\":\"\",\"potentialAction\":[{\"@type\":\"SearchAction\",\"target\":{\"@type\":\"EntryPoint\",\"urlTemplate\":\"https:\/\/staging.varesenews.it\/?s={search_term_string}\"},\"query-input\":\"required name=search_term_string\"}],\"inLanguage\":\"it-IT\"},{\"@type\":\"Person\",\"@id\":\"https:\/\/staging.varesenews.it\/#\/schema\/person\/272ac0f5b2dbfd572218c2d86e013f1a\",\"name\":\"Adelia Brigo\",\"image\":{\"@type\":\"ImageObject\",\"inLanguage\":\"it-IT\",\"@id\":\"https:\/\/staging.varesenews.it\/#\/schema\/person\/image\/\",\"url\":\"https:\/\/staging.varesenews.it\/wp-content\/uploads\/2020\/12\/adelia_brigo_colori_500.jpg\",\"contentUrl\":\"https:\/\/staging.varesenews.it\/wp-content\/uploads\/2020\/12\/adelia_brigo_colori_500.jpg\",\"caption\":\"Adelia Brigo\"},\"description\":\"Giornalista pubblicista, lavoro a VareseNews dal 2007 e mi occupo di cronaca locale e del settore dedicato alla cultura. In questi anni ho seguito diversi progetti di comunicazione, amo sperimentare strategie per i Social Network e raccontare storie. Varesina, classe 1984, sono laureata in Scienze della Comunicazione.&nbsp;\",\"sameAs\":[\"AdeliaBrigo\",\"https:\/\/twitter.com\/AdeliaBrigo\"],\"url\":\"https:\/\/staging.varesenews.it\/persona\/adelia_brigo\/\"}]}<\/script>\n<!-- \/ Yoast SEO plugin. -->","yoast_head_json":{"title":"Canti e tradizione, i \"S\u00e8m Ch\u00ec Insc\u00ec\" compiono vent'anni","description":"Lo storico gruppo festeggia l'importante traguardo. Negli anni \u00e8 stato chiamato in ottanta Paesi in tutta Europa","robots":{"index":"noindex","follow":"follow","max-snippet":"max-snippet:-1","max-image-preview":"max-image-preview:large","max-video-preview":"max-video-preview:-1"},"og_locale":"it_IT","og_type":"article","og_title":"Canti e tradizione, i \"S\u00e8m Ch\u00ec Insc\u00ec\" compiono vent'anni","og_description":"Lo storico gruppo festeggia l'importante traguardo. Negli anni \u00e8 stato chiamato in ottanta Paesi in tutta Europa","og_url":"https:\/\/staging.varesenews.it\/2017\/10\/canti-e-tradizione-i-sem-chi-insci-compiono-ventanni\/659914\/","og_site_name":"VareseNews","article_publisher":"https:\/\/www.facebook.com\/varesenews","article_published_time":"2017-10-17T06:58:56+00:00","author":"Adelia Brigo","twitter_card":"summary_large_image","twitter_creator":"@AdeliaBrigo","twitter_site":"@varesenews","twitter_misc":{"Scritto da":"Adelia Brigo","Tempo di lettura stimato":"2 minuti"},"schema":{"@context":"https:\/\/schema.org","@graph":[{"@type":"WebPage","@id":"https:\/\/staging.varesenews.it\/2017\/10\/canti-e-tradizione-i-sem-chi-insci-compiono-ventanni\/659914\/","url":"https:\/\/staging.varesenews.it\/2017\/10\/canti-e-tradizione-i-sem-chi-insci-compiono-ventanni\/659914\/","name":"Canti e tradizione, i \"S\u00e8m Ch\u00ec Insc\u00ec\" compiono vent'anni","isPartOf":{"@id":"https:\/\/staging.varesenews.it\/#website"},"datePublished":"2017-10-17T06:58:56+00:00","dateModified":"2017-10-17T06:58:56+00:00","author":{"@id":"https:\/\/staging.varesenews.it\/#\/schema\/person\/272ac0f5b2dbfd572218c2d86e013f1a"},"description":"Lo storico gruppo festeggia l'importante traguardo. Negli anni \u00e8 stato chiamato in ottanta Paesi in tutta Europa","breadcrumb":{"@id":"https:\/\/staging.varesenews.it\/2017\/10\/canti-e-tradizione-i-sem-chi-insci-compiono-ventanni\/659914\/#breadcrumb"},"inLanguage":"it-IT","potentialAction":[{"@type":"ReadAction","target":["https:\/\/staging.varesenews.it\/2017\/10\/canti-e-tradizione-i-sem-chi-insci-compiono-ventanni\/659914\/"]}]},{"@type":"BreadcrumbList","@id":"https:\/\/staging.varesenews.it\/2017\/10\/canti-e-tradizione-i-sem-chi-insci-compiono-ventanni\/659914\/#breadcrumb","itemListElement":[{"@type":"ListItem","position":1,"name":"Home","item":"https:\/\/www.varesenews.it\/"},{"@type":"ListItem","position":2,"name":"Canti e tradizione, i &#8220;S\u00e8m Ch\u00ec Insc\u00ec&#8221; compiono vent&#8217;anni"}]},{"@type":"WebSite","@id":"https:\/\/staging.varesenews.it\/#website","url":"https:\/\/staging.varesenews.it\/","name":"VareseNews","description":"","potentialAction":[{"@type":"SearchAction","target":{"@type":"EntryPoint","urlTemplate":"https:\/\/staging.varesenews.it\/?s={search_term_string}"},"query-input":"required name=search_term_string"}],"inLanguage":"it-IT"},{"@type":"Person","@id":"https:\/\/staging.varesenews.it\/#\/schema\/person\/272ac0f5b2dbfd572218c2d86e013f1a","name":"Adelia Brigo","image":{"@type":"ImageObject","inLanguage":"it-IT","@id":"https:\/\/staging.varesenews.it\/#\/schema\/person\/image\/","url":"https:\/\/staging.varesenews.it\/wp-content\/uploads\/2020\/12\/adelia_brigo_colori_500.jpg","contentUrl":"https:\/\/staging.varesenews.it\/wp-content\/uploads\/2020\/12\/adelia_brigo_colori_500.jpg","caption":"Adelia Brigo"},"description":"Giornalista pubblicista, lavoro a VareseNews dal 2007 e mi occupo di cronaca locale e del settore dedicato alla cultura. In questi anni ho seguito diversi progetti di comunicazione, amo sperimentare strategie per i Social Network e raccontare storie. Varesina, classe 1984, sono laureata in Scienze della Comunicazione.&nbsp;","sameAs":["AdeliaBrigo","https:\/\/twitter.com\/AdeliaBrigo"],"url":"https:\/\/staging.varesenews.it\/persona\/adelia_brigo\/"}]}},"post_meta":{"_edit_lock":"1508223578:32","_edit_last":"32","_category_permalink":"20","wdfb_og_title":"","wdfb_og_type":"","wdfb_og_description":"","wdfb_og_images":"a:1:{i:0;s:0:\"\";}","wdfb_og_custom_name":"a:1:{i:0;s:0:\"\";}","wdfb_og_custom_value":"a:1:{i:0;s:0:\"\";}","argomento":"Laveno Mombello","_jd_twitter":"","_jd_tweet_this":"yes","ratings_users":"0","ratings_score":"0","ratings_average":"0","foto":"637429","_wpt_short_url":"http:\/\/www.varesenews.it\/2017\/10\/canti-e-tradizione-i-sem-chi-insci-compiono-ventanni\/659914\/","_wp_jd_target":"http:\/\/www.varesenews.it\/2017\/10\/canti-e-tradizione-i-sem-chi-insci-compiono-ventanni\/659914\/","_jd_wp_twitter":"a:1:{i:0;s:180:\"Canti e tradizione, i \"S\u00e8m Ch\u00ec Insc\u00ec\" compiono vent'anni http:\/\/www.varesenews.it\/2017\/10\/canti-e-tradizione-i-sem-chi-insci-compiono-ventanni\/659914\/ #cantipopolari #tradizioni\";}","_wpt_status_message":"Tweet inviato con successo.","id_leggi_anche":"692788"},"photos":[{"original":"https:\/\/staging.varesenews.it\/photogallery_new\/images\/2017\/10\/casciago-i-luoghi-637429.jpg","full":"https:\/\/staging.varesenews.it\/photogallery_new\/images\/2017\/10\/casciago-i-luoghi-637429.1024x768.jpg","large":"https:\/\/staging.varesenews.it\/photogallery_new\/images\/2017\/10\/casciago-i-luoghi-637429.610x431.jpg"}],"_links":{"self":[{"href":"https:\/\/staging.varesenews.it\/swgapi\/v1\/wp\/v2\/posts\/659914"}],"collection":[{"href":"https:\/\/staging.varesenews.it\/swgapi\/v1\/wp\/v2\/posts"}],"about":[{"href":"https:\/\/staging.varesenews.it\/swgapi\/v1\/wp\/v2\/types\/post"}],"author":[{"embeddable":true,"href":"https:\/\/staging.varesenews.it\/swgapi\/v1\/wp\/v2\/users\/32"}],"replies":[{"embeddable":true,"href":"https:\/\/staging.varesenews.it\/swgapi\/v1\/wp\/v2\/comments?post=659914"}],"version-history":[{"count":0,"href":"https:\/\/staging.varesenews.it\/swgapi\/v1\/wp\/v2\/posts\/659914\/revisions"}],"wp:attachment":[{"href":"https:\/\/staging.varesenews.it\/swgapi\/v1\/wp\/v2\/media?parent=659914"}],"wp:term":[{"taxonomy":"category","embeddable":true,"href":"https:\/\/staging.varesenews.it\/swgapi\/v1\/wp\/v2\/categories?post=659914"},{"taxonomy":"post_tag","embeddable":true,"href":"https:\/\/staging.varesenews.it\/swgapi\/v1\/wp\/v2\/tags?post=659914"}],"curies":[{"name":"wp","href":"https:\/\/api.w.org\/{rel}","templated":true}]}}