{"id":660123,"date":"2017-10-13T17:22:10","date_gmt":"2017-10-13T15:22:10","guid":{"rendered":"http:\/\/www.varesenews.it\/?p=660123"},"modified":"2017-10-13T18:16:03","modified_gmt":"2017-10-13T16:16:03","slug":"sua-maesta-la-castagna","status":"publish","type":"post","link":"https:\/\/staging.varesenews.it\/2017\/10\/sua-maesta-la-castagna\/660123\/","title":{"rendered":"Sua maest\u00e0 la castagna"},"content":{"rendered":"<p><iframe loading=\"lazy\" style=\"border: none; overflow: hidden;\" src=\"https:\/\/www.facebook.com\/plugins\/video.php?href=https%3A%2F%2Fwww.facebook.com%2Fvaresenews%2Fvideos%2F10155606105121832%2F&amp;show_text=0&amp;width=500\" width=\"500\" height=\"315\" frameborder=\"0\" scrolling=\"no\" allowfullscreen=\"allowfullscreen\"><\/iframe><\/p>\n<p>Fine settimana autunnale da vivere tra sagre e castagnate nelle piazze, ecco gli appuntamenti\u00a0in provincia<\/p>\n<p><strong>Meteo &#8211;\u00a0<\/strong>Fine settimana di bel tempo. Sabato prosegue soleggiato e mite per la stagione con solo qualche banco di nebbia durante la notte in dissoluzione al mattino e leggera foschia sulla pianura. Temperature stazionarie o in lieve rialzo. Particolarmente mite in montagna. Domenica ben soleggiato e molto mite per la stagione. Zero termico sulle Alpi ancora verso 4200m. Durante la notte foschie e banchi di nebbia sui luoghi umidi in rapida dissoluzione al levar del sole. &#8211; <a href=\"http:\/\/www.astrogeo.va.it\/meteo.htm\" target=\"_blank\">Il Centro Geofisico Prealpino<\/a><\/p>\n<p><strong>CASTAGNATE, ZUCCHE, SAGRE E FESTE\u00a0<\/strong><\/p>\n<p><strong>Sacro Monte &#8211;<\/strong> Sabato e domenica iniziativa scoprendo Casa Museo Lodovico Pogliaghi, visita guidata nell\u2019ambito del progetto Cult City in Lombardia alle 15. Alla scoperta della ricca collezione d\u2019arte dello scultore Lodovico Pogliaghi, attraverso le sale della sua eclettica Casa Museo immersa in un rigoglioso giardino al Sacro Monte di Varese. Costo: 3 \u20ac biglietto ridotto d\u2019ingresso. Ritrovo presso il luogo di visita. Prenotazione obbligatoria: cell. 328 8377206 o via mail info@archeologistics.it.<\/p>\n<p><strong>Varese<\/strong> &#8211; Domenica c&#8217;\u00e8 il mercato dell\u2019Insubria, mercato per produttori agricoli, artigiani dolciari e della panificazione,\u00a0dalle ore 9.00 alle ore 19.30 in\u00a0corso Matteotti e Via Marconi. Prodotti tipici e delizie per il palato: tra i prodotti la Formaggella del Luinese, il miele varesino e gli asparagi di Cantello.<\/p>\n<p><strong>Varese &#8211;<\/strong>\u00a0Domenica ci sono le celebrazione del 73\u00b0 Anniversario dell&#8217;Ottobre di sangue Varesino dalle ore 9.30. Programma: ore 9.45, Arco Mera &#8211; piazza San Vittore, deposizione di corona di alloro; corteo da Arco Mera a Largo Resistenza, dove avr\u00e0 inizio la cerimonia ufficiale. Alle ore 10.00 intervento del Sindaco di Varese Davide Galimberti. Accompagner\u00e0 la cerimonia la banda musicale \u201cGiuseppe Verdi\u201d di Capolago. In caso di pioggia, la cerimonia ufficiale avr\u00e0 luogo presso la Sala Montanari via dei Bersaglieri, 1.<\/p>\n<p><strong>Varese &#8211; <\/strong>Sabato 14 ottobre appuntamento &#8220;Io non rischio&#8221;, punto informativo ed eventi della campagna nazionale per le buone pratiche di protezione civile. Dalle 9.00 alle 17.30 in pizza Monte Grappa, piazza della Repubblica, piazza XX Settembre. Per informazioni: Provincia di Varese, Settore Protezione Civile, tel. 0332. 867936, 0332.867902 &#8211; www.iononrischio.it.<\/p>\n<p><strong>Velate, Varese &#8211;\u00a0<\/strong>La castagnata \u00e8 a Velate domenica 15 ottobre, ma la festa comincia sabato 14. Non solo castagne e vin brul\u00e8, ma anche un fornitissimo banco gastronomico, sar\u00e0 aperto domenica 15 ottobre all&#8217;Oratorio, dalle ore 12 per pranzi e merende, anche con posti al coperto e fino a esaurimento scorte. Il ricavato sar\u00e0 devoluto in beneficenza al missionario velatese in Guinea Bissau Alberto Zamberletti. &#8211; Tutto il programma<\/p>\n<p><strong>Casciago<\/strong> &#8211;\u00a0Castagnata con la Pro Loco di Casciago al Parco Giochi di via Pascoli.<br \/>\nAppuntamento domenica 15 ottobre dalle ore 14.30 alle ore 17.30 per un momento di festa da passare insieme divertendosi.<\/p>\n<p><strong>Campo dei Fiori &#8211;<\/strong> Esauriti i posti per la visita guidata\u00a0in programma sabato e domenica all&#8217;interno del Grand Hotel Campo dei Fiori organizzata dal Gruppo Giovani Fai Varese &#8211;<a href=\"http:\/\/www.varesenews.it\/2017\/10\/visite-al-grand-hotel-sold-out-in-sedici-minuti\/659589\/\" target=\"_blank\"> Tutto il programma<\/a><\/p>\n<p><strong>Mustonate &#8211;<\/strong>\u00a0Domenica 15 ottobre, dalle 15 alle 19, presso l\u2019area verde dell\u2019Emporio dei Piaceri Campestri, si svolger\u00e0 la Grande Castagnata 2017 (le castagne verranno servite fino alle ore 17). Per l\u2019occasione verr\u00e0 preparato gelato artigianale al gusto castagna e al gusto marron glac\u00e9, verr\u00e0 servito vino rosso locale, cioccolata calda e sono previste degustazioni di distillati Rossi d\u2019Angera.<a href=\"http:\/\/www.varesenews.it\/evento\/gran-castagnata-2017-al-borgo-di-mustonate\/\" target=\"_blank\"> &#8211; Tutto il programma\u00a0<\/a><\/p>\n<p><strong>Casalzuigno &#8211;\u00a0<\/strong>A Villa Della Porta Bozzolo torna il Gran gal\u00e0 dell\u2019aia. Sabato 14 e domenica 15 ottobre, dalle 10 alle 18 si potranno scoprire e osservare da vicino varie razze di conigli, che sempre pi\u00f9 di frequente i bambini che vivono in citt\u00e0 imparano a conoscere soltanto attraverso i libri. Durante le giornate esperti allevatori saranno a disposizione dei visitatori per spiegare e accompagnare gli ospiti alla scoperta degli esemplari in mostra. Tanti i laboratori previsti, giochi per i bambini, mostre e incontri &#8211; <a href=\"http:\/\/www.varesenews.it\/2017\/10\/a-villa-della-porta-bozzolo-torna-il-gran-gala-dellaia\/659736\/\" target=\"_blank\">Tutto il programma\u00a0<\/a><\/p>\n<p><strong>Porto Valtravaglia &#8211;<\/strong> Una serata per presentare il progetto di restauro dell\u2019antico Battistero di Domo. La serata, con ingresso libero, \u00e8 stata fissata per sabato 14 ottobre al salone parrocchiale di Porto Valtravaglia sito nella \u201cex casa degli angeli\u201d in Via Roma (a fianco della chiesa). &#8211;<a href=\"http:\/\/www.varesenews.it\/2017\/10\/restauro-dellantico-battistero-di-domo-una-serata-per-presentare-il-progetto\/659895\/\" target=\"_blank\"> Tutto il programma\u00a0<\/a><\/p>\n<p><strong>Caldana &#8211;<\/strong> Continua l&#8217;ottobre caldanese nella giornata di domenica, stand gastronomico attivo a pranzo, castagne e tante iniziative &#8211;\u00a0 <a href=\"http:\/\/www.varesenews.it\/2017\/09\/torna-lottobre-caldanese-2\/655919\/\" target=\"_blank\">Tutto il programma\u00a0<\/a><\/p>\n<p><strong>Vararo, Cittiglio &#8211;<\/strong> Castagnata al borgo nella giornata di domenica 15 ottobre. Dalle 10 alle 18 stand gastronomico, castagne, mercatino dell&#8217;hobbistica.<\/p>\n<p><strong>Agra &#8211;\u00a0<\/strong>Domenica 15 ottobre, si terr\u00e0 la 36\u00b0 edizione della Festa della Zucca di Agra. Ci sar\u00e0 il mercatino con oltre 100 bancarelle, esposizioni di zucche di vario genere con la gara \u201cMiss zucca\u201d dove verranno premiate le zucche pi\u00f9 belle. &#8211;<a href=\"http:\/\/www.varesenews.it\/2017\/10\/roadkill-e-zucche-alla-festa-di-agra\/659832\/\" target=\"_blank\"> Tutto il programma\u00a0<\/a><\/p>\n<p><strong>Malnate &#8211;\u00a0<\/strong>\u00abNoi mettiamo il pane, voi portate il companatico\u00bb. Un invito aperto a tutti quello per domenica 15 ottobre, quando nella corte de I Mulini di Gurone verr\u00e0 inaugurato il forno comune. Dalle 12 alle 18 l\u2019appuntamento \u00e8 a Casamatta per una giornata di festa (con Legambiente e Radici) dove sar\u00e0 possibile assaggiare il pane caldo, conoscere le modalit\u00e0 di utilizzo del forno (ma anche il progetto di riqualificazione che sta permettendo la rinascita di tutta la la corte. &#8211;<a href=\"http:\/\/www.varesenews.it\/2017\/10\/nasce-un-forno-comune-ai-mulini-di-gurone-si-impastano-pane-e-idee\/659663\/\" target=\"_blank\"> Tutto il programma\u00a0<\/a><\/p>\n<p><strong>Castelseprio &#8211;<\/strong>\u00a0Sar\u00e0 un weekend intenso, e all\u2019insegna della storia, nel sito Fai del monastero di Torba: il fine settimana sar\u00e0 infatti dominato dalla cena longobarda di sabato e una giornata di eventi, ma anche dalla visita di domenica, dove si potr\u00e0 scoprire con mano la vita dei suoi abitanti attraverso i loro veri reperti ossei, con l\u2019aiuto di un antropologo &#8211; <a href=\"http:\/\/www.varesenews.it\/2017\/10\/un-weekend-storico-al-monastero-di-torba\/660143\/\" target=\"_blank\">Tutto il programma\u00a0<\/a><\/p>\n<p><strong>Cavaria con Premezzo &#8211;\u00a0<\/strong>Domenica 15 ottobre il paese di Cavaria con Premezzo si presenta alla popolazione con una manifestazione organizzata dalla Pro Loco. L\u2019appuntamento \u00e8 in piazza Mercato, davanti al nuovo palazzo comunale, dove ditte, negozi e fattorie mostreranno la loro attivit\u00e0. A mezzogiorno sar\u00e0 aperto il banco gastonomico con la cutiscia, ossia lo storico e tipico \u201cturtell\u201d salato, presentato nella versione storica ed in quella fum\u00e8. Durante la giornata ci sar\u00e0 intrattenimento per bambini ed adulti.<a href=\"http:\/\/www.varesenews.it\/2017\/10\/una-festa-dellimpresa-a-cavaria\/659340\/\" target=\"_blank\"> &#8211; Tutto il programma\u00a0<\/a><\/p>\n<p><strong>Induno Olona &#8211;<\/strong>\u00a0Sabato dalle 9 nel piazzale del rione San Cassano (a met\u00e0 di via Jamoretti) esordiranno le bancarelle del &#8220;Mercato della terra del Piambello&#8221;. &#8211; <a href=\"http:\/\/www.varesenews.it\/2017\/10\/si-inaugura-domani-il-mercatino-del-cibo-buono-pulito-e-giusto\/659976\/\" target=\"_blank\">Tutto il programma\u00a0<\/a><\/p>\n<p><strong>Induno Olona &#8211;\u00a0<\/strong>Domenica 15 ottobre, dalle 11 alle 20, a Villa Porro Pirelli di Induno Olona, elegante dimora del \u2018700 convertita in albergo di charme, si tiene \u2018Sposi in villa: il tuo matrimonio da favola\u2019. L\u2019evento si rivolge non solo ai futuri sposi, ai professionisti e ad aziende del settore wedding che operano sul territorio varesino, ma anche a tutti coloro che vogliono cogliere l\u2019occasione per visitare e ammirare gli ambienti esclusivi della Villa, location ideale per matrimoni da favola.- <a href=\"Domenica%2015 ottobre, dalle 11 alle 20, a Villa Porro Pirelli di Induno Olona, elegante dimora del \u2018700 convertita in albergo di charme, si tiene \u2018Sposi in villa: il tuo matrimonio da favola\u2019. L\u2019evento si rivolge non solo ai futuri sposi, ai professionisti e ad aziende del settore wedding che operano sul territorio varesino, ma anche a tutti coloro che vogliono cogliere l\u2019occasione per visitare e ammirare gli ambienti esclusivi della Villa, location ideale per matrimoni da favola.\" target=\"_blank\">Tutto il programma\u00a0<\/a><\/p>\n<p><strong>Cassano Magnago &#8211;<\/strong>\u00a0Open Day al Castello dei Cento Tetti, una giornata dedicata agli sposi e non solo. Il 15 ottobre il Castello dei Cento Tetti di Cassano Magnago aprir\u00e0 le sue porte al pubblico. Un\u2019occasione unica per visitare il Castello dei Cento Tetti. Durante tutta la giornata saremo a vostra disposizione per aiutarvi ad organizzare al meglio il vostro evento. &#8211;<a href=\"http:\/\/www.varesenews.it\/evento\/open-day-al-castello-dei-cento-tetti-2017\/\" target=\"_blank\"> Tutto il programma<\/a><\/p>\n<p><strong>Somma Lombardo &#8211;\u00a0<\/strong>Ultimo appuntamento prima che arrivi il freddo alla comunit\u00e0 Anffas di Maddalena. Domenica 15 ottobre la comunit\u00e0 e la coop sociale Radici nel Fiume organizzano la quarta edizione di \u201cPolenta e burattini\u201d.\u00a0Durante la giornata ci sar\u00e0 la possibilit\u00e0 di acquistare vini, olio e succhi di frutta biologici, marmellate, miele e salse bio, oggetti in carta naturale e in ceramica Raku prodotti della cooperativa. A mezzogiorno polenta\u00a0\u00a0<a href=\"http:\/\/www.varesenews.it\/2017\/10\/tornano-polenta-e-burattini-alla-comunita-di-maddalena\/659510\/\" target=\"_blank\">&#8211; Tutto il programma\u00a0<\/a><\/p>\n<p><strong>Gallarate &#8211;<\/strong> L\u2019attivissima Associazione Genitori della Scuola Don L. Milani di Moriggia domenica 15 ottobre organizza la tradizionale festa autunnale, con castagnetta e \u201ccaccia nel bosco\u201d. &#8211; <a href=\"http:\/\/www.varesenews.it\/2017\/10\/dopo-le-imbiancature-delle-aule-a-moriggia-si-festeggia-con-la-castagnata\/660000\/\" target=\"_blank\">Tutto il programma\u00a0<\/a><\/p>\n<div class=\"photo-inside-post\"><img decoding=\"async\" loading=\"lazy\" fetchpriority=\"low\" width=\"610\" height=\"431\" src=\"https:\/\/staging.varesenews.it\/photogallery_new\/images\/2017\/10\/tempo-libero-generica-636447.610x431.jpg\" alt=\"Tempo libero generica \"><\/div>\n<p><strong>INCONTRI E LIBRI\u00a0<\/strong><\/p>\n<p><strong>Besozzo &#8211;<\/strong>\u00a0Sul palcoscenico della sala mostre del Comune di Besozzo torna l\u2019ormai consolidato appuntamento di met\u00e0 ottobre con \u201cStorie in tasca\u00a0&#8211; Festival Internazionale di Narrazione\u201d. Stimolata dal successo di pubblico delle precedenti manifestazioni, questa sesta edizione porter\u00e0 in scena, per tre sere consecutive (13,14 e 15 ottobre) vari spettacoli in lingua inglese e italiana tutti ad ingresso libero. <a href=\"http:\/\/www.varesenews.it\/2017\/10\/storie-in-tasca-il-festival-di-narrazione-torna-a-besozzo\/659601\/\" target=\"_blank\">&#8211; Tutto il programma\u00a0<\/a><\/p>\n<p><strong>Luino &#8211;<\/strong>\u00a0Sar\u00e0 Valerio Massimo Manfredi l\u2019ospite di domenica 15 ottobre, alle 17, al Cinema Sociale di Luino. Un appuntamento organizzato dal Premio Chiara che porter\u00e0 lo scrittore nel teatro lacustre per un incontro con il pubblico e per consegnargli il &#8220;Premio alla carriera&#8221; &#8211;<a href=\"http:\/\/www.varesenews.it\/2017\/09\/a-valerio-massimo-manfredi-il-premio-chiara-alla-carriera\/652835\/\" target=\"_blank\"> Tutto il programma\u00a0<\/a><\/p>\n<p><strong>Gallarate &#8211;<\/strong>\u00a0Inizia venerd\u00ec 13 ottobre alle 17 e 30 con il giallista Maurizio De Giovanni la rassegna DuemilaLibri al Museo Maga. Alle 18 e 30 c&#8217;\u00e8 Simonetta Agnello Horby, cena e sabato e domenica ancora una serie di incontri &#8211; <a href=\"http:\/\/www.duemilalibri.it\/index.php?option=com_content&amp;view=article&amp;id=257&amp;Itemid=185&amp;lang=it\" target=\"_blank\">Tutto il programma\u00a0<\/a><\/p>\n<p><strong>CORI ALPINI, ORCHESTRE E FILARMONICHE\u00a0<\/strong><\/p>\n<p><strong>Varese &#8211;<\/strong>\u00a0Concerto benefico &#8220;Le Arti per le Terapie&#8221; alle 21 al Teatro di Varese in piazza Repubblica.\u00a0L&#8217;Orchestra Accademica organizza un concerto benefico che vedr\u00e0 ospite il Maestro Johan De Meij, attualmente direttore della New York Wind Symphony&#8221; e della &#8220;Banda Sinfonica Juvenil Simon Bolivar&#8221;, nonch\u00e9 uno dei direttori piu&#8217; richiesti. Per info: orchestra@accademiasaintsaens.it &#8211; www.orchestraaccademica.it.<\/p>\n<p><strong>Lavena Ponte Tresa &#8211;\u00a0<\/strong>Un bell\u2019appuntamento musicale \u00e8 in programma sabato 14 ottobre alla Sala Polivalente di Lavena Ponte Tresa, in via Colombo (sopra il Bennet). Alle 21 il Coro Alpino Orobica e la Filarmonica Saltriese si esibiranno in concerto. &#8211; <a href=\"http:\/\/www.varesenews.it\/2017\/10\/il-coro-dellorobica-e-la-filarmonica-di-saltrio-insieme-in-concerto\/659715\/\" target=\"_blank\">Tutto il programma<\/a><\/p>\n<p><strong>Sesto Calende &#8211;<\/strong>\u00a0Il coro alpino sestese festeggia due grandi anniversari: i 60 anni di attivit\u00e0 e i 90 anni del suo maestro fondatore Celestino Zonca . L\u2019appuntamento \u00e8 per sabato 14 ottobre alle 15.00 al locale La Marna di Sesto Calende. &#8211; <a href=\"http:\/\/www.varesenews.it\/2017\/10\/la-corale-di-sesto-festeggia\/659888\/\" target=\"_blank\">Tutto il programma\u00a0<\/a><\/p>\n<p><strong>Varese &#8211;<\/strong>\u00a0Torna questo fine settimana l\u2019appuntamento con \u201cUn Fiore per i nostri Progetti\u201d, il principale evento di sensibilizzazione e raccolta fondi di Fondazione Renato Piatti onlus, giunto quest\u2019anno alla sua 25\u00b0 edizione. Sabato 14 e domenica 15 ottobre i volontari di Fondazione Piatti e Anffas Varese, grazie al contributo di Sodexo Italia, saranno presenti in circa 40 punti tra piazze, sagrati e centri commerciali di Varese e provincia. <a href=\"http:\/\/www.varesenews.it\/2017\/10\/ciclamini-e-azalee-in-piazza-per-chi-aiutare-chi-e-piu-fragile\/659591\/\" target=\"_blank\">&#8211; Tutto il programma\u00a0<\/a><\/p>\n<div class=\"photo-inside-post\"><img decoding=\"async\" loading=\"lazy\" fetchpriority=\"low\" width=\"610\" height=\"431\" src=\"https:\/\/staging.varesenews.it\/photogallery_new\/images\/2017\/07\/piede-d-oro-podismo-corsa-di-mezza-estate-tradate-abbiate-guazzone-623895.610x431.jpg\" alt=\"piede d'oro podismo corsa di mezza estate tradate abbiate guazzone\"><\/div>\n<p><strong>SPORT ED ESCURSIONI\u00a0<\/strong><\/p>\n<p><strong>Albizzate &#8211;<\/strong>\u00a0Albizzate torna a correre con la Stracascine. Domenica 15 ottobre l\u2019appuntamento \u00e8 con la corsa podistica da 11 e da 5 chilometri che ogni anno, da 24 anni, si snoda nella campagna del paese attraversando panorami, luoghi caratteristici e le cascine storiche della zona rurale immersa tra Albizzate, Jerago e Sumirago. &#8211; <a href=\"http:\/\/www.varesenews.it\/2017\/10\/albizzate-torna-a-correre-con-la-stracascine\/659937\/\" target=\"_blank\">Tutto il programma\u00a0<\/a><\/p>\n<p><strong>Gallarate &#8211;<\/strong> Una domenica sui pedali, a Gallarate, con il Bici Day ideato da Ivan Basso, nuova tappa della campagna per la sicurezza stradale. L\u2019appuntamento \u00e8 a partire dalle 10.15 fino alle 13 della giornata del 15 ottobre, con due percorsi urbani diversi, nelle vie dentro e a ridosso del centro storico. &#8211;<a href=\"http:\/\/www.varesenews.it\/2017\/10\/bici-day-gallarate\/659693\/\" target=\"_blank\"> Tutto il programma\u00a0<\/a><\/p>\n<p><strong>Luino &#8211;\u00a0<\/strong>Domenica 15 ottobre il CAI Luino in collaborazione con la SAT (Societ\u00e0 Alpinistica Ticinese) di Mendrisio propone una escursione nel Malcantone lungo l\u2019itinerario del \u201cSentiero delle Meraviglie\u201d.\u00a0Il Sentiero delle meraviglie \u00e8 un interessante percorso circolare nel Malcantone, con partenza e arrivo a Novaggio, particolarmente adatto alle famiglie. &#8211; <a href=\"http:\/\/www.varesenews.it\/2017\/10\/in-gita-lungo-il-sentiero-delle-meraviglie\/659547\/\" target=\"_blank\">Tutto il programma\u00a0<\/a><\/p>\n<div class=\"photo-inside-post\"><img decoding=\"async\" loading=\"lazy\" fetchpriority=\"low\" width=\"610\" height=\"431\" src=\"https:\/\/staging.varesenews.it\/photogallery_new\/images\/2016\/10\/caricamento-temporaneo-per-contributo-ioee8q1th1-572674.610x431.jpg\" alt=\"Broggini, trent\\'anni fra i burattini\"><\/div>\n<p><strong>TEATRO<\/strong><\/p>\n<p><strong>Varese &#8211; <\/strong>Domenica al Teatro Santuccio &#8220;Le avventure di Ulisse&#8221;, alle 16, con Giovanni Ardemagni e Jane Bowie.\u00a0Info e prenotazioni 393421343593, info@teatrosantuccio.it, www.teatrosantuccio.it.<\/p>\n<p><strong>Maccagno con Pino e Veddasca &#8211;<\/strong>\u00a0\u201cBim Bum Bam\u201d apre il ripario. Domenica 15 ottobre torna la rassegna per bambini organizzata dal Teatro Zattera e dall\u2019amministrazione comunale. In scena\u00a0\u201cPir\u00f9, Demoni e Denari\u201d della\u00a0Compagnia Walter Broggini &#8211; <a href=\"http:\/\/www.varesenews.it\/2017\/10\/tutti-a-teatro-con-bim-bum-bam\/658928\/\" target=\"_blank\">Tutto il programma\u00a0<\/a><\/p>\n<p><strong>Uboldo<\/strong> &#8211;\u00a0Sar\u00e0 la compagnia del crivello ad aprire la Stagione Teatrale 2017\/2018 del Cinema Teatro San Pio Sala della Comunit\u00e0 di Uboldo. In scena Sabato\u00a0sera alle 21 (ingresso libero e gratuito fino ad esaurimento posti) la commedia brillante in 3 atti di Franco Roberto \u201cIl padre della sposa\u201d. &#8211; <a href=\"http:\/\/www.varesenews.it\/2017\/10\/il-crivello-apre-la-stagione-del-teatro-con-il-padre-della-sposa\/659941\/\" target=\"_blank\">Tutto il programma\u00a0<\/a><\/p>\n<p><strong>Lugano<\/strong> &#8211;\u00a0Nel\u00a0fine settimana si alza il sipario sul Festival internazionale delle marionette, fra Cenerentola, gnomi e vampiri. Tre spettacoli di stili e tecniche diverse aprono al Teatro Foce di Lugano la 35ma edizione del grande appuntamento con il teatro della fantasia creato e diretto da Michel Poletti. &#8211; <a href=\"http:\/\/www.varesenews.it\/2017\/10\/un-weekend-storico-al-monastero-di-torba\/660143\/\" target=\"_blank\">Tutto il programma\u00a0<\/a><\/p>\n<div class=\"photo-inside-post\"><img decoding=\"async\" loading=\"lazy\" fetchpriority=\"low\" width=\"610\" height=\"431\" src=\"https:\/\/staging.varesenews.it\/photogallery_new\/images\/2017\/10\/musica-generica-636416.610x431.jpg\" alt=\"Musica Generica\"><\/div>\n<p><strong>LA FEBBRE DEL SABATO SERA\u00a0<\/strong><\/p>\n<p><strong>Varese &#8211;\u00a0<\/strong>Gli appuntamenti del fine settimana al Twiggy Caf\u00e8 sono con il dj set a cura di Simon Yates e di dj Vigor e Lost &amp; Found. Il primo sar\u00e0 in scena venerd\u00ec 13 ottobre, il secondo sabato. Ingresso gratuito ad entrambe le serate <a href=\"http:\/\/www.varesenews.it\/2017\/10\/simon-yates-e-vigor-al-dj-set-per-il-fine-settimana-del-twiggy\/659554\/\" target=\"_blank\">&#8211; Tutto il programma\u00a0<\/a><\/p>\n<p><strong>Albizzate &#8211;<\/strong>\u00a0La stagione musicale del Circolo The Family \u00e8 ripartita alla grande e anche per il fine settimana di venerd\u00ec 13 e sabato 14 ottobre presenta due appuntamenti con la musica live di qualit\u00e0. Venerd\u00ec sar\u00e0 la volta di Slowtide, un progetto indie e elettronico che si districa tra Milano, Torino e Novara. Sabato , direttamente dalla formazione dei Black Beat Movement,\u00a0sul palco\u00a0Naima Fara\u00f2 e Luca Bologna &#8211; <a href=\"http:\/\/www.varesenews.it\/2017\/10\/al-the-family-con-i-live-di-slowtide-e-naima-e-bolo\/659229\/\" target=\"_blank\">Tutto il programma\u00a0<\/a><\/p>\n<p><strong>Busto Arsizio &#8211;<\/strong>\u00a0Weekend di grande musica al Circolo Gagarin. Venerd\u00ec in programma la world music con influenze africane dei ShardAfrica, capitanati dal percussionista Stephane Ngono, sabato invece i polacchi Tides From Nebula, grandi interpreti di post-rock strumentale che portano in giro in tutto il mondo da ormai diversi anni. &#8211; <a href=\"http:\/\/www.varesenews.it\/2017\/10\/weekend-di-grande-musica-al-circolo-gagarin\/659861\/\" target=\"_blank\">Tutto il programma\u00a0<\/a><\/p>\n<p><strong>Legnano &#8211;\u00a0<\/strong>Sabato 14 ottobre, Headhunterz suoner\u00e0 al Land of Freedom di Legnano per la prima tappa italiana del suo nuovo tour Comeback2hardstyle che lo porter\u00e0 nei prossimi mesi sui palchi pi\u00f9 prestigiosi d\u2019Europa. &#8211; <a href=\"http:\/\/www.varesenews.it\/2017\/10\/headhunterz-live-al-land-of-freedom\/659541\/\" target=\"_blank\">Tutto il programma\u00a0<\/a><\/p>\n","protected":false},"excerpt":{"rendered":"<p>Fine settimana autunnale da vivere tra sagre e castagnate, ecco gli appuntamenti in provincia<\/p>\n","protected":false},"author":32,"featured_media":0,"comment_status":"open","ping_status":"open","sticky":false,"template":"","format":"standard","meta":{"footnotes":""},"categories":[46,2],"tags":[1228,158],"acf":[],"yoast_head":"<!-- This site is optimized with the Yoast SEO plugin v20.1 - https:\/\/yoast.com\/wordpress\/plugins\/seo\/ -->\n<title>Sua maest\u00e0 la castagna<\/title>\n<meta name=\"description\" content=\"Fine settimana autunnale da vivere tra sagre e castagnate, ecco gli appuntamenti in provincia\" \/>\n<meta name=\"robots\" content=\"noindex, follow, max-snippet:-1, max-image-preview:large, max-video-preview:-1\" \/>\n<meta property=\"og:locale\" content=\"it_IT\" \/>\n<meta property=\"og:type\" content=\"article\" \/>\n<meta property=\"og:title\" content=\"Sua maest\u00e0 la castagna\" \/>\n<meta property=\"og:description\" content=\"Fine settimana autunnale da vivere tra sagre e castagnate, ecco gli appuntamenti in provincia\" \/>\n<meta property=\"og:url\" content=\"https:\/\/staging.varesenews.it\/2017\/10\/sua-maesta-la-castagna\/660123\/\" \/>\n<meta property=\"og:site_name\" content=\"VareseNews\" \/>\n<meta property=\"article:publisher\" content=\"https:\/\/www.facebook.com\/varesenews\" \/>\n<meta property=\"article:published_time\" content=\"2017-10-13T15:22:10+00:00\" \/>\n<meta property=\"article:modified_time\" content=\"2017-10-13T16:16:03+00:00\" \/>\n<meta name=\"author\" content=\"Adelia Brigo\" \/>\n<meta name=\"twitter:card\" content=\"summary_large_image\" \/>\n<meta name=\"twitter:creator\" content=\"@AdeliaBrigo\" \/>\n<meta name=\"twitter:site\" content=\"@varesenews\" \/>\n<meta name=\"twitter:label1\" content=\"Scritto da\" \/>\n\t<meta name=\"twitter:data1\" content=\"Adelia Brigo\" \/>\n\t<meta name=\"twitter:label2\" content=\"Tempo di lettura stimato\" \/>\n\t<meta name=\"twitter:data2\" content=\"11 minuti\" \/>\n<script type=\"application\/ld+json\" class=\"yoast-schema-graph\">{\"@context\":\"https:\/\/schema.org\",\"@graph\":[{\"@type\":\"WebPage\",\"@id\":\"https:\/\/staging.varesenews.it\/2017\/10\/sua-maesta-la-castagna\/660123\/\",\"url\":\"https:\/\/staging.varesenews.it\/2017\/10\/sua-maesta-la-castagna\/660123\/\",\"name\":\"Sua maest\u00e0 la castagna\",\"isPartOf\":{\"@id\":\"https:\/\/staging.varesenews.it\/#website\"},\"datePublished\":\"2017-10-13T15:22:10+00:00\",\"dateModified\":\"2017-10-13T16:16:03+00:00\",\"author\":{\"@id\":\"https:\/\/staging.varesenews.it\/#\/schema\/person\/272ac0f5b2dbfd572218c2d86e013f1a\"},\"description\":\"Fine settimana autunnale da vivere tra sagre e castagnate, ecco gli appuntamenti in provincia\",\"breadcrumb\":{\"@id\":\"https:\/\/staging.varesenews.it\/2017\/10\/sua-maesta-la-castagna\/660123\/#breadcrumb\"},\"inLanguage\":\"it-IT\",\"potentialAction\":[{\"@type\":\"ReadAction\",\"target\":[\"https:\/\/staging.varesenews.it\/2017\/10\/sua-maesta-la-castagna\/660123\/\"]}]},{\"@type\":\"BreadcrumbList\",\"@id\":\"https:\/\/staging.varesenews.it\/2017\/10\/sua-maesta-la-castagna\/660123\/#breadcrumb\",\"itemListElement\":[{\"@type\":\"ListItem\",\"position\":1,\"name\":\"Home\",\"item\":\"https:\/\/www.varesenews.it\/\"},{\"@type\":\"ListItem\",\"position\":2,\"name\":\"Sua maest\u00e0 la castagna\"}]},{\"@type\":\"WebSite\",\"@id\":\"https:\/\/staging.varesenews.it\/#website\",\"url\":\"https:\/\/staging.varesenews.it\/\",\"name\":\"VareseNews\",\"description\":\"\",\"potentialAction\":[{\"@type\":\"SearchAction\",\"target\":{\"@type\":\"EntryPoint\",\"urlTemplate\":\"https:\/\/staging.varesenews.it\/?s={search_term_string}\"},\"query-input\":\"required name=search_term_string\"}],\"inLanguage\":\"it-IT\"},{\"@type\":\"Person\",\"@id\":\"https:\/\/staging.varesenews.it\/#\/schema\/person\/272ac0f5b2dbfd572218c2d86e013f1a\",\"name\":\"Adelia Brigo\",\"image\":{\"@type\":\"ImageObject\",\"inLanguage\":\"it-IT\",\"@id\":\"https:\/\/staging.varesenews.it\/#\/schema\/person\/image\/\",\"url\":\"https:\/\/staging.varesenews.it\/wp-content\/uploads\/2020\/12\/adelia_brigo_colori_500.jpg\",\"contentUrl\":\"https:\/\/staging.varesenews.it\/wp-content\/uploads\/2020\/12\/adelia_brigo_colori_500.jpg\",\"caption\":\"Adelia Brigo\"},\"description\":\"Giornalista pubblicista, lavoro a VareseNews dal 2007 e mi occupo di cronaca locale e del settore dedicato alla cultura. In questi anni ho seguito diversi progetti di comunicazione, amo sperimentare strategie per i Social Network e raccontare storie. Varesina, classe 1984, sono laureata in Scienze della Comunicazione.&nbsp;\",\"sameAs\":[\"AdeliaBrigo\",\"https:\/\/twitter.com\/AdeliaBrigo\"],\"url\":\"https:\/\/staging.varesenews.it\/persona\/adelia_brigo\/\"}]}<\/script>\n<!-- \/ Yoast SEO plugin. -->","yoast_head_json":{"title":"Sua maest\u00e0 la castagna","description":"Fine settimana autunnale da vivere tra sagre e castagnate, ecco gli appuntamenti in provincia","robots":{"index":"noindex","follow":"follow","max-snippet":"max-snippet:-1","max-image-preview":"max-image-preview:large","max-video-preview":"max-video-preview:-1"},"og_locale":"it_IT","og_type":"article","og_title":"Sua maest\u00e0 la castagna","og_description":"Fine settimana autunnale da vivere tra sagre e castagnate, ecco gli appuntamenti in provincia","og_url":"https:\/\/staging.varesenews.it\/2017\/10\/sua-maesta-la-castagna\/660123\/","og_site_name":"VareseNews","article_publisher":"https:\/\/www.facebook.com\/varesenews","article_published_time":"2017-10-13T15:22:10+00:00","article_modified_time":"2017-10-13T16:16:03+00:00","author":"Adelia Brigo","twitter_card":"summary_large_image","twitter_creator":"@AdeliaBrigo","twitter_site":"@varesenews","twitter_misc":{"Scritto da":"Adelia Brigo","Tempo di lettura stimato":"11 minuti"},"schema":{"@context":"https:\/\/schema.org","@graph":[{"@type":"WebPage","@id":"https:\/\/staging.varesenews.it\/2017\/10\/sua-maesta-la-castagna\/660123\/","url":"https:\/\/staging.varesenews.it\/2017\/10\/sua-maesta-la-castagna\/660123\/","name":"Sua maest\u00e0 la castagna","isPartOf":{"@id":"https:\/\/staging.varesenews.it\/#website"},"datePublished":"2017-10-13T15:22:10+00:00","dateModified":"2017-10-13T16:16:03+00:00","author":{"@id":"https:\/\/staging.varesenews.it\/#\/schema\/person\/272ac0f5b2dbfd572218c2d86e013f1a"},"description":"Fine settimana autunnale da vivere tra sagre e castagnate, ecco gli appuntamenti in provincia","breadcrumb":{"@id":"https:\/\/staging.varesenews.it\/2017\/10\/sua-maesta-la-castagna\/660123\/#breadcrumb"},"inLanguage":"it-IT","potentialAction":[{"@type":"ReadAction","target":["https:\/\/staging.varesenews.it\/2017\/10\/sua-maesta-la-castagna\/660123\/"]}]},{"@type":"BreadcrumbList","@id":"https:\/\/staging.varesenews.it\/2017\/10\/sua-maesta-la-castagna\/660123\/#breadcrumb","itemListElement":[{"@type":"ListItem","position":1,"name":"Home","item":"https:\/\/www.varesenews.it\/"},{"@type":"ListItem","position":2,"name":"Sua maest\u00e0 la castagna"}]},{"@type":"WebSite","@id":"https:\/\/staging.varesenews.it\/#website","url":"https:\/\/staging.varesenews.it\/","name":"VareseNews","description":"","potentialAction":[{"@type":"SearchAction","target":{"@type":"EntryPoint","urlTemplate":"https:\/\/staging.varesenews.it\/?s={search_term_string}"},"query-input":"required name=search_term_string"}],"inLanguage":"it-IT"},{"@type":"Person","@id":"https:\/\/staging.varesenews.it\/#\/schema\/person\/272ac0f5b2dbfd572218c2d86e013f1a","name":"Adelia Brigo","image":{"@type":"ImageObject","inLanguage":"it-IT","@id":"https:\/\/staging.varesenews.it\/#\/schema\/person\/image\/","url":"https:\/\/staging.varesenews.it\/wp-content\/uploads\/2020\/12\/adelia_brigo_colori_500.jpg","contentUrl":"https:\/\/staging.varesenews.it\/wp-content\/uploads\/2020\/12\/adelia_brigo_colori_500.jpg","caption":"Adelia Brigo"},"description":"Giornalista pubblicista, lavoro a VareseNews dal 2007 e mi occupo di cronaca locale e del settore dedicato alla cultura. In questi anni ho seguito diversi progetti di comunicazione, amo sperimentare strategie per i Social Network e raccontare storie. Varesina, classe 1984, sono laureata in Scienze della Comunicazione.&nbsp;","sameAs":["AdeliaBrigo","https:\/\/twitter.com\/AdeliaBrigo"],"url":"https:\/\/staging.varesenews.it\/persona\/adelia_brigo\/"}]}},"post_meta":{"_edit_lock":"1507911416:32","_edit_last":"32","_category_permalink":"46","ratings_users":"0","ratings_score":"0","ratings_average":"0","wdfb_og_title":"","wdfb_og_type":"","wdfb_og_description":"","wdfb_og_images":"a:1:{i:0;s:0:\"\";}","wdfb_og_custom_name":"a:1:{i:0;s:0:\"\";}","wdfb_og_custom_value":"a:1:{i:0;s:0:\"\";}","foto":"489896","argomento":"Cosa fare nel weekend","_jd_twitter":"","_jd_tweet_this":"yes","_wpt_short_url":"http:\/\/www.varesenews.it\/2017\/10\/sua-maesta-la-castagna\/660123\/","_wp_jd_target":"http:\/\/www.varesenews.it\/2017\/10\/sua-maesta-la-castagna\/660123\/","_jd_wp_twitter":"a:1:{i:0;s:96:\"Sua maest\u00e0 la castagna http:\/\/www.varesenews.it\/2017\/10\/sua-maesta-la-castagna\/660123\/ #weekend\";}","_wpt_status_message":"Tweet inviato con successo.","id_leggi_anche":"660277"},"photos":[{"original":"https:\/\/staging.varesenews.it\/photogallery_new\/images\/2015\/10\/castagne-castagnata-autunno-489896.jpg","full":"https:\/\/staging.varesenews.it\/photogallery_new\/images\/2015\/10\/castagne-castagnata-autunno-489896.1024x768.jpg","large":"https:\/\/staging.varesenews.it\/photogallery_new\/images\/2015\/10\/castagne-castagnata-autunno-489896.610x431.jpg"}],"_links":{"self":[{"href":"https:\/\/staging.varesenews.it\/swgapi\/v1\/wp\/v2\/posts\/660123"}],"collection":[{"href":"https:\/\/staging.varesenews.it\/swgapi\/v1\/wp\/v2\/posts"}],"about":[{"href":"https:\/\/staging.varesenews.it\/swgapi\/v1\/wp\/v2\/types\/post"}],"author":[{"embeddable":true,"href":"https:\/\/staging.varesenews.it\/swgapi\/v1\/wp\/v2\/users\/32"}],"replies":[{"embeddable":true,"href":"https:\/\/staging.varesenews.it\/swgapi\/v1\/wp\/v2\/comments?post=660123"}],"version-history":[{"count":0,"href":"https:\/\/staging.varesenews.it\/swgapi\/v1\/wp\/v2\/posts\/660123\/revisions"}],"wp:attachment":[{"href":"https:\/\/staging.varesenews.it\/swgapi\/v1\/wp\/v2\/media?parent=660123"}],"wp:term":[{"taxonomy":"category","embeddable":true,"href":"https:\/\/staging.varesenews.it\/swgapi\/v1\/wp\/v2\/categories?post=660123"},{"taxonomy":"post_tag","embeddable":true,"href":"https:\/\/staging.varesenews.it\/swgapi\/v1\/wp\/v2\/tags?post=660123"}],"curies":[{"name":"wp","href":"https:\/\/api.w.org\/{rel}","templated":true}]}}