{"id":660190,"date":"2017-10-13T17:28:44","date_gmt":"2017-10-13T15:28:44","guid":{"rendered":"http:\/\/www.varesenews.it\/?p=660190"},"modified":"2017-10-13T17:28:44","modified_gmt":"2017-10-13T15:28:44","slug":"con-il-ciclismo-pedala-anche-leconomia","status":"publish","type":"post","link":"https:\/\/staging.varesenews.it\/2017\/10\/con-il-ciclismo-pedala-anche-leconomia\/660190\/","title":{"rendered":"Con il ciclismo &#8220;pedala&#8221; anche l&#8217;economia"},"content":{"rendered":"<p>Lo sport &#8211; agonistico e amatoriale &#8211; fa bene al turismo e all&#8217;economia della nostra provincia. Lo dice <strong>l&#8217;osservatorio economico della Camera di Commercio<\/strong> con il supporto di <strong>Federalberghi ed STR Global:<\/strong> i dati raccolti da questi soggetti infatti spiegano come la 2a edizione della <strong>Gran Fondo Tre Valli<\/strong> e la 97a <strong>Tre Valli Varesine<\/strong> abbiano portato un ritorno diretto sul territorio, soprattutto nel capoluogo e nelle zone limitrofe.<\/p>\n<p>La Tre Valli disputata dai professionisti marted\u00ec 3 ottobre ha portato un totale di <strong>700 pernottamenti<\/strong> in 14 diverse strutture, per quanto riguarda<strong> le squadre<\/strong> (quindi corridori, tecnici, meccanici)<strong> e gli altri soggetti<\/strong> coinvolti direttamente nella gara come giudici e giornalisti (sono quindi esclusi i tifosi).<\/p>\n<p>\u00abIl dato dell\u2019occupazione delle camere nell\u2019area di Varese citt\u00e0 \u00e8 stato particolarmente positivo<strong> tra il 30 settembre e il primo di ottobre<\/strong> &#8211; spiegano da Federalberghi &#8211; cio\u00e8 a ridosso della Gran Fondo: in citt\u00e0 e nella zona limitrofa si \u00e8 registrata u<strong>n\u2019occupazione delle camere disponibili pari al 90%<\/strong> contro il dato che vede, negli altri fine settimana di settembre, un\u2019occupazione<strong> attorno al 60%<\/strong>. Analogo era stato l\u2019andamento registrato lo scorso anno, mentre <strong>maggiore \u00e8 stata la redditivit\u00e0<\/strong> delle camere e il prezzo medio delle stesse che ha raggiunto un valore di poco <strong>superiore ai 74 euro,<\/strong> ben al di sopra di quello medio del periodo di riferimento\u00bb.<\/p>\n<p>Il trend &#8211; si legge nella relazione &#8211; \u00e8 stato positivo anche in concomitanza con la <strong>Tre Valli Varesine<\/strong>, che ha visto l\u2019occupazione delle camere registrare valori pi\u00f9 elevanti della media <strong>(attorno all\u201980%) anche nei giorni immediatamente successivi<\/strong> alla gara. Se si guarda poi alla situazione a livello provinciale e di area Malpensa, si registrano comunque buoni valori di occupazione e redditivit\u00e0, ma con minori picchi in concomitanza con gli eventi sportivi: <strong>qui l\u2019andamento dei dati \u00e8 pi\u00f9 omogeneo<\/strong> rispetto sia ai fine settimana del mese di settembre, sia alle performance registrate per gli stessi eventi nel 2016.\u00a0Il maggiore impatto per l\u2019edizione 2017 \u00e8 dunque quello registrato dalle strutture alberghiere attorno a capoluogo, che hanno attratto un maggior numero di sportivi.<\/p>\n<p>\u00abLa scelta di puntare su sport e turismo si conferma sempre di pi\u00f9 vincente\u00bb\u00a0sottolinea il<strong> presidente di Camera di Commercio, Giuseppe Albertini,<\/strong> ricordando la volont\u00e0 dell&#8217;ente camerale di sfruttare questo volano attraverso la Varese Sport Commission.\u00a0\u00abI dati elaborati dal nostro Ufficio Studi e Statistica e pubblicati sul portale OsserVa ci dicono che, tra gennaio e giugno 2017, gli arrivi nella nostra provincia hanno fatto segnare <strong>un +14% e le presenze un +15%<\/strong> rispetto allo stesso periodo dello scorso anno. Risultati che colpiscono e che sottolineano la <strong>buona performance di un settore c<\/strong>he non ha segnato il passo neanche durante la crisi e che, <strong>a distanza di due anni da Expo,<\/strong> riesce ancora a migliorare i propri risultati, grazie anche a progettualit\u00e0 specifiche. Varese \u00e8 cos\u00ec oggi la<strong> terza provincia in Lombardia per arrivi<\/strong> turistici, superata soltanto da Milano e Brescia\u00bb.<\/p>\n<p>Ad Albertini fa eco<strong> Frederick Venturi<\/strong>, presidente di <strong>Federalberghi Varese<\/strong>: \u00abI dati ci fanno ben sperare anche per il <strong>2018<\/strong>, quando Varese ospiter\u00e0 il Campionato <strong>Mondiale della Gran Fondo<\/strong>: visti i numeri di quest\u2019anno \u00e8 probabile che a lavorare per l\u2019ospitalit\u00e0 saranno impegnate non solo le strutture del capoluogo, ma quelle di <strong>tutto il territorio provinciale<\/strong>. Questa \u00e8 anche la dimostrazione che viene premiato l\u2019impegno e l\u2019investimento fatto dai diversi attori coinvolti che hanno dimostrato di lavorare in sinergia su di un obiettivo comune. Inoltre \u00e8 chiaro che questi eventi hanno una ricaduta positiva: <strong>si pensi solo all\u2019eco mediatico<\/strong> che tali manifestazioni garantiscono. Esportare l\u2019\u2019immagine del territorio oltre i confini nazionali attraverso lo sport \u00e8 un fattore di promozione turistica estremamente efficace, che <strong>supera di gran lunga i piccoli disagi <\/strong>legati alla chiusura delle strade\u00bb.<\/p>\n<p>Soddisfatto infine <strong>Renzo Oldani,<\/strong> &#8220;gran capo&#8221; della societ\u00e0 organizzatrice delle corse, la &#8220;Alfredo Binda&#8221;: \u00abL\u2019ho sempre detto e lo confermo:<strong> le nostre gare sono uno straordinario strumento di comunicazione<\/strong> a favore del territorio per un turismo ecosostenibile. Lo dimostrano sia <a title=\"Pi\u00f9 di 2 milioni di persone hanno seguito la Tre Valli in televisione\" href=\"http:\/\/www.varesenews.it\/2017\/10\/tre-valli-varesine-audience-2017-oldani\/657105\/\"><strong>gli eccellenti dati d\u2019ascolto televisivo<\/strong> <\/a>della Tre Valli, sia l\u2019esperienza delle altre aree geografiche che hanno scelto d\u2019investire sul ciclismo. Mi auguro che tutti insieme, amministrazioni comunali, enti locali e mondo economico, si possa interagire con efficacia ed efficienza per <strong>cogliere al meglio le ulteriori opportunit\u00e0<\/strong> che si apriranno l\u2019anno prossimo in occasione del Campionato Mondiale della Gran Fondo\u00bb.<\/p>\n","protected":false},"excerpt":{"rendered":"<p>Dati positivi da Camera di Commercio e Federalberghi dopo la Gran Fondo e la Tre Valli Varesine. Il commento di Albertini, Venturi e Oldani<\/p>\n","protected":false},"author":38,"featured_media":0,"comment_status":"open","ping_status":"open","sticky":false,"template":"","format":"standard","meta":{"footnotes":""},"categories":[15,14,2],"tags":[2277,398,9450,60107,1296,1635,58625],"acf":[],"yoast_head":"<!-- This site is optimized with the Yoast SEO plugin v20.1 - https:\/\/yoast.com\/wordpress\/plugins\/seo\/ -->\n<title>Con il ciclismo &quot;pedala&quot; anche l&#039;economia<\/title>\n<meta name=\"description\" content=\"Dati positivi da Camera di Commercio e Federalberghi dopo la Gran Fondo e la Tre Valli Varesine. Il commento di Albertini, Venturi e Oldani\" \/>\n<meta name=\"robots\" content=\"noindex, follow, max-snippet:-1, max-image-preview:large, max-video-preview:-1\" \/>\n<meta property=\"og:locale\" content=\"it_IT\" \/>\n<meta property=\"og:type\" content=\"article\" \/>\n<meta property=\"og:title\" content=\"Con il ciclismo &quot;pedala&quot; anche l&#039;economia\" \/>\n<meta property=\"og:description\" content=\"Dati positivi da Camera di Commercio e Federalberghi dopo la Gran Fondo e la Tre Valli Varesine. Il commento di Albertini, Venturi e Oldani\" \/>\n<meta property=\"og:url\" content=\"https:\/\/staging.varesenews.it\/2017\/10\/con-il-ciclismo-pedala-anche-leconomia\/660190\/\" \/>\n<meta property=\"og:site_name\" content=\"VareseNews\" \/>\n<meta property=\"article:publisher\" content=\"https:\/\/www.facebook.com\/varesenews\" \/>\n<meta property=\"article:published_time\" content=\"2017-10-13T15:28:44+00:00\" \/>\n<meta name=\"author\" content=\"Damiano Franzetti\" \/>\n<meta name=\"twitter:card\" content=\"summary_large_image\" \/>\n<meta name=\"twitter:creator\" content=\"@damianofranz\" \/>\n<meta name=\"twitter:site\" content=\"@varesenews\" \/>\n<meta name=\"twitter:label1\" content=\"Scritto da\" \/>\n\t<meta name=\"twitter:data1\" content=\"Damiano Franzetti\" \/>\n\t<meta name=\"twitter:label2\" content=\"Tempo di lettura stimato\" \/>\n\t<meta name=\"twitter:data2\" content=\"4 minuti\" \/>\n<script type=\"application\/ld+json\" class=\"yoast-schema-graph\">{\"@context\":\"https:\/\/schema.org\",\"@graph\":[{\"@type\":\"WebPage\",\"@id\":\"https:\/\/staging.varesenews.it\/2017\/10\/con-il-ciclismo-pedala-anche-leconomia\/660190\/\",\"url\":\"https:\/\/staging.varesenews.it\/2017\/10\/con-il-ciclismo-pedala-anche-leconomia\/660190\/\",\"name\":\"Con il ciclismo \\\"pedala\\\" anche l'economia\",\"isPartOf\":{\"@id\":\"https:\/\/staging.varesenews.it\/#website\"},\"datePublished\":\"2017-10-13T15:28:44+00:00\",\"dateModified\":\"2017-10-13T15:28:44+00:00\",\"author\":{\"@id\":\"https:\/\/staging.varesenews.it\/#\/schema\/person\/709ae3769f6b4dbde8ec332baede8a5b\"},\"description\":\"Dati positivi da Camera di Commercio e Federalberghi dopo la Gran Fondo e la Tre Valli Varesine. Il commento di Albertini, Venturi e Oldani\",\"breadcrumb\":{\"@id\":\"https:\/\/staging.varesenews.it\/2017\/10\/con-il-ciclismo-pedala-anche-leconomia\/660190\/#breadcrumb\"},\"inLanguage\":\"it-IT\",\"potentialAction\":[{\"@type\":\"ReadAction\",\"target\":[\"https:\/\/staging.varesenews.it\/2017\/10\/con-il-ciclismo-pedala-anche-leconomia\/660190\/\"]}]},{\"@type\":\"BreadcrumbList\",\"@id\":\"https:\/\/staging.varesenews.it\/2017\/10\/con-il-ciclismo-pedala-anche-leconomia\/660190\/#breadcrumb\",\"itemListElement\":[{\"@type\":\"ListItem\",\"position\":1,\"name\":\"Home\",\"item\":\"https:\/\/www.varesenews.it\/\"},{\"@type\":\"ListItem\",\"position\":2,\"name\":\"Con il ciclismo &#8220;pedala&#8221; anche l&#8217;economia\"}]},{\"@type\":\"WebSite\",\"@id\":\"https:\/\/staging.varesenews.it\/#website\",\"url\":\"https:\/\/staging.varesenews.it\/\",\"name\":\"VareseNews\",\"description\":\"\",\"potentialAction\":[{\"@type\":\"SearchAction\",\"target\":{\"@type\":\"EntryPoint\",\"urlTemplate\":\"https:\/\/staging.varesenews.it\/?s={search_term_string}\"},\"query-input\":\"required name=search_term_string\"}],\"inLanguage\":\"it-IT\"},{\"@type\":\"Person\",\"@id\":\"https:\/\/staging.varesenews.it\/#\/schema\/person\/709ae3769f6b4dbde8ec332baede8a5b\",\"name\":\"Damiano Franzetti\",\"image\":{\"@type\":\"ImageObject\",\"inLanguage\":\"it-IT\",\"@id\":\"https:\/\/staging.varesenews.it\/#\/schema\/person\/image\/\",\"url\":\"https:\/\/staging.varesenews.it\/wp-content\/uploads\/2020\/12\/damiano_franzetti_colori_500.jpg\",\"contentUrl\":\"https:\/\/staging.varesenews.it\/wp-content\/uploads\/2020\/12\/damiano_franzetti_colori_500.jpg\",\"caption\":\"Damiano Franzetti\"},\"description\":\"Classe 1976, una laurea (nel cassetto) in scienze e tecnologie alimentari; sono giornalista professionista dal 2009 nato e cresciuto con VareseNews dove mi occupo soprattutto di sport ormai da vent&rsquo;anni. Inviato sui campi (sulle piste, sulle strade...), intervistatore, coordinatore e responsabile delle pagine sportive, mi ritaglio volentieri lo spazio per scrivere di birra sul blog Malto Gradimento. Ho seguito innumerevoli campionati di Serie A di basket, di serie B di calcio, due Mondiali di ciclismo, qualche Giro d&rsquo;;Italia e tanto altro ancora. Collaboro con Tuttosport e altre testate, mi diletto di social. Ho una moglie, un figlio, vivo nella mia Gemonio e ho purtroppo smesso con il basket giocato. &nbsp;\",\"sameAs\":[\"damianofranz\",\"https:\/\/www.linkedin.com\/profile\/view?id=241597124&trk=nav_responsive_tab_profile\",\"https:\/\/twitter.com\/damianofranz\"],\"url\":\"https:\/\/staging.varesenews.it\/persona\/damiano_franzetti-2\/\"}]}<\/script>\n<!-- \/ Yoast SEO plugin. -->","yoast_head_json":{"title":"Con il ciclismo \"pedala\" anche l'economia","description":"Dati positivi da Camera di Commercio e Federalberghi dopo la Gran Fondo e la Tre Valli Varesine. Il commento di Albertini, Venturi e Oldani","robots":{"index":"noindex","follow":"follow","max-snippet":"max-snippet:-1","max-image-preview":"max-image-preview:large","max-video-preview":"max-video-preview:-1"},"og_locale":"it_IT","og_type":"article","og_title":"Con il ciclismo \"pedala\" anche l'economia","og_description":"Dati positivi da Camera di Commercio e Federalberghi dopo la Gran Fondo e la Tre Valli Varesine. Il commento di Albertini, Venturi e Oldani","og_url":"https:\/\/staging.varesenews.it\/2017\/10\/con-il-ciclismo-pedala-anche-leconomia\/660190\/","og_site_name":"VareseNews","article_publisher":"https:\/\/www.facebook.com\/varesenews","article_published_time":"2017-10-13T15:28:44+00:00","author":"Damiano Franzetti","twitter_card":"summary_large_image","twitter_creator":"@damianofranz","twitter_site":"@varesenews","twitter_misc":{"Scritto da":"Damiano Franzetti","Tempo di lettura stimato":"4 minuti"},"schema":{"@context":"https:\/\/schema.org","@graph":[{"@type":"WebPage","@id":"https:\/\/staging.varesenews.it\/2017\/10\/con-il-ciclismo-pedala-anche-leconomia\/660190\/","url":"https:\/\/staging.varesenews.it\/2017\/10\/con-il-ciclismo-pedala-anche-leconomia\/660190\/","name":"Con il ciclismo \"pedala\" anche l'economia","isPartOf":{"@id":"https:\/\/staging.varesenews.it\/#website"},"datePublished":"2017-10-13T15:28:44+00:00","dateModified":"2017-10-13T15:28:44+00:00","author":{"@id":"https:\/\/staging.varesenews.it\/#\/schema\/person\/709ae3769f6b4dbde8ec332baede8a5b"},"description":"Dati positivi da Camera di Commercio e Federalberghi dopo la Gran Fondo e la Tre Valli Varesine. Il commento di Albertini, Venturi e Oldani","breadcrumb":{"@id":"https:\/\/staging.varesenews.it\/2017\/10\/con-il-ciclismo-pedala-anche-leconomia\/660190\/#breadcrumb"},"inLanguage":"it-IT","potentialAction":[{"@type":"ReadAction","target":["https:\/\/staging.varesenews.it\/2017\/10\/con-il-ciclismo-pedala-anche-leconomia\/660190\/"]}]},{"@type":"BreadcrumbList","@id":"https:\/\/staging.varesenews.it\/2017\/10\/con-il-ciclismo-pedala-anche-leconomia\/660190\/#breadcrumb","itemListElement":[{"@type":"ListItem","position":1,"name":"Home","item":"https:\/\/www.varesenews.it\/"},{"@type":"ListItem","position":2,"name":"Con il ciclismo &#8220;pedala&#8221; anche l&#8217;economia"}]},{"@type":"WebSite","@id":"https:\/\/staging.varesenews.it\/#website","url":"https:\/\/staging.varesenews.it\/","name":"VareseNews","description":"","potentialAction":[{"@type":"SearchAction","target":{"@type":"EntryPoint","urlTemplate":"https:\/\/staging.varesenews.it\/?s={search_term_string}"},"query-input":"required name=search_term_string"}],"inLanguage":"it-IT"},{"@type":"Person","@id":"https:\/\/staging.varesenews.it\/#\/schema\/person\/709ae3769f6b4dbde8ec332baede8a5b","name":"Damiano Franzetti","image":{"@type":"ImageObject","inLanguage":"it-IT","@id":"https:\/\/staging.varesenews.it\/#\/schema\/person\/image\/","url":"https:\/\/staging.varesenews.it\/wp-content\/uploads\/2020\/12\/damiano_franzetti_colori_500.jpg","contentUrl":"https:\/\/staging.varesenews.it\/wp-content\/uploads\/2020\/12\/damiano_franzetti_colori_500.jpg","caption":"Damiano Franzetti"},"description":"Classe 1976, una laurea (nel cassetto) in scienze e tecnologie alimentari; sono giornalista professionista dal 2009 nato e cresciuto con VareseNews dove mi occupo soprattutto di sport ormai da vent&rsquo;anni. Inviato sui campi (sulle piste, sulle strade...), intervistatore, coordinatore e responsabile delle pagine sportive, mi ritaglio volentieri lo spazio per scrivere di birra sul blog Malto Gradimento. Ho seguito innumerevoli campionati di Serie A di basket, di serie B di calcio, due Mondiali di ciclismo, qualche Giro d&rsquo;;Italia e tanto altro ancora. Collaboro con Tuttosport e altre testate, mi diletto di social. Ho una moglie, un figlio, vivo nella mia Gemonio e ho purtroppo smesso con il basket giocato. &nbsp;","sameAs":["damianofranz","https:\/\/www.linkedin.com\/profile\/view?id=241597124&trk=nav_responsive_tab_profile","https:\/\/twitter.com\/damianofranz"],"url":"https:\/\/staging.varesenews.it\/persona\/damiano_franzetti-2\/"}]}},"post_meta":{"_edit_lock":"1507908566:38","_edit_last":"38","_category_permalink":"15","ratings_users":"0","ratings_score":"0","ratings_average":"0","wdfb_og_title":"","wdfb_og_type":"","wdfb_og_description":"","wdfb_og_images":"a:1:{i:0;s:0:\"\";}","wdfb_og_custom_name":"a:1:{i:0;s:0:\"\";}","wdfb_og_custom_value":"a:1:{i:0;s:0:\"\";}","foto":"635197","firma_come_redazione":"1","argomento":"Varese","_jd_twitter":"","_jd_tweet_this":"yes","_wpt_short_url":"http:\/\/www.varesenews.it\/2017\/10\/con-il-ciclismo-pedala-anche-leconomia\/660190\/","_wp_jd_target":"http:\/\/www.varesenews.it\/2017\/10\/con-il-ciclismo-pedala-anche-leconomia\/660190\/","_jd_wp_twitter":"a:1:{i:0;s:155:\"Con il ciclismo \"pedala\" anche l'economia http:\/\/www.varesenews.it\/2017\/10\/con-il-ciclismo-pedala-anche-leconomia\/660190\/ #ciclismo #federalberghi #turismo\";}","_wpt_status_message":"Tweet inviato con successo."},"photos":[{"original":"https:\/\/staging.varesenews.it\/photogallery_new\/images\/2017\/10\/tre-valli-varesine-foto-gernetti-635197.jpg","full":"https:\/\/staging.varesenews.it\/photogallery_new\/images\/2017\/10\/tre-valli-varesine-foto-gernetti-635197.1024x768.jpg","large":"https:\/\/staging.varesenews.it\/photogallery_new\/images\/2017\/10\/tre-valli-varesine-foto-gernetti-635197.610x431.jpg"}],"_links":{"self":[{"href":"https:\/\/staging.varesenews.it\/swgapi\/v1\/wp\/v2\/posts\/660190"}],"collection":[{"href":"https:\/\/staging.varesenews.it\/swgapi\/v1\/wp\/v2\/posts"}],"about":[{"href":"https:\/\/staging.varesenews.it\/swgapi\/v1\/wp\/v2\/types\/post"}],"author":[{"embeddable":true,"href":"https:\/\/staging.varesenews.it\/swgapi\/v1\/wp\/v2\/users\/38"}],"replies":[{"embeddable":true,"href":"https:\/\/staging.varesenews.it\/swgapi\/v1\/wp\/v2\/comments?post=660190"}],"version-history":[{"count":0,"href":"https:\/\/staging.varesenews.it\/swgapi\/v1\/wp\/v2\/posts\/660190\/revisions"}],"wp:attachment":[{"href":"https:\/\/staging.varesenews.it\/swgapi\/v1\/wp\/v2\/media?parent=660190"}],"wp:term":[{"taxonomy":"category","embeddable":true,"href":"https:\/\/staging.varesenews.it\/swgapi\/v1\/wp\/v2\/categories?post=660190"},{"taxonomy":"post_tag","embeddable":true,"href":"https:\/\/staging.varesenews.it\/swgapi\/v1\/wp\/v2\/tags?post=660190"}],"curies":[{"name":"wp","href":"https:\/\/api.w.org\/{rel}","templated":true}]}}