{"id":661617,"date":"2017-10-19T10:18:04","date_gmt":"2017-10-19T08:18:04","guid":{"rendered":"http:\/\/www.varesenews.it\/?p=661617"},"modified":"2017-10-19T17:34:55","modified_gmt":"2017-10-19T15:34:55","slug":"dafne-ragazza-inquieta-si-e-allontanata-da-casa-ancora","status":"publish","type":"post","link":"https:\/\/staging.varesenews.it\/2017\/10\/dafne-ragazza-inquieta-si-e-allontanata-da-casa-ancora\/661617\/","title":{"rendered":"Dafne ragazza inquieta, si \u00e8 allontanata da casa ancora"},"content":{"rendered":"<p>Non \u00e8 pi\u00f9 rintracciabile nella casa di Busto Arsizio, dove viveva <strong>con il fidanzato, Dafne Di Scipio, 20 anni,<\/strong> la ragazza che i carabinieri hanno cercato per tre giorni, temendo un rapimento avvenuto nel bosco della droga di Marnate, dopo che l&#8217;uomo aveva raccontato di averla vista sparire sabato notte.\u00a0<strong>In realt\u00e0, come hanno accertato gli inquirenti, l&#8217;uomo aveva assunto droga<\/strong> e spazientito dal fatto che la ragazza non tornava indietro si era messo a urlare nel bosco, causando la ritorsione dei pusher che gli hanno bruciato l&#8217;auto.<\/p>\n<p><strong> I carabinieri, dopo averla riportata a casa marted\u00ec mattina,<\/strong> hanno\u00a0appreso che la giovane \u00e8 nuovamente andata via dall&#8217;appartamento del convivente, probabilmente per un litigio: ma questa volta si tratta di una normale dinamica tra persone; sono fatti privati, diciamo,<strong> e nulla c&#8217;entrano con tutto ci\u00f2 che \u00e8 accaduto nello scorso week end.<\/strong><\/p>\n<p><strong>Il particolare \u00e8 per\u00f2 indicativo di un contesto di rapporti instabili (e imprevendibili) tra le persone\u00a0protagoniste della vicenda, e per giunta dove \u00e8 frequente l&#8217;uso di sostanze stupefacenti. <\/strong><\/p>\n<p><strong>La Procura di Busto Arsizio sta ancora svolgendo accertamenti<\/strong> sui due uomini indagati per sequestro di persona che si trovavano con lei, ma le sue parole sono state molto chiare: &#8220;<strong>Sono andata via con loro volontariamente&#8221;<\/strong>.<\/p>\n<p>I carabinieri e i pm si sono trovati di fronte a tante persone, <strong>frequentatori del bosco di Marnate<\/strong>, con forte disagio e con legami poco strutturati. La ragazza gi\u00e0 altre volte aveva fatto perdere le proprie tracce alle persone con cui si era legata sentimentalmente. In un caso addirittura <strong>era\u00a0fuggita da una comunit\u00e0<\/strong> dove era stata accolta per i suoi problemi familiari ed era stata trovata dopo quattro mesi, nascosta dentro una cassapanca per sfuggire alle forze dell&#8217;ordine che dovevano rintracciarla. <strong>La giovane soggiorna spesso da amici, non ha un punto di riferimento fisso e ai magistrati, marted\u00ec notte<\/strong>, ha detto che non voleva tornare a casa dalla madre.<\/p>\n<p>Gli inquirenti hanno trovato altrettante difficolt\u00e0 ad interrogare Dafne,<strong> dopo averla fermata luned\u00ec sera, alle 20 e 34, all&#8217;autogrill di Castronno<\/strong>, dove si trovava insieme ai due amici, un italiano e un marocchino, all&#8217;interno di una Citroen C5 grigia.\u00a0Risposte non sempre logiche, e poi una <strong>crisi di pianto.<\/strong><\/p>\n","protected":false},"excerpt":{"rendered":"<p>Ha lasciato nuovamente l&#8217;ultimo domicilio conosciuto la giovane che secondo il fidanzato era stata rapita dagli spacciatori. Ma lei ha escluso il rapimento<\/p>\n","protected":false},"author":50,"featured_media":0,"comment_status":"open","ping_status":"open","sticky":false,"template":"","format":"standard","meta":{"footnotes":""},"categories":[4,3],"tags":[],"acf":[],"yoast_head":"<!-- This site is optimized with the Yoast SEO plugin v20.1 - https:\/\/yoast.com\/wordpress\/plugins\/seo\/ -->\n<title>Dafne ragazza inquieta, si \u00e8 allontanata da casa ancora<\/title>\n<meta name=\"description\" content=\"Ha lasciato nuovamente l&#039;ultimo domicilio conosciuto la giovane che secondo il fidanzato era stata rapita dagli spacciatori. Ma lei ha escluso il rapimento\" \/>\n<meta name=\"robots\" content=\"noindex, follow, max-snippet:-1, max-image-preview:large, max-video-preview:-1\" \/>\n<meta property=\"og:locale\" content=\"it_IT\" \/>\n<meta property=\"og:type\" content=\"article\" \/>\n<meta property=\"og:title\" content=\"Dafne ragazza inquieta, si \u00e8 allontanata da casa ancora\" \/>\n<meta property=\"og:description\" content=\"Ha lasciato nuovamente l&#039;ultimo domicilio conosciuto la giovane che secondo il fidanzato era stata rapita dagli spacciatori. Ma lei ha escluso il rapimento\" \/>\n<meta property=\"og:url\" content=\"https:\/\/staging.varesenews.it\/2017\/10\/dafne-ragazza-inquieta-si-e-allontanata-da-casa-ancora\/661617\/\" \/>\n<meta property=\"og:site_name\" content=\"VareseNews\" \/>\n<meta property=\"article:publisher\" content=\"https:\/\/www.facebook.com\/varesenews\" \/>\n<meta property=\"article:published_time\" content=\"2017-10-19T08:18:04+00:00\" \/>\n<meta property=\"article:modified_time\" content=\"2017-10-19T15:34:55+00:00\" \/>\n<meta name=\"author\" content=\"Roberto Rotondo\" \/>\n<meta name=\"twitter:card\" content=\"summary_large_image\" \/>\n<meta name=\"twitter:creator\" content=\"@robertorotondo\" \/>\n<meta name=\"twitter:site\" content=\"@varesenews\" \/>\n<meta name=\"twitter:label1\" content=\"Scritto da\" \/>\n\t<meta name=\"twitter:data1\" content=\"Roberto Rotondo\" \/>\n\t<meta name=\"twitter:label2\" content=\"Tempo di lettura stimato\" \/>\n\t<meta name=\"twitter:data2\" content=\"2 minuti\" \/>\n<script type=\"application\/ld+json\" class=\"yoast-schema-graph\">{\"@context\":\"https:\/\/schema.org\",\"@graph\":[{\"@type\":\"WebPage\",\"@id\":\"https:\/\/staging.varesenews.it\/2017\/10\/dafne-ragazza-inquieta-si-e-allontanata-da-casa-ancora\/661617\/\",\"url\":\"https:\/\/staging.varesenews.it\/2017\/10\/dafne-ragazza-inquieta-si-e-allontanata-da-casa-ancora\/661617\/\",\"name\":\"Dafne ragazza inquieta, si \u00e8 allontanata da casa ancora\",\"isPartOf\":{\"@id\":\"https:\/\/staging.varesenews.it\/#website\"},\"datePublished\":\"2017-10-19T08:18:04+00:00\",\"dateModified\":\"2017-10-19T15:34:55+00:00\",\"author\":{\"@id\":\"https:\/\/staging.varesenews.it\/#\/schema\/person\/bace96b9ce1b4905df659e51a83c17fe\"},\"description\":\"Ha lasciato nuovamente l'ultimo domicilio conosciuto la giovane che secondo il fidanzato era stata rapita dagli spacciatori. Ma lei ha escluso il rapimento\",\"breadcrumb\":{\"@id\":\"https:\/\/staging.varesenews.it\/2017\/10\/dafne-ragazza-inquieta-si-e-allontanata-da-casa-ancora\/661617\/#breadcrumb\"},\"inLanguage\":\"it-IT\",\"potentialAction\":[{\"@type\":\"ReadAction\",\"target\":[\"https:\/\/staging.varesenews.it\/2017\/10\/dafne-ragazza-inquieta-si-e-allontanata-da-casa-ancora\/661617\/\"]}]},{\"@type\":\"BreadcrumbList\",\"@id\":\"https:\/\/staging.varesenews.it\/2017\/10\/dafne-ragazza-inquieta-si-e-allontanata-da-casa-ancora\/661617\/#breadcrumb\",\"itemListElement\":[{\"@type\":\"ListItem\",\"position\":1,\"name\":\"Home\",\"item\":\"https:\/\/www.varesenews.it\/\"},{\"@type\":\"ListItem\",\"position\":2,\"name\":\"Dafne ragazza inquieta, si \u00e8 allontanata da casa ancora\"}]},{\"@type\":\"WebSite\",\"@id\":\"https:\/\/staging.varesenews.it\/#website\",\"url\":\"https:\/\/staging.varesenews.it\/\",\"name\":\"VareseNews\",\"description\":\"\",\"potentialAction\":[{\"@type\":\"SearchAction\",\"target\":{\"@type\":\"EntryPoint\",\"urlTemplate\":\"https:\/\/staging.varesenews.it\/?s={search_term_string}\"},\"query-input\":\"required name=search_term_string\"}],\"inLanguage\":\"it-IT\"},{\"@type\":\"Person\",\"@id\":\"https:\/\/staging.varesenews.it\/#\/schema\/person\/bace96b9ce1b4905df659e51a83c17fe\",\"name\":\"Roberto Rotondo\",\"image\":{\"@type\":\"ImageObject\",\"inLanguage\":\"it-IT\",\"@id\":\"https:\/\/staging.varesenews.it\/#\/schema\/person\/image\/\",\"url\":\"https:\/\/staging.varesenews.it\/wp-content\/uploads\/2015\/03\/10888676_10204734543537926_609787919772941341_n.jpg\",\"contentUrl\":\"https:\/\/staging.varesenews.it\/wp-content\/uploads\/2015\/03\/10888676_10204734543537926_609787919772941341_n.jpg\",\"caption\":\"Roberto Rotondo\"},\"description\":\"Nato a Varese nel 1972. Laureato in Storia alla Statale di Milano. A Varese News dal 1998. Ho iniziato a scrivere su riviste locali, poi sono entrato nel progetto di Varese News quando ancora era agli inizi. Nel frattempo mi sono occupato di ricerca storica e ho collaborato con un settimanale e un quotidiano della Svizzera italiana scrivendo di cronaca e politica. Mi sono preso una pausa da Varese nel 2004. Ho lavorato per alcuni anni a Milano all'agenzia di stampa Adnkronos, con qualche stage a Roma nei palazzi della politica. Lanci di agenzia e servizi tv multimediali erano tra i miei compiti. In quegli anni ho lavorato per alcune radio anche nazionali, Radio Capital su tutte, come corrispondente locale. Ho scritto anche per un settimanale di gossip, ma sempre cronaca nera. Ed eccomi qui. Dal 2007 lavoro anche per il Corriere della sera, di cui sono corrispondente. A Varesenews sono ormai uno dei senatori. Mi occupo di cronaca nera, giudiziaria e di politica e della cronaca cittadina di Varese.\",\"sameAs\":[\"robertorotondo\",\"https:\/\/twitter.com\/robertorotondo\"],\"url\":\"https:\/\/staging.varesenews.it\/persona\/roberto-rotondo\/\"}]}<\/script>\n<!-- \/ Yoast SEO plugin. -->","yoast_head_json":{"title":"Dafne ragazza inquieta, si \u00e8 allontanata da casa ancora","description":"Ha lasciato nuovamente l'ultimo domicilio conosciuto la giovane che secondo il fidanzato era stata rapita dagli spacciatori. Ma lei ha escluso il rapimento","robots":{"index":"noindex","follow":"follow","max-snippet":"max-snippet:-1","max-image-preview":"max-image-preview:large","max-video-preview":"max-video-preview:-1"},"og_locale":"it_IT","og_type":"article","og_title":"Dafne ragazza inquieta, si \u00e8 allontanata da casa ancora","og_description":"Ha lasciato nuovamente l'ultimo domicilio conosciuto la giovane che secondo il fidanzato era stata rapita dagli spacciatori. Ma lei ha escluso il rapimento","og_url":"https:\/\/staging.varesenews.it\/2017\/10\/dafne-ragazza-inquieta-si-e-allontanata-da-casa-ancora\/661617\/","og_site_name":"VareseNews","article_publisher":"https:\/\/www.facebook.com\/varesenews","article_published_time":"2017-10-19T08:18:04+00:00","article_modified_time":"2017-10-19T15:34:55+00:00","author":"Roberto Rotondo","twitter_card":"summary_large_image","twitter_creator":"@robertorotondo","twitter_site":"@varesenews","twitter_misc":{"Scritto da":"Roberto Rotondo","Tempo di lettura stimato":"2 minuti"},"schema":{"@context":"https:\/\/schema.org","@graph":[{"@type":"WebPage","@id":"https:\/\/staging.varesenews.it\/2017\/10\/dafne-ragazza-inquieta-si-e-allontanata-da-casa-ancora\/661617\/","url":"https:\/\/staging.varesenews.it\/2017\/10\/dafne-ragazza-inquieta-si-e-allontanata-da-casa-ancora\/661617\/","name":"Dafne ragazza inquieta, si \u00e8 allontanata da casa ancora","isPartOf":{"@id":"https:\/\/staging.varesenews.it\/#website"},"datePublished":"2017-10-19T08:18:04+00:00","dateModified":"2017-10-19T15:34:55+00:00","author":{"@id":"https:\/\/staging.varesenews.it\/#\/schema\/person\/bace96b9ce1b4905df659e51a83c17fe"},"description":"Ha lasciato nuovamente l'ultimo domicilio conosciuto la giovane che secondo il fidanzato era stata rapita dagli spacciatori. Ma lei ha escluso il rapimento","breadcrumb":{"@id":"https:\/\/staging.varesenews.it\/2017\/10\/dafne-ragazza-inquieta-si-e-allontanata-da-casa-ancora\/661617\/#breadcrumb"},"inLanguage":"it-IT","potentialAction":[{"@type":"ReadAction","target":["https:\/\/staging.varesenews.it\/2017\/10\/dafne-ragazza-inquieta-si-e-allontanata-da-casa-ancora\/661617\/"]}]},{"@type":"BreadcrumbList","@id":"https:\/\/staging.varesenews.it\/2017\/10\/dafne-ragazza-inquieta-si-e-allontanata-da-casa-ancora\/661617\/#breadcrumb","itemListElement":[{"@type":"ListItem","position":1,"name":"Home","item":"https:\/\/www.varesenews.it\/"},{"@type":"ListItem","position":2,"name":"Dafne ragazza inquieta, si \u00e8 allontanata da casa ancora"}]},{"@type":"WebSite","@id":"https:\/\/staging.varesenews.it\/#website","url":"https:\/\/staging.varesenews.it\/","name":"VareseNews","description":"","potentialAction":[{"@type":"SearchAction","target":{"@type":"EntryPoint","urlTemplate":"https:\/\/staging.varesenews.it\/?s={search_term_string}"},"query-input":"required name=search_term_string"}],"inLanguage":"it-IT"},{"@type":"Person","@id":"https:\/\/staging.varesenews.it\/#\/schema\/person\/bace96b9ce1b4905df659e51a83c17fe","name":"Roberto Rotondo","image":{"@type":"ImageObject","inLanguage":"it-IT","@id":"https:\/\/staging.varesenews.it\/#\/schema\/person\/image\/","url":"https:\/\/staging.varesenews.it\/wp-content\/uploads\/2015\/03\/10888676_10204734543537926_609787919772941341_n.jpg","contentUrl":"https:\/\/staging.varesenews.it\/wp-content\/uploads\/2015\/03\/10888676_10204734543537926_609787919772941341_n.jpg","caption":"Roberto Rotondo"},"description":"Nato a Varese nel 1972. Laureato in Storia alla Statale di Milano. A Varese News dal 1998. Ho iniziato a scrivere su riviste locali, poi sono entrato nel progetto di Varese News quando ancora era agli inizi. Nel frattempo mi sono occupato di ricerca storica e ho collaborato con un settimanale e un quotidiano della Svizzera italiana scrivendo di cronaca e politica. Mi sono preso una pausa da Varese nel 2004. Ho lavorato per alcuni anni a Milano all'agenzia di stampa Adnkronos, con qualche stage a Roma nei palazzi della politica. Lanci di agenzia e servizi tv multimediali erano tra i miei compiti. In quegli anni ho lavorato per alcune radio anche nazionali, Radio Capital su tutte, come corrispondente locale. Ho scritto anche per un settimanale di gossip, ma sempre cronaca nera. Ed eccomi qui. Dal 2007 lavoro anche per il Corriere della sera, di cui sono corrispondente. A Varesenews sono ormai uno dei senatori. Mi occupo di cronaca nera, giudiziaria e di politica e della cronaca cittadina di Varese.","sameAs":["robertorotondo","https:\/\/twitter.com\/robertorotondo"],"url":"https:\/\/staging.varesenews.it\/persona\/roberto-rotondo\/"}]}},"post_meta":{"_edit_lock":"1508432613:50","_edit_last":"50","_category_permalink":"","wdfb_og_title":"","wdfb_og_type":"","wdfb_og_description":"","wdfb_og_images":"a:1:{i:0;s:0:\"\";}","wdfb_og_custom_name":"a:1:{i:0;s:0:\"\";}","wdfb_og_custom_value":"a:1:{i:0;s:0:\"\";}","_jd_twitter":"","_jd_tweet_this":"yes","ratings_users":"0","ratings_score":"0","ratings_average":"0","id_leggi_anche":"661130,661236,660924,660840","foto":"637325","argomento":"Busto Arsizio","_wpt_short_url":"http:\/\/www.varesenews.it\/2017\/10\/dafne-ragazza-inquieta-e-andata-via-di-casa-ancora\/661617\/","_wp_jd_target":"http:\/\/www.varesenews.it\/2017\/10\/dafne-ragazza-inquieta-e-andata-via-di-casa-ancora\/661617\/","_jd_wp_twitter":"a:1:{i:0;s:145:\"Dafne ragazza inquieta, \u00e8 andata via di casa ancora http:\/\/www.varesenews.it\/2017\/10\/dafne-ragazza-inquieta-e-andata-via-di-casa-ancora\/661617\/ \";}","_wpt_status_message":"Tweet inviato con successo.","_wp_old_slug":"dafne-ragazza-inquieta-e-andata-via-di-casa-ancora"},"photos":[{"original":"https:\/\/staging.varesenews.it\/photogallery_new\/images\/2017\/10\/dafne-di-scipio-scomparsa-marnate-637325.jpg","full":"https:\/\/staging.varesenews.it\/photogallery_new\/images\/2017\/10\/dafne-di-scipio-scomparsa-marnate-637325.1024x768.jpg","large":"https:\/\/staging.varesenews.it\/photogallery_new\/images\/2017\/10\/dafne-di-scipio-scomparsa-marnate-637325.610x431.jpg"}],"_links":{"self":[{"href":"https:\/\/staging.varesenews.it\/swgapi\/v1\/wp\/v2\/posts\/661617"}],"collection":[{"href":"https:\/\/staging.varesenews.it\/swgapi\/v1\/wp\/v2\/posts"}],"about":[{"href":"https:\/\/staging.varesenews.it\/swgapi\/v1\/wp\/v2\/types\/post"}],"author":[{"embeddable":true,"href":"https:\/\/staging.varesenews.it\/swgapi\/v1\/wp\/v2\/users\/50"}],"replies":[{"embeddable":true,"href":"https:\/\/staging.varesenews.it\/swgapi\/v1\/wp\/v2\/comments?post=661617"}],"version-history":[{"count":0,"href":"https:\/\/staging.varesenews.it\/swgapi\/v1\/wp\/v2\/posts\/661617\/revisions"}],"wp:attachment":[{"href":"https:\/\/staging.varesenews.it\/swgapi\/v1\/wp\/v2\/media?parent=661617"}],"wp:term":[{"taxonomy":"category","embeddable":true,"href":"https:\/\/staging.varesenews.it\/swgapi\/v1\/wp\/v2\/categories?post=661617"},{"taxonomy":"post_tag","embeddable":true,"href":"https:\/\/staging.varesenews.it\/swgapi\/v1\/wp\/v2\/tags?post=661617"}],"curies":[{"name":"wp","href":"https:\/\/api.w.org\/{rel}","templated":true}]}}