{"id":661917,"date":"2017-10-20T08:47:02","date_gmt":"2017-10-20T06:47:02","guid":{"rendered":"http:\/\/www.varesenews.it\/?p=661917"},"modified":"2017-10-20T08:47:02","modified_gmt":"2017-10-20T06:47:02","slug":"mn-dice-si-al-referendum-sullautonomia-lombarda","status":"publish","type":"post","link":"https:\/\/staging.varesenews.it\/2017\/10\/mn-dice-si-al-referendum-sullautonomia-lombarda\/661917\/","title":{"rendered":"MN dice s\u00ec al referendum sull&#8217;autonomia lombarda"},"content":{"rendered":"<p><em>Riceviamo e pubblichiamo<\/em><\/p>\n<p><strong>L&#8217;esecutivo del Movimento Nazionale ha deciso di dare mandato ai rispettivi segretari regionali di organizzare in Lombardia e in Veneto dei comitati per il si al referendum<\/strong> diretta espressione del nostro movimento. Questi comitati che si chiameranno &#8220;Destra per il SI all&#8217;autonomia&#8221; serviranno a mobilitare la nostra area politica per il referendum del 22 ottobre che non pu\u00f3 essere in alcun modo visto come un indebolimento dell&#8217;unit\u00e0 nazionale. <strong>Riconoscere una maggior autonomia a Lombardia e Veneto significa al contrario rafforzare l&#8217;unit\u00e0 nazionale<\/strong> sulla base del riconoscimento delle specificit\u00e0 e delle potenzialit\u00e0 di svilippo di queste due regioni. Pi\u00f9 sviluppo si riuscir\u00e0 a creare in Lombardia e nel Veneto pi\u00f9 ricchezza ci sar\u00e0 da ridistribuire anche nelle altre regioni italiane. Contemporaneamente il MN presenter\u00e0 in tutti i consigli regionali e comunali del sud una mozione per far approvare la legge costituzionale istititutiva della macroregione meridionale, proprio per dare al nostro mezzogiorno uno strumento istituzionale in grado di dare forza a queste regioni che devono ancora espremire il loro potenziale di sviluppo. L&#8217;unit\u00e0 e la sovranit\u00e0 nazionale devono rappresentare tutta la ricchezza delle realt\u00e0 locali che compongono la nostra identit\u00e0 di italiani.<\/p>\n<p><strong>Giorgia Meloni ha detto ad Atreju molte cose giuste<\/strong>, come il no allo Ius Soli e il S\u00ec alle preferenze, <strong>ma ha sostenuto un&#8217;idea pericolosa e sbagliata: che i referendum per l&#8217;autonomia della Lombardia e del Veneto possano essere uno strumento contro l&#8217;Unit\u00e0 nazionale<\/strong>. \u00c8 vero esattamente il contrario: il vero rischio per l&#8217;unit\u00e0 nazionale, e anche per il suo sviluppo economico, \u00e8 continuare a disconoscere l&#8217;enorme residuo fiscale che viene versato da queste due regioni allo Stato centrale. In questo modo, non solo si sottraggono troppe risorse alle aree pi\u00f9 competitive della Nazione, ma si alimenta una pericolosa frustrazione negli abitanti di queste due regioni, una frustrazione su cui pu\u00f2 tornare a speculare chi trama realmente per il secessionismo. Il federalismo a geometria variabile, previsto dalla nostra costituzione come possibilit\u00e0 di acquisire risorse e competenze oggi riconosciute solo alle cinque regioni a statuto speciale, non solo non \u00e8 incompatibile con l&#8217;unit\u00e0 nazionale, ma la pu\u00f2 rafforzare trovando un nuovo \u00e8 pi\u00f9 sostenibile equilibrio tra le diverse aree geografiche ed economiche. Noi del Movimento Nazionale, che abbiamo come base programmatica il valore della sovranit\u00e0 nazionale e popolare, siamo cos\u00ec convinti di questa battaglia che gioved\u00ec prossimo lanceremo a Milano un nostro comitato per il Si al referendum per l&#8217;autonomia. Fratelli d&#8217;Italia, invece, dovrebbe spiegare perch\u00e9 a Roma la Meloni lancia questi sospetti secessionisti, mentre tutti i suoi esponenti in Lombardia e nel Veneto aderiscono ufficialmente ai comitati per il Si al referendum. Queste contraddizioni si pagano politicamente con una inutile e pericolosa divisione dell&#8217;area sovranista.<br \/>\n<strong>La forzatura di Giorgia Meloni che sta scatenando una infondata crociata contro il Referendum per l\u2019autonomia di Lombardia e Veneto, rischia di scatenare una pericolosa guerra tra sud e nord<\/strong>. La richiesta di una maggiore autonomia di Lombardia e Veneto \u00e8 legittima e ampiamente richiesta dagli italiani che vivono in queste due regioni e l\u2019unico pericolo per l\u2019unit\u00e0 nazionale nasce dal risentimento che si genera solamanente negando queste giuste istanze. Sbaglia quindi profondamente Giorgia Meloni a cercare di guadagnare consensi per il suo partito tendando di suscitare un risentimento tra nord e sud. Ascolti i quadri dirigenti territoriali del suo partito che si sono espressi chiaramente a favore dell\u2019autonomia<br \/>\ndi Lombardia e Veneto e studi la cultura di destra che ha sempre dimostrato come la comunit\u00e0 nazionale si fonda sul rispetto delle comunit\u00e0 locali. L\u2019unit\u00e0 nazionale nel rispetto delle diverse autonomie \u00e8 il fondamento politico del centro destra. E non \u00e8 un caso che chi vuole provocare divisioni geografiche genera anche contrapposizioni all\u2019interno del nostro schieramento.<\/p>\n<p>\u00abCon la conferenza stampa a Milano con Roberto Maroni, Silvio Berlusconi c\u2019ha messo la faccia sui Referendum per l\u2019Autonomia di Lombardia e Veneto\u00bb, afferma <strong>Gianni Alemanno.<\/strong><br \/>\n\u00abQuesto \u00e8 molto importante perch\u00e8 dimostra che tutto il centro destra, ad eccezione di Fratelli d\u2019Italia, non pensa che questo Referendum sia un attentato all\u2019unit\u00e1 nazionale ma il riconoscimento di una necessaria autonomia per regioni virtuose che sono il motore dello sviluppo italiano. Sconfiggere l\u2019astensionismo non sar\u00e0 facile considerando il silenzio dei media e il sottile boicottaggio fatto dalla sinistra e dal Movimento Cinque Stelle, ma \u00e8 imporante che il centro destra si orienti a fondare il suo programma sulla sovranit\u00e0 nazionale e contemporaneamente sull\u2019autonomia dei territori. Noi del MN siamo impegnati coi nostri comitati per il S\u00cc sia in Lombardia che in Veneto e concluderemo la nostra campagna venerdi a Milano alle ore 18 a Largo La Foppa.<br \/>\nSiamo favorevoli a mettere nel programma del centro destra i presupposti per l\u2019autonomia integrandoli con la Repubblica presidenziale e la costituzione della macroregione del mezzogiorno d\u2019Italia\u00bb, conclude Alemanno.<\/p>\n","protected":false},"excerpt":{"rendered":"<p>Gianni Alemanno annuncia  la chiusura della campagna referendaria in una manifestazione a Milano<\/p>\n","protected":false},"author":34,"featured_media":0,"comment_status":"open","ping_status":"open","sticky":false,"template":"","format":"standard","meta":{"footnotes":""},"categories":[7,16],"tags":[67168,69975],"acf":[],"yoast_head":"<!-- This site is optimized with the Yoast SEO plugin v20.1 - https:\/\/yoast.com\/wordpress\/plugins\/seo\/ -->\n<title>MN dice s\u00ec al referendum sull&#039;autonomia lombarda<\/title>\n<meta name=\"description\" content=\"Gianni Alemanno annuncia la chiusura della campagna referendaria in una manifestazione a Milano\" \/>\n<meta name=\"robots\" content=\"noindex, follow, max-snippet:-1, max-image-preview:large, max-video-preview:-1\" \/>\n<meta property=\"og:locale\" content=\"it_IT\" \/>\n<meta property=\"og:type\" content=\"article\" \/>\n<meta property=\"og:title\" content=\"MN dice s\u00ec al referendum sull&#039;autonomia lombarda\" \/>\n<meta property=\"og:description\" content=\"Gianni Alemanno annuncia la chiusura della campagna referendaria in una manifestazione a Milano\" \/>\n<meta property=\"og:url\" content=\"https:\/\/staging.varesenews.it\/2017\/10\/mn-dice-si-al-referendum-sullautonomia-lombarda\/661917\/\" \/>\n<meta property=\"og:site_name\" content=\"VareseNews\" \/>\n<meta property=\"article:publisher\" content=\"https:\/\/www.facebook.com\/varesenews\" \/>\n<meta property=\"article:author\" content=\"https:\/\/www.facebook.com\/andrea.camurani?fref=photo\" \/>\n<meta property=\"article:published_time\" content=\"2017-10-20T06:47:02+00:00\" \/>\n<meta name=\"author\" content=\"Andrea Camurani\" \/>\n<meta name=\"twitter:card\" content=\"summary_large_image\" \/>\n<meta name=\"twitter:creator\" content=\"@AndreaCamurani\" \/>\n<meta name=\"twitter:site\" content=\"@varesenews\" \/>\n<meta name=\"twitter:label1\" content=\"Scritto da\" \/>\n\t<meta name=\"twitter:data1\" content=\"Andrea Camurani\" \/>\n\t<meta name=\"twitter:label2\" content=\"Tempo di lettura stimato\" \/>\n\t<meta name=\"twitter:data2\" content=\"4 minuti\" \/>\n<script type=\"application\/ld+json\" class=\"yoast-schema-graph\">{\"@context\":\"https:\/\/schema.org\",\"@graph\":[{\"@type\":\"WebPage\",\"@id\":\"https:\/\/staging.varesenews.it\/2017\/10\/mn-dice-si-al-referendum-sullautonomia-lombarda\/661917\/\",\"url\":\"https:\/\/staging.varesenews.it\/2017\/10\/mn-dice-si-al-referendum-sullautonomia-lombarda\/661917\/\",\"name\":\"MN dice s\u00ec al referendum sull'autonomia lombarda\",\"isPartOf\":{\"@id\":\"https:\/\/staging.varesenews.it\/#website\"},\"datePublished\":\"2017-10-20T06:47:02+00:00\",\"dateModified\":\"2017-10-20T06:47:02+00:00\",\"author\":{\"@id\":\"https:\/\/staging.varesenews.it\/#\/schema\/person\/3eb5832c6beae763de8d9596fdbe8c49\"},\"description\":\"Gianni Alemanno annuncia la chiusura della campagna referendaria in una manifestazione a Milano\",\"breadcrumb\":{\"@id\":\"https:\/\/staging.varesenews.it\/2017\/10\/mn-dice-si-al-referendum-sullautonomia-lombarda\/661917\/#breadcrumb\"},\"inLanguage\":\"it-IT\",\"potentialAction\":[{\"@type\":\"ReadAction\",\"target\":[\"https:\/\/staging.varesenews.it\/2017\/10\/mn-dice-si-al-referendum-sullautonomia-lombarda\/661917\/\"]}]},{\"@type\":\"BreadcrumbList\",\"@id\":\"https:\/\/staging.varesenews.it\/2017\/10\/mn-dice-si-al-referendum-sullautonomia-lombarda\/661917\/#breadcrumb\",\"itemListElement\":[{\"@type\":\"ListItem\",\"position\":1,\"name\":\"Home\",\"item\":\"https:\/\/www.varesenews.it\/\"},{\"@type\":\"ListItem\",\"position\":2,\"name\":\"MN dice s\u00ec al referendum sull&#8217;autonomia lombarda\"}]},{\"@type\":\"WebSite\",\"@id\":\"https:\/\/staging.varesenews.it\/#website\",\"url\":\"https:\/\/staging.varesenews.it\/\",\"name\":\"VareseNews\",\"description\":\"\",\"potentialAction\":[{\"@type\":\"SearchAction\",\"target\":{\"@type\":\"EntryPoint\",\"urlTemplate\":\"https:\/\/staging.varesenews.it\/?s={search_term_string}\"},\"query-input\":\"required name=search_term_string\"}],\"inLanguage\":\"it-IT\"},{\"@type\":\"Person\",\"@id\":\"https:\/\/staging.varesenews.it\/#\/schema\/person\/3eb5832c6beae763de8d9596fdbe8c49\",\"name\":\"Andrea Camurani\",\"image\":{\"@type\":\"ImageObject\",\"inLanguage\":\"it-IT\",\"@id\":\"https:\/\/staging.varesenews.it\/#\/schema\/person\/image\/\",\"url\":\"https:\/\/staging.varesenews.it\/wp-content\/uploads\/2020\/12\/andrea_camurani_colori_500.jpg\",\"contentUrl\":\"https:\/\/staging.varesenews.it\/wp-content\/uploads\/2020\/12\/andrea_camurani_colori_500.jpg\",\"caption\":\"Andrea Camurani\"},\"description\":\"Sono figlio degli anni Settanta e di Milano, dove ho imparato a riconoscere buoni e cattivi. Laurea in scienze politiche, lavoro a VareseNews dal 2000. Racconto quel che trovo quando incontro chi vuole lasciare al mondo un pezzetto di vita, che si chiama cronaca. &ldquo;...perch&eacute; &egrave; la gente il pi&ugrave; grande spettacolo del mondo. E non si paga il biglietto...&rdquo; (Charles Bukowsky)\",\"sameAs\":[\"https:\/\/www.facebook.com\/andrea.camurani?fref=photo\",\"andreacamurani\",\"https:\/\/www.linkedin.com\/hp\/?dnr=A9a84RfzsLdo9xg4NcGV4dLiMknoc9ms4WM\",\"https:\/\/twitter.com\/AndreaCamurani\"],\"url\":\"https:\/\/staging.varesenews.it\/persona\/andrea_camurani\/\"}]}<\/script>\n<!-- \/ Yoast SEO plugin. -->","yoast_head_json":{"title":"MN dice s\u00ec al referendum sull'autonomia lombarda","description":"Gianni Alemanno annuncia la chiusura della campagna referendaria in una manifestazione a Milano","robots":{"index":"noindex","follow":"follow","max-snippet":"max-snippet:-1","max-image-preview":"max-image-preview:large","max-video-preview":"max-video-preview:-1"},"og_locale":"it_IT","og_type":"article","og_title":"MN dice s\u00ec al referendum sull'autonomia lombarda","og_description":"Gianni Alemanno annuncia la chiusura della campagna referendaria in una manifestazione a Milano","og_url":"https:\/\/staging.varesenews.it\/2017\/10\/mn-dice-si-al-referendum-sullautonomia-lombarda\/661917\/","og_site_name":"VareseNews","article_publisher":"https:\/\/www.facebook.com\/varesenews","article_author":"https:\/\/www.facebook.com\/andrea.camurani?fref=photo","article_published_time":"2017-10-20T06:47:02+00:00","author":"Andrea Camurani","twitter_card":"summary_large_image","twitter_creator":"@AndreaCamurani","twitter_site":"@varesenews","twitter_misc":{"Scritto da":"Andrea Camurani","Tempo di lettura stimato":"4 minuti"},"schema":{"@context":"https:\/\/schema.org","@graph":[{"@type":"WebPage","@id":"https:\/\/staging.varesenews.it\/2017\/10\/mn-dice-si-al-referendum-sullautonomia-lombarda\/661917\/","url":"https:\/\/staging.varesenews.it\/2017\/10\/mn-dice-si-al-referendum-sullautonomia-lombarda\/661917\/","name":"MN dice s\u00ec al referendum sull'autonomia lombarda","isPartOf":{"@id":"https:\/\/staging.varesenews.it\/#website"},"datePublished":"2017-10-20T06:47:02+00:00","dateModified":"2017-10-20T06:47:02+00:00","author":{"@id":"https:\/\/staging.varesenews.it\/#\/schema\/person\/3eb5832c6beae763de8d9596fdbe8c49"},"description":"Gianni Alemanno annuncia la chiusura della campagna referendaria in una manifestazione a Milano","breadcrumb":{"@id":"https:\/\/staging.varesenews.it\/2017\/10\/mn-dice-si-al-referendum-sullautonomia-lombarda\/661917\/#breadcrumb"},"inLanguage":"it-IT","potentialAction":[{"@type":"ReadAction","target":["https:\/\/staging.varesenews.it\/2017\/10\/mn-dice-si-al-referendum-sullautonomia-lombarda\/661917\/"]}]},{"@type":"BreadcrumbList","@id":"https:\/\/staging.varesenews.it\/2017\/10\/mn-dice-si-al-referendum-sullautonomia-lombarda\/661917\/#breadcrumb","itemListElement":[{"@type":"ListItem","position":1,"name":"Home","item":"https:\/\/www.varesenews.it\/"},{"@type":"ListItem","position":2,"name":"MN dice s\u00ec al referendum sull&#8217;autonomia lombarda"}]},{"@type":"WebSite","@id":"https:\/\/staging.varesenews.it\/#website","url":"https:\/\/staging.varesenews.it\/","name":"VareseNews","description":"","potentialAction":[{"@type":"SearchAction","target":{"@type":"EntryPoint","urlTemplate":"https:\/\/staging.varesenews.it\/?s={search_term_string}"},"query-input":"required name=search_term_string"}],"inLanguage":"it-IT"},{"@type":"Person","@id":"https:\/\/staging.varesenews.it\/#\/schema\/person\/3eb5832c6beae763de8d9596fdbe8c49","name":"Andrea Camurani","image":{"@type":"ImageObject","inLanguage":"it-IT","@id":"https:\/\/staging.varesenews.it\/#\/schema\/person\/image\/","url":"https:\/\/staging.varesenews.it\/wp-content\/uploads\/2020\/12\/andrea_camurani_colori_500.jpg","contentUrl":"https:\/\/staging.varesenews.it\/wp-content\/uploads\/2020\/12\/andrea_camurani_colori_500.jpg","caption":"Andrea Camurani"},"description":"Sono figlio degli anni Settanta e di Milano, dove ho imparato a riconoscere buoni e cattivi. Laurea in scienze politiche, lavoro a VareseNews dal 2000. Racconto quel che trovo quando incontro chi vuole lasciare al mondo un pezzetto di vita, che si chiama cronaca. &ldquo;...perch&eacute; &egrave; la gente il pi&ugrave; grande spettacolo del mondo. E non si paga il biglietto...&rdquo; (Charles Bukowsky)","sameAs":["https:\/\/www.facebook.com\/andrea.camurani?fref=photo","andreacamurani","https:\/\/www.linkedin.com\/hp\/?dnr=A9a84RfzsLdo9xg4NcGV4dLiMknoc9ms4WM","https:\/\/twitter.com\/AndreaCamurani"],"url":"https:\/\/staging.varesenews.it\/persona\/andrea_camurani\/"}]}},"post_meta":{"_edit_lock":"1508483480:34","_edit_last":"34","_category_permalink":"16","ratings_users":"0","ratings_score":"0","ratings_average":"0","wdfb_og_title":"","wdfb_og_type":"","wdfb_og_description":"","wdfb_og_images":"a:1:{i:0;s:0:\"\";}","wdfb_og_custom_name":"a:1:{i:0;s:0:\"\";}","wdfb_og_custom_value":"a:1:{i:0;s:0:\"\";}","foto":"638009","firma_come_redazione":"1","argomento":"Milano","_jd_twitter":"","_jd_tweet_this":"yes","_wpt_short_url":"http:\/\/www.varesenews.it\/2017\/10\/mn-dice-si-al-referendum-sullautonomia-lombarda\/661917\/","_wp_jd_target":"http:\/\/www.varesenews.it\/2017\/10\/mn-dice-si-al-referendum-sullautonomia-lombarda\/661917\/","_jd_wp_twitter":"a:1:{i:0;s:139:\"MN dice s\u00ec al referendum sull'autonomia lombarda http:\/\/www.varesenews.it\/2017\/10\/mn-dice-si-al-referendum-sullautonomia-lombarda\/661917\/ \";}","_wpt_status_message":"Tweet inviato con successo."},"photos":[{"original":"https:\/\/staging.varesenews.it\/photogallery_new\/images\/2017\/10\/avarie-638009.jpg","full":"https:\/\/staging.varesenews.it\/photogallery_new\/images\/2017\/10\/avarie-638009.1024x768.jpg","large":"https:\/\/staging.varesenews.it\/photogallery_new\/images\/2017\/10\/avarie-638009.610x431.jpg"}],"_links":{"self":[{"href":"https:\/\/staging.varesenews.it\/swgapi\/v1\/wp\/v2\/posts\/661917"}],"collection":[{"href":"https:\/\/staging.varesenews.it\/swgapi\/v1\/wp\/v2\/posts"}],"about":[{"href":"https:\/\/staging.varesenews.it\/swgapi\/v1\/wp\/v2\/types\/post"}],"author":[{"embeddable":true,"href":"https:\/\/staging.varesenews.it\/swgapi\/v1\/wp\/v2\/users\/34"}],"replies":[{"embeddable":true,"href":"https:\/\/staging.varesenews.it\/swgapi\/v1\/wp\/v2\/comments?post=661917"}],"version-history":[{"count":0,"href":"https:\/\/staging.varesenews.it\/swgapi\/v1\/wp\/v2\/posts\/661917\/revisions"}],"wp:attachment":[{"href":"https:\/\/staging.varesenews.it\/swgapi\/v1\/wp\/v2\/media?parent=661917"}],"wp:term":[{"taxonomy":"category","embeddable":true,"href":"https:\/\/staging.varesenews.it\/swgapi\/v1\/wp\/v2\/categories?post=661917"},{"taxonomy":"post_tag","embeddable":true,"href":"https:\/\/staging.varesenews.it\/swgapi\/v1\/wp\/v2\/tags?post=661917"}],"curies":[{"name":"wp","href":"https:\/\/api.w.org\/{rel}","templated":true}]}}