{"id":662503,"date":"2017-10-22T14:10:56","date_gmt":"2017-10-22T12:10:56","guid":{"rendered":"http:\/\/www.varesenews.it\/?p=662503"},"modified":"2017-10-23T21:50:08","modified_gmt":"2017-10-23T19:50:08","slug":"referendum-lombardia-affluenza-al-3826","status":"publish","type":"post","link":"https:\/\/staging.varesenews.it\/2017\/10\/referendum-lombardia-affluenza-al-3826\/662503\/","title":{"rendered":"Referendum, in Lombardia affluenza al 38,26%"},"content":{"rendered":"<p><strong>Il dato definitivo dei votanti si attesta a 3.022.101 votanti pari al 38,26% degli aventi diritto, 95,29 i s\u00ec.<\/strong><\/p>\n<p><strong>Il presidente della Regione Roberto Maroni che si \u00e8 detto &#8220;pienamente soddisfatto&#8221; del voto e della partecipazione.<\/strong><\/p>\n<p>&#8220;Oltre 3 milioni di Lombardi sono andati al voto, per la precisione 3.022.017, un risultato oltre le mie aspettative, di cui sono molto soddisfatto. In Lombardia non c&#8217;era il quorum, ma se tre milioni di Lombardi sono andati al voto, vuol dire che il tema\u00a0 dell&#8217;autonomia e&#8217; straordinariamente importante e io mi sento l&#8217;incarico di questa responsabilita&#8217;&#8221;.<\/p>\n<p><strong>MANCANO SOLO POCHE VOTING MACHINE<\/strong> &#8211; &#8220;Siamo al 99,5 per cento delle voting machine &#8211; ha spiegato -, ne mancano 122 su 24.336, che corrispondono a circa 10 Comuni su 1.523: il voto elettronico, testato per la prima volta, ha funzionato ed e&#8217; il futuro delle elezioni, perche&#8217; durante tutte le operazioni di voto non ci sono stati problemi. L&#8217;unico problema e&#8217; sorto dopo la fine delle operazioni di voto per un numero ridotto di voting machine&#8221;.<\/p>\n<p><strong>DUE CRITICITA&#8217; MINIME CHE RISOLVIAMO PER LA PROSSIMA VOLTA<\/strong> &#8211; &#8220;Cio&#8217; che ci impedisce di dare il dato totale sono due criticita&#8217; sorte alla fine di tutta la procedura &#8211; ha precisato Maroni -: le abbiamo individuate e attiveremo per la prossima volta tutte le procedure necessarie per evitare che si ripetano. Le due criticita&#8217; sono, da un lato, il fattore umano: in alcuni seggi, il presidente ha digitato su piu&#8217; voting machine lo stesso pin, questo ha reso impossibile leggere i dati di piu&#8217; di una voting machine con lo stesso pin. La seconda criticita&#8217; e&#8217; legata a un fatto tecnico: alcune voting machine hanno cominciato le operazioni in modalita&#8217; test anziche&#8217; in modalita&#8217; voto. Il voto e&#8217; stato comunque regolare e registrato, ma ha reso necessario un caricamento manuale. Sono criticita&#8217; minori, a fronte di una procedura complessa. Voglio ringraziare comunque tutti i presidenti di seggio, anche quelli che hanno sbagliato in tutta onesta&#8217;, perche&#8217;, senza la loro collaborazione, non avremmo potuto realizzare questo grande test&#8221;. &#8220;E&#8217; stata una lunga notte di passione &#8211; ha commentato -, ma il sistema ha funzionato e lo proporremo per le prossime elezioni, cominciando gia&#8217; da quelle della prossima\u00a0 primavera&#8221;.<\/p>\n<p><strong>DA DOMANI VIA LIBERA ALLA PROCEDURA CHE VOGLIO SIA RAPIDA<\/strong> &#8211; &#8220;Da domani in Consiglio regionale apriremo la procedura per avviare in tempi rapidi la trattativa col Governo &#8211; ha detto Maroni -, faremo una risoluzione di Consiglio regionale, per la quale do&#8217; tempo due settimane, poi faremo una squadra, con il Cal e gli stakeholder, che voglio rappresenti la Regione Lombardia, da cui voglio restino fuori la politica e le strumentalizzazioni&#8221;.<\/p>\n<p><strong>DA GOVERNO DISPONIBILITA&#8217; A CONFRONTO SU TUTTE MATERIE<\/strong> &#8211; &#8220;Ho parlato col presidente Gentiloni questa mattina, per illustrargli i risultati del nostro test e le intenzioni che ho &#8211; ha fatto sapere il governatore -. E&#8217; stato un colloquio cordiale, Gentiloni ha confermato interesse e il via libera del Governo al confronto su tutte le materie previste dalla Costituzione. Sara&#8217; un lavoro lungo di approfondimento, abbiamo dialogato sul Coordinamento del sistema tributario, materia straordinariamente importante, perche&#8217; riguarda i tributi. Partiamo ora con il sottosegretario Bressa, ma poi, se sara&#8217; necessario, ci sara&#8217; il coinvolgimento del Mef&#8221;.<\/p>\n<p><strong>SFIDA DA CONDIVIDERE CON EMILIA E REGIONI DEL SUD<\/strong> &#8211; &#8220;Ho parlato con Bonaccini, che e&#8217; disponibile a un&#8217;iniziativa comune, che vorrei si trasformasse in vantaggi veri per i cittadini Lombardi e per le imprese &#8211; ha aggiunto Maroni -. Penso che la sfida sia da condividere da tutte le Regioni. Cominciamo con l&#8217;Emilia- Romagna, ma sono disponibile anche a coinvolgere le Regioni del Sud, proprio per confermare che non e&#8217; stato un voto &#8216;contro&#8217;, ma serve a scrivere il nuovo rapporto tra Regioni e il Centro e su questo il presidente Gentiloni mi e&#8217; parso molto interessato ad aprire e scrivere con noi una pagina nuova\u00a0 nel regionalismo italiano&#8221;.<\/p>\n<p><strong>PARTITA DIFFICILE, CHE VOGLIO VINCERE<\/strong> &#8211; &#8220;Questo e&#8217; quello che volevo sentire &#8211; ha concluso &#8211; questa e&#8217; la partita che comincia domani, sara&#8217; difficile, ma ci ripromettiamo di giocarla\u00a0 lealmente, senza gomitate, ma e&#8217; una partita che ovviamente voglio vincere&#8221;.<\/p>\n<p><iframe loading=\"lazy\" src=\"http:\/\/mediaportal.regione.lombardia.it\/embed\/live\/3920\" width=\"300\" height=\"150\" frameborder=\"0\" allowfullscreen=\"allowfullscreen\"><\/iframe><\/p>\n<p><strong>Il Consiglio regionale svolger\u00e0 una prima discussione sull&#8217;esito del Referendum lombardo per una maggiore autonomia nella seduta di domani marted\u00ec 24 ottobre<\/strong>: far\u00e0 poi seguito un ulteriore approfondimento &#8220;anche con gli indirizzi per i seguiti operativi sull&#8217;esito&#8221; nella seduta calendarizzata per il 31 ottobre. L\u2019obiettivo \u00e8 la predisposizione di una proposta di Risoluzione che costituisca il primo passaggio formale ai fini della trattativa con il Governo.<\/p>\n<p>I commenti sono arrivati gi\u00e0 in serata, prima ancora del risultato definitivo.<\/p>\n<p>La <strong>provincia<\/strong> di <strong>Varese<\/strong> ha ottenuto il dato pi\u00f9 basso tra le province pedemontane, e secondo il sindaco Davide Galimberti a Varese citt\u00e0 siamo intorno al 37% di affluenza. &#8220;Un risultato basso&#8221; osserva il primo cittadino che pure come Giorgio Gori e altri esponenti Pd era schierato per il s\u00ec.<\/p>\n<p><strong>Il commento del Pd\u00a0astensionista\u00a0\u00e8 per\u00f2 negativo, secondo il segretario regionale Alessandro Alfieri non \u00e8\u00a0stato un successo:<\/strong> &#8220;Il flop di Maroni \u00e8 evidente. Con tutti i soldi spesi e gli sforzi comunicativi, sfociati in vere e proprie forzature, l&#8217;affluenza <strong>\u00e8 al di sotto del 40%<\/strong>. Se poi si fa il paragone con l&#8217;affluenza in Veneto, che stacca la Lombardia di venti punti percentuali, il fallimento leghista \u00e8 ancora pi\u00f9 evidente.<\/p>\n<p><strong>Varese<\/strong>, nonostante sia la &#8220;casa&#8221; del presidente, <strong>ha l&#8217;affluenza pi\u00f9 bassa fra le province pedemontane<\/strong>. Maroni ha svilito una battaglia importante come quella sulla maggiore autonomia per farsi la campagna elettorale. Tutto questo a spese dei lombardi: <strong>55 milioni di euro, una cifra esorbitante<\/strong>. La proposta del PD di seguire la via istituzionale per avere pi\u00f9 competenze e risorse resta la migliore e su questo continueremo a batterci&#8221;.<\/p>\n<p><strong>Il Governatore Maroni durante la conferenza stampa ha lodato il sistema di voto elettronico e l&#8217;uso dei tablet<\/strong> e ha segnalato come a sperimentazione del voto digitale sia stata un passo nel futuro.<\/p>\n<p>I dati per\u00f2 sono molto in ritardo e lo sottolinea il segretario provinciale del Pd <strong>Samuele Astuti:<\/strong><\/p>\n<p>&#8220;Alle 23 si sono chiuse le urne. A un&#8217;ora dalla chiusura delle urne, per\u00f2, non sappiamo ancora l&#8217;affluenza definitiva, cosa mai accaduta nelle storia delle elezioni in Italia. Ma l&#8217;elemento dirimente di questa consultazione <strong>era la partecipazione e l&#8217;affluenza \u00e8 stata indubbiamente bassa, in linea con il voto sulle trivelle<\/strong>, che ben poca incidenza aveva sul nostro territorio.<br \/>\nIl voto di oggi dimostra che i lombardi non hanno alcuna intenzione di farsi prendere in giro: hanno compreso che questo referendum farsa, nell&#8217;intento di Maroni, aveva ben poco a che fare con l&#8217;autonomia, ma era semplicemente un pretesto <strong>per tirare una volata pre elettorale al centrodestra.\u00a0<\/strong><br \/>\nOra si riapra al pi\u00f9 presto una seria discussione sul tema dell&#8217;autonomia e del decentramento politico e amministrativo&#8221;.<\/p>\n<p>Il presidente del consiglio regionale <strong>Raffaele Cattaneo<\/strong> \u00e8 soddisfatto: &#8220;Si tratta di un buon risultato che ha confermato le nostre aspettative. Quello che ora \u00e8 importante e mettersi al lavoro per rendere la Lombardia protagonista <strong>di una trattativa con il Governo<\/strong> per avere pi\u00f9 autonomia in modo tale da definire il perimetro delle competenze che la nostra Regione potr\u00e0 ottenere. Il risultato era abbastanza prevedibile, ora la vittoria del si dovr\u00e0 avere delle conseguenze politiche. <strong>Il Consiglio regionale gi\u00e0 marted\u00ec<\/strong> discuter\u00e0 dell&#8217;argomento e credo che gi\u00e0 nel mese di novembre voteremo una risoluzione che sar\u00e0 l&#8217;atto formale, insieme al giusto coinvolgimento delle tante realt\u00e0 che compongono la \u00a0Lombardia&#8221;.<\/p>\n<p>Una spiegazione su come giudicare il referendum viene da <strong>Marco Reguzzoni,<\/strong> ex leghista oggi fondatore di Grande Nord. Secondo l&#8217;ex presidente della Provincia di Varese <strong>Maroni ha perso perch\u00e8 non ha avuto il 50% dei consensi.<\/strong> &#8220;Noi &#8211; spiega Marco Reguzzoni, cofondatore di Grande Nord \u2013 crediamo davvero nell\u2019autonomia, abbiamo sostenuto questo referendum e siamo convinti che la maggioranza dei lombardi sia favorevolissima all\u2019autonomia. Ed e&#8217; proprio per questo che <strong>chiediamo le dimissioni del governatore Maroni che ha trasformato un\u2019opportunit\u00e0&#8217; in un boomerang.<\/strong> Se chiedi un mandato popolare con un referendum consultivo o ottieni la maggioranza o vai a casa: altri leader come Cameron o lo stesso Renzi lo hanno fatto, Maroni deve rendersi conto di essere giunto al capolinea e farsi subito da parte.&#8221;<\/p>\n<p><strong>I leghisti per\u00f2 sono soddisfatti, il segretario provinciale Matteo Bianchi commenta<\/strong>: &#8220;Straordinario risultato in Veneto e ottimo in Lombardia. Finalmente i cittadini hanno parlato chiaro chiedendo pi\u00f9 autonomia e pi\u00f9 risorse. Il dato lampante \u00e8 che in Lombardia, nonostante il boicottaggio autolesionista del centrosinistra che ha anteposto l&#8217;interesse delle poltrone di partito a quello dei cittadini che vorrebbero amministrare,<strong> l&#8217;affluenza \u00e8 stata in linea con le ultime consultazioni<\/strong> (purtroppo sempre con numeri troppo bassi per una democrazia compiuta). Risulta lampante il dato di provincia rispetto a quello dell&#8217;area metropolitana ed il dato ragguardevole nelle campagne e nei piccoli paesi del varesotto che superano spesso il 45-50% di affluenza.<br \/>\nIl Lombardo-Veneto si \u00e8 espresso: ora autonomia!&#8221;<\/p>\n<div class=\"photo-inside-post\"><img decoding=\"async\" loading=\"lazy\" fetchpriority=\"low\" width=\"610\" height=\"431\" src=\"https:\/\/staging.varesenews.it\/photogallery_new\/images\/2017\/10\/referendum-autonomia-voto-elettronico-tablet-638330.610x431.jpg\" alt=\"referendum autonomia voto elettronico tablet\"><\/div>\n","protected":false},"excerpt":{"rendered":"<p>I risultati della consultazione sull&#8217;autonomia e i commenti politici. Il commento di Maroni in conferenza stampa<\/p>\n","protected":false},"author":34,"featured_media":0,"comment_status":"open","ping_status":"open","sticky":false,"template":"","format":"standard","meta":{"footnotes":""},"categories":[7],"tags":[67168,73444],"acf":[],"yoast_head":"<!-- This site is optimized with the Yoast SEO plugin v20.1 - https:\/\/yoast.com\/wordpress\/plugins\/seo\/ -->\n<title>Referendum, in Lombardia affluenza al 38,26%<\/title>\n<meta name=\"description\" content=\"I risultati della consultazione sull&#039;autonomia e i commenti politici. Il commento di Maroni in conferenza stampa\" \/>\n<meta name=\"robots\" content=\"noindex, follow, max-snippet:-1, max-image-preview:large, max-video-preview:-1\" \/>\n<meta property=\"og:locale\" content=\"it_IT\" \/>\n<meta property=\"og:type\" content=\"article\" \/>\n<meta property=\"og:title\" content=\"Referendum, in Lombardia affluenza al 38,26%\" \/>\n<meta property=\"og:description\" content=\"I risultati della consultazione sull&#039;autonomia e i commenti politici. Il commento di Maroni in conferenza stampa\" \/>\n<meta property=\"og:url\" content=\"https:\/\/staging.varesenews.it\/2017\/10\/referendum-lombardia-affluenza-al-3826\/662503\/\" \/>\n<meta property=\"og:site_name\" content=\"VareseNews\" \/>\n<meta property=\"article:publisher\" content=\"https:\/\/www.facebook.com\/varesenews\" \/>\n<meta property=\"article:author\" content=\"https:\/\/www.facebook.com\/andrea.camurani?fref=photo\" \/>\n<meta property=\"article:published_time\" content=\"2017-10-22T12:10:56+00:00\" \/>\n<meta property=\"article:modified_time\" content=\"2017-10-23T19:50:08+00:00\" \/>\n<meta name=\"author\" content=\"Andrea Camurani\" \/>\n<meta name=\"twitter:card\" content=\"summary_large_image\" \/>\n<meta name=\"twitter:creator\" content=\"@AndreaCamurani\" \/>\n<meta name=\"twitter:site\" content=\"@varesenews\" \/>\n<meta name=\"twitter:label1\" content=\"Scritto da\" \/>\n\t<meta name=\"twitter:data1\" content=\"Andrea Camurani\" \/>\n\t<meta name=\"twitter:label2\" content=\"Tempo di lettura stimato\" \/>\n\t<meta name=\"twitter:data2\" content=\"7 minuti\" \/>\n<script type=\"application\/ld+json\" class=\"yoast-schema-graph\">{\"@context\":\"https:\/\/schema.org\",\"@graph\":[{\"@type\":\"WebPage\",\"@id\":\"https:\/\/staging.varesenews.it\/2017\/10\/referendum-lombardia-affluenza-al-3826\/662503\/\",\"url\":\"https:\/\/staging.varesenews.it\/2017\/10\/referendum-lombardia-affluenza-al-3826\/662503\/\",\"name\":\"Referendum, in Lombardia affluenza al 38,26%\",\"isPartOf\":{\"@id\":\"https:\/\/staging.varesenews.it\/#website\"},\"datePublished\":\"2017-10-22T12:10:56+00:00\",\"dateModified\":\"2017-10-23T19:50:08+00:00\",\"author\":{\"@id\":\"https:\/\/staging.varesenews.it\/#\/schema\/person\/3eb5832c6beae763de8d9596fdbe8c49\"},\"description\":\"I risultati della consultazione sull'autonomia e i commenti politici. Il commento di Maroni in conferenza stampa\",\"breadcrumb\":{\"@id\":\"https:\/\/staging.varesenews.it\/2017\/10\/referendum-lombardia-affluenza-al-3826\/662503\/#breadcrumb\"},\"inLanguage\":\"it-IT\",\"potentialAction\":[{\"@type\":\"ReadAction\",\"target\":[\"https:\/\/staging.varesenews.it\/2017\/10\/referendum-lombardia-affluenza-al-3826\/662503\/\"]}]},{\"@type\":\"BreadcrumbList\",\"@id\":\"https:\/\/staging.varesenews.it\/2017\/10\/referendum-lombardia-affluenza-al-3826\/662503\/#breadcrumb\",\"itemListElement\":[{\"@type\":\"ListItem\",\"position\":1,\"name\":\"Home\",\"item\":\"https:\/\/www.varesenews.it\/\"},{\"@type\":\"ListItem\",\"position\":2,\"name\":\"Referendum, in Lombardia affluenza al 38,26%\"}]},{\"@type\":\"WebSite\",\"@id\":\"https:\/\/staging.varesenews.it\/#website\",\"url\":\"https:\/\/staging.varesenews.it\/\",\"name\":\"VareseNews\",\"description\":\"\",\"potentialAction\":[{\"@type\":\"SearchAction\",\"target\":{\"@type\":\"EntryPoint\",\"urlTemplate\":\"https:\/\/staging.varesenews.it\/?s={search_term_string}\"},\"query-input\":\"required name=search_term_string\"}],\"inLanguage\":\"it-IT\"},{\"@type\":\"Person\",\"@id\":\"https:\/\/staging.varesenews.it\/#\/schema\/person\/3eb5832c6beae763de8d9596fdbe8c49\",\"name\":\"Andrea Camurani\",\"image\":{\"@type\":\"ImageObject\",\"inLanguage\":\"it-IT\",\"@id\":\"https:\/\/staging.varesenews.it\/#\/schema\/person\/image\/\",\"url\":\"https:\/\/staging.varesenews.it\/wp-content\/uploads\/2020\/12\/andrea_camurani_colori_500.jpg\",\"contentUrl\":\"https:\/\/staging.varesenews.it\/wp-content\/uploads\/2020\/12\/andrea_camurani_colori_500.jpg\",\"caption\":\"Andrea Camurani\"},\"description\":\"Sono figlio degli anni Settanta e di Milano, dove ho imparato a riconoscere buoni e cattivi. Laurea in scienze politiche, lavoro a VareseNews dal 2000. Racconto quel che trovo quando incontro chi vuole lasciare al mondo un pezzetto di vita, che si chiama cronaca. &ldquo;...perch&eacute; &egrave; la gente il pi&ugrave; grande spettacolo del mondo. E non si paga il biglietto...&rdquo; (Charles Bukowsky)\",\"sameAs\":[\"https:\/\/www.facebook.com\/andrea.camurani?fref=photo\",\"andreacamurani\",\"https:\/\/www.linkedin.com\/hp\/?dnr=A9a84RfzsLdo9xg4NcGV4dLiMknoc9ms4WM\",\"https:\/\/twitter.com\/AndreaCamurani\"],\"url\":\"https:\/\/staging.varesenews.it\/persona\/andrea_camurani\/\"}]}<\/script>\n<!-- \/ Yoast SEO plugin. -->","yoast_head_json":{"title":"Referendum, in Lombardia affluenza al 38,26%","description":"I risultati della consultazione sull'autonomia e i commenti politici. Il commento di Maroni in conferenza stampa","robots":{"index":"noindex","follow":"follow","max-snippet":"max-snippet:-1","max-image-preview":"max-image-preview:large","max-video-preview":"max-video-preview:-1"},"og_locale":"it_IT","og_type":"article","og_title":"Referendum, in Lombardia affluenza al 38,26%","og_description":"I risultati della consultazione sull'autonomia e i commenti politici. Il commento di Maroni in conferenza stampa","og_url":"https:\/\/staging.varesenews.it\/2017\/10\/referendum-lombardia-affluenza-al-3826\/662503\/","og_site_name":"VareseNews","article_publisher":"https:\/\/www.facebook.com\/varesenews","article_author":"https:\/\/www.facebook.com\/andrea.camurani?fref=photo","article_published_time":"2017-10-22T12:10:56+00:00","article_modified_time":"2017-10-23T19:50:08+00:00","author":"Andrea Camurani","twitter_card":"summary_large_image","twitter_creator":"@AndreaCamurani","twitter_site":"@varesenews","twitter_misc":{"Scritto da":"Andrea Camurani","Tempo di lettura stimato":"7 minuti"},"schema":{"@context":"https:\/\/schema.org","@graph":[{"@type":"WebPage","@id":"https:\/\/staging.varesenews.it\/2017\/10\/referendum-lombardia-affluenza-al-3826\/662503\/","url":"https:\/\/staging.varesenews.it\/2017\/10\/referendum-lombardia-affluenza-al-3826\/662503\/","name":"Referendum, in Lombardia affluenza al 38,26%","isPartOf":{"@id":"https:\/\/staging.varesenews.it\/#website"},"datePublished":"2017-10-22T12:10:56+00:00","dateModified":"2017-10-23T19:50:08+00:00","author":{"@id":"https:\/\/staging.varesenews.it\/#\/schema\/person\/3eb5832c6beae763de8d9596fdbe8c49"},"description":"I risultati della consultazione sull'autonomia e i commenti politici. Il commento di Maroni in conferenza stampa","breadcrumb":{"@id":"https:\/\/staging.varesenews.it\/2017\/10\/referendum-lombardia-affluenza-al-3826\/662503\/#breadcrumb"},"inLanguage":"it-IT","potentialAction":[{"@type":"ReadAction","target":["https:\/\/staging.varesenews.it\/2017\/10\/referendum-lombardia-affluenza-al-3826\/662503\/"]}]},{"@type":"BreadcrumbList","@id":"https:\/\/staging.varesenews.it\/2017\/10\/referendum-lombardia-affluenza-al-3826\/662503\/#breadcrumb","itemListElement":[{"@type":"ListItem","position":1,"name":"Home","item":"https:\/\/www.varesenews.it\/"},{"@type":"ListItem","position":2,"name":"Referendum, in Lombardia affluenza al 38,26%"}]},{"@type":"WebSite","@id":"https:\/\/staging.varesenews.it\/#website","url":"https:\/\/staging.varesenews.it\/","name":"VareseNews","description":"","potentialAction":[{"@type":"SearchAction","target":{"@type":"EntryPoint","urlTemplate":"https:\/\/staging.varesenews.it\/?s={search_term_string}"},"query-input":"required name=search_term_string"}],"inLanguage":"it-IT"},{"@type":"Person","@id":"https:\/\/staging.varesenews.it\/#\/schema\/person\/3eb5832c6beae763de8d9596fdbe8c49","name":"Andrea Camurani","image":{"@type":"ImageObject","inLanguage":"it-IT","@id":"https:\/\/staging.varesenews.it\/#\/schema\/person\/image\/","url":"https:\/\/staging.varesenews.it\/wp-content\/uploads\/2020\/12\/andrea_camurani_colori_500.jpg","contentUrl":"https:\/\/staging.varesenews.it\/wp-content\/uploads\/2020\/12\/andrea_camurani_colori_500.jpg","caption":"Andrea Camurani"},"description":"Sono figlio degli anni Settanta e di Milano, dove ho imparato a riconoscere buoni e cattivi. Laurea in scienze politiche, lavoro a VareseNews dal 2000. Racconto quel che trovo quando incontro chi vuole lasciare al mondo un pezzetto di vita, che si chiama cronaca. &ldquo;...perch&eacute; &egrave; la gente il pi&ugrave; grande spettacolo del mondo. E non si paga il biglietto...&rdquo; (Charles Bukowsky)","sameAs":["https:\/\/www.facebook.com\/andrea.camurani?fref=photo","andreacamurani","https:\/\/www.linkedin.com\/hp\/?dnr=A9a84RfzsLdo9xg4NcGV4dLiMknoc9ms4WM","https:\/\/twitter.com\/AndreaCamurani"],"url":"https:\/\/staging.varesenews.it\/persona\/andrea_camurani\/"}]}},"post_meta":{"_edit_lock":"1508844229:50","_edit_last":"32","ratings_users":"0","ratings_score":"0","ratings_average":"0","_category_permalink":"","wdfb_og_title":"","wdfb_og_type":"","wdfb_og_description":"","wdfb_og_images":"a:1:{i:0;s:0:\"\";}","wdfb_og_custom_name":"a:1:{i:0;s:0:\"\";}","wdfb_og_custom_value":"a:1:{i:0;s:0:\"\";}","id_leggi_anche":"642888","foto":"638624","firma_come_redazione":"1","argomento":"Milano","_jd_twitter":"","_jd_tweet_this":"yes","_wpt_short_url":"http:\/\/www.varesenews.it\/2017\/10\/referendum-laffluenza-in-lombardia\/662503\/","_wp_jd_target":"http:\/\/www.varesenews.it\/2017\/10\/referendum-laffluenza-in-lombardia\/662503\/","_jd_wp_twitter":"a:1:{i:0;s:113:\"Referendum, l'affluenza in Lombardia http:\/\/www.varesenews.it\/2017\/10\/referendum-laffluenza-in-lombardia\/662503\/ \";}","_wpt_status_message":"Tweet inviato con successo.","_wp_old_slug":"referendum-laffluenza-in-lombardia"},"photos":[{"original":"https:\/\/staging.varesenews.it\/photogallery_new\/images\/2017\/10\/roberto-maroni-638624.jpg","full":"https:\/\/staging.varesenews.it\/photogallery_new\/images\/2017\/10\/roberto-maroni-638624.1024x768.jpg","large":"https:\/\/staging.varesenews.it\/photogallery_new\/images\/2017\/10\/roberto-maroni-638624.610x431.jpg"}],"_links":{"self":[{"href":"https:\/\/staging.varesenews.it\/swgapi\/v1\/wp\/v2\/posts\/662503"}],"collection":[{"href":"https:\/\/staging.varesenews.it\/swgapi\/v1\/wp\/v2\/posts"}],"about":[{"href":"https:\/\/staging.varesenews.it\/swgapi\/v1\/wp\/v2\/types\/post"}],"author":[{"embeddable":true,"href":"https:\/\/staging.varesenews.it\/swgapi\/v1\/wp\/v2\/users\/34"}],"replies":[{"embeddable":true,"href":"https:\/\/staging.varesenews.it\/swgapi\/v1\/wp\/v2\/comments?post=662503"}],"version-history":[{"count":0,"href":"https:\/\/staging.varesenews.it\/swgapi\/v1\/wp\/v2\/posts\/662503\/revisions"}],"wp:attachment":[{"href":"https:\/\/staging.varesenews.it\/swgapi\/v1\/wp\/v2\/media?parent=662503"}],"wp:term":[{"taxonomy":"category","embeddable":true,"href":"https:\/\/staging.varesenews.it\/swgapi\/v1\/wp\/v2\/categories?post=662503"},{"taxonomy":"post_tag","embeddable":true,"href":"https:\/\/staging.varesenews.it\/swgapi\/v1\/wp\/v2\/tags?post=662503"}],"curies":[{"name":"wp","href":"https:\/\/api.w.org\/{rel}","templated":true}]}}