{"id":663889,"date":"2017-10-26T22:00:45","date_gmt":"2017-10-26T20:00:45","guid":{"rendered":"http:\/\/www.varesenews.it\/?p=663889"},"modified":"2017-10-26T22:21:03","modified_gmt":"2017-10-26T20:21:03","slug":"un-talkshow-per-il-centenario-dello-scoutismo-cattolico-a-busto","status":"publish","type":"post","link":"https:\/\/staging.varesenews.it\/2017\/10\/un-talkshow-per-il-centenario-dello-scoutismo-cattolico-a-busto\/663889\/","title":{"rendered":"Un talkshow per il centenario dello scoutismo cattolico a Busto"},"content":{"rendered":"<p>Venerd\u00ec 27 ottobre alle 21 nella \u201cSala Tramogge\u201d dei Molini Marzoli si svolger\u00e0 il penultimo evento del programma di celebrazioni del Centenario di attivit\u00e0 del movimento scout cattolico a Busto Arsizio. L\u2019evento, rivolto ad un pubblico di adulti (genitori, educatori, insegnanti e amministratori), <strong>propone testimonianze della validit\u00e0 e attualit\u00e0 del metodo educativo scout da parte di persone che essendo o essendo state nel movimento scout, hanno o hanno avuto responsabilit\u00e0 nella societ\u00e0 civile, sia a Busto Arsizio che altrove.<\/strong><\/p>\n<p>Il video che aprir\u00e0 la serata (opera di uno scout del gruppo Busto A.5) imostrer\u00e0 quanti personaggi che hanno fatto la storia recente hanno fatto parte o hanno sostenuto lo scoutismo: l&#8217;astronauta Armstrong, il fumettista Herg\u00e9, Guglielmo Marconi, Nelson Mandela, De Coubertin, ecc.\u00a0Daranno invece testimonianza diretta quali protagonisti dei nostri giorni, la vicesindaco di Milano Anna Scavuzzo e il presidente della Fondazione \u201cmons. Andrea Ghetti Baden\u201d (dedicata al sostegno dello scoutismo) e gi\u00e0 capo scout d&#8217;Italia, Agostino Migone; in videoconferenza parteciperanno la senatrice e gi\u00e0 ministro della Sanit\u00e0 Maria Pia Garavaglia e l\u2019onorevole Franco Prina, tutti capi scout a vario titolo ancora impegnati nella societ\u00e0 civile.\u00a0<strong>La domanda alla quale saranno invitati a dare una risposta personale sar\u00e0: SE e COME lo scoutismo ha contribuito a formare lo spirito di servizio e a non aver timore delle responsabilit\u00e0 nella vita civile.<\/strong><\/p>\n<p>Molti scout hanno lasciato segni del loro impegno anche Busto, come il pi\u00f9 volte sindaco e senatore GianPiero Rossi, il senatore Franco Speroni, mons. Claudio Livetti assistente ecclesiastico nel gruppo Busto 1, della Zona scout e dei campi di formazione, il dott. Franco Mazzuchelli pi\u00f9 volte assessore, i consiglieri comunali Nicola Ruggiero e Massimo Brugnone, la crocerossina Giovanna Bonvicini, partecipante a diverse missioni di pace in Medio Oriente.\u00a0Guider\u00e0 le interviste e discipliner\u00e0 le testimonianze la giornalista Rosy Battaglia, attiva nel gruppo Busto tre, e oggi mamma di uno scout. Gli interventi saranno intercalati da estratti di un libro che l\u2019autore Marco Torretta, anch&#8217;egli vecchio scout, ha composto raccogliendo documenti e memorie del secolo scout bustese, edito dalla Freeman Editrice, che sar\u00e0 presentato nella stessa serata.<\/p>\n","protected":false},"excerpt":{"rendered":"<p>Venerd\u00ec sera in programma una serata con testimonianze e ricordi di chi ha fatto lo scout e ora \u00e8 impegnato in ruoli molto importanti<\/p>\n","protected":false},"author":42,"featured_media":0,"comment_status":"open","ping_status":"open","sticky":false,"template":"","format":"standard","meta":{"footnotes":""},"categories":[4,21],"tags":[602,158],"acf":[],"yoast_head":"<!-- This site is optimized with the Yoast SEO plugin v20.1 - https:\/\/yoast.com\/wordpress\/plugins\/seo\/ -->\n<title>Un talkshow per il centenario dello scoutismo cattolico a Busto<\/title>\n<meta name=\"description\" content=\"Venerd\u00ec sera in programma una serata con testimonianze e ricordi di chi ha fatto lo scout e ora \u00e8 impegnato in ruoli molto importanti\" \/>\n<meta name=\"robots\" content=\"noindex, follow, max-snippet:-1, max-image-preview:large, max-video-preview:-1\" \/>\n<meta property=\"og:locale\" content=\"it_IT\" \/>\n<meta property=\"og:type\" content=\"article\" \/>\n<meta property=\"og:title\" content=\"Un talkshow per il centenario dello scoutismo cattolico a Busto\" \/>\n<meta property=\"og:description\" content=\"Venerd\u00ec sera in programma una serata con testimonianze e ricordi di chi ha fatto lo scout e ora \u00e8 impegnato in ruoli molto importanti\" \/>\n<meta property=\"og:url\" content=\"https:\/\/staging.varesenews.it\/2017\/10\/un-talkshow-per-il-centenario-dello-scoutismo-cattolico-a-busto\/663889\/\" \/>\n<meta property=\"og:site_name\" content=\"VareseNews\" \/>\n<meta property=\"article:publisher\" content=\"https:\/\/www.facebook.com\/varesenews\" \/>\n<meta property=\"article:published_time\" content=\"2017-10-26T20:00:45+00:00\" \/>\n<meta property=\"article:modified_time\" content=\"2017-10-26T20:21:03+00:00\" \/>\n<meta name=\"author\" content=\"Marco Corso\" \/>\n<meta name=\"twitter:card\" content=\"summary_large_image\" \/>\n<meta name=\"twitter:creator\" content=\"@varesenews\" \/>\n<meta name=\"twitter:site\" content=\"@varesenews\" \/>\n<meta name=\"twitter:label1\" content=\"Scritto da\" \/>\n\t<meta name=\"twitter:data1\" content=\"Marco Corso\" \/>\n\t<meta name=\"twitter:label2\" content=\"Tempo di lettura stimato\" \/>\n\t<meta name=\"twitter:data2\" content=\"2 minuti\" \/>\n<script type=\"application\/ld+json\" class=\"yoast-schema-graph\">{\"@context\":\"https:\/\/schema.org\",\"@graph\":[{\"@type\":\"WebPage\",\"@id\":\"https:\/\/staging.varesenews.it\/2017\/10\/un-talkshow-per-il-centenario-dello-scoutismo-cattolico-a-busto\/663889\/\",\"url\":\"https:\/\/staging.varesenews.it\/2017\/10\/un-talkshow-per-il-centenario-dello-scoutismo-cattolico-a-busto\/663889\/\",\"name\":\"Un talkshow per il centenario dello scoutismo cattolico a Busto\",\"isPartOf\":{\"@id\":\"https:\/\/staging.varesenews.it\/#website\"},\"datePublished\":\"2017-10-26T20:00:45+00:00\",\"dateModified\":\"2017-10-26T20:21:03+00:00\",\"author\":{\"@id\":\"https:\/\/staging.varesenews.it\/#\/schema\/person\/f0b866bf1a4a7b2b1558574309a927fa\"},\"description\":\"Venerd\u00ec sera in programma una serata con testimonianze e ricordi di chi ha fatto lo scout e ora \u00e8 impegnato in ruoli molto importanti\",\"breadcrumb\":{\"@id\":\"https:\/\/staging.varesenews.it\/2017\/10\/un-talkshow-per-il-centenario-dello-scoutismo-cattolico-a-busto\/663889\/#breadcrumb\"},\"inLanguage\":\"it-IT\",\"potentialAction\":[{\"@type\":\"ReadAction\",\"target\":[\"https:\/\/staging.varesenews.it\/2017\/10\/un-talkshow-per-il-centenario-dello-scoutismo-cattolico-a-busto\/663889\/\"]}]},{\"@type\":\"BreadcrumbList\",\"@id\":\"https:\/\/staging.varesenews.it\/2017\/10\/un-talkshow-per-il-centenario-dello-scoutismo-cattolico-a-busto\/663889\/#breadcrumb\",\"itemListElement\":[{\"@type\":\"ListItem\",\"position\":1,\"name\":\"Home\",\"item\":\"https:\/\/www.varesenews.it\/\"},{\"@type\":\"ListItem\",\"position\":2,\"name\":\"Un talkshow per il centenario dello scoutismo cattolico a Busto\"}]},{\"@type\":\"WebSite\",\"@id\":\"https:\/\/staging.varesenews.it\/#website\",\"url\":\"https:\/\/staging.varesenews.it\/\",\"name\":\"VareseNews\",\"description\":\"\",\"potentialAction\":[{\"@type\":\"SearchAction\",\"target\":{\"@type\":\"EntryPoint\",\"urlTemplate\":\"https:\/\/staging.varesenews.it\/?s={search_term_string}\"},\"query-input\":\"required name=search_term_string\"}],\"inLanguage\":\"it-IT\"},{\"@type\":\"Person\",\"@id\":\"https:\/\/staging.varesenews.it\/#\/schema\/person\/f0b866bf1a4a7b2b1558574309a927fa\",\"name\":\"Marco Corso\",\"image\":{\"@type\":\"ImageObject\",\"inLanguage\":\"it-IT\",\"@id\":\"https:\/\/staging.varesenews.it\/#\/schema\/person\/image\/\",\"url\":\"https:\/\/staging.varesenews.it\/wp-content\/uploads\/2020\/12\/marco_corso_colori_500.jpg\",\"contentUrl\":\"https:\/\/staging.varesenews.it\/wp-content\/uploads\/2020\/12\/marco_corso_colori_500.jpg\",\"caption\":\"Marco Corso\"},\"description\":\"Classe 91, per diversi anni mi sono fregiato del titolo di pi&ugrave; giovane della redazione, ma adesso faccio il fratello maggiore alle nuove leve. Mi sono laureato nel 2013 in Scienze Sociali per la Globalizzazione alla Statale di Milano e nel 2015 mi sono diplomato in videogiornalismo alla Civica Scuola di Cinema di Milano. A VareseNews da 10 anni, ho seguito da sempre diversi progetti, partendo dalla mia Busto Arsizio per attraversare tutta la provincia. Adesso la \\\"sorvolo\\\" anche con il mio drone, regalando alle mie riprese sempre un punto di vista emozionale e narrativo sui luoghi e le vicende che racconto, ma rimanendo fedele alla cronaca. Quando non faccio il giornalista viaggio o mi arrampico sui monti, per guardare il mondo da altri punti di vista.\",\"sameAs\":[\"mar_corso\"],\"url\":\"https:\/\/staging.varesenews.it\/persona\/marco-corso1\/\"}]}<\/script>\n<!-- \/ Yoast SEO plugin. -->","yoast_head_json":{"title":"Un talkshow per il centenario dello scoutismo cattolico a Busto","description":"Venerd\u00ec sera in programma una serata con testimonianze e ricordi di chi ha fatto lo scout e ora \u00e8 impegnato in ruoli molto importanti","robots":{"index":"noindex","follow":"follow","max-snippet":"max-snippet:-1","max-image-preview":"max-image-preview:large","max-video-preview":"max-video-preview:-1"},"og_locale":"it_IT","og_type":"article","og_title":"Un talkshow per il centenario dello scoutismo cattolico a Busto","og_description":"Venerd\u00ec sera in programma una serata con testimonianze e ricordi di chi ha fatto lo scout e ora \u00e8 impegnato in ruoli molto importanti","og_url":"https:\/\/staging.varesenews.it\/2017\/10\/un-talkshow-per-il-centenario-dello-scoutismo-cattolico-a-busto\/663889\/","og_site_name":"VareseNews","article_publisher":"https:\/\/www.facebook.com\/varesenews","article_published_time":"2017-10-26T20:00:45+00:00","article_modified_time":"2017-10-26T20:21:03+00:00","author":"Marco Corso","twitter_card":"summary_large_image","twitter_creator":"@varesenews","twitter_site":"@varesenews","twitter_misc":{"Scritto da":"Marco Corso","Tempo di lettura stimato":"2 minuti"},"schema":{"@context":"https:\/\/schema.org","@graph":[{"@type":"WebPage","@id":"https:\/\/staging.varesenews.it\/2017\/10\/un-talkshow-per-il-centenario-dello-scoutismo-cattolico-a-busto\/663889\/","url":"https:\/\/staging.varesenews.it\/2017\/10\/un-talkshow-per-il-centenario-dello-scoutismo-cattolico-a-busto\/663889\/","name":"Un talkshow per il centenario dello scoutismo cattolico a Busto","isPartOf":{"@id":"https:\/\/staging.varesenews.it\/#website"},"datePublished":"2017-10-26T20:00:45+00:00","dateModified":"2017-10-26T20:21:03+00:00","author":{"@id":"https:\/\/staging.varesenews.it\/#\/schema\/person\/f0b866bf1a4a7b2b1558574309a927fa"},"description":"Venerd\u00ec sera in programma una serata con testimonianze e ricordi di chi ha fatto lo scout e ora \u00e8 impegnato in ruoli molto importanti","breadcrumb":{"@id":"https:\/\/staging.varesenews.it\/2017\/10\/un-talkshow-per-il-centenario-dello-scoutismo-cattolico-a-busto\/663889\/#breadcrumb"},"inLanguage":"it-IT","potentialAction":[{"@type":"ReadAction","target":["https:\/\/staging.varesenews.it\/2017\/10\/un-talkshow-per-il-centenario-dello-scoutismo-cattolico-a-busto\/663889\/"]}]},{"@type":"BreadcrumbList","@id":"https:\/\/staging.varesenews.it\/2017\/10\/un-talkshow-per-il-centenario-dello-scoutismo-cattolico-a-busto\/663889\/#breadcrumb","itemListElement":[{"@type":"ListItem","position":1,"name":"Home","item":"https:\/\/www.varesenews.it\/"},{"@type":"ListItem","position":2,"name":"Un talkshow per il centenario dello scoutismo cattolico a Busto"}]},{"@type":"WebSite","@id":"https:\/\/staging.varesenews.it\/#website","url":"https:\/\/staging.varesenews.it\/","name":"VareseNews","description":"","potentialAction":[{"@type":"SearchAction","target":{"@type":"EntryPoint","urlTemplate":"https:\/\/staging.varesenews.it\/?s={search_term_string}"},"query-input":"required name=search_term_string"}],"inLanguage":"it-IT"},{"@type":"Person","@id":"https:\/\/staging.varesenews.it\/#\/schema\/person\/f0b866bf1a4a7b2b1558574309a927fa","name":"Marco Corso","image":{"@type":"ImageObject","inLanguage":"it-IT","@id":"https:\/\/staging.varesenews.it\/#\/schema\/person\/image\/","url":"https:\/\/staging.varesenews.it\/wp-content\/uploads\/2020\/12\/marco_corso_colori_500.jpg","contentUrl":"https:\/\/staging.varesenews.it\/wp-content\/uploads\/2020\/12\/marco_corso_colori_500.jpg","caption":"Marco Corso"},"description":"Classe 91, per diversi anni mi sono fregiato del titolo di pi&ugrave; giovane della redazione, ma adesso faccio il fratello maggiore alle nuove leve. Mi sono laureato nel 2013 in Scienze Sociali per la Globalizzazione alla Statale di Milano e nel 2015 mi sono diplomato in videogiornalismo alla Civica Scuola di Cinema di Milano. A VareseNews da 10 anni, ho seguito da sempre diversi progetti, partendo dalla mia Busto Arsizio per attraversare tutta la provincia. Adesso la \"sorvolo\" anche con il mio drone, regalando alle mie riprese sempre un punto di vista emozionale e narrativo sui luoghi e le vicende che racconto, ma rimanendo fedele alla cronaca. Quando non faccio il giornalista viaggio o mi arrampico sui monti, per guardare il mondo da altri punti di vista.","sameAs":["mar_corso"],"url":"https:\/\/staging.varesenews.it\/persona\/marco-corso1\/"}]}},"post_meta":{"_edit_lock":"1509051660:42","_edit_last":"42","_category_permalink":"","wdfb_og_title":"","wdfb_og_type":"","wdfb_og_description":"","wdfb_og_images":"a:1:{i:0;s:0:\"\";}","wdfb_og_custom_name":"a:1:{i:0;s:0:\"\";}","wdfb_og_custom_value":"a:1:{i:0;s:0:\"\";}","foto":"639399","argomento":"Busto Arsizio","_jd_twitter":"","_jd_tweet_this":"yes","ratings_users":"0","ratings_score":"0","ratings_average":"0","firma_come_redazione":"1","_wpt_short_url":"http:\/\/www.varesenews.it\/2017\/10\/un-talkshow-per-il-centenario-dello-scoutismo-cattolico-a-busto\/663889\/","_wp_jd_target":"http:\/\/www.varesenews.it\/2017\/10\/un-talkshow-per-il-centenario-dello-scoutismo-cattolico-a-busto\/663889\/","_jd_wp_twitter":"a:1:{i:0;s:184:\"Un talkshow per il centenario dello scoutismo cattolico a Busto http:\/\/www.varesenews.it\/2017\/10\/un-talkshow-per-il-centenario-dello-scoutismo-cattolico-a-busto\/663889\/ #scout #weekend\";}","_wpt_status_message":"Tweet inviato con successo."},"photos":[{"original":"https:\/\/staging.varesenews.it\/photogallery_new\/images\/2017\/10\/avarie-639399.jpg","full":"https:\/\/staging.varesenews.it\/photogallery_new\/images\/2017\/10\/avarie-639399.1024x768.jpg","large":"https:\/\/staging.varesenews.it\/photogallery_new\/images\/2017\/10\/avarie-639399.610x431.jpg"}],"_links":{"self":[{"href":"https:\/\/staging.varesenews.it\/swgapi\/v1\/wp\/v2\/posts\/663889"}],"collection":[{"href":"https:\/\/staging.varesenews.it\/swgapi\/v1\/wp\/v2\/posts"}],"about":[{"href":"https:\/\/staging.varesenews.it\/swgapi\/v1\/wp\/v2\/types\/post"}],"author":[{"embeddable":true,"href":"https:\/\/staging.varesenews.it\/swgapi\/v1\/wp\/v2\/users\/42"}],"replies":[{"embeddable":true,"href":"https:\/\/staging.varesenews.it\/swgapi\/v1\/wp\/v2\/comments?post=663889"}],"version-history":[{"count":0,"href":"https:\/\/staging.varesenews.it\/swgapi\/v1\/wp\/v2\/posts\/663889\/revisions"}],"wp:attachment":[{"href":"https:\/\/staging.varesenews.it\/swgapi\/v1\/wp\/v2\/media?parent=663889"}],"wp:term":[{"taxonomy":"category","embeddable":true,"href":"https:\/\/staging.varesenews.it\/swgapi\/v1\/wp\/v2\/categories?post=663889"},{"taxonomy":"post_tag","embeddable":true,"href":"https:\/\/staging.varesenews.it\/swgapi\/v1\/wp\/v2\/tags?post=663889"}],"curies":[{"name":"wp","href":"https:\/\/api.w.org\/{rel}","templated":true}]}}