{"id":665270,"date":"2017-10-31T12:47:43","date_gmt":"2017-10-31T11:47:43","guid":{"rendered":"http:\/\/www.varesenews.it\/?p=665270"},"modified":"2017-10-31T12:47:43","modified_gmt":"2017-10-31T11:47:43","slug":"mercoledi-in-campo-per-eccellenza-e-promozione","status":"publish","type":"post","link":"https:\/\/staging.varesenews.it\/2017\/10\/mercoledi-in-campo-per-eccellenza-e-promozione\/665270\/","title":{"rendered":"Mercoled\u00ec in campo per Eccellenza e Promozione"},"content":{"rendered":"<p>Non si ha il tempo per rifiatare, che Eccellenza e Promozione torneranno in campo per il turno infrasettimanale di mercoled\u00ec 1 novembre. Fischio d\u2019inizio alle ore 14.30.<\/p>\n<h2>ECCELLENZA<\/h2>\n<p>Ancora in casa il Legnano, che al \u201cMari\u201d ospiter\u00e0 il Cavenago Fanfulla per una sfida storica. Il Verbano sar\u00e0 ospite dell\u2019Accademia Pavese, l\u2019Ardor Lazzate se la contro il Gaggiano, mentre l\u2019Union Villa a Cassano Magnago sfider\u00e0 l\u2019Alcione. Turno di riposo per la Castellanzese, il Busto 81 andr\u00e0 a Fenegr\u00f2, la Sestese cercher\u00e0 di rifarsi in casa del Lomellina. Sfida interna per l\u2019Fbc Saronno contro il Vigevano. Chiude il programma Sancolombano \u2013 Calvairate.<\/p>\n<blockquote><p><strong>CLASSIFICA:<\/strong> Legnano 17; Verbano, Ardor Lazzate, Cavenago 16; Bust0 81, Sancolombano 15; Alcione 12; Lomellina 11; Gaggiano 10; Sestese, Union Cassano, Castellanzese, Fenegr\u00f2, Accademia Pavese 9; Calvairate, Vigevano 7; Fbc Saronno 5.<\/p><\/blockquote>\n<h2>PROMOZIONE<\/h2>\n<p>Testacoda per la Castanese capolista, che far\u00e0 visita al Brebbia fanalino di coda. L\u2019Olimpia prover\u00e0 a tenere il passo ospitando il Bresso, mentre la Vergiatese con il ritorno di mister Fiorito prover\u00e0 ad avere la meglio sulla Base 96. Turno esterno per la Rhodense, in casa del Cob 91, e per il Morazzone a Solaro. Riposa la Lentatese, la Belfortese prover\u00e0 a sfruttare il fattore campo contro la Guanzatese, stesso discorso per la Besnatese opposta al Portichetto. Al \u201cVittore Anessi\u201d il Gavirate se la vedr\u00e0 cotnro l\u2019Uboldese.<\/p>\n<blockquote><p><strong>CLASSIFICA:<\/strong> Castanese 25; Olimpia 17; Rhodense, Uboldese 15; Morazzone 14; Gavirate, Vergiatese 13; Besnatese, Lentatese 12; Base 96; Guanzatese 10; Belfortese, Portichetto 9, Cob 91 7; Universal Solaro, Bresso 6; Brebbia 4.<\/p><\/blockquote>\n","protected":false},"excerpt":{"rendered":"<p>Turno infrasettimanale in programma mercoled\u00ec 1 novembre<\/p>\n","protected":false},"author":37,"featured_media":0,"comment_status":"open","ping_status":"open","sticky":false,"template":"","format":"standard","meta":{"footnotes":""},"categories":[14],"tags":[144,206,208,209],"acf":[],"yoast_head":"<!-- This site is optimized with the Yoast SEO plugin v20.1 - https:\/\/yoast.com\/wordpress\/plugins\/seo\/ -->\n<title>Mercoled\u00ec in campo per Eccellenza e Promozione<\/title>\n<meta name=\"description\" content=\"Turno infrasettimanale in programma mercoled\u00ec 1 novembre\" \/>\n<meta name=\"robots\" content=\"noindex, follow, max-snippet:-1, max-image-preview:large, max-video-preview:-1\" \/>\n<meta property=\"og:locale\" content=\"it_IT\" \/>\n<meta property=\"og:type\" content=\"article\" \/>\n<meta property=\"og:title\" content=\"Mercoled\u00ec in campo per Eccellenza e Promozione\" \/>\n<meta property=\"og:description\" content=\"Turno infrasettimanale in programma mercoled\u00ec 1 novembre\" \/>\n<meta property=\"og:url\" content=\"https:\/\/staging.varesenews.it\/2017\/10\/mercoledi-in-campo-per-eccellenza-e-promozione\/665270\/\" \/>\n<meta property=\"og:site_name\" content=\"VareseNews\" \/>\n<meta property=\"article:publisher\" content=\"https:\/\/www.facebook.com\/varesenews\" \/>\n<meta property=\"article:published_time\" content=\"2017-10-31T11:47:43+00:00\" \/>\n<meta name=\"author\" content=\"Francesco Mazzoleni\" \/>\n<meta name=\"twitter:card\" content=\"summary_large_image\" \/>\n<meta name=\"twitter:creator\" content=\"@fmazzof\" \/>\n<meta name=\"twitter:site\" content=\"@varesenews\" \/>\n<meta name=\"twitter:label1\" content=\"Scritto da\" \/>\n\t<meta name=\"twitter:data1\" content=\"Francesco Mazzoleni\" \/>\n\t<meta name=\"twitter:label2\" content=\"Tempo di lettura stimato\" \/>\n\t<meta name=\"twitter:data2\" content=\"1 minuto\" \/>\n<script type=\"application\/ld+json\" class=\"yoast-schema-graph\">{\"@context\":\"https:\/\/schema.org\",\"@graph\":[{\"@type\":\"WebPage\",\"@id\":\"https:\/\/staging.varesenews.it\/2017\/10\/mercoledi-in-campo-per-eccellenza-e-promozione\/665270\/\",\"url\":\"https:\/\/staging.varesenews.it\/2017\/10\/mercoledi-in-campo-per-eccellenza-e-promozione\/665270\/\",\"name\":\"Mercoled\u00ec in campo per Eccellenza e Promozione\",\"isPartOf\":{\"@id\":\"https:\/\/staging.varesenews.it\/#website\"},\"datePublished\":\"2017-10-31T11:47:43+00:00\",\"dateModified\":\"2017-10-31T11:47:43+00:00\",\"author\":{\"@id\":\"https:\/\/staging.varesenews.it\/#\/schema\/person\/e82236e79160d30d4e1f942004ac3038\"},\"description\":\"Turno infrasettimanale in programma mercoled\u00ec 1 novembre\",\"breadcrumb\":{\"@id\":\"https:\/\/staging.varesenews.it\/2017\/10\/mercoledi-in-campo-per-eccellenza-e-promozione\/665270\/#breadcrumb\"},\"inLanguage\":\"it-IT\",\"potentialAction\":[{\"@type\":\"ReadAction\",\"target\":[\"https:\/\/staging.varesenews.it\/2017\/10\/mercoledi-in-campo-per-eccellenza-e-promozione\/665270\/\"]}]},{\"@type\":\"BreadcrumbList\",\"@id\":\"https:\/\/staging.varesenews.it\/2017\/10\/mercoledi-in-campo-per-eccellenza-e-promozione\/665270\/#breadcrumb\",\"itemListElement\":[{\"@type\":\"ListItem\",\"position\":1,\"name\":\"Home\",\"item\":\"https:\/\/www.varesenews.it\/\"},{\"@type\":\"ListItem\",\"position\":2,\"name\":\"Mercoled\u00ec in campo per Eccellenza e Promozione\"}]},{\"@type\":\"WebSite\",\"@id\":\"https:\/\/staging.varesenews.it\/#website\",\"url\":\"https:\/\/staging.varesenews.it\/\",\"name\":\"VareseNews\",\"description\":\"\",\"potentialAction\":[{\"@type\":\"SearchAction\",\"target\":{\"@type\":\"EntryPoint\",\"urlTemplate\":\"https:\/\/staging.varesenews.it\/?s={search_term_string}\"},\"query-input\":\"required name=search_term_string\"}],\"inLanguage\":\"it-IT\"},{\"@type\":\"Person\",\"@id\":\"https:\/\/staging.varesenews.it\/#\/schema\/person\/e82236e79160d30d4e1f942004ac3038\",\"name\":\"Francesco Mazzoleni\",\"image\":{\"@type\":\"ImageObject\",\"inLanguage\":\"it-IT\",\"@id\":\"https:\/\/staging.varesenews.it\/#\/schema\/person\/image\/\",\"url\":\"https:\/\/staging.varesenews.it\/wp-content\/uploads\/2020\/12\/francesco_mazzoleni_colori_500-1.jpg\",\"contentUrl\":\"https:\/\/staging.varesenews.it\/wp-content\/uploads\/2020\/12\/francesco_mazzoleni_colori_500-1.jpg\",\"caption\":\"Francesco Mazzoleni\"},\"description\":\"\\\"Uomo di campo\\\" della redazione sportiva. Nutro una vera passione per il calcio, che sia ad alti livelli, sui campi di provincia o in altri continenti. Sono nato a Varese nel 1984, vivo da sempre a Malnate e ho una laurea in Scienze Motorie. Ho mosso i primi passi a VareseNews da stagista nel 2002; nel 2008 ho iniziato a collaborare con maggiore continuit\u00e0 e dal 2018 sono giornalista professionista. Orgoglioso pap\u00e0 di Federico e Adelaide.\",\"sameAs\":[\"fmazzof\",\"it.linkedin.com\/in\/francescomazzolenif\",\"https:\/\/twitter.com\/fmazzof\"],\"url\":\"https:\/\/staging.varesenews.it\/persona\/francesco_mazzoleniferracini\/\"}]}<\/script>\n<!-- \/ Yoast SEO plugin. -->","yoast_head_json":{"title":"Mercoled\u00ec in campo per Eccellenza e Promozione","description":"Turno infrasettimanale in programma mercoled\u00ec 1 novembre","robots":{"index":"noindex","follow":"follow","max-snippet":"max-snippet:-1","max-image-preview":"max-image-preview:large","max-video-preview":"max-video-preview:-1"},"og_locale":"it_IT","og_type":"article","og_title":"Mercoled\u00ec in campo per Eccellenza e Promozione","og_description":"Turno infrasettimanale in programma mercoled\u00ec 1 novembre","og_url":"https:\/\/staging.varesenews.it\/2017\/10\/mercoledi-in-campo-per-eccellenza-e-promozione\/665270\/","og_site_name":"VareseNews","article_publisher":"https:\/\/www.facebook.com\/varesenews","article_published_time":"2017-10-31T11:47:43+00:00","author":"Francesco Mazzoleni","twitter_card":"summary_large_image","twitter_creator":"@fmazzof","twitter_site":"@varesenews","twitter_misc":{"Scritto da":"Francesco Mazzoleni","Tempo di lettura stimato":"1 minuto"},"schema":{"@context":"https:\/\/schema.org","@graph":[{"@type":"WebPage","@id":"https:\/\/staging.varesenews.it\/2017\/10\/mercoledi-in-campo-per-eccellenza-e-promozione\/665270\/","url":"https:\/\/staging.varesenews.it\/2017\/10\/mercoledi-in-campo-per-eccellenza-e-promozione\/665270\/","name":"Mercoled\u00ec in campo per Eccellenza e Promozione","isPartOf":{"@id":"https:\/\/staging.varesenews.it\/#website"},"datePublished":"2017-10-31T11:47:43+00:00","dateModified":"2017-10-31T11:47:43+00:00","author":{"@id":"https:\/\/staging.varesenews.it\/#\/schema\/person\/e82236e79160d30d4e1f942004ac3038"},"description":"Turno infrasettimanale in programma mercoled\u00ec 1 novembre","breadcrumb":{"@id":"https:\/\/staging.varesenews.it\/2017\/10\/mercoledi-in-campo-per-eccellenza-e-promozione\/665270\/#breadcrumb"},"inLanguage":"it-IT","potentialAction":[{"@type":"ReadAction","target":["https:\/\/staging.varesenews.it\/2017\/10\/mercoledi-in-campo-per-eccellenza-e-promozione\/665270\/"]}]},{"@type":"BreadcrumbList","@id":"https:\/\/staging.varesenews.it\/2017\/10\/mercoledi-in-campo-per-eccellenza-e-promozione\/665270\/#breadcrumb","itemListElement":[{"@type":"ListItem","position":1,"name":"Home","item":"https:\/\/www.varesenews.it\/"},{"@type":"ListItem","position":2,"name":"Mercoled\u00ec in campo per Eccellenza e Promozione"}]},{"@type":"WebSite","@id":"https:\/\/staging.varesenews.it\/#website","url":"https:\/\/staging.varesenews.it\/","name":"VareseNews","description":"","potentialAction":[{"@type":"SearchAction","target":{"@type":"EntryPoint","urlTemplate":"https:\/\/staging.varesenews.it\/?s={search_term_string}"},"query-input":"required name=search_term_string"}],"inLanguage":"it-IT"},{"@type":"Person","@id":"https:\/\/staging.varesenews.it\/#\/schema\/person\/e82236e79160d30d4e1f942004ac3038","name":"Francesco Mazzoleni","image":{"@type":"ImageObject","inLanguage":"it-IT","@id":"https:\/\/staging.varesenews.it\/#\/schema\/person\/image\/","url":"https:\/\/staging.varesenews.it\/wp-content\/uploads\/2020\/12\/francesco_mazzoleni_colori_500-1.jpg","contentUrl":"https:\/\/staging.varesenews.it\/wp-content\/uploads\/2020\/12\/francesco_mazzoleni_colori_500-1.jpg","caption":"Francesco Mazzoleni"},"description":"\"Uomo di campo\" della redazione sportiva. Nutro una vera passione per il calcio, che sia ad alti livelli, sui campi di provincia o in altri continenti. Sono nato a Varese nel 1984, vivo da sempre a Malnate e ho una laurea in Scienze Motorie. Ho mosso i primi passi a VareseNews da stagista nel 2002; nel 2008 ho iniziato a collaborare con maggiore continuit\u00e0 e dal 2018 sono giornalista professionista. Orgoglioso pap\u00e0 di Federico e Adelaide.","sameAs":["fmazzof","it.linkedin.com\/in\/francescomazzolenif","https:\/\/twitter.com\/fmazzof"],"url":"https:\/\/staging.varesenews.it\/persona\/francesco_mazzoleniferracini\/"}]}},"post_meta":{"_edit_lock":"1509539942:37","_edit_last":"37","_category_permalink":"14","ratings_users":"0","ratings_score":"0","ratings_average":"0","wdfb_og_title":"","wdfb_og_type":"","wdfb_og_description":"","wdfb_og_images":"a:1:{i:0;s:0:\"\";}","wdfb_og_custom_name":"a:1:{i:0;s:0:\"\";}","wdfb_og_custom_value":"a:1:{i:0;s:0:\"\";}","id_leggi_anche":"664790","foto":"582849","argomento":"Calcio - Dilettanti","_yoast_wpseo_focuskw":"eccellenza","_jd_twitter":"","_jd_tweet_this":"yes","_wpt_short_url":"http:\/\/www.varesenews.it\/2017\/10\/mercoledi-in-campo-per-eccellenza-e-promozione\/665270\/","_wp_jd_target":"http:\/\/www.varesenews.it\/2017\/10\/mercoledi-in-campo-per-eccellenza-e-promozione\/665270\/","_jd_wp_twitter":"a:1:{i:0;s:167:\"Mercoled\u00ec in campo per Eccellenza e Promozione http:\/\/www.varesenews.it\/2017\/10\/mercoledi-in-campo-per-eccellenza-e-promozione\/665270\/ #calcio #dilettanti #eccellenza\";}","_wpt_status_message":"Tweet inviato con successo.","_yoast_wpseo_linkdex":"64"},"photos":[{"original":"https:\/\/staging.varesenews.it\/photogallery_new\/images\/2016\/12\/busto-81-582849.jpg","full":"https:\/\/staging.varesenews.it\/photogallery_new\/images\/2016\/12\/busto-81-582849.1024x768.jpg","large":"https:\/\/staging.varesenews.it\/photogallery_new\/images\/2016\/12\/busto-81-582849.610x431.jpg"}],"_links":{"self":[{"href":"https:\/\/staging.varesenews.it\/swgapi\/v1\/wp\/v2\/posts\/665270"}],"collection":[{"href":"https:\/\/staging.varesenews.it\/swgapi\/v1\/wp\/v2\/posts"}],"about":[{"href":"https:\/\/staging.varesenews.it\/swgapi\/v1\/wp\/v2\/types\/post"}],"author":[{"embeddable":true,"href":"https:\/\/staging.varesenews.it\/swgapi\/v1\/wp\/v2\/users\/37"}],"replies":[{"embeddable":true,"href":"https:\/\/staging.varesenews.it\/swgapi\/v1\/wp\/v2\/comments?post=665270"}],"version-history":[{"count":0,"href":"https:\/\/staging.varesenews.it\/swgapi\/v1\/wp\/v2\/posts\/665270\/revisions"}],"wp:attachment":[{"href":"https:\/\/staging.varesenews.it\/swgapi\/v1\/wp\/v2\/media?parent=665270"}],"wp:term":[{"taxonomy":"category","embeddable":true,"href":"https:\/\/staging.varesenews.it\/swgapi\/v1\/wp\/v2\/categories?post=665270"},{"taxonomy":"post_tag","embeddable":true,"href":"https:\/\/staging.varesenews.it\/swgapi\/v1\/wp\/v2\/tags?post=665270"}],"curies":[{"name":"wp","href":"https:\/\/api.w.org\/{rel}","templated":true}]}}