{"id":66615,"date":"2013-02-27T00:00:00","date_gmt":"2013-02-27T00:00:00","guid":{"rendered":""},"modified":"2013-02-27T00:00:00","modified_gmt":"2013-02-27T00:00:00","slug":"grillo-rifiuta-l-alleanza-con-bersani","status":"publish","type":"post","link":"https:\/\/staging.varesenews.it\/2013\/02\/grillo-rifiuta-l-alleanza-con-bersani\/66615\/","title":{"rendered":"Grillo rifiuta l\u2019alleanza con Bersani"},"content":{"rendered":"<p><img loading=\"lazy\" decoding=\"async\" src=\"https:\/\/www3.varesenews.it\/immagini_articoli\/201302\/grillo__mobile.jpg\" width=\"320\" height=\"112\" vspace=\"5\" hspace=\"5\" align=\"left\" alt=\"\" \/>Il capo del principale partito italiano,<strong> Beppe Grillo<\/strong> del Movimento 5 stelle, ha risposto sul suo blog alla proposta di collaborazione fatta ieri da Pierluigi Bersani. In sintesi, Grillo ha detto no a qualsiasi governo con il centrosinistra, ma ha rilanciato che potrebbe votare delle leggi ad hoc su due temi: abolizione del finanziamento pubblico dei partiti e il reddito di cittadinanza. &laquo;Il M5S non dar&agrave; alcun voto di fiducia al Pd (n&egrave; ad altri). Voter&agrave; in aula le leggi che rispecchiano il suo programma chiunque sia a proporle. Se Bersani vorr&agrave; proporre l&#8217;abolizione dei contributi pubblici ai partiti sin dalle ultime elezioni lo voteremo di slancio (il <strong>M5S <\/strong>ha rinunciato ai 100 milioni di euro che gli spettano), se metter&agrave; in calendario il reddito di cittadinanza lo voteremo con passione&raquo;<\/p>\n<p><strong><a href=\"http:\/\/www.beppegrillo.it\/2013\/02\/bersani_morto_che_parla.html#commenti\" target=\"_blank\">Il messaggio online di Grillo <\/a><\/strong><\/p>\n<p><img loading=\"lazy\" decoding=\"async\" src=\"https:\/\/www3.varesenews.it\/immagini_articoli\/201302\/bersani_mobile4.jpg\" width=\"320\" height=\"144\" vspace=\"5\" hspace=\"5\" align=\"left\" alt=\"\" \/><strong>Pierluigi Bersani<\/strong> ha risposto con <strong><a href=\"http:\/\/www.partitodemocratico.it\/doc\/251395\/quel-che-grillo-ha-da-dirmi-lo-voglio-sentire-in-parlamento.htm\" target=\"_blank\">una nota ufficiale <\/a><\/strong>in cui afferma che vuole ascoltare la risposta di Grillo in parlamento, e lo sfida a prendersi le sue responsabilit&agrave; nei confonti della nazione. Inizia male dunque la possibilit&agrave; di una collaborazione tra il Movimento 5 Stelle e il Pd+Sel. Grillo ha detto a Bersani che &egrave; &laquo;un morto che parla&raquo;. Il Pdl aveva ieri lanciato al Pd la possibilit&agrave; di collaborare, ma l&rsquo;elettorato di opinione del Pd sembra riottoso. Oggi ad esempio Michele Serra nella sua &ldquo;Amaca&rdquo; su Repubblica ha affermato che se il Pd collaborer&agrave; con il Pdl non lo voter&agrave; pi&ugrave;. <br \/>\n&nbsp;<\/p>\n","protected":false},"excerpt":{"rendered":"<p>Come vanno le alleanze del prossimo parlamento? Cos\u00ec cos\u00ec: Grillo non vuole collaborare stabilmente con Bersani e gli dice che \u00e8 uno \u201cstalker\u201d e un \u201cmorto che parla\u201d<\/p>\n","protected":false},"author":10,"featured_media":0,"comment_status":"open","ping_status":"open","sticky":false,"template":"","format":"standard","meta":{"footnotes":""},"categories":[9,16],"tags":[5749,16056,17877],"acf":[],"yoast_head":"<!-- This site is optimized with the Yoast SEO plugin v20.1 - https:\/\/yoast.com\/wordpress\/plugins\/seo\/ -->\n<title>Grillo rifiuta l\u2019alleanza con Bersani<\/title>\n<meta name=\"description\" content=\"Come vanno le alleanze del prossimo parlamento? Cos\u00ec cos\u00ec: Grillo non vuole collaborare stabilmente con Bersani e gli dice che \u00e8 uno \u201cstalker\u201d e un \u201cmorto che parla\u201d\" \/>\n<meta name=\"robots\" content=\"noindex, follow, max-snippet:-1, max-image-preview:large, max-video-preview:-1\" \/>\n<meta property=\"og:locale\" content=\"it_IT\" \/>\n<meta property=\"og:type\" content=\"article\" \/>\n<meta property=\"og:title\" content=\"Grillo rifiuta l\u2019alleanza con Bersani\" \/>\n<meta property=\"og:description\" content=\"Come vanno le alleanze del prossimo parlamento? Cos\u00ec cos\u00ec: Grillo non vuole collaborare stabilmente con Bersani e gli dice che \u00e8 uno \u201cstalker\u201d e un \u201cmorto che parla\u201d\" \/>\n<meta property=\"og:url\" content=\"https:\/\/staging.varesenews.it\/2013\/02\/grillo-rifiuta-l-alleanza-con-bersani\/66615\/\" \/>\n<meta property=\"og:site_name\" content=\"VareseNews\" \/>\n<meta property=\"article:publisher\" content=\"https:\/\/www.facebook.com\/varesenews\" \/>\n<meta property=\"article:published_time\" content=\"2013-02-27T00:00:00+00:00\" \/>\n<meta property=\"og:image\" content=\"https:\/\/www3.varesenews.it\/immagini_articoli\/201302\/grillo__mobile.jpg\" \/>\n<meta name=\"author\" content=\"Redazione VareseNews\" \/>\n<meta name=\"twitter:card\" content=\"summary_large_image\" \/>\n<meta name=\"twitter:creator\" content=\"@varesenews\" \/>\n<meta name=\"twitter:site\" content=\"@varesenews\" \/>\n<meta name=\"twitter:label1\" content=\"Scritto da\" \/>\n\t<meta name=\"twitter:data1\" content=\"Redazione VareseNews\" \/>\n\t<meta name=\"twitter:label2\" content=\"Tempo di lettura stimato\" \/>\n\t<meta name=\"twitter:data2\" content=\"1 minuto\" \/>\n<script type=\"application\/ld+json\" class=\"yoast-schema-graph\">{\"@context\":\"https:\/\/schema.org\",\"@graph\":[{\"@type\":\"WebPage\",\"@id\":\"https:\/\/staging.varesenews.it\/2013\/02\/grillo-rifiuta-l-alleanza-con-bersani\/66615\/\",\"url\":\"https:\/\/staging.varesenews.it\/2013\/02\/grillo-rifiuta-l-alleanza-con-bersani\/66615\/\",\"name\":\"Grillo rifiuta l\u2019alleanza con Bersani\",\"isPartOf\":{\"@id\":\"https:\/\/staging.varesenews.it\/#website\"},\"datePublished\":\"2013-02-27T00:00:00+00:00\",\"dateModified\":\"2013-02-27T00:00:00+00:00\",\"author\":{\"@id\":\"https:\/\/staging.varesenews.it\/#\/schema\/person\/fb20c4da0b7b16c291707a20db73e169\"},\"description\":\"Come vanno le alleanze del prossimo parlamento? Cos\u00ec cos\u00ec: Grillo non vuole collaborare stabilmente con Bersani e gli dice che \u00e8 uno \u201cstalker\u201d e un \u201cmorto che parla\u201d\",\"breadcrumb\":{\"@id\":\"https:\/\/staging.varesenews.it\/2013\/02\/grillo-rifiuta-l-alleanza-con-bersani\/66615\/#breadcrumb\"},\"inLanguage\":\"it-IT\",\"potentialAction\":[{\"@type\":\"ReadAction\",\"target\":[\"https:\/\/staging.varesenews.it\/2013\/02\/grillo-rifiuta-l-alleanza-con-bersani\/66615\/\"]}]},{\"@type\":\"BreadcrumbList\",\"@id\":\"https:\/\/staging.varesenews.it\/2013\/02\/grillo-rifiuta-l-alleanza-con-bersani\/66615\/#breadcrumb\",\"itemListElement\":[{\"@type\":\"ListItem\",\"position\":1,\"name\":\"Home\",\"item\":\"https:\/\/www.varesenews.it\/\"},{\"@type\":\"ListItem\",\"position\":2,\"name\":\"Grillo rifiuta l\u2019alleanza con Bersani\"}]},{\"@type\":\"WebSite\",\"@id\":\"https:\/\/staging.varesenews.it\/#website\",\"url\":\"https:\/\/staging.varesenews.it\/\",\"name\":\"VareseNews\",\"description\":\"\",\"potentialAction\":[{\"@type\":\"SearchAction\",\"target\":{\"@type\":\"EntryPoint\",\"urlTemplate\":\"https:\/\/staging.varesenews.it\/?s={search_term_string}\"},\"query-input\":\"required name=search_term_string\"}],\"inLanguage\":\"it-IT\"},{\"@type\":\"Person\",\"@id\":\"https:\/\/staging.varesenews.it\/#\/schema\/person\/fb20c4da0b7b16c291707a20db73e169\",\"name\":\"Redazione VareseNews\",\"image\":{\"@type\":\"ImageObject\",\"inLanguage\":\"it-IT\",\"@id\":\"https:\/\/staging.varesenews.it\/#\/schema\/person\/image\/\",\"url\":\"https:\/\/staging.varesenews.it\/wp-content\/uploads\/2020\/12\/logo_VN_colori_500.png\",\"contentUrl\":\"https:\/\/staging.varesenews.it\/wp-content\/uploads\/2020\/12\/logo_VN_colori_500.png\",\"caption\":\"Redazione VareseNews\"},\"url\":\"https:\/\/staging.varesenews.it\/persona\/redazione1\/\"}]}<\/script>\n<!-- \/ Yoast SEO plugin. -->","yoast_head_json":{"title":"Grillo rifiuta l\u2019alleanza con Bersani","description":"Come vanno le alleanze del prossimo parlamento? Cos\u00ec cos\u00ec: Grillo non vuole collaborare stabilmente con Bersani e gli dice che \u00e8 uno \u201cstalker\u201d e un \u201cmorto che parla\u201d","robots":{"index":"noindex","follow":"follow","max-snippet":"max-snippet:-1","max-image-preview":"max-image-preview:large","max-video-preview":"max-video-preview:-1"},"og_locale":"it_IT","og_type":"article","og_title":"Grillo rifiuta l\u2019alleanza con Bersani","og_description":"Come vanno le alleanze del prossimo parlamento? Cos\u00ec cos\u00ec: Grillo non vuole collaborare stabilmente con Bersani e gli dice che \u00e8 uno \u201cstalker\u201d e un \u201cmorto che parla\u201d","og_url":"https:\/\/staging.varesenews.it\/2013\/02\/grillo-rifiuta-l-alleanza-con-bersani\/66615\/","og_site_name":"VareseNews","article_publisher":"https:\/\/www.facebook.com\/varesenews","article_published_time":"2013-02-27T00:00:00+00:00","og_image":[{"url":"https:\/\/www3.varesenews.it\/immagini_articoli\/201302\/grillo__mobile.jpg"}],"author":"Redazione VareseNews","twitter_card":"summary_large_image","twitter_creator":"@varesenews","twitter_site":"@varesenews","twitter_misc":{"Scritto da":"Redazione VareseNews","Tempo di lettura stimato":"1 minuto"},"schema":{"@context":"https:\/\/schema.org","@graph":[{"@type":"WebPage","@id":"https:\/\/staging.varesenews.it\/2013\/02\/grillo-rifiuta-l-alleanza-con-bersani\/66615\/","url":"https:\/\/staging.varesenews.it\/2013\/02\/grillo-rifiuta-l-alleanza-con-bersani\/66615\/","name":"Grillo rifiuta l\u2019alleanza con Bersani","isPartOf":{"@id":"https:\/\/staging.varesenews.it\/#website"},"datePublished":"2013-02-27T00:00:00+00:00","dateModified":"2013-02-27T00:00:00+00:00","author":{"@id":"https:\/\/staging.varesenews.it\/#\/schema\/person\/fb20c4da0b7b16c291707a20db73e169"},"description":"Come vanno le alleanze del prossimo parlamento? Cos\u00ec cos\u00ec: Grillo non vuole collaborare stabilmente con Bersani e gli dice che \u00e8 uno \u201cstalker\u201d e un \u201cmorto che parla\u201d","breadcrumb":{"@id":"https:\/\/staging.varesenews.it\/2013\/02\/grillo-rifiuta-l-alleanza-con-bersani\/66615\/#breadcrumb"},"inLanguage":"it-IT","potentialAction":[{"@type":"ReadAction","target":["https:\/\/staging.varesenews.it\/2013\/02\/grillo-rifiuta-l-alleanza-con-bersani\/66615\/"]}]},{"@type":"BreadcrumbList","@id":"https:\/\/staging.varesenews.it\/2013\/02\/grillo-rifiuta-l-alleanza-con-bersani\/66615\/#breadcrumb","itemListElement":[{"@type":"ListItem","position":1,"name":"Home","item":"https:\/\/www.varesenews.it\/"},{"@type":"ListItem","position":2,"name":"Grillo rifiuta l\u2019alleanza con Bersani"}]},{"@type":"WebSite","@id":"https:\/\/staging.varesenews.it\/#website","url":"https:\/\/staging.varesenews.it\/","name":"VareseNews","description":"","potentialAction":[{"@type":"SearchAction","target":{"@type":"EntryPoint","urlTemplate":"https:\/\/staging.varesenews.it\/?s={search_term_string}"},"query-input":"required name=search_term_string"}],"inLanguage":"it-IT"},{"@type":"Person","@id":"https:\/\/staging.varesenews.it\/#\/schema\/person\/fb20c4da0b7b16c291707a20db73e169","name":"Redazione VareseNews","image":{"@type":"ImageObject","inLanguage":"it-IT","@id":"https:\/\/staging.varesenews.it\/#\/schema\/person\/image\/","url":"https:\/\/staging.varesenews.it\/wp-content\/uploads\/2020\/12\/logo_VN_colori_500.png","contentUrl":"https:\/\/staging.varesenews.it\/wp-content\/uploads\/2020\/12\/logo_VN_colori_500.png","caption":"Redazione VareseNews"},"url":"https:\/\/staging.varesenews.it\/persona\/redazione1\/"}]}},"post_meta":{"id_old":"256559","argomento":"Il dopo voto"},"photos":[],"_links":{"self":[{"href":"https:\/\/staging.varesenews.it\/swgapi\/v1\/wp\/v2\/posts\/66615"}],"collection":[{"href":"https:\/\/staging.varesenews.it\/swgapi\/v1\/wp\/v2\/posts"}],"about":[{"href":"https:\/\/staging.varesenews.it\/swgapi\/v1\/wp\/v2\/types\/post"}],"author":[{"embeddable":true,"href":"https:\/\/staging.varesenews.it\/swgapi\/v1\/wp\/v2\/users\/10"}],"replies":[{"embeddable":true,"href":"https:\/\/staging.varesenews.it\/swgapi\/v1\/wp\/v2\/comments?post=66615"}],"version-history":[{"count":0,"href":"https:\/\/staging.varesenews.it\/swgapi\/v1\/wp\/v2\/posts\/66615\/revisions"}],"wp:attachment":[{"href":"https:\/\/staging.varesenews.it\/swgapi\/v1\/wp\/v2\/media?parent=66615"}],"wp:term":[{"taxonomy":"category","embeddable":true,"href":"https:\/\/staging.varesenews.it\/swgapi\/v1\/wp\/v2\/categories?post=66615"},{"taxonomy":"post_tag","embeddable":true,"href":"https:\/\/staging.varesenews.it\/swgapi\/v1\/wp\/v2\/tags?post=66615"}],"curies":[{"name":"wp","href":"https:\/\/api.w.org\/{rel}","templated":true}]}}