{"id":667274,"date":"2017-11-07T17:54:12","date_gmt":"2017-11-07T16:54:12","guid":{"rendered":"http:\/\/www.varesenews.it\/?p=667274"},"modified":"2017-11-07T17:54:12","modified_gmt":"2017-11-07T16:54:12","slug":"brunori-sas-a-teatro-ecco-le-date-del-tour","status":"publish","type":"post","link":"https:\/\/staging.varesenews.it\/2017\/11\/brunori-sas-a-teatro-ecco-le-date-del-tour\/667274\/","title":{"rendered":"Brunori Sas a teatro, ecco le date del tour"},"content":{"rendered":"<p>Un incredibile 2017 per <strong>Brunori Sas che ha conquistato il pubblico e la critica con l\u2019ultimo album di inediti \u201cA casa tutto bene\u201d,<\/strong> recentemente certificato disco d\u2019oro e seguito dal grande successo live dell\u2019omonimo tour, con oltre 65.000 biglietti venduti. Dopo i numerosi riconoscimenti, tra cui la Targa Tenco per la miglior canzone dell\u2019anno con \u201cLa Verit\u00e0\u201d, che ha ottenuto anche il disco d\u2019oro, il cantautore \u00e8 pronto a cimentarsi con una nuova avventura teatrale \u201cBrunori a teatro \u2013 canzoni e monologhi sull\u2019incertezza\u201d al via il 16 febbraio dall\u2019 Auditorium Santa Chiara di Trento.<\/p>\n<p>Dopo il collaudato successo dell\u2019esperienza teatrale del 2015 con &#8220;Brunori SRL, una societ\u00e0 a responsabilit\u00e0 limitata&#8221;, Dario porter\u00e0 in scena uno spettacolo unico nel suo genere fatto di musica e argute riflessioni, che si rif\u00e0 allo stile del teatro &#8211; canzone e della standup comedy. Insieme alla sua storica band, alterner\u00e0 ai brani cantati intermezzi parlati, descrivendo il mondo contemporaneo col suo stile inimitabile che coniuga profondit\u00e0 con leggerezza, sacro con profano, malinconia con simpatia, e lo sguardo lucido e sentimentale che caratterizza la sua poetica. Un percorso tra il riso e il pianto, dove l&#8217;unica certezza \u00e8\u2026l&#8217;incertezza, vedere per credere: http:\/\/bit.ly\/BrunoriATeatro<\/p>\n<p><strong>\u201cBrunori a teatro \u2013 canzoni e monologhi sull\u2019incertezza\u201d arriver\u00e0 nei principali teatri italiani:<\/strong> il 16 febbraio a Trento (Auditorium Santa Chiara) il 17 febbraio a Mantova (Teatro Sociale), il 19 febbraio a Milano (Teatro Arcimboldi), il 24 febbraio a Pescara (Teatro Massimo), il 26 febbraio a Napoli (Teatro Augusteo), 28 febbraio a Genova (Teatro Politeama Genovese), il 1 marzo a Varese (Teatro Openjobmetis), il 5 marzo a Bologna (Teatro Europauditorium), il 6 marzo a Udine (Teatro Giovanni da Udine), il 7 marzo a Ravenna (Teatro Dante Alighieri), il 13 marzo a Roma (Auditorium Parco Della Musica), il 14 marzo ad Assisi (Teatro Lyric), il 15 marzo ad Ancona (Teatro Le Muse), il 17 marzo a Cosenza (Teatro Rendano), il 18 marzo a Bari (Teatro Petruzzelli), il 21 marzo a Catania (Teatro Land), il 22 marzo a Palermo (Teatro Golden), il 23 marzo a Reggio Calabria (Teatro Cilea), il 27 marzo a Torino (Teatro Colosseo), il 28 marzo a Padova (Gran Teatro Geox), il 29 marzo a Firenze (Teatro Verdi).<\/p>\n<p>I biglietti per i nuovi appuntamenti sono gi\u00e0 disponibili in prevendita su Ticketone (www.ticketone.it) e su tutti i circuiti autorizzati.<\/p>\n<p>Radio Capital e Spotify sono i media partner ufficiali del tour.<br \/>\nIl tour \u00e8 organizzato da Just Me\/Picicca.<\/p>\n<p>Per informazioni: www.brunorisas.it<\/p>\n<p>BRUNORI A TEATRO &#8211; CANZONI E MONOLOGHI SULL&#8217;INCERTEZZA<br \/>\nIL CALENDARIO<\/p>\n<p>16.02 Trento &#8211; Auditorium Santa Chiara<br \/>\n17.02 Mantova &#8211; Teatro Sociale<br \/>\n19.02 Milano &#8211; Teatro Arcimboldi<br \/>\n24.02 Pescara &#8211; Teatro Massimo<br \/>\n26.02 Napoli &#8211; Teatro Augusteo<br \/>\n28.02 Genova &#8211; Teatro Politeama Genovese<br \/>\n01.03 Varese &#8211; Teatro Openjobmetis<br \/>\n05.03 Bologna &#8211; Teatro Europauditorium<br \/>\n06.03 Udine &#8211; Teatro Giovanni da Udine<br \/>\n07.03 Ravenna &#8211; Teatro Dante Alighieri<br \/>\n13.03 Roma &#8211; Auditorium Parco Della Musica<br \/>\n14.03 Assisi &#8211; Teatro Lyric<br \/>\n15.03 Ancona &#8211; Teatro Le Muse<br \/>\n17.03 Cosenza &#8211; Teatro Rendano<br \/>\n18.03 Bari &#8211; Teatro Petruzzelli<br \/>\n21.03 Catania &#8211; Teatro Land<br \/>\n22.03 Palermo &#8211; Teatro Golden<br \/>\n23.03 Reggio Calabria &#8211; Teatro Cilea<br \/>\n27.03 Torino &#8211; Teatro Colosseo<br \/>\n28.03 Padova &#8211; Gran Teatro Geox<br \/>\n29.03 Firenze &#8211; Teatro Verdi<\/p>\n","protected":false},"excerpt":{"rendered":"<p>Il tour far\u00e0 tappa in tutta Italia. Al via dal 16 febbraio <\/p>\n","protected":false},"author":32,"featured_media":0,"comment_status":"open","ping_status":"open","sticky":false,"template":"","format":"standard","meta":{"footnotes":""},"categories":[20,2],"tags":[170,324],"acf":[],"yoast_head":"<!-- This site is optimized with the Yoast SEO plugin v20.1 - https:\/\/yoast.com\/wordpress\/plugins\/seo\/ -->\n<title>Brunori Sas a teatro, ecco le date del tour<\/title>\n<meta name=\"description\" content=\"Il tour far\u00e0 tappa in tutta Italia. Al via dal 16 febbraio\" \/>\n<meta name=\"robots\" content=\"noindex, follow, max-snippet:-1, max-image-preview:large, max-video-preview:-1\" \/>\n<meta property=\"og:locale\" content=\"it_IT\" \/>\n<meta property=\"og:type\" content=\"article\" \/>\n<meta property=\"og:title\" content=\"Brunori Sas a teatro, ecco le date del tour\" \/>\n<meta property=\"og:description\" content=\"Il tour far\u00e0 tappa in tutta Italia. Al via dal 16 febbraio\" \/>\n<meta property=\"og:url\" content=\"https:\/\/staging.varesenews.it\/2017\/11\/brunori-sas-a-teatro-ecco-le-date-del-tour\/667274\/\" \/>\n<meta property=\"og:site_name\" content=\"VareseNews\" \/>\n<meta property=\"article:publisher\" content=\"https:\/\/www.facebook.com\/varesenews\" \/>\n<meta property=\"article:published_time\" content=\"2017-11-07T16:54:12+00:00\" \/>\n<meta name=\"author\" content=\"Adelia Brigo\" \/>\n<meta name=\"twitter:card\" content=\"summary_large_image\" \/>\n<meta name=\"twitter:creator\" content=\"@AdeliaBrigo\" \/>\n<meta name=\"twitter:site\" content=\"@varesenews\" \/>\n<meta name=\"twitter:label1\" content=\"Scritto da\" \/>\n\t<meta name=\"twitter:data1\" content=\"Adelia Brigo\" \/>\n\t<meta name=\"twitter:label2\" content=\"Tempo di lettura stimato\" \/>\n\t<meta name=\"twitter:data2\" content=\"2 minuti\" \/>\n<script type=\"application\/ld+json\" class=\"yoast-schema-graph\">{\"@context\":\"https:\/\/schema.org\",\"@graph\":[{\"@type\":\"WebPage\",\"@id\":\"https:\/\/staging.varesenews.it\/2017\/11\/brunori-sas-a-teatro-ecco-le-date-del-tour\/667274\/\",\"url\":\"https:\/\/staging.varesenews.it\/2017\/11\/brunori-sas-a-teatro-ecco-le-date-del-tour\/667274\/\",\"name\":\"Brunori Sas a teatro, ecco le date del tour\",\"isPartOf\":{\"@id\":\"https:\/\/staging.varesenews.it\/#website\"},\"datePublished\":\"2017-11-07T16:54:12+00:00\",\"dateModified\":\"2017-11-07T16:54:12+00:00\",\"author\":{\"@id\":\"https:\/\/staging.varesenews.it\/#\/schema\/person\/272ac0f5b2dbfd572218c2d86e013f1a\"},\"description\":\"Il tour far\u00e0 tappa in tutta Italia. Al via dal 16 febbraio\",\"breadcrumb\":{\"@id\":\"https:\/\/staging.varesenews.it\/2017\/11\/brunori-sas-a-teatro-ecco-le-date-del-tour\/667274\/#breadcrumb\"},\"inLanguage\":\"it-IT\",\"potentialAction\":[{\"@type\":\"ReadAction\",\"target\":[\"https:\/\/staging.varesenews.it\/2017\/11\/brunori-sas-a-teatro-ecco-le-date-del-tour\/667274\/\"]}]},{\"@type\":\"BreadcrumbList\",\"@id\":\"https:\/\/staging.varesenews.it\/2017\/11\/brunori-sas-a-teatro-ecco-le-date-del-tour\/667274\/#breadcrumb\",\"itemListElement\":[{\"@type\":\"ListItem\",\"position\":1,\"name\":\"Home\",\"item\":\"https:\/\/www.varesenews.it\/\"},{\"@type\":\"ListItem\",\"position\":2,\"name\":\"Brunori Sas a teatro, ecco le date del tour\"}]},{\"@type\":\"WebSite\",\"@id\":\"https:\/\/staging.varesenews.it\/#website\",\"url\":\"https:\/\/staging.varesenews.it\/\",\"name\":\"VareseNews\",\"description\":\"\",\"potentialAction\":[{\"@type\":\"SearchAction\",\"target\":{\"@type\":\"EntryPoint\",\"urlTemplate\":\"https:\/\/staging.varesenews.it\/?s={search_term_string}\"},\"query-input\":\"required name=search_term_string\"}],\"inLanguage\":\"it-IT\"},{\"@type\":\"Person\",\"@id\":\"https:\/\/staging.varesenews.it\/#\/schema\/person\/272ac0f5b2dbfd572218c2d86e013f1a\",\"name\":\"Adelia Brigo\",\"image\":{\"@type\":\"ImageObject\",\"inLanguage\":\"it-IT\",\"@id\":\"https:\/\/staging.varesenews.it\/#\/schema\/person\/image\/\",\"url\":\"https:\/\/staging.varesenews.it\/wp-content\/uploads\/2020\/12\/adelia_brigo_colori_500.jpg\",\"contentUrl\":\"https:\/\/staging.varesenews.it\/wp-content\/uploads\/2020\/12\/adelia_brigo_colori_500.jpg\",\"caption\":\"Adelia Brigo\"},\"description\":\"Giornalista pubblicista, lavoro a VareseNews dal 2007 e mi occupo di cronaca locale e del settore dedicato alla cultura. In questi anni ho seguito diversi progetti di comunicazione, amo sperimentare strategie per i Social Network e raccontare storie. Varesina, classe 1984, sono laureata in Scienze della Comunicazione.&nbsp;\",\"sameAs\":[\"AdeliaBrigo\",\"https:\/\/twitter.com\/AdeliaBrigo\"],\"url\":\"https:\/\/staging.varesenews.it\/persona\/adelia_brigo\/\"}]}<\/script>\n<!-- \/ Yoast SEO plugin. -->","yoast_head_json":{"title":"Brunori Sas a teatro, ecco le date del tour","description":"Il tour far\u00e0 tappa in tutta Italia. Al via dal 16 febbraio","robots":{"index":"noindex","follow":"follow","max-snippet":"max-snippet:-1","max-image-preview":"max-image-preview:large","max-video-preview":"max-video-preview:-1"},"og_locale":"it_IT","og_type":"article","og_title":"Brunori Sas a teatro, ecco le date del tour","og_description":"Il tour far\u00e0 tappa in tutta Italia. Al via dal 16 febbraio","og_url":"https:\/\/staging.varesenews.it\/2017\/11\/brunori-sas-a-teatro-ecco-le-date-del-tour\/667274\/","og_site_name":"VareseNews","article_publisher":"https:\/\/www.facebook.com\/varesenews","article_published_time":"2017-11-07T16:54:12+00:00","author":"Adelia Brigo","twitter_card":"summary_large_image","twitter_creator":"@AdeliaBrigo","twitter_site":"@varesenews","twitter_misc":{"Scritto da":"Adelia Brigo","Tempo di lettura stimato":"2 minuti"},"schema":{"@context":"https:\/\/schema.org","@graph":[{"@type":"WebPage","@id":"https:\/\/staging.varesenews.it\/2017\/11\/brunori-sas-a-teatro-ecco-le-date-del-tour\/667274\/","url":"https:\/\/staging.varesenews.it\/2017\/11\/brunori-sas-a-teatro-ecco-le-date-del-tour\/667274\/","name":"Brunori Sas a teatro, ecco le date del tour","isPartOf":{"@id":"https:\/\/staging.varesenews.it\/#website"},"datePublished":"2017-11-07T16:54:12+00:00","dateModified":"2017-11-07T16:54:12+00:00","author":{"@id":"https:\/\/staging.varesenews.it\/#\/schema\/person\/272ac0f5b2dbfd572218c2d86e013f1a"},"description":"Il tour far\u00e0 tappa in tutta Italia. Al via dal 16 febbraio","breadcrumb":{"@id":"https:\/\/staging.varesenews.it\/2017\/11\/brunori-sas-a-teatro-ecco-le-date-del-tour\/667274\/#breadcrumb"},"inLanguage":"it-IT","potentialAction":[{"@type":"ReadAction","target":["https:\/\/staging.varesenews.it\/2017\/11\/brunori-sas-a-teatro-ecco-le-date-del-tour\/667274\/"]}]},{"@type":"BreadcrumbList","@id":"https:\/\/staging.varesenews.it\/2017\/11\/brunori-sas-a-teatro-ecco-le-date-del-tour\/667274\/#breadcrumb","itemListElement":[{"@type":"ListItem","position":1,"name":"Home","item":"https:\/\/www.varesenews.it\/"},{"@type":"ListItem","position":2,"name":"Brunori Sas a teatro, ecco le date del tour"}]},{"@type":"WebSite","@id":"https:\/\/staging.varesenews.it\/#website","url":"https:\/\/staging.varesenews.it\/","name":"VareseNews","description":"","potentialAction":[{"@type":"SearchAction","target":{"@type":"EntryPoint","urlTemplate":"https:\/\/staging.varesenews.it\/?s={search_term_string}"},"query-input":"required name=search_term_string"}],"inLanguage":"it-IT"},{"@type":"Person","@id":"https:\/\/staging.varesenews.it\/#\/schema\/person\/272ac0f5b2dbfd572218c2d86e013f1a","name":"Adelia Brigo","image":{"@type":"ImageObject","inLanguage":"it-IT","@id":"https:\/\/staging.varesenews.it\/#\/schema\/person\/image\/","url":"https:\/\/staging.varesenews.it\/wp-content\/uploads\/2020\/12\/adelia_brigo_colori_500.jpg","contentUrl":"https:\/\/staging.varesenews.it\/wp-content\/uploads\/2020\/12\/adelia_brigo_colori_500.jpg","caption":"Adelia Brigo"},"description":"Giornalista pubblicista, lavoro a VareseNews dal 2007 e mi occupo di cronaca locale e del settore dedicato alla cultura. In questi anni ho seguito diversi progetti di comunicazione, amo sperimentare strategie per i Social Network e raccontare storie. Varesina, classe 1984, sono laureata in Scienze della Comunicazione.&nbsp;","sameAs":["AdeliaBrigo","https:\/\/twitter.com\/AdeliaBrigo"],"url":"https:\/\/staging.varesenews.it\/persona\/adelia_brigo\/"}]}},"post_meta":{"_edit_lock":"1510073747:32","_edit_last":"32","_category_permalink":"20","ratings_users":"0","ratings_score":"0","ratings_average":"0","wdfb_og_title":"","wdfb_og_type":"","wdfb_og_description":"","wdfb_og_images":"a:1:{i:0;s:0:\"\";}","wdfb_og_custom_name":"a:1:{i:0;s:0:\"\";}","wdfb_og_custom_value":"a:1:{i:0;s:0:\"\";}","foto":"596856","firma_come_redazione":"1","argomento":"Musica","_jd_twitter":"","_jd_tweet_this":"yes","_wpt_short_url":"http:\/\/www.varesenews.it\/2017\/11\/brunori-sas-a-teatro-ecco-le-date-del-tour\/667274\/","_wp_jd_target":"http:\/\/www.varesenews.it\/2017\/11\/brunori-sas-a-teatro-ecco-le-date-del-tour\/667274\/","_jd_wp_twitter":"a:1:{i:0;s:143:\"Brunori Sas a teatro, ecco le date del tour http:\/\/www.varesenews.it\/2017\/11\/brunori-sas-a-teatro-ecco-le-date-del-tour\/667274\/ #concerto #tour\";}","_wpt_status_message":"Tweet inviato con successo."},"photos":[{"original":"https:\/\/staging.varesenews.it\/photogallery_new\/images\/2017\/03\/brunori-sas-in-concerto-all-alcatraz-596856.jpg","full":"https:\/\/staging.varesenews.it\/photogallery_new\/images\/2017\/03\/brunori-sas-in-concerto-all-alcatraz-596856.1024x768.jpg","large":"https:\/\/staging.varesenews.it\/photogallery_new\/images\/2017\/03\/brunori-sas-in-concerto-all-alcatraz-596856.610x431.jpg"}],"_links":{"self":[{"href":"https:\/\/staging.varesenews.it\/swgapi\/v1\/wp\/v2\/posts\/667274"}],"collection":[{"href":"https:\/\/staging.varesenews.it\/swgapi\/v1\/wp\/v2\/posts"}],"about":[{"href":"https:\/\/staging.varesenews.it\/swgapi\/v1\/wp\/v2\/types\/post"}],"author":[{"embeddable":true,"href":"https:\/\/staging.varesenews.it\/swgapi\/v1\/wp\/v2\/users\/32"}],"replies":[{"embeddable":true,"href":"https:\/\/staging.varesenews.it\/swgapi\/v1\/wp\/v2\/comments?post=667274"}],"version-history":[{"count":0,"href":"https:\/\/staging.varesenews.it\/swgapi\/v1\/wp\/v2\/posts\/667274\/revisions"}],"wp:attachment":[{"href":"https:\/\/staging.varesenews.it\/swgapi\/v1\/wp\/v2\/media?parent=667274"}],"wp:term":[{"taxonomy":"category","embeddable":true,"href":"https:\/\/staging.varesenews.it\/swgapi\/v1\/wp\/v2\/categories?post=667274"},{"taxonomy":"post_tag","embeddable":true,"href":"https:\/\/staging.varesenews.it\/swgapi\/v1\/wp\/v2\/tags?post=667274"}],"curies":[{"name":"wp","href":"https:\/\/api.w.org\/{rel}","templated":true}]}}