{"id":667383,"date":"2017-11-08T12:15:02","date_gmt":"2017-11-08T11:15:02","guid":{"rendered":"http:\/\/www.varesenews.it\/?p=667383"},"modified":"2017-11-08T12:22:59","modified_gmt":"2017-11-08T11:22:59","slug":"scuola-deuropa-futuredem","status":"publish","type":"post","link":"https:\/\/staging.varesenews.it\/2017\/11\/scuola-deuropa-futuredem\/667383\/","title":{"rendered":"A scuola d\u2019Europa con FutureDem"},"content":{"rendered":"<p>&#8220;Circa il 70% della legislazione europea ha impatto sulle politiche amministrative locali. Su temi come i rifiuti, la sanit\u00e0, i trasporti, e non solo, ogni regolamento europeo o direttiva prevede una consultazione del Comitato europeo delle regioni composto da amministratori locali di tutti i 28 Stati membri dell\u2019Ue, per questo abbiamo voluto organizzare questa giornata di studio a Bruxelles per i nostri amministratori locali con i quali abbiamo incontrato i funzionari del Parlamento europeo e del Comitato europeo delle regioni che ci hanno spiegato l\u2019impatto delle politiche europee sui nostri territori\u201d. Cos\u00ec <strong>Giulio del Balzo, giovane gallaratese<\/strong> fondatore di <strong>FutureDem<\/strong>, associazione nazionale composta da giovani vicini al PD, che ha accompagnato una ventina di giovani amministratori del nord-ovest italiano a Bruxelles.<\/p>\n<p>Con lui, dalla provincia di Varese, anche <strong>Imen Boulahrajane<\/strong> (Cassano Magnago), <strong>Gionata De Stefanis<\/strong> (Tradate) e il Consigliere comunale PD di Busto Arsizio <strong>Massimo Brugnone<\/strong>.<\/p>\n<p>\u201cStiamo andando sempre di pi\u00f9 verso un\u2019economia globale fondata su scambi internazionali che avvengono tra citt\u00e0 e citt\u00e0. Son tornato a Bruxelles perch\u00e9 credo fortemente che Busto Arsizio possa, nei prossimi anni, iniziare a giocare un ruolo fondamentale di supporto a tutto il territorio dell\u2019Altomilanese nell\u2019attrazione di risorse dall\u2019Ue\u201d ha spiegato Massimo Brugnone, per la seconda volta ospite di una scuola del PD per giovani amministratori al Parlento europeo. \u201cCerto &#8211; ha spiegato il giovane Dem &#8211; se penso che sette dei 24 componenti italiani del Comitato europeo delle regioni sono Amministratori locali scelti da ANCI e il nostro Sindaco vuole abbandonare l\u2019Associazione Nazionale dei Comuni Italiani rinunciando al ruolo di capofila che gli compete, capiamo quanta strada ancora ci sia da fare e perch\u00e9 nell\u2019ultimo preventivo di bilancio abbia messo uno zero sul capitolo riguardante le entrate dall\u2019Unione europea. Una tendenza che come PD proveremo a cambiare, con massimo impegno\u201d.<\/p>\n","protected":false},"excerpt":{"rendered":"<p>Dalla provincia di Varese al cuore dell\u2019Europa: quattro giovani Dem hanno incontrato a Bruxelles i Parlamentari europei per aggiornarsi sulla ricaduta delle politiche europee sui singolo territori<\/p>\n","protected":false},"author":47,"featured_media":0,"comment_status":"open","ping_status":"open","sticky":false,"template":"","format":"standard","meta":{"footnotes":""},"categories":[4,3,16,5],"tags":[73814,3173],"acf":[],"yoast_head":"<!-- This site is optimized with the Yoast SEO plugin v20.1 - https:\/\/yoast.com\/wordpress\/plugins\/seo\/ -->\n<title>A scuola d\u2019Europa con FutureDem<\/title>\n<meta name=\"description\" content=\"Dalla provincia di Varese al cuore dell\u2019Europa: quattro giovani Dem hanno incontrato a Bruxelles i Parlamentari europei per aggiornarsi sulla ricaduta delle politiche europee sui singolo territori\" \/>\n<meta name=\"robots\" content=\"noindex, follow, max-snippet:-1, max-image-preview:large, max-video-preview:-1\" \/>\n<meta property=\"og:locale\" content=\"it_IT\" \/>\n<meta property=\"og:type\" content=\"article\" \/>\n<meta property=\"og:title\" content=\"A scuola d\u2019Europa con FutureDem\" \/>\n<meta property=\"og:description\" content=\"Dalla provincia di Varese al cuore dell\u2019Europa: quattro giovani Dem hanno incontrato a Bruxelles i Parlamentari europei per aggiornarsi sulla ricaduta delle politiche europee sui singolo territori\" \/>\n<meta property=\"og:url\" content=\"https:\/\/staging.varesenews.it\/2017\/11\/scuola-deuropa-futuredem\/667383\/\" \/>\n<meta property=\"og:site_name\" content=\"VareseNews\" \/>\n<meta property=\"article:publisher\" content=\"https:\/\/www.facebook.com\/varesenews\" \/>\n<meta property=\"article:published_time\" content=\"2017-11-08T11:15:02+00:00\" \/>\n<meta property=\"article:modified_time\" content=\"2017-11-08T11:22:59+00:00\" \/>\n<meta name=\"author\" content=\"Orlando Mastrillo\" \/>\n<meta name=\"twitter:card\" content=\"summary_large_image\" \/>\n<meta name=\"twitter:creator\" content=\"@nando_mastrillo\" \/>\n<meta name=\"twitter:site\" content=\"@varesenews\" \/>\n<meta name=\"twitter:label1\" content=\"Scritto da\" \/>\n\t<meta name=\"twitter:data1\" content=\"Orlando Mastrillo\" \/>\n\t<meta name=\"twitter:label2\" content=\"Tempo di lettura stimato\" \/>\n\t<meta name=\"twitter:data2\" content=\"2 minuti\" \/>\n<script type=\"application\/ld+json\" class=\"yoast-schema-graph\">{\"@context\":\"https:\/\/schema.org\",\"@graph\":[{\"@type\":\"WebPage\",\"@id\":\"https:\/\/staging.varesenews.it\/2017\/11\/scuola-deuropa-futuredem\/667383\/\",\"url\":\"https:\/\/staging.varesenews.it\/2017\/11\/scuola-deuropa-futuredem\/667383\/\",\"name\":\"A scuola d\u2019Europa con FutureDem\",\"isPartOf\":{\"@id\":\"https:\/\/staging.varesenews.it\/#website\"},\"datePublished\":\"2017-11-08T11:15:02+00:00\",\"dateModified\":\"2017-11-08T11:22:59+00:00\",\"author\":{\"@id\":\"https:\/\/staging.varesenews.it\/#\/schema\/person\/14c47ccce537a9058dddce296f10b296\"},\"description\":\"Dalla provincia di Varese al cuore dell\u2019Europa: quattro giovani Dem hanno incontrato a Bruxelles i Parlamentari europei per aggiornarsi sulla ricaduta delle politiche europee sui singolo territori\",\"breadcrumb\":{\"@id\":\"https:\/\/staging.varesenews.it\/2017\/11\/scuola-deuropa-futuredem\/667383\/#breadcrumb\"},\"inLanguage\":\"it-IT\",\"potentialAction\":[{\"@type\":\"ReadAction\",\"target\":[\"https:\/\/staging.varesenews.it\/2017\/11\/scuola-deuropa-futuredem\/667383\/\"]}]},{\"@type\":\"BreadcrumbList\",\"@id\":\"https:\/\/staging.varesenews.it\/2017\/11\/scuola-deuropa-futuredem\/667383\/#breadcrumb\",\"itemListElement\":[{\"@type\":\"ListItem\",\"position\":1,\"name\":\"Home\",\"item\":\"https:\/\/www.varesenews.it\/\"},{\"@type\":\"ListItem\",\"position\":2,\"name\":\"A scuola d\u2019Europa con FutureDem\"}]},{\"@type\":\"WebSite\",\"@id\":\"https:\/\/staging.varesenews.it\/#website\",\"url\":\"https:\/\/staging.varesenews.it\/\",\"name\":\"VareseNews\",\"description\":\"\",\"potentialAction\":[{\"@type\":\"SearchAction\",\"target\":{\"@type\":\"EntryPoint\",\"urlTemplate\":\"https:\/\/staging.varesenews.it\/?s={search_term_string}\"},\"query-input\":\"required name=search_term_string\"}],\"inLanguage\":\"it-IT\"},{\"@type\":\"Person\",\"@id\":\"https:\/\/staging.varesenews.it\/#\/schema\/person\/14c47ccce537a9058dddce296f10b296\",\"name\":\"Orlando Mastrillo\",\"image\":{\"@type\":\"ImageObject\",\"inLanguage\":\"it-IT\",\"@id\":\"https:\/\/staging.varesenews.it\/#\/schema\/person\/image\/\",\"url\":\"https:\/\/staging.varesenews.it\/wp-content\/uploads\/2020\/12\/orlando_mastrillo_colori_500.jpg\",\"contentUrl\":\"https:\/\/staging.varesenews.it\/wp-content\/uploads\/2020\/12\/orlando_mastrillo_colori_500.jpg\",\"caption\":\"Orlando Mastrillo\"},\"description\":\"Nasco a Luino nel 1981, ho iniziato questo lavoro nell'estate del 2003 nella redazione de Il Giorno di Varese e dall'anno successivo ho intrapreso la collaborazione con VareseNews. Dopo anni nell'Alto Varesotto mi sono trasferito a Busto Arsizio nel 2007, territorio che ho iniziato a seguire e che seguo tutt'oggi. Nel 2013 sono diventato giornalista professionista. Mi occupo di cronaca politica, giudiziaria e nera in una vasta area che comprende anche parte della Valle Olona e il Legnanese. Sono sposato con Valeria Arini e ho due splendide figlie.\",\"sameAs\":[\"or_ma\",\"https:\/\/twitter.com\/nando_mastrillo\"],\"url\":\"https:\/\/staging.varesenews.it\/persona\/orlando-mastrillo1\/\"}]}<\/script>\n<!-- \/ Yoast SEO plugin. -->","yoast_head_json":{"title":"A scuola d\u2019Europa con FutureDem","description":"Dalla provincia di Varese al cuore dell\u2019Europa: quattro giovani Dem hanno incontrato a Bruxelles i Parlamentari europei per aggiornarsi sulla ricaduta delle politiche europee sui singolo territori","robots":{"index":"noindex","follow":"follow","max-snippet":"max-snippet:-1","max-image-preview":"max-image-preview:large","max-video-preview":"max-video-preview:-1"},"og_locale":"it_IT","og_type":"article","og_title":"A scuola d\u2019Europa con FutureDem","og_description":"Dalla provincia di Varese al cuore dell\u2019Europa: quattro giovani Dem hanno incontrato a Bruxelles i Parlamentari europei per aggiornarsi sulla ricaduta delle politiche europee sui singolo territori","og_url":"https:\/\/staging.varesenews.it\/2017\/11\/scuola-deuropa-futuredem\/667383\/","og_site_name":"VareseNews","article_publisher":"https:\/\/www.facebook.com\/varesenews","article_published_time":"2017-11-08T11:15:02+00:00","article_modified_time":"2017-11-08T11:22:59+00:00","author":"Orlando Mastrillo","twitter_card":"summary_large_image","twitter_creator":"@nando_mastrillo","twitter_site":"@varesenews","twitter_misc":{"Scritto da":"Orlando Mastrillo","Tempo di lettura stimato":"2 minuti"},"schema":{"@context":"https:\/\/schema.org","@graph":[{"@type":"WebPage","@id":"https:\/\/staging.varesenews.it\/2017\/11\/scuola-deuropa-futuredem\/667383\/","url":"https:\/\/staging.varesenews.it\/2017\/11\/scuola-deuropa-futuredem\/667383\/","name":"A scuola d\u2019Europa con FutureDem","isPartOf":{"@id":"https:\/\/staging.varesenews.it\/#website"},"datePublished":"2017-11-08T11:15:02+00:00","dateModified":"2017-11-08T11:22:59+00:00","author":{"@id":"https:\/\/staging.varesenews.it\/#\/schema\/person\/14c47ccce537a9058dddce296f10b296"},"description":"Dalla provincia di Varese al cuore dell\u2019Europa: quattro giovani Dem hanno incontrato a Bruxelles i Parlamentari europei per aggiornarsi sulla ricaduta delle politiche europee sui singolo territori","breadcrumb":{"@id":"https:\/\/staging.varesenews.it\/2017\/11\/scuola-deuropa-futuredem\/667383\/#breadcrumb"},"inLanguage":"it-IT","potentialAction":[{"@type":"ReadAction","target":["https:\/\/staging.varesenews.it\/2017\/11\/scuola-deuropa-futuredem\/667383\/"]}]},{"@type":"BreadcrumbList","@id":"https:\/\/staging.varesenews.it\/2017\/11\/scuola-deuropa-futuredem\/667383\/#breadcrumb","itemListElement":[{"@type":"ListItem","position":1,"name":"Home","item":"https:\/\/www.varesenews.it\/"},{"@type":"ListItem","position":2,"name":"A scuola d\u2019Europa con FutureDem"}]},{"@type":"WebSite","@id":"https:\/\/staging.varesenews.it\/#website","url":"https:\/\/staging.varesenews.it\/","name":"VareseNews","description":"","potentialAction":[{"@type":"SearchAction","target":{"@type":"EntryPoint","urlTemplate":"https:\/\/staging.varesenews.it\/?s={search_term_string}"},"query-input":"required name=search_term_string"}],"inLanguage":"it-IT"},{"@type":"Person","@id":"https:\/\/staging.varesenews.it\/#\/schema\/person\/14c47ccce537a9058dddce296f10b296","name":"Orlando Mastrillo","image":{"@type":"ImageObject","inLanguage":"it-IT","@id":"https:\/\/staging.varesenews.it\/#\/schema\/person\/image\/","url":"https:\/\/staging.varesenews.it\/wp-content\/uploads\/2020\/12\/orlando_mastrillo_colori_500.jpg","contentUrl":"https:\/\/staging.varesenews.it\/wp-content\/uploads\/2020\/12\/orlando_mastrillo_colori_500.jpg","caption":"Orlando Mastrillo"},"description":"Nasco a Luino nel 1981, ho iniziato questo lavoro nell'estate del 2003 nella redazione de Il Giorno di Varese e dall'anno successivo ho intrapreso la collaborazione con VareseNews. Dopo anni nell'Alto Varesotto mi sono trasferito a Busto Arsizio nel 2007, territorio che ho iniziato a seguire e che seguo tutt'oggi. Nel 2013 sono diventato giornalista professionista. Mi occupo di cronaca politica, giudiziaria e nera in una vasta area che comprende anche parte della Valle Olona e il Legnanese. Sono sposato con Valeria Arini e ho due splendide figlie.","sameAs":["or_ma","https:\/\/twitter.com\/nando_mastrillo"],"url":"https:\/\/staging.varesenews.it\/persona\/orlando-mastrillo1\/"}]}},"post_meta":{"_edit_lock":"1510141503:47","_edit_last":"47","_category_permalink":"a:1:{s:8:\"category\";s:0:\"\";}","ratings_users":"0","ratings_score":"0","ratings_average":"0","argomento":"Bruxelles","_yoast_wpseo_content_score":"30","_jd_tweet_this":"yes","_wpt_short_url":"http:\/\/www.varesenews.it\/2017\/11\/scuola-deuropa-futuredem\/667383\/","_wp_jd_target":"http:\/\/www.varesenews.it\/2017\/11\/scuola-deuropa-futuredem\/667383\/","_jd_wp_twitter":"a:1:{i:0;s:110:\"A scuola d\u2019Europa con FutureDem http:\/\/www.varesenews.it\/2017\/11\/scuola-deuropa-futuredem\/667383\/ #futuredem\";}","_wpt_status_message":"Tweet inviato con successo.","foto":"641923"},"photos":[{"original":"https:\/\/staging.varesenews.it\/photogallery_new\/images\/2017\/11\/giovani-democratici-massimo-brugnone-giulio-del-balzo-gionata-de-stefanis-imen-boulahrajane-641923.jpg","full":"https:\/\/staging.varesenews.it\/photogallery_new\/images\/2017\/11\/giovani-democratici-massimo-brugnone-giulio-del-balzo-gionata-de-stefanis-imen-boulahrajane-641923.1024x768.jpg","large":"https:\/\/staging.varesenews.it\/photogallery_new\/images\/2017\/11\/giovani-democratici-massimo-brugnone-giulio-del-balzo-gionata-de-stefanis-imen-boulahrajane-641923.610x431.jpg"}],"_links":{"self":[{"href":"https:\/\/staging.varesenews.it\/swgapi\/v1\/wp\/v2\/posts\/667383"}],"collection":[{"href":"https:\/\/staging.varesenews.it\/swgapi\/v1\/wp\/v2\/posts"}],"about":[{"href":"https:\/\/staging.varesenews.it\/swgapi\/v1\/wp\/v2\/types\/post"}],"author":[{"embeddable":true,"href":"https:\/\/staging.varesenews.it\/swgapi\/v1\/wp\/v2\/users\/47"}],"replies":[{"embeddable":true,"href":"https:\/\/staging.varesenews.it\/swgapi\/v1\/wp\/v2\/comments?post=667383"}],"version-history":[{"count":0,"href":"https:\/\/staging.varesenews.it\/swgapi\/v1\/wp\/v2\/posts\/667383\/revisions"}],"wp:attachment":[{"href":"https:\/\/staging.varesenews.it\/swgapi\/v1\/wp\/v2\/media?parent=667383"}],"wp:term":[{"taxonomy":"category","embeddable":true,"href":"https:\/\/staging.varesenews.it\/swgapi\/v1\/wp\/v2\/categories?post=667383"},{"taxonomy":"post_tag","embeddable":true,"href":"https:\/\/staging.varesenews.it\/swgapi\/v1\/wp\/v2\/tags?post=667383"}],"curies":[{"name":"wp","href":"https:\/\/api.w.org\/{rel}","templated":true}]}}