{"id":667404,"date":"2017-11-08T14:00:47","date_gmt":"2017-11-08T13:00:47","guid":{"rendered":"http:\/\/www.varesenews.it\/?p=667404"},"modified":"2017-11-08T16:32:41","modified_gmt":"2017-11-08T15:32:41","slug":"nella-fabbrica-dei-libri-le-idee-prendono-forma","status":"publish","type":"post","link":"https:\/\/staging.varesenews.it\/2017\/11\/nella-fabbrica-dei-libri-le-idee-prendono-forma\/667404\/","title":{"rendered":"Nella fabbrica dei libri: dove le idee prendono forma"},"content":{"rendered":"<p class=\"p1\"><span class=\"s1\"><strong>Dalla bobina al libro: storia della trasformazione di un\u2019idea.<\/strong> <\/span><\/p>\n<p class=\"p1\"><span class=\"s1\">\u00ab Non non facciamo produzione ma un servizio di trasformazione\u00bb Con queste parole <strong>Gianandrea Redaelli della Tipografica Varese<\/strong> ha spiegato ai ragazzi di <strong>terza media della scuola Anna Frank<\/strong> in visita il lavoro che viene fatto quotidianamente nella fabbrica di via Cherso. Un momento di approfondimento per raccontare il <strong>valore dell\u2019impegno congiunto uomo-macchina fondamentale per realizzare un prodotto di qualit\u00e0<\/strong>: \u00ab La perfezione \u00e8 importante per dare l\u2019immagine nitida e colori definiti &#8211; ha spiegato Redaelli &#8211; per questo il controllo \u00e8 costante\u00bb.<\/span><\/p>\n<p class=\"p1\"><span class=\"s1\">Nell\u2019era tecnologica dove il digitale sembra avere la strada spianata,<strong> questa azienda lancia quotidianamente la sfida in favore della carta il cui valore affettivo non tramonta<\/strong>: \u00ab Per noi l\u2019impegno costante \u00e8 quello di innovare e realizzare un prodotto che risponda al meglio. L\u2019obiettivo futuro sar\u00e0 <strong>la realizzazione di prodotti unici e personalizzati<\/strong> che arrivino a soddisfare le esigenze di ciascuno\u00bb. Sembra quasi un\u2019utopia in un luogo dove la produzione in serie \u00e8 evidenziata dalle catene di montaggio ma nulla \u00e8 impossibile per affrontare il domani e la creativit\u00e0 non manca.<\/span><\/p>\n<p class=\"p1\"><span class=\"s1\">Cos\u00ec<strong> i 22 studenti in orientamento, su invito di Univa all\u2019interno del PMI Day<\/strong>, hanno visto come si trasforma <strong>una bobina, quante vite pu\u00f2 avere, a quali funzioni serve<\/strong>. <\/span><\/p>\n<p class=\"p1\"><span class=\"s1\">Stampaggio, assemblaggio, rilegatura: ogni fase di produzione ha rivelato dettagli affascinanti e particolari. Hanno potuto cogliere il grande lavoro che c\u2019\u00e8 dietro un libro, magari quel testo che utilizzano a scuola. Hanno capito che, all\u2019interno di una ditta, s<strong>ono tante le figure che si muovono con diversi compiti e responsabilit\u00e0:<\/strong> \u00ab Qui vogliamo essere quanto pi\u00f9 possibile con autosufficienti &#8211; ha spiegato Gianandrea Redaelli &#8211; per essere snelli e veloci. Ogni intoppo vogliamo risolverlo con le nostre forze cos\u00ec da ottimizzare il tempo. Per questo abbiamo anche una squadra che fa manutenzione: quando si lavora con le macchine, \u00e8 meglio avere subito chi te le ripara e le rimette in moto\u00bb. <\/span><\/p>\n<p class=\"p1\"><span class=\"s1\">Dai libri di scuola, agli atlanti, dai codici alle fiabe per bambini, dai manuali di formazione ai cataloghi: i giovani hanno conosciuto il complesso mondo della tipografia. Un mondo che ha ancora importanti sfide da lanciare.<\/span><\/p>\n<p><strong><a href=\"http:\/\/www.varesenews.it\/tag\/pmi-day-2017\/\">TUTTO QUELLO CHE C&#8217;\u00c8 DA SAPERE SUL\u00a0 PMI DAY<\/a><\/strong><\/p>\n","protected":false},"excerpt":{"rendered":"<p>Per l&#8217;iniziativa di Orientamento promossa da Univa verso i ragazzi di terza media, si sono aperte le porte della Tipografica Varese dove sono arrivati 22 ragazzi della media Anna Frank<\/p>\n","protected":false},"author":33,"featured_media":0,"comment_status":"open","ping_status":"open","sticky":false,"template":"","format":"standard","meta":{"footnotes":""},"categories":[15,90,2],"tags":[72446,73718,588],"acf":[],"yoast_head":"<!-- This site is optimized with the Yoast SEO plugin v20.1 - https:\/\/yoast.com\/wordpress\/plugins\/seo\/ -->\n<title>Nella fabbrica dei libri: dove le idee prendono forma<\/title>\n<meta name=\"description\" content=\"Per l&#039;iniziativa di Orientamento promossa da Univa verso i ragazzi di terza media, si sono aperte le porte della Tipografica Varese dove sono arrivati 22 ragazzi della media Anna Frank\" \/>\n<meta name=\"robots\" content=\"noindex, follow, max-snippet:-1, max-image-preview:large, max-video-preview:-1\" \/>\n<meta property=\"og:locale\" content=\"it_IT\" \/>\n<meta property=\"og:type\" content=\"article\" \/>\n<meta property=\"og:title\" content=\"Nella fabbrica dei libri: dove le idee prendono forma\" \/>\n<meta property=\"og:description\" content=\"Per l&#039;iniziativa di Orientamento promossa da Univa verso i ragazzi di terza media, si sono aperte le porte della Tipografica Varese dove sono arrivati 22 ragazzi della media Anna Frank\" \/>\n<meta property=\"og:url\" content=\"https:\/\/staging.varesenews.it\/2017\/11\/nella-fabbrica-dei-libri-le-idee-prendono-forma\/667404\/\" \/>\n<meta property=\"og:site_name\" content=\"VareseNews\" \/>\n<meta property=\"article:publisher\" content=\"https:\/\/www.facebook.com\/varesenews\" \/>\n<meta property=\"article:author\" content=\"alessandra.toni7\" \/>\n<meta property=\"article:published_time\" content=\"2017-11-08T13:00:47+00:00\" \/>\n<meta property=\"article:modified_time\" content=\"2017-11-08T15:32:41+00:00\" \/>\n<meta name=\"author\" content=\"Alessandra Toni\" \/>\n<meta name=\"twitter:card\" content=\"summary_large_image\" \/>\n<meta name=\"twitter:creator\" content=\"@alessandra_toni\" \/>\n<meta name=\"twitter:site\" content=\"@varesenews\" \/>\n<meta name=\"twitter:label1\" content=\"Scritto da\" \/>\n\t<meta name=\"twitter:data1\" content=\"Alessandra Toni\" \/>\n\t<meta name=\"twitter:label2\" content=\"Tempo di lettura stimato\" \/>\n\t<meta name=\"twitter:data2\" content=\"2 minuti\" \/>\n<script type=\"application\/ld+json\" class=\"yoast-schema-graph\">{\"@context\":\"https:\/\/schema.org\",\"@graph\":[{\"@type\":\"WebPage\",\"@id\":\"https:\/\/staging.varesenews.it\/2017\/11\/nella-fabbrica-dei-libri-le-idee-prendono-forma\/667404\/\",\"url\":\"https:\/\/staging.varesenews.it\/2017\/11\/nella-fabbrica-dei-libri-le-idee-prendono-forma\/667404\/\",\"name\":\"Nella fabbrica dei libri: dove le idee prendono forma\",\"isPartOf\":{\"@id\":\"https:\/\/staging.varesenews.it\/#website\"},\"datePublished\":\"2017-11-08T13:00:47+00:00\",\"dateModified\":\"2017-11-08T15:32:41+00:00\",\"author\":{\"@id\":\"https:\/\/staging.varesenews.it\/#\/schema\/person\/2643ce123d4a3c9511e015dc548779b8\"},\"description\":\"Per l'iniziativa di Orientamento promossa da Univa verso i ragazzi di terza media, si sono aperte le porte della Tipografica Varese dove sono arrivati 22 ragazzi della media Anna Frank\",\"breadcrumb\":{\"@id\":\"https:\/\/staging.varesenews.it\/2017\/11\/nella-fabbrica-dei-libri-le-idee-prendono-forma\/667404\/#breadcrumb\"},\"inLanguage\":\"it-IT\",\"potentialAction\":[{\"@type\":\"ReadAction\",\"target\":[\"https:\/\/staging.varesenews.it\/2017\/11\/nella-fabbrica-dei-libri-le-idee-prendono-forma\/667404\/\"]}]},{\"@type\":\"BreadcrumbList\",\"@id\":\"https:\/\/staging.varesenews.it\/2017\/11\/nella-fabbrica-dei-libri-le-idee-prendono-forma\/667404\/#breadcrumb\",\"itemListElement\":[{\"@type\":\"ListItem\",\"position\":1,\"name\":\"Home\",\"item\":\"https:\/\/www.varesenews.it\/\"},{\"@type\":\"ListItem\",\"position\":2,\"name\":\"Nella fabbrica dei libri: dove le idee prendono forma\"}]},{\"@type\":\"WebSite\",\"@id\":\"https:\/\/staging.varesenews.it\/#website\",\"url\":\"https:\/\/staging.varesenews.it\/\",\"name\":\"VareseNews\",\"description\":\"\",\"potentialAction\":[{\"@type\":\"SearchAction\",\"target\":{\"@type\":\"EntryPoint\",\"urlTemplate\":\"https:\/\/staging.varesenews.it\/?s={search_term_string}\"},\"query-input\":\"required name=search_term_string\"}],\"inLanguage\":\"it-IT\"},{\"@type\":\"Person\",\"@id\":\"https:\/\/staging.varesenews.it\/#\/schema\/person\/2643ce123d4a3c9511e015dc548779b8\",\"name\":\"Alessandra Toni\",\"image\":{\"@type\":\"ImageObject\",\"inLanguage\":\"it-IT\",\"@id\":\"https:\/\/staging.varesenews.it\/#\/schema\/person\/image\/\",\"url\":\"https:\/\/staging.varesenews.it\/wp-content\/uploads\/2020\/12\/alessandra_toni_colori_500.jpg\",\"contentUrl\":\"https:\/\/staging.varesenews.it\/wp-content\/uploads\/2020\/12\/alessandra_toni_colori_500.jpg\",\"caption\":\"Alessandra Toni\"},\"description\":\"Sono entrata nella redazione di VareseNews nel lontano anno 2000. Ero reduce da una bellissima esperienza nella redazione giornalistica della TV Nuova Antennatre, sotto la direzione dell'indimenticabile direttore Adolfo Caldarini. Sono arrivata quando era ancora una piccola realt\u00e0 editoriale e insieme abbiamo fatto un lungo ed entusiasmante lavoro. Mi occupo prevalentemente di scuola e di sanit\u00e0, settori impegnativi di grande valore sociale.\u00a0\",\"sameAs\":[\"alessandra.toni7\",\"alessandra.toni\",\"https:\/\/twitter.com\/alessandra_toni\"],\"url\":\"https:\/\/staging.varesenews.it\/persona\/alessandra_toni1\/\"}]}<\/script>\n<!-- \/ Yoast SEO plugin. -->","yoast_head_json":{"title":"Nella fabbrica dei libri: dove le idee prendono forma","description":"Per l'iniziativa di Orientamento promossa da Univa verso i ragazzi di terza media, si sono aperte le porte della Tipografica Varese dove sono arrivati 22 ragazzi della media Anna Frank","robots":{"index":"noindex","follow":"follow","max-snippet":"max-snippet:-1","max-image-preview":"max-image-preview:large","max-video-preview":"max-video-preview:-1"},"og_locale":"it_IT","og_type":"article","og_title":"Nella fabbrica dei libri: dove le idee prendono forma","og_description":"Per l'iniziativa di Orientamento promossa da Univa verso i ragazzi di terza media, si sono aperte le porte della Tipografica Varese dove sono arrivati 22 ragazzi della media Anna Frank","og_url":"https:\/\/staging.varesenews.it\/2017\/11\/nella-fabbrica-dei-libri-le-idee-prendono-forma\/667404\/","og_site_name":"VareseNews","article_publisher":"https:\/\/www.facebook.com\/varesenews","article_author":"alessandra.toni7","article_published_time":"2017-11-08T13:00:47+00:00","article_modified_time":"2017-11-08T15:32:41+00:00","author":"Alessandra Toni","twitter_card":"summary_large_image","twitter_creator":"@alessandra_toni","twitter_site":"@varesenews","twitter_misc":{"Scritto da":"Alessandra Toni","Tempo di lettura stimato":"2 minuti"},"schema":{"@context":"https:\/\/schema.org","@graph":[{"@type":"WebPage","@id":"https:\/\/staging.varesenews.it\/2017\/11\/nella-fabbrica-dei-libri-le-idee-prendono-forma\/667404\/","url":"https:\/\/staging.varesenews.it\/2017\/11\/nella-fabbrica-dei-libri-le-idee-prendono-forma\/667404\/","name":"Nella fabbrica dei libri: dove le idee prendono forma","isPartOf":{"@id":"https:\/\/staging.varesenews.it\/#website"},"datePublished":"2017-11-08T13:00:47+00:00","dateModified":"2017-11-08T15:32:41+00:00","author":{"@id":"https:\/\/staging.varesenews.it\/#\/schema\/person\/2643ce123d4a3c9511e015dc548779b8"},"description":"Per l'iniziativa di Orientamento promossa da Univa verso i ragazzi di terza media, si sono aperte le porte della Tipografica Varese dove sono arrivati 22 ragazzi della media Anna Frank","breadcrumb":{"@id":"https:\/\/staging.varesenews.it\/2017\/11\/nella-fabbrica-dei-libri-le-idee-prendono-forma\/667404\/#breadcrumb"},"inLanguage":"it-IT","potentialAction":[{"@type":"ReadAction","target":["https:\/\/staging.varesenews.it\/2017\/11\/nella-fabbrica-dei-libri-le-idee-prendono-forma\/667404\/"]}]},{"@type":"BreadcrumbList","@id":"https:\/\/staging.varesenews.it\/2017\/11\/nella-fabbrica-dei-libri-le-idee-prendono-forma\/667404\/#breadcrumb","itemListElement":[{"@type":"ListItem","position":1,"name":"Home","item":"https:\/\/www.varesenews.it\/"},{"@type":"ListItem","position":2,"name":"Nella fabbrica dei libri: dove le idee prendono forma"}]},{"@type":"WebSite","@id":"https:\/\/staging.varesenews.it\/#website","url":"https:\/\/staging.varesenews.it\/","name":"VareseNews","description":"","potentialAction":[{"@type":"SearchAction","target":{"@type":"EntryPoint","urlTemplate":"https:\/\/staging.varesenews.it\/?s={search_term_string}"},"query-input":"required name=search_term_string"}],"inLanguage":"it-IT"},{"@type":"Person","@id":"https:\/\/staging.varesenews.it\/#\/schema\/person\/2643ce123d4a3c9511e015dc548779b8","name":"Alessandra Toni","image":{"@type":"ImageObject","inLanguage":"it-IT","@id":"https:\/\/staging.varesenews.it\/#\/schema\/person\/image\/","url":"https:\/\/staging.varesenews.it\/wp-content\/uploads\/2020\/12\/alessandra_toni_colori_500.jpg","contentUrl":"https:\/\/staging.varesenews.it\/wp-content\/uploads\/2020\/12\/alessandra_toni_colori_500.jpg","caption":"Alessandra Toni"},"description":"Sono entrata nella redazione di VareseNews nel lontano anno 2000. Ero reduce da una bellissima esperienza nella redazione giornalistica della TV Nuova Antennatre, sotto la direzione dell'indimenticabile direttore Adolfo Caldarini. Sono arrivata quando era ancora una piccola realt\u00e0 editoriale e insieme abbiamo fatto un lungo ed entusiasmante lavoro. Mi occupo prevalentemente di scuola e di sanit\u00e0, settori impegnativi di grande valore sociale.\u00a0","sameAs":["alessandra.toni7","alessandra.toni","https:\/\/twitter.com\/alessandra_toni"],"url":"https:\/\/staging.varesenews.it\/persona\/alessandra_toni1\/"}]}},"post_meta":{"_edit_lock":"1510155048:45","_edit_last":"45","_category_permalink":"a:1:{s:8:\"category\";s:0:\"\";}","firma_come_redazione":"1","_yoast_wpseo_content_score":"30","_jd_tweet_this":"yes","id_video_vzaar":"12203188","foto":"641968","ratings_users":"0","ratings_score":"0","ratings_average":"0","id_leggi_anche":"667052,594063","firma-personalizzata":"A.T.","_wpt_short_url":"http:\/\/www.varesenews.it\/2017\/11\/nella-fabbrica-dei-libri-le-idee-prendono-forma\/667404\/","_wp_jd_target":"http:\/\/www.varesenews.it\/2017\/11\/nella-fabbrica-dei-libri-le-idee-prendono-forma\/667404\/","_jd_wp_twitter":"a:1:{i:0;s:143:\"Nella fabbrica dei libri: dove le idee prendono forma http:\/\/www.varesenews.it\/2017\/11\/nella-fabbrica-dei-libri-le-idee-prendono-forma\/667404\/ \";}","_wpt_status_message":"Tweet inviato con successo.","id_link_fotogallery":"667429"},"photos":[{"original":"https:\/\/staging.varesenews.it\/photogallery_new\/images\/2017\/11\/pmiday-gli-studenti-dell-anna-frank-in-visita-alla-tipografica-varese-641968.jpg","full":"https:\/\/staging.varesenews.it\/photogallery_new\/images\/2017\/11\/pmiday-gli-studenti-dell-anna-frank-in-visita-alla-tipografica-varese-641968.1024x768.jpg","large":"https:\/\/staging.varesenews.it\/photogallery_new\/images\/2017\/11\/pmiday-gli-studenti-dell-anna-frank-in-visita-alla-tipografica-varese-641968.610x431.jpg"}],"_links":{"self":[{"href":"https:\/\/staging.varesenews.it\/swgapi\/v1\/wp\/v2\/posts\/667404"}],"collection":[{"href":"https:\/\/staging.varesenews.it\/swgapi\/v1\/wp\/v2\/posts"}],"about":[{"href":"https:\/\/staging.varesenews.it\/swgapi\/v1\/wp\/v2\/types\/post"}],"author":[{"embeddable":true,"href":"https:\/\/staging.varesenews.it\/swgapi\/v1\/wp\/v2\/users\/33"}],"replies":[{"embeddable":true,"href":"https:\/\/staging.varesenews.it\/swgapi\/v1\/wp\/v2\/comments?post=667404"}],"version-history":[{"count":0,"href":"https:\/\/staging.varesenews.it\/swgapi\/v1\/wp\/v2\/posts\/667404\/revisions"}],"wp:attachment":[{"href":"https:\/\/staging.varesenews.it\/swgapi\/v1\/wp\/v2\/media?parent=667404"}],"wp:term":[{"taxonomy":"category","embeddable":true,"href":"https:\/\/staging.varesenews.it\/swgapi\/v1\/wp\/v2\/categories?post=667404"},{"taxonomy":"post_tag","embeddable":true,"href":"https:\/\/staging.varesenews.it\/swgapi\/v1\/wp\/v2\/tags?post=667404"}],"curies":[{"name":"wp","href":"https:\/\/api.w.org\/{rel}","templated":true}]}}