{"id":667418,"date":"2017-11-08T13:17:52","date_gmt":"2017-11-08T12:17:52","guid":{"rendered":"http:\/\/www.varesenews.it\/?p=667418"},"modified":"2017-11-08T13:17:52","modified_gmt":"2017-11-08T12:17:52","slug":"porte-sfondate-scuola-le-ripara","status":"publish","type":"post","link":"https:\/\/staging.varesenews.it\/2017\/11\/porte-sfondate-scuola-le-ripara\/667418\/","title":{"rendered":"Porte sfondate a scuola. Chi le ripara?"},"content":{"rendered":"<p class=\"p1\"><span class=\"s1\"><strong>Bagni con le porte rotte.<\/strong> Per gli studenti dell<strong>\u2019Isis Citt\u00e0 di Luino \u00e8 un problema di difficile soluzione<\/strong>: \u00ab Sono atti vandalici, qualcuno che ha voluto rompere un bene di tutti &#8211; commentano<strong> i rappresentanti degli studenti in Consiglio di Istituto<\/strong> &#8211; Alcuni vandalismi risalgono nel tempo e noi oggi continuiamo a subirne le conseguenze\u00bb.<\/span><\/p>\n<p class=\"p1\"><span class=\"s1\">Il problema riguarda <strong>circa la met\u00e0 delle porte dei bagni maschili e femminili<\/strong>\u00a0dei diversi piani dello stabile principale. Per questi danni, per\u00f2, la Provincia, ente che gestisce il patrimonio immobiliare scolastico, \u00e8 chiara: \u00ab<strong> Non si interviene se il danno ha natura vandalica<\/strong>\u00bb.<\/span><\/p>\n<p class=\"p1\"><span class=\"s1\">\u00ab Il capisco perfettamente la posizione di Villa Recalcati &#8211; commenta il<strong> dirigente Fabio Giovanetti<\/strong> &#8211; occorre maggiore responsabilit\u00e0 da parte di questi ragazzi. <strong>Devono collaborare a individuare chi ha danneggiato:<\/strong> non \u00e8 giusto che sia l\u2019intera comunit\u00e0 di studenti a pagare per pochi ma non deve nemmeno essere l\u2019ente pubblico. <strong>Troviamo una soluzione, massima collaborazione per risolvere insieme la situazione<\/strong>. Anche perch\u00e9 questo \u00e8 forse uno dei pochi punti negativi di una struttura che \u00e8 comunque a posto. \u00c8 aperto un cantiere nella palestra di via Cervinia dove stanno rifacendo il tetto per infiltrazioni. C\u2019\u00e8 attenzione sulla qualit\u00e0 all\u2019interno di questa scuola, <strong>non esagererei per poche porte rotte pur comprendendo il disagio<\/strong>\u00bb.<\/span><\/p>\n<p class=\"p1\"><span class=\"s1\">Per i rappresentanti, questo \u00e8 un punto importante: \u00ab <strong>Sono alcuni anni che la situazione si trascina senza apparente <\/strong>soluzioni. Noi vorremmo trovarla per rispetto della vita scolastica e di quanti subiscono una situazione creata da pochi. Siamo d\u2019accordo che occorre maggiore responsabilit\u00e0 da parte di noi studenti <strong>ma ora il danno c\u2019\u00e8 e come si ripara?<\/strong>\u00bb.<\/span><\/p>\n","protected":false},"excerpt":{"rendered":"<p>Alcune porte dei bagni dell&#8217;Isis Citt\u00e0 di Luino sono state rotte. La Provincia non paga per gli atti vandalici. I ragazzi, pur condividendo questa posizione, chiedono una soluzione<\/p>\n","protected":false},"author":33,"featured_media":0,"comment_status":"open","ping_status":"open","sticky":false,"template":"","format":"standard","meta":{"footnotes":""},"categories":[90,2],"tags":[732,630],"acf":[],"yoast_head":"<!-- This site is optimized with the Yoast SEO plugin v20.1 - https:\/\/yoast.com\/wordpress\/plugins\/seo\/ -->\n<title>Porte sfondate a scuola. Chi le ripara?<\/title>\n<meta name=\"description\" content=\"Alcune porte dei bagni dell&#039;Isis Citt\u00e0 di Luino sono state rotte. La Provincia non paga per gli atti vandalici. I ragazzi, pur condividendo questa posizione, chiedono una soluzione\" \/>\n<meta name=\"robots\" content=\"noindex, follow, max-snippet:-1, max-image-preview:large, max-video-preview:-1\" \/>\n<meta property=\"og:locale\" content=\"it_IT\" \/>\n<meta property=\"og:type\" content=\"article\" \/>\n<meta property=\"og:title\" content=\"Porte sfondate a scuola. Chi le ripara?\" \/>\n<meta property=\"og:description\" content=\"Alcune porte dei bagni dell&#039;Isis Citt\u00e0 di Luino sono state rotte. La Provincia non paga per gli atti vandalici. I ragazzi, pur condividendo questa posizione, chiedono una soluzione\" \/>\n<meta property=\"og:url\" content=\"https:\/\/staging.varesenews.it\/2017\/11\/porte-sfondate-scuola-le-ripara\/667418\/\" \/>\n<meta property=\"og:site_name\" content=\"VareseNews\" \/>\n<meta property=\"article:publisher\" content=\"https:\/\/www.facebook.com\/varesenews\" \/>\n<meta property=\"article:author\" content=\"alessandra.toni7\" \/>\n<meta property=\"article:published_time\" content=\"2017-11-08T12:17:52+00:00\" \/>\n<meta name=\"author\" content=\"Alessandra Toni\" \/>\n<meta name=\"twitter:card\" content=\"summary_large_image\" \/>\n<meta name=\"twitter:creator\" content=\"@alessandra_toni\" \/>\n<meta name=\"twitter:site\" content=\"@varesenews\" \/>\n<meta name=\"twitter:label1\" content=\"Scritto da\" \/>\n\t<meta name=\"twitter:data1\" content=\"Alessandra Toni\" \/>\n\t<meta name=\"twitter:label2\" content=\"Tempo di lettura stimato\" \/>\n\t<meta name=\"twitter:data2\" content=\"1 minuto\" \/>\n<script type=\"application\/ld+json\" class=\"yoast-schema-graph\">{\"@context\":\"https:\/\/schema.org\",\"@graph\":[{\"@type\":\"WebPage\",\"@id\":\"https:\/\/staging.varesenews.it\/2017\/11\/porte-sfondate-scuola-le-ripara\/667418\/\",\"url\":\"https:\/\/staging.varesenews.it\/2017\/11\/porte-sfondate-scuola-le-ripara\/667418\/\",\"name\":\"Porte sfondate a scuola. Chi le ripara?\",\"isPartOf\":{\"@id\":\"https:\/\/staging.varesenews.it\/#website\"},\"datePublished\":\"2017-11-08T12:17:52+00:00\",\"dateModified\":\"2017-11-08T12:17:52+00:00\",\"author\":{\"@id\":\"https:\/\/staging.varesenews.it\/#\/schema\/person\/2643ce123d4a3c9511e015dc548779b8\"},\"description\":\"Alcune porte dei bagni dell'Isis Citt\u00e0 di Luino sono state rotte. La Provincia non paga per gli atti vandalici. I ragazzi, pur condividendo questa posizione, chiedono una soluzione\",\"breadcrumb\":{\"@id\":\"https:\/\/staging.varesenews.it\/2017\/11\/porte-sfondate-scuola-le-ripara\/667418\/#breadcrumb\"},\"inLanguage\":\"it-IT\",\"potentialAction\":[{\"@type\":\"ReadAction\",\"target\":[\"https:\/\/staging.varesenews.it\/2017\/11\/porte-sfondate-scuola-le-ripara\/667418\/\"]}]},{\"@type\":\"BreadcrumbList\",\"@id\":\"https:\/\/staging.varesenews.it\/2017\/11\/porte-sfondate-scuola-le-ripara\/667418\/#breadcrumb\",\"itemListElement\":[{\"@type\":\"ListItem\",\"position\":1,\"name\":\"Home\",\"item\":\"https:\/\/www.varesenews.it\/\"},{\"@type\":\"ListItem\",\"position\":2,\"name\":\"Porte sfondate a scuola. Chi le ripara?\"}]},{\"@type\":\"WebSite\",\"@id\":\"https:\/\/staging.varesenews.it\/#website\",\"url\":\"https:\/\/staging.varesenews.it\/\",\"name\":\"VareseNews\",\"description\":\"\",\"potentialAction\":[{\"@type\":\"SearchAction\",\"target\":{\"@type\":\"EntryPoint\",\"urlTemplate\":\"https:\/\/staging.varesenews.it\/?s={search_term_string}\"},\"query-input\":\"required name=search_term_string\"}],\"inLanguage\":\"it-IT\"},{\"@type\":\"Person\",\"@id\":\"https:\/\/staging.varesenews.it\/#\/schema\/person\/2643ce123d4a3c9511e015dc548779b8\",\"name\":\"Alessandra Toni\",\"image\":{\"@type\":\"ImageObject\",\"inLanguage\":\"it-IT\",\"@id\":\"https:\/\/staging.varesenews.it\/#\/schema\/person\/image\/\",\"url\":\"https:\/\/staging.varesenews.it\/wp-content\/uploads\/2020\/12\/alessandra_toni_colori_500.jpg\",\"contentUrl\":\"https:\/\/staging.varesenews.it\/wp-content\/uploads\/2020\/12\/alessandra_toni_colori_500.jpg\",\"caption\":\"Alessandra Toni\"},\"description\":\"Sono entrata nella redazione di VareseNews nel lontano anno 2000. Ero reduce da una bellissima esperienza nella redazione giornalistica della TV Nuova Antennatre, sotto la direzione dell'indimenticabile direttore Adolfo Caldarini. Sono arrivata quando era ancora una piccola realt\u00e0 editoriale e insieme abbiamo fatto un lungo ed entusiasmante lavoro. Mi occupo prevalentemente di scuola e di sanit\u00e0, settori impegnativi di grande valore sociale.\u00a0\",\"sameAs\":[\"alessandra.toni7\",\"alessandra.toni\",\"https:\/\/twitter.com\/alessandra_toni\"],\"url\":\"https:\/\/staging.varesenews.it\/persona\/alessandra_toni1\/\"}]}<\/script>\n<!-- \/ Yoast SEO plugin. -->","yoast_head_json":{"title":"Porte sfondate a scuola. Chi le ripara?","description":"Alcune porte dei bagni dell'Isis Citt\u00e0 di Luino sono state rotte. La Provincia non paga per gli atti vandalici. I ragazzi, pur condividendo questa posizione, chiedono una soluzione","robots":{"index":"noindex","follow":"follow","max-snippet":"max-snippet:-1","max-image-preview":"max-image-preview:large","max-video-preview":"max-video-preview:-1"},"og_locale":"it_IT","og_type":"article","og_title":"Porte sfondate a scuola. Chi le ripara?","og_description":"Alcune porte dei bagni dell'Isis Citt\u00e0 di Luino sono state rotte. La Provincia non paga per gli atti vandalici. I ragazzi, pur condividendo questa posizione, chiedono una soluzione","og_url":"https:\/\/staging.varesenews.it\/2017\/11\/porte-sfondate-scuola-le-ripara\/667418\/","og_site_name":"VareseNews","article_publisher":"https:\/\/www.facebook.com\/varesenews","article_author":"alessandra.toni7","article_published_time":"2017-11-08T12:17:52+00:00","author":"Alessandra Toni","twitter_card":"summary_large_image","twitter_creator":"@alessandra_toni","twitter_site":"@varesenews","twitter_misc":{"Scritto da":"Alessandra Toni","Tempo di lettura stimato":"1 minuto"},"schema":{"@context":"https:\/\/schema.org","@graph":[{"@type":"WebPage","@id":"https:\/\/staging.varesenews.it\/2017\/11\/porte-sfondate-scuola-le-ripara\/667418\/","url":"https:\/\/staging.varesenews.it\/2017\/11\/porte-sfondate-scuola-le-ripara\/667418\/","name":"Porte sfondate a scuola. Chi le ripara?","isPartOf":{"@id":"https:\/\/staging.varesenews.it\/#website"},"datePublished":"2017-11-08T12:17:52+00:00","dateModified":"2017-11-08T12:17:52+00:00","author":{"@id":"https:\/\/staging.varesenews.it\/#\/schema\/person\/2643ce123d4a3c9511e015dc548779b8"},"description":"Alcune porte dei bagni dell'Isis Citt\u00e0 di Luino sono state rotte. La Provincia non paga per gli atti vandalici. I ragazzi, pur condividendo questa posizione, chiedono una soluzione","breadcrumb":{"@id":"https:\/\/staging.varesenews.it\/2017\/11\/porte-sfondate-scuola-le-ripara\/667418\/#breadcrumb"},"inLanguage":"it-IT","potentialAction":[{"@type":"ReadAction","target":["https:\/\/staging.varesenews.it\/2017\/11\/porte-sfondate-scuola-le-ripara\/667418\/"]}]},{"@type":"BreadcrumbList","@id":"https:\/\/staging.varesenews.it\/2017\/11\/porte-sfondate-scuola-le-ripara\/667418\/#breadcrumb","itemListElement":[{"@type":"ListItem","position":1,"name":"Home","item":"https:\/\/www.varesenews.it\/"},{"@type":"ListItem","position":2,"name":"Porte sfondate a scuola. Chi le ripara?"}]},{"@type":"WebSite","@id":"https:\/\/staging.varesenews.it\/#website","url":"https:\/\/staging.varesenews.it\/","name":"VareseNews","description":"","potentialAction":[{"@type":"SearchAction","target":{"@type":"EntryPoint","urlTemplate":"https:\/\/staging.varesenews.it\/?s={search_term_string}"},"query-input":"required name=search_term_string"}],"inLanguage":"it-IT"},{"@type":"Person","@id":"https:\/\/staging.varesenews.it\/#\/schema\/person\/2643ce123d4a3c9511e015dc548779b8","name":"Alessandra Toni","image":{"@type":"ImageObject","inLanguage":"it-IT","@id":"https:\/\/staging.varesenews.it\/#\/schema\/person\/image\/","url":"https:\/\/staging.varesenews.it\/wp-content\/uploads\/2020\/12\/alessandra_toni_colori_500.jpg","contentUrl":"https:\/\/staging.varesenews.it\/wp-content\/uploads\/2020\/12\/alessandra_toni_colori_500.jpg","caption":"Alessandra Toni"},"description":"Sono entrata nella redazione di VareseNews nel lontano anno 2000. Ero reduce da una bellissima esperienza nella redazione giornalistica della TV Nuova Antennatre, sotto la direzione dell'indimenticabile direttore Adolfo Caldarini. Sono arrivata quando era ancora una piccola realt\u00e0 editoriale e insieme abbiamo fatto un lungo ed entusiasmante lavoro. Mi occupo prevalentemente di scuola e di sanit\u00e0, settori impegnativi di grande valore sociale.\u00a0","sameAs":["alessandra.toni7","alessandra.toni","https:\/\/twitter.com\/alessandra_toni"],"url":"https:\/\/staging.varesenews.it\/persona\/alessandra_toni1\/"}]}},"post_meta":{"_edit_lock":"1510143428:33","_edit_last":"33","_category_permalink":"a:1:{s:8:\"category\";s:0:\"\";}","foto":"158263","firma-personalizzata":"A.T.","argomento":"Luino","_yoast_wpseo_content_score":"30","_jd_tweet_this":"yes","ratings_users":"0","ratings_score":"0","ratings_average":"0","_wpt_short_url":"http:\/\/www.varesenews.it\/2017\/11\/porte-sfondate-scuola-le-ripara\/667418\/","_wp_jd_target":"http:\/\/www.varesenews.it\/2017\/11\/porte-sfondate-scuola-le-ripara\/667418\/","_jd_wp_twitter":"a:1:{i:0;s:123:\"Porte sfondate a scuola. Chi le ripara? http:\/\/www.varesenews.it\/2017\/11\/porte-sfondate-scuola-le-ripara\/667418\/ #isisluino\";}","_wpt_status_message":"Tweet inviato con successo."},"photos":[{"original":"https:\/\/staging.varesenews.it\/photogallery_new\/images\/2012\/10\/lavori-in-corso-all-isis-citt-di-luino-inserita-in-galleria-158263.jpg","full":"https:\/\/staging.varesenews.it\/photogallery_new\/images\/2012\/10\/lavori-in-corso-all-isis-citt-di-luino-inserita-in-galleria-158263.1024x768.jpg","large":"https:\/\/staging.varesenews.it\/photogallery_new\/images\/2012\/10\/lavori-in-corso-all-isis-citt-di-luino-inserita-in-galleria-158263.610x431.jpg"}],"_links":{"self":[{"href":"https:\/\/staging.varesenews.it\/swgapi\/v1\/wp\/v2\/posts\/667418"}],"collection":[{"href":"https:\/\/staging.varesenews.it\/swgapi\/v1\/wp\/v2\/posts"}],"about":[{"href":"https:\/\/staging.varesenews.it\/swgapi\/v1\/wp\/v2\/types\/post"}],"author":[{"embeddable":true,"href":"https:\/\/staging.varesenews.it\/swgapi\/v1\/wp\/v2\/users\/33"}],"replies":[{"embeddable":true,"href":"https:\/\/staging.varesenews.it\/swgapi\/v1\/wp\/v2\/comments?post=667418"}],"version-history":[{"count":0,"href":"https:\/\/staging.varesenews.it\/swgapi\/v1\/wp\/v2\/posts\/667418\/revisions"}],"wp:attachment":[{"href":"https:\/\/staging.varesenews.it\/swgapi\/v1\/wp\/v2\/media?parent=667418"}],"wp:term":[{"taxonomy":"category","embeddable":true,"href":"https:\/\/staging.varesenews.it\/swgapi\/v1\/wp\/v2\/categories?post=667418"},{"taxonomy":"post_tag","embeddable":true,"href":"https:\/\/staging.varesenews.it\/swgapi\/v1\/wp\/v2\/tags?post=667418"}],"curies":[{"name":"wp","href":"https:\/\/api.w.org\/{rel}","templated":true}]}}