{"id":668190,"date":"2017-11-15T19:28:38","date_gmt":"2017-11-15T18:28:38","guid":{"rendered":"http:\/\/www.varesenews.it\/?p=668190"},"modified":"2017-11-16T05:51:30","modified_gmt":"2017-11-16T04:51:30","slug":"quel-terribile-1992-ci-appartiene","status":"publish","type":"post","link":"https:\/\/staging.varesenews.it\/2017\/11\/quel-terribile-1992-ci-appartiene\/668190\/","title":{"rendered":"Quel terribile 1992 ci appartiene"},"content":{"rendered":"<p><strong>Aaron Pettinari<\/strong> quando ci furono le stragi di <strong>Capaci<\/strong> e di <strong>via D&#8217;Amelio<\/strong>, dove morirono i giudici <strong>Giovanni Falcone <\/strong>e<strong> Paolo Borsellin<\/strong>o e<strong> gli agenti di scorta<\/strong>, aveva solo<strong> 8 anni<\/strong>. Dei tragici fatti del 1992 ha dunque pochi ricordi diretti, per lo pi\u00f9 immagini sfocate della tv e frammenti discorsi che sentiva fare in famiglia. Ricorda per\u00f2 molto bene <strong>la strage del 27 maggio del 1993,<\/strong> quella di via dei <strong>Georgofili<\/strong> a Firenze. \u00abRimasi colpito dal fatto che tra le vittime ci fosse una bambina di nove anni, aveva la mia stessa et\u00e0, e anche la sorellina di soli due mesi. Questo \u00e8 un ricordo che mi \u00e8 rimasto dentro e in qualche modo, anni dopo, ha contribuito nella mia scelta di fare il giornalista\u00bb.<\/p>\n<p>Aaron oggi \u00e8 inviato a <strong>Palermo<\/strong> per &#8220;<strong>Antimafia Duemila&#8221;<\/strong> e all&#8217;anno delle stragi di mafia ha voluto dedicare un libro &#8220;<strong>Quel terribile 1992<\/strong>&#8221; (Imprimatur), ricostruendo attraverso le testimonianze di <strong>25 persone<\/strong> il sentimento che scorreva nel cuore e nella mente degli italiani. Un coro di voci, alcune molto famose altre meno, che riporta quei tragici fatti dentro una dimensione fatta di paura e al contempo di speranza <strong>perch\u00e9 il 1992 \u00e8 stato anche l&#8217;anno di Mani Pulite <\/strong>e\u00a0dell&#8217;abbattimento di un potere che sembrava inattaccabile. \u00abNelle testimonianze c&#8217;\u00e8 un&#8217;alternanza di sentimenti\u00a0 &#8211; racconta Aaron &#8211; che risponde a quello che noi volevamo, ovvero colmare un punto di vista che spesso viene messo da parte, quello del popolo, testimone della storia\u00bb.<\/p>\n<p>Lella <strong>Costa<\/strong>, Fiorella <strong>Mannoia<\/strong>, Neri <strong>Marcor\u00e9<\/strong> (concittadino di Pettinari), Manuel <strong>Agnelli<\/strong>, Dario <strong>Vergassola<\/strong>, Daniele <strong>Silvestri<\/strong>, Vauro <strong>Senesi<\/strong>, Jacopo <strong>Fo<\/strong>, solo per citarne alcuni, ricostruiscono quel 1992 partendo dalle loro vite, da ci\u00f2 che facevano e desideravano per il loro futuro. \u00abTutti &#8211; sottolinea il giornalista &#8211; offrono un punto di vista personale interessante, dove il pubblico si confonde con il privato perch\u00e9 quell&#8217;anno, per molti di loro, \u00e8 stato anche un punto di svolta personale\u00bb.<\/p>\n<p>Alla presentazione del libro alla <strong>biblioteca civica di Varese<\/strong> \u00e8 intervenuto anche <strong>Enzo Rosario Laforgia<\/strong>,\u00a0storico e presidente dell&#8217;Istituto <strong>Luigi Ambrosoli<\/strong>.\u00a0\u00abIl 1992 \u00e8 un anno che non riusciamo a toglierci dalle spalle &#8211; ha detto<strong>\u00a0Laforgia<\/strong>\u00a0-. E in questi giorni con le elezioni in Sicilia stiamo ascoltando quegli stessi argomenti e discussioni di 25 anni fa, come se non fossero mai passati.\u00a0Nel <strong>1992 Aaron Pettinari<\/strong> aveva solo <strong>8 anni<\/strong> e forse \u00e8 proprio questo bisogno di riappropriarsi di quel periodo che lo ha spinto a scrivere il libro\u00bb.<\/p>\n<p>\u00abQuando ripenso al 1992 e a quegli anni &#8211; ha continuato lo storico &#8211; ricordo che ero preso da una grande esaltazione e da un grande stordimento per la velocit\u00e0 con cui le cose accadevano, ma anche da ondate di grande depressione.\u00a0 Per me il 1992 inizia in realt\u00e0 il 25 dicembre del 1991 quando<strong> Michail Gorbaciov<\/strong> rassegna le sue dimissioni da capo dello Stato e la bandiera rossa viene ammainata\u00bb.<\/p>\n<p>Certi avvenimenti hanno illuso gli italiani che le cose stessero cambiando veramente mettendo in discussione tutto quello con cui si era cresciuti. \u00ab\u00c8 vero &#8211; ha sottolineato Pettinari -. Il <strong>1992<\/strong> non si capisce se non si dilata il tempo, ricomprendendo anche il <strong>1989 <\/strong>e\u00a0la caduta del muro di Berlino e tutto ci\u00f2 che ne \u00e8 seguito. Quello che stiamo vivendo oggi \u00e8 figlio di quel periodo storico\u00bb.<\/p>\n<p>Alla presentazione era presente anche una classe della scuola media <strong>Don Rimoldi di San Fermo.<\/strong>\u00a0Una bella sorpresa per <strong>Aaron Pettinari<\/strong> che salutandoli uno per uno ha detto: \u00abRicordatevi che la storia siamo noi\u00bb.<\/p>\n","protected":false},"excerpt":{"rendered":"<p>Aaron Pettinari, inviato a Palermo di &#8220;Antimafia Duemila&#8221;, \u00e8 l&#8217;autore di &#8220;Quel terribile &#8217;92&#8221; (Imprimatur). \u00abQuello che stiamo vivendo oggi \u00e8 figlio di quel periodo storico\u00bb<\/p>\n","protected":false},"author":45,"featured_media":0,"comment_status":"open","ping_status":"open","sticky":false,"template":"","format":"standard","meta":{"footnotes":""},"categories":[18],"tags":[767,1508,8455,158],"acf":[],"yoast_head":"<!-- This site is optimized with the Yoast SEO plugin v20.1 - https:\/\/yoast.com\/wordpress\/plugins\/seo\/ -->\n<title>Quel terribile 1992 ci appartiene<\/title>\n<meta name=\"description\" content=\"Aaron Pettinari, inviato a Palermo di &quot;Antimafia Duemila&quot;, \u00e8 l&#039;autore di &quot;Quel terribile &#039;92&quot; (Imprimatur). \u00abQuello che stiamo vivendo oggi \u00e8 figlio di quel periodo storico\u00bb\" \/>\n<meta name=\"robots\" content=\"noindex, follow, max-snippet:-1, max-image-preview:large, max-video-preview:-1\" \/>\n<meta property=\"og:locale\" content=\"it_IT\" \/>\n<meta property=\"og:type\" content=\"article\" \/>\n<meta property=\"og:title\" content=\"Quel terribile 1992 ci appartiene\" \/>\n<meta property=\"og:description\" content=\"Aaron Pettinari, inviato a Palermo di &quot;Antimafia Duemila&quot;, \u00e8 l&#039;autore di &quot;Quel terribile &#039;92&quot; (Imprimatur). \u00abQuello che stiamo vivendo oggi \u00e8 figlio di quel periodo storico\u00bb\" \/>\n<meta property=\"og:url\" content=\"https:\/\/staging.varesenews.it\/2017\/11\/quel-terribile-1992-ci-appartiene\/668190\/\" \/>\n<meta property=\"og:site_name\" content=\"VareseNews\" \/>\n<meta property=\"article:publisher\" content=\"https:\/\/www.facebook.com\/varesenews\" \/>\n<meta property=\"article:author\" content=\"https:\/\/www.facebook.com\/michele.mancino.5\" \/>\n<meta property=\"article:published_time\" content=\"2017-11-15T18:28:38+00:00\" \/>\n<meta property=\"article:modified_time\" content=\"2017-11-16T04:51:30+00:00\" \/>\n<meta name=\"author\" content=\"Michele Mancino\" \/>\n<meta name=\"twitter:card\" content=\"summary_large_image\" \/>\n<meta name=\"twitter:creator\" content=\"@micmancio\" \/>\n<meta name=\"twitter:site\" content=\"@varesenews\" \/>\n<meta name=\"twitter:label1\" content=\"Scritto da\" \/>\n\t<meta name=\"twitter:data1\" content=\"Michele Mancino\" \/>\n\t<meta name=\"twitter:label2\" content=\"Tempo di lettura stimato\" \/>\n\t<meta name=\"twitter:data2\" content=\"3 minuti\" \/>\n<script type=\"application\/ld+json\" class=\"yoast-schema-graph\">{\"@context\":\"https:\/\/schema.org\",\"@graph\":[{\"@type\":\"WebPage\",\"@id\":\"https:\/\/staging.varesenews.it\/2017\/11\/quel-terribile-1992-ci-appartiene\/668190\/\",\"url\":\"https:\/\/staging.varesenews.it\/2017\/11\/quel-terribile-1992-ci-appartiene\/668190\/\",\"name\":\"Quel terribile 1992 ci appartiene\",\"isPartOf\":{\"@id\":\"https:\/\/staging.varesenews.it\/#website\"},\"datePublished\":\"2017-11-15T18:28:38+00:00\",\"dateModified\":\"2017-11-16T04:51:30+00:00\",\"author\":{\"@id\":\"https:\/\/staging.varesenews.it\/#\/schema\/person\/308b491d3cb680ead199e5ff6c6ce540\"},\"description\":\"Aaron Pettinari, inviato a Palermo di \\\"Antimafia Duemila\\\", \u00e8 l'autore di \\\"Quel terribile '92\\\" (Imprimatur). \u00abQuello che stiamo vivendo oggi \u00e8 figlio di quel periodo storico\u00bb\",\"breadcrumb\":{\"@id\":\"https:\/\/staging.varesenews.it\/2017\/11\/quel-terribile-1992-ci-appartiene\/668190\/#breadcrumb\"},\"inLanguage\":\"it-IT\",\"potentialAction\":[{\"@type\":\"ReadAction\",\"target\":[\"https:\/\/staging.varesenews.it\/2017\/11\/quel-terribile-1992-ci-appartiene\/668190\/\"]}]},{\"@type\":\"BreadcrumbList\",\"@id\":\"https:\/\/staging.varesenews.it\/2017\/11\/quel-terribile-1992-ci-appartiene\/668190\/#breadcrumb\",\"itemListElement\":[{\"@type\":\"ListItem\",\"position\":1,\"name\":\"Home\",\"item\":\"https:\/\/www.varesenews.it\/\"},{\"@type\":\"ListItem\",\"position\":2,\"name\":\"Quel terribile 1992 ci appartiene\"}]},{\"@type\":\"WebSite\",\"@id\":\"https:\/\/staging.varesenews.it\/#website\",\"url\":\"https:\/\/staging.varesenews.it\/\",\"name\":\"VareseNews\",\"description\":\"\",\"potentialAction\":[{\"@type\":\"SearchAction\",\"target\":{\"@type\":\"EntryPoint\",\"urlTemplate\":\"https:\/\/staging.varesenews.it\/?s={search_term_string}\"},\"query-input\":\"required name=search_term_string\"}],\"inLanguage\":\"it-IT\"},{\"@type\":\"Person\",\"@id\":\"https:\/\/staging.varesenews.it\/#\/schema\/person\/308b491d3cb680ead199e5ff6c6ce540\",\"name\":\"Michele Mancino\",\"image\":{\"@type\":\"ImageObject\",\"inLanguage\":\"it-IT\",\"@id\":\"https:\/\/staging.varesenews.it\/#\/schema\/person\/image\/\",\"url\":\"https:\/\/staging.varesenews.it\/wp-content\/uploads\/2020\/12\/michele_mancino_colori_500.jpg\",\"contentUrl\":\"https:\/\/staging.varesenews.it\/wp-content\/uploads\/2020\/12\/michele_mancino_colori_500.jpg\",\"caption\":\"Michele Mancino\"},\"description\":\"Sono a VareseNews da prima che nascesse. Ho inserito le prime notizie in una stringa di codice html, la lingua di internet. Aprivo i computer, cambiavo schede di rete e portavo i server dal provider. A met&agrave; degli anni &rsquo;90 il giornalista online doveva saper fare anche questo. Ho vissuto gli anni drammatici della bolla speculativa di Internet e quelli entusiastici della crescita, anni in cui VareseNews era un Davide in mezzo a tanti Golia. Poi sono arrivati i social, le nuove piattaforme e soprattutto gli smartphone, una postazione di lavoro racchiusa in una mano. Una nuova rivoluzione. Insomma, &egrave; stata, ed &egrave; ancora, un&rsquo;avventura entusiasmante perch&eacute; mi insegna giorno dopo giorno che il cambiamento &egrave; l&rsquo;unica certezza di questa fragile esistenza.\",\"sameAs\":[\"https:\/\/www.facebook.com\/michele.mancino.5\",\"micmancio\",\"Aggiorna le impostazioni del tuo profilo pubblicoit.linkedin.com\/pub\/michele-mancino\/28\/b71\/890\/it\",\"https:\/\/twitter.com\/micmancio\"],\"url\":\"https:\/\/staging.varesenews.it\/persona\/michele_mancino\/\"}]}<\/script>\n<!-- \/ Yoast SEO plugin. -->","yoast_head_json":{"title":"Quel terribile 1992 ci appartiene","description":"Aaron Pettinari, inviato a Palermo di \"Antimafia Duemila\", \u00e8 l'autore di \"Quel terribile '92\" (Imprimatur). \u00abQuello che stiamo vivendo oggi \u00e8 figlio di quel periodo storico\u00bb","robots":{"index":"noindex","follow":"follow","max-snippet":"max-snippet:-1","max-image-preview":"max-image-preview:large","max-video-preview":"max-video-preview:-1"},"og_locale":"it_IT","og_type":"article","og_title":"Quel terribile 1992 ci appartiene","og_description":"Aaron Pettinari, inviato a Palermo di \"Antimafia Duemila\", \u00e8 l'autore di \"Quel terribile '92\" (Imprimatur). \u00abQuello che stiamo vivendo oggi \u00e8 figlio di quel periodo storico\u00bb","og_url":"https:\/\/staging.varesenews.it\/2017\/11\/quel-terribile-1992-ci-appartiene\/668190\/","og_site_name":"VareseNews","article_publisher":"https:\/\/www.facebook.com\/varesenews","article_author":"https:\/\/www.facebook.com\/michele.mancino.5","article_published_time":"2017-11-15T18:28:38+00:00","article_modified_time":"2017-11-16T04:51:30+00:00","author":"Michele Mancino","twitter_card":"summary_large_image","twitter_creator":"@micmancio","twitter_site":"@varesenews","twitter_misc":{"Scritto da":"Michele Mancino","Tempo di lettura stimato":"3 minuti"},"schema":{"@context":"https:\/\/schema.org","@graph":[{"@type":"WebPage","@id":"https:\/\/staging.varesenews.it\/2017\/11\/quel-terribile-1992-ci-appartiene\/668190\/","url":"https:\/\/staging.varesenews.it\/2017\/11\/quel-terribile-1992-ci-appartiene\/668190\/","name":"Quel terribile 1992 ci appartiene","isPartOf":{"@id":"https:\/\/staging.varesenews.it\/#website"},"datePublished":"2017-11-15T18:28:38+00:00","dateModified":"2017-11-16T04:51:30+00:00","author":{"@id":"https:\/\/staging.varesenews.it\/#\/schema\/person\/308b491d3cb680ead199e5ff6c6ce540"},"description":"Aaron Pettinari, inviato a Palermo di \"Antimafia Duemila\", \u00e8 l'autore di \"Quel terribile '92\" (Imprimatur). \u00abQuello che stiamo vivendo oggi \u00e8 figlio di quel periodo storico\u00bb","breadcrumb":{"@id":"https:\/\/staging.varesenews.it\/2017\/11\/quel-terribile-1992-ci-appartiene\/668190\/#breadcrumb"},"inLanguage":"it-IT","potentialAction":[{"@type":"ReadAction","target":["https:\/\/staging.varesenews.it\/2017\/11\/quel-terribile-1992-ci-appartiene\/668190\/"]}]},{"@type":"BreadcrumbList","@id":"https:\/\/staging.varesenews.it\/2017\/11\/quel-terribile-1992-ci-appartiene\/668190\/#breadcrumb","itemListElement":[{"@type":"ListItem","position":1,"name":"Home","item":"https:\/\/www.varesenews.it\/"},{"@type":"ListItem","position":2,"name":"Quel terribile 1992 ci appartiene"}]},{"@type":"WebSite","@id":"https:\/\/staging.varesenews.it\/#website","url":"https:\/\/staging.varesenews.it\/","name":"VareseNews","description":"","potentialAction":[{"@type":"SearchAction","target":{"@type":"EntryPoint","urlTemplate":"https:\/\/staging.varesenews.it\/?s={search_term_string}"},"query-input":"required name=search_term_string"}],"inLanguage":"it-IT"},{"@type":"Person","@id":"https:\/\/staging.varesenews.it\/#\/schema\/person\/308b491d3cb680ead199e5ff6c6ce540","name":"Michele Mancino","image":{"@type":"ImageObject","inLanguage":"it-IT","@id":"https:\/\/staging.varesenews.it\/#\/schema\/person\/image\/","url":"https:\/\/staging.varesenews.it\/wp-content\/uploads\/2020\/12\/michele_mancino_colori_500.jpg","contentUrl":"https:\/\/staging.varesenews.it\/wp-content\/uploads\/2020\/12\/michele_mancino_colori_500.jpg","caption":"Michele Mancino"},"description":"Sono a VareseNews da prima che nascesse. Ho inserito le prime notizie in una stringa di codice html, la lingua di internet. Aprivo i computer, cambiavo schede di rete e portavo i server dal provider. A met&agrave; degli anni &rsquo;90 il giornalista online doveva saper fare anche questo. Ho vissuto gli anni drammatici della bolla speculativa di Internet e quelli entusiastici della crescita, anni in cui VareseNews era un Davide in mezzo a tanti Golia. Poi sono arrivati i social, le nuove piattaforme e soprattutto gli smartphone, una postazione di lavoro racchiusa in una mano. Una nuova rivoluzione. Insomma, &egrave; stata, ed &egrave; ancora, un&rsquo;avventura entusiasmante perch&eacute; mi insegna giorno dopo giorno che il cambiamento &egrave; l&rsquo;unica certezza di questa fragile esistenza.","sameAs":["https:\/\/www.facebook.com\/michele.mancino.5","micmancio","Aggiorna le impostazioni del tuo profilo pubblicoit.linkedin.com\/pub\/michele-mancino\/28\/b71\/890\/it","https:\/\/twitter.com\/micmancio"],"url":"https:\/\/staging.varesenews.it\/persona\/michele_mancino\/"}]}},"post_meta":{"_edit_lock":"1510807776:45","_edit_last":"45","_category_permalink":"a:1:{s:8:\"category\";s:0:\"\";}","_yoast_wpseo_content_score":"30","_jd_tweet_this":"yes","ratings_users":"0","ratings_score":"0","ratings_average":"0","firma-personalizzata":"m.m.","_wpt_short_url":"http:\/\/www.varesenews.it\/2017\/11\/quel-terribile-1992-ci-appartiene\/668190\/","_wp_jd_target":"http:\/\/www.varesenews.it\/2017\/11\/quel-terribile-1992-ci-appartiene\/668190\/","_jd_wp_twitter":"a:1:{i:0;s:134:\"Quel terribile 1992 ci appartiene http:\/\/www.varesenews.it\/2017\/11\/quel-terribile-1992-ci-appartiene\/668190\/ #libri #mafia #manipulite\";}","_wpt_status_message":"Tweet inviato con successo.","foto":"643398","argomento":"Libri"},"photos":[{"original":"https:\/\/staging.varesenews.it\/photogallery_new\/images\/2017\/11\/avarie-643398.jpg","full":"https:\/\/staging.varesenews.it\/photogallery_new\/images\/2017\/11\/avarie-643398.1024x768.jpg","large":"https:\/\/staging.varesenews.it\/photogallery_new\/images\/2017\/11\/avarie-643398.610x431.jpg"}],"_links":{"self":[{"href":"https:\/\/staging.varesenews.it\/swgapi\/v1\/wp\/v2\/posts\/668190"}],"collection":[{"href":"https:\/\/staging.varesenews.it\/swgapi\/v1\/wp\/v2\/posts"}],"about":[{"href":"https:\/\/staging.varesenews.it\/swgapi\/v1\/wp\/v2\/types\/post"}],"author":[{"embeddable":true,"href":"https:\/\/staging.varesenews.it\/swgapi\/v1\/wp\/v2\/users\/45"}],"replies":[{"embeddable":true,"href":"https:\/\/staging.varesenews.it\/swgapi\/v1\/wp\/v2\/comments?post=668190"}],"version-history":[{"count":0,"href":"https:\/\/staging.varesenews.it\/swgapi\/v1\/wp\/v2\/posts\/668190\/revisions"}],"wp:attachment":[{"href":"https:\/\/staging.varesenews.it\/swgapi\/v1\/wp\/v2\/media?parent=668190"}],"wp:term":[{"taxonomy":"category","embeddable":true,"href":"https:\/\/staging.varesenews.it\/swgapi\/v1\/wp\/v2\/categories?post=668190"},{"taxonomy":"post_tag","embeddable":true,"href":"https:\/\/staging.varesenews.it\/swgapi\/v1\/wp\/v2\/tags?post=668190"}],"curies":[{"name":"wp","href":"https:\/\/api.w.org\/{rel}","templated":true}]}}