{"id":668221,"date":"2017-11-10T17:47:12","date_gmt":"2017-11-10T16:47:12","guid":{"rendered":"http:\/\/www.varesenews.it\/?p=668221"},"modified":"2017-11-10T17:47:12","modified_gmt":"2017-11-10T16:47:12","slug":"siviglia-lassemblea-plenaria-della-calre","status":"publish","type":"post","link":"https:\/\/staging.varesenews.it\/2017\/11\/siviglia-lassemblea-plenaria-della-calre\/668221\/","title":{"rendered":"A Siviglia l\u2019Assemblea plenaria della Calre"},"content":{"rendered":"<p>Il ruolo dei Parlamenti regionali e degli Enti locali nel Libro Bianco sul futuro dell\u2019Europa, la piena affermazione del principio di sussidiariet\u00e0, la sfida dell\u2019immigrazione, il federalismo finanziario, il potenziamento delle risorse per la tutela ambientale, la necessit\u00e0 di politiche europee piu&#8217; incisive a sostegno dell&#8217;occupazione e quella forte e ormai non pi\u00f9 rinviabile spinta per un\u2019Europa sempre pi\u00f9 vicina ai bisogni della gente e alle necessit\u00e0 dei loro territori.<br \/>\nSono stati i temi che al centro dei lavori dell\u2019Assemblea plenaria della Calre, la Conferenza delle Assemblee legislative regionali d\u2019Europa, che si \u00e8 tenuta a Siviglia nella sede del Parlamento dell\u2019Andalusia e che ha visto presenti i Presidenti e le delegazioni dei 72 parlamenti regionali europei aderenti in rappresentanza di circa 200 milioni di abitanti: a rappresentare il Consiglio regionale della Lombardia il Presidente Raffaele Cattaneo (che \u00e8 anche Vice Presidente uscente della Calre) e il Vice Presidente Fabrizio Cecchetti.<br \/>\n&#8220;L&#8217;appuntamento di Siviglia \u00e8 stata una utile occasione per ribadire nuovamente la volont\u00e0 comune dei parlamenti regionali di essere protagonisti nella costruzione di una nuova Europa multilivello -ha detto il Presidente Raffaele Cattaneo incontrando i giornalisti a margine dei lavori-. Un&#8217;Europa dove tutti i livelli istituzionali possano partecipare attivamente e concretamente alle decisioni politiche, favorendo il recupero di fiducia da parte dei cittadini nei confronti delle istituzioni europee. Un percorso che pu\u00f2 trovare felice realizzazione solo se fatto tutti insieme. Uniti nella diversit\u00e0, la diversit\u00e0 \u00e8 un valore e una forza, certo non un problema. Non \u00e8 con la ricerca dell&#8217;uniformit\u00e0 che potremo dare risposte efficaci ai nostri cittadini, ma solo con la valorizzazione delle rispettive specificit\u00e0&#8221;.<br \/>\n&#8220;Il ruolo della Calre sta diventando sempre pi\u00f9 importante per far comprendere quanto sia strategico nell\u2019Europa del futuro dare pi\u00f9 spazio e centralit\u00e0 alle Regioni e ai suoi territori -ha ribadito il Vice Presidente Fabrizio Cecchetti-. I localismi non sono il male ma il sale stesso dell\u2019Europa e proprio per questo l\u2019Unione Europea li deve riconoscere e non tentare di soffocare. No all&#8217;omologazione: questa la strada da battere per ritrovare nel Vecchio Continente quello spirito di libert\u00e0, democrazia e partecipazione che nell\u2019ultimo decennio \u00e8 venuto meno per una visione burocratica dell\u2019Unione che ha portato sfiducia e disaffezione tra i cittadini&#8221;.<br \/>\nL\u2019Assemblea plenaria di Siviglia ha fatto seguito a quella dello scorso anno di Varese, e ha rappresentato un nuovo momento importante per rilanciare la democrazia dal basso e sottolineare ancora una volta i valori della rappresentanza, della sussidiariet\u00e0, della centralit\u00e0 della persona e della governance multilivello. Nel corso dei lavori il Presidente della Calre Duran Sanchez e il Vice Presidente Cattaneo hanno rinnovato e sottoscritto un nuovo accordo di collaborazione con l&#8217;Unale, l&#8217;associazione che raggruppa i Parlamenti regionali brasiliani, rappresentata nell&#8217;occasione dal suo presidente Luciano Nunes.<br \/>\nAll\u2019appuntamento di Siviglia, durante il quale sono stati rinnovati i Gruppi di lavoro della Conferenza (Sussidiariet\u00e0, Coesione politica, E-democracy, Immigrazione, Pari Opportunit\u00e0 e Valutazione delle Politiche) e insediato il nuovo gruppo sulle &#8220;lingue minoritarie&#8221;, sono state approvate la proposta di Dichiarazione della Calre 2017 che ha preso nome di \u201cDichiarazione di Siviglia\u201d e la Risoluzione sul Libro Bianco sul futuro dell\u2019Europa.<br \/>\nNei due documenti si sottolinea come principi cardine di un \u201cnuovo e ravvivato regionalismo europeo\u201d dovranno essere il valore della singola persona e della comunit\u00e0, la sussidiariet\u00e0, la libert\u00e0 e la democrazia rappresentativa. Principi indispensabili per \u201caffrontare un processo di riavvicinamento dei cittadini e dei territori alle istituzioni europee pi\u00f9 incisivo ed efficace\u201d, finalizzato a recuperare \u201cil valore originario del progetto politico di integrazione europea\u201d.<br \/>\nIn particolare la Dichiarazione di Siviglia evidenzia come l\u2019Europa si trova oggi ad affrontare problemi e sfide complicate, dalla Brexit alla gestione dei flussi migratori con particolare attenzione al tema dei rifugiati e al pericolo costante del terrorismo che necessita di politiche europee di sicurezza maggiormente coordinate e condivise, tutti temi che attendono ancora soluzioni efficaci che possono essere ricercate solo \u201ccostituendo una governance europea che sia frutto di una reale sinergia e interazione tra il livello locale, nazionale ed europeo\u201d.<br \/>\nLa Dichiarazione ribadisce quindi con forza l\u2019importanza della politica di coesione in Europa, condizione indispensabile per sostenere la crescita e lo sviluppo di tutti i Paesi europei, e pone l\u2019attenzione in particolare sulla grande sfida rappresentata dalla crisi economica, con i rischi crescenti di povert\u00e0 e di esclusione sociale generati da un tasso di disoccupazione sempre pi\u00f9 alto. Da qui l\u2019invito e l\u2019auspicio che l\u2019Europa si faccia carico in via prioritaria di sviluppare politiche mirate alla creazione di nuovi posti di lavoro e a sostenere i settori economici, in particolare nel campo dell\u2019innovazione, garantendo e consolidando al tempo stesso le politiche sociali del \u201cwelfare state\u201d.<br \/>\nLa \u201cDichiarazione di Siviglia\u201d sottolinea infine la necessit\u00e0 di elaborare una nuova strategia per la tutela e la salvaguardia dell\u2019ambiente, alla luce dei cambiamenti climatici recenti e delle calamit\u00e0 naturali che stanno interessando con sempre maggiore frequenza il territorio europeo, con particolare riferimento ai terremoti e alle inondazioni. Da qui la sollecitazione all&#8217;Unione europea affinch\u00e9 preveda la possibilit\u00e0 di utilizzare i Fondi strutturali e di investimento per l&#8217;adeguamento sismico degli immobili e affinch\u00e9 integri e migliori la legislazione vigente con particolare attenzione al Fondo di solidariet\u00e0 e alle norme comunitarie sulle esenzioni per le imprese colpite da calamit\u00e0 naturali.<br \/>\nVia libera infine dall&#8217;Assemblea plenaria della Calre anche a una risoluzione sulla \u201csubsidiarity task force\u201d europea che ha affrontato le conseguenze dei cambiamenti procedurali e dell&#8217;adeguamento dei regolamenti sulla sussidiariet\u00e0 da parte dei parlamenti nazionali.<br \/>\nLa sessione plenaria si \u00e8 conclusa con l&#8217;elezione della Presidente del Parlamento delle Azzorre Ana Luis alla presidenza della Calre per l&#8217;anno 2018. Ana Luis succede a Juan Pablo Duran Sanchez, dopo che nel biennio 2015 e 2016 la presidenza era stata ricoperta dalla Lombardia con Raffaele Cattaneo.<\/p>\n","protected":false},"excerpt":{"rendered":"<p>Per la Lombardia presenti il Presidente  del Consiglio regionale Raffaele Cattaneo e il Vice Presidente Fabrizio Cecchetti<\/p>\n","protected":false},"author":34,"featured_media":0,"comment_status":"open","ping_status":"open","sticky":false,"template":"","format":"standard","meta":{"footnotes":""},"categories":[1],"tags":[41478],"acf":[],"yoast_head":"<!-- This site is optimized with the Yoast SEO plugin v20.1 - https:\/\/yoast.com\/wordpress\/plugins\/seo\/ -->\n<title>A Siviglia l\u2019Assemblea plenaria della Calre<\/title>\n<meta name=\"description\" content=\"Per la Lombardia presenti il Presidente del Consiglio regionale Raffaele Cattaneo e il Vice Presidente Fabrizio Cecchetti\" \/>\n<meta name=\"robots\" content=\"noindex, follow, max-snippet:-1, max-image-preview:large, max-video-preview:-1\" \/>\n<meta property=\"og:locale\" content=\"it_IT\" \/>\n<meta property=\"og:type\" content=\"article\" \/>\n<meta property=\"og:title\" content=\"A Siviglia l\u2019Assemblea plenaria della Calre\" \/>\n<meta property=\"og:description\" content=\"Per la Lombardia presenti il Presidente del Consiglio regionale Raffaele Cattaneo e il Vice Presidente Fabrizio Cecchetti\" \/>\n<meta property=\"og:url\" content=\"https:\/\/staging.varesenews.it\/2017\/11\/siviglia-lassemblea-plenaria-della-calre\/668221\/\" \/>\n<meta property=\"og:site_name\" content=\"VareseNews\" \/>\n<meta property=\"article:publisher\" content=\"https:\/\/www.facebook.com\/varesenews\" \/>\n<meta property=\"article:author\" content=\"https:\/\/www.facebook.com\/andrea.camurani?fref=photo\" \/>\n<meta property=\"article:published_time\" content=\"2017-11-10T16:47:12+00:00\" \/>\n<meta name=\"author\" content=\"Andrea Camurani\" \/>\n<meta name=\"twitter:card\" content=\"summary_large_image\" \/>\n<meta name=\"twitter:creator\" content=\"@AndreaCamurani\" \/>\n<meta name=\"twitter:site\" content=\"@varesenews\" \/>\n<meta name=\"twitter:label1\" content=\"Scritto da\" \/>\n\t<meta name=\"twitter:data1\" content=\"Andrea Camurani\" \/>\n\t<meta name=\"twitter:label2\" content=\"Tempo di lettura stimato\" \/>\n\t<meta name=\"twitter:data2\" content=\"5 minuti\" \/>\n<script type=\"application\/ld+json\" class=\"yoast-schema-graph\">{\"@context\":\"https:\/\/schema.org\",\"@graph\":[{\"@type\":\"WebPage\",\"@id\":\"https:\/\/staging.varesenews.it\/2017\/11\/siviglia-lassemblea-plenaria-della-calre\/668221\/\",\"url\":\"https:\/\/staging.varesenews.it\/2017\/11\/siviglia-lassemblea-plenaria-della-calre\/668221\/\",\"name\":\"A Siviglia l\u2019Assemblea plenaria della Calre\",\"isPartOf\":{\"@id\":\"https:\/\/staging.varesenews.it\/#website\"},\"datePublished\":\"2017-11-10T16:47:12+00:00\",\"dateModified\":\"2017-11-10T16:47:12+00:00\",\"author\":{\"@id\":\"https:\/\/staging.varesenews.it\/#\/schema\/person\/3eb5832c6beae763de8d9596fdbe8c49\"},\"description\":\"Per la Lombardia presenti il Presidente del Consiglio regionale Raffaele Cattaneo e il Vice Presidente Fabrizio Cecchetti\",\"breadcrumb\":{\"@id\":\"https:\/\/staging.varesenews.it\/2017\/11\/siviglia-lassemblea-plenaria-della-calre\/668221\/#breadcrumb\"},\"inLanguage\":\"it-IT\",\"potentialAction\":[{\"@type\":\"ReadAction\",\"target\":[\"https:\/\/staging.varesenews.it\/2017\/11\/siviglia-lassemblea-plenaria-della-calre\/668221\/\"]}]},{\"@type\":\"BreadcrumbList\",\"@id\":\"https:\/\/staging.varesenews.it\/2017\/11\/siviglia-lassemblea-plenaria-della-calre\/668221\/#breadcrumb\",\"itemListElement\":[{\"@type\":\"ListItem\",\"position\":1,\"name\":\"Home\",\"item\":\"https:\/\/www.varesenews.it\/\"},{\"@type\":\"ListItem\",\"position\":2,\"name\":\"A Siviglia l\u2019Assemblea plenaria della Calre\"}]},{\"@type\":\"WebSite\",\"@id\":\"https:\/\/staging.varesenews.it\/#website\",\"url\":\"https:\/\/staging.varesenews.it\/\",\"name\":\"VareseNews\",\"description\":\"\",\"potentialAction\":[{\"@type\":\"SearchAction\",\"target\":{\"@type\":\"EntryPoint\",\"urlTemplate\":\"https:\/\/staging.varesenews.it\/?s={search_term_string}\"},\"query-input\":\"required name=search_term_string\"}],\"inLanguage\":\"it-IT\"},{\"@type\":\"Person\",\"@id\":\"https:\/\/staging.varesenews.it\/#\/schema\/person\/3eb5832c6beae763de8d9596fdbe8c49\",\"name\":\"Andrea Camurani\",\"image\":{\"@type\":\"ImageObject\",\"inLanguage\":\"it-IT\",\"@id\":\"https:\/\/staging.varesenews.it\/#\/schema\/person\/image\/\",\"url\":\"https:\/\/staging.varesenews.it\/wp-content\/uploads\/2020\/12\/andrea_camurani_colori_500.jpg\",\"contentUrl\":\"https:\/\/staging.varesenews.it\/wp-content\/uploads\/2020\/12\/andrea_camurani_colori_500.jpg\",\"caption\":\"Andrea Camurani\"},\"description\":\"Sono figlio degli anni Settanta e di Milano, dove ho imparato a riconoscere buoni e cattivi. Laurea in scienze politiche, lavoro a VareseNews dal 2000. Racconto quel che trovo quando incontro chi vuole lasciare al mondo un pezzetto di vita, che si chiama cronaca. &ldquo;...perch&eacute; &egrave; la gente il pi&ugrave; grande spettacolo del mondo. E non si paga il biglietto...&rdquo; (Charles Bukowsky)\",\"sameAs\":[\"https:\/\/www.facebook.com\/andrea.camurani?fref=photo\",\"andreacamurani\",\"https:\/\/www.linkedin.com\/hp\/?dnr=A9a84RfzsLdo9xg4NcGV4dLiMknoc9ms4WM\",\"https:\/\/twitter.com\/AndreaCamurani\"],\"url\":\"https:\/\/staging.varesenews.it\/persona\/andrea_camurani\/\"}]}<\/script>\n<!-- \/ Yoast SEO plugin. -->","yoast_head_json":{"title":"A Siviglia l\u2019Assemblea plenaria della Calre","description":"Per la Lombardia presenti il Presidente del Consiglio regionale Raffaele Cattaneo e il Vice Presidente Fabrizio Cecchetti","robots":{"index":"noindex","follow":"follow","max-snippet":"max-snippet:-1","max-image-preview":"max-image-preview:large","max-video-preview":"max-video-preview:-1"},"og_locale":"it_IT","og_type":"article","og_title":"A Siviglia l\u2019Assemblea plenaria della Calre","og_description":"Per la Lombardia presenti il Presidente del Consiglio regionale Raffaele Cattaneo e il Vice Presidente Fabrizio Cecchetti","og_url":"https:\/\/staging.varesenews.it\/2017\/11\/siviglia-lassemblea-plenaria-della-calre\/668221\/","og_site_name":"VareseNews","article_publisher":"https:\/\/www.facebook.com\/varesenews","article_author":"https:\/\/www.facebook.com\/andrea.camurani?fref=photo","article_published_time":"2017-11-10T16:47:12+00:00","author":"Andrea Camurani","twitter_card":"summary_large_image","twitter_creator":"@AndreaCamurani","twitter_site":"@varesenews","twitter_misc":{"Scritto da":"Andrea Camurani","Tempo di lettura stimato":"5 minuti"},"schema":{"@context":"https:\/\/schema.org","@graph":[{"@type":"WebPage","@id":"https:\/\/staging.varesenews.it\/2017\/11\/siviglia-lassemblea-plenaria-della-calre\/668221\/","url":"https:\/\/staging.varesenews.it\/2017\/11\/siviglia-lassemblea-plenaria-della-calre\/668221\/","name":"A Siviglia l\u2019Assemblea plenaria della Calre","isPartOf":{"@id":"https:\/\/staging.varesenews.it\/#website"},"datePublished":"2017-11-10T16:47:12+00:00","dateModified":"2017-11-10T16:47:12+00:00","author":{"@id":"https:\/\/staging.varesenews.it\/#\/schema\/person\/3eb5832c6beae763de8d9596fdbe8c49"},"description":"Per la Lombardia presenti il Presidente del Consiglio regionale Raffaele Cattaneo e il Vice Presidente Fabrizio Cecchetti","breadcrumb":{"@id":"https:\/\/staging.varesenews.it\/2017\/11\/siviglia-lassemblea-plenaria-della-calre\/668221\/#breadcrumb"},"inLanguage":"it-IT","potentialAction":[{"@type":"ReadAction","target":["https:\/\/staging.varesenews.it\/2017\/11\/siviglia-lassemblea-plenaria-della-calre\/668221\/"]}]},{"@type":"BreadcrumbList","@id":"https:\/\/staging.varesenews.it\/2017\/11\/siviglia-lassemblea-plenaria-della-calre\/668221\/#breadcrumb","itemListElement":[{"@type":"ListItem","position":1,"name":"Home","item":"https:\/\/www.varesenews.it\/"},{"@type":"ListItem","position":2,"name":"A Siviglia l\u2019Assemblea plenaria della Calre"}]},{"@type":"WebSite","@id":"https:\/\/staging.varesenews.it\/#website","url":"https:\/\/staging.varesenews.it\/","name":"VareseNews","description":"","potentialAction":[{"@type":"SearchAction","target":{"@type":"EntryPoint","urlTemplate":"https:\/\/staging.varesenews.it\/?s={search_term_string}"},"query-input":"required name=search_term_string"}],"inLanguage":"it-IT"},{"@type":"Person","@id":"https:\/\/staging.varesenews.it\/#\/schema\/person\/3eb5832c6beae763de8d9596fdbe8c49","name":"Andrea Camurani","image":{"@type":"ImageObject","inLanguage":"it-IT","@id":"https:\/\/staging.varesenews.it\/#\/schema\/person\/image\/","url":"https:\/\/staging.varesenews.it\/wp-content\/uploads\/2020\/12\/andrea_camurani_colori_500.jpg","contentUrl":"https:\/\/staging.varesenews.it\/wp-content\/uploads\/2020\/12\/andrea_camurani_colori_500.jpg","caption":"Andrea Camurani"},"description":"Sono figlio degli anni Settanta e di Milano, dove ho imparato a riconoscere buoni e cattivi. Laurea in scienze politiche, lavoro a VareseNews dal 2000. Racconto quel che trovo quando incontro chi vuole lasciare al mondo un pezzetto di vita, che si chiama cronaca. &ldquo;...perch&eacute; &egrave; la gente il pi&ugrave; grande spettacolo del mondo. E non si paga il biglietto...&rdquo; (Charles Bukowsky)","sameAs":["https:\/\/www.facebook.com\/andrea.camurani?fref=photo","andreacamurani","https:\/\/www.linkedin.com\/hp\/?dnr=A9a84RfzsLdo9xg4NcGV4dLiMknoc9ms4WM","https:\/\/twitter.com\/AndreaCamurani"],"url":"https:\/\/staging.varesenews.it\/persona\/andrea_camurani\/"}]}},"post_meta":{"_edit_lock":"1510332467:34","_edit_last":"34","_category_permalink":"a:1:{s:8:\"category\";s:0:\"\";}","ratings_users":"0","ratings_score":"0","ratings_average":"0","foto":"642480","firma_come_redazione":"1","argomento":"Siviglia","_yoast_wpseo_content_score":"30","_jd_tweet_this":"yes","_wpt_short_url":"http:\/\/www.varesenews.it\/2017\/11\/siviglia-lassemblea-plenaria-della-calre\/668221\/","_wp_jd_target":"http:\/\/www.varesenews.it\/2017\/11\/siviglia-lassemblea-plenaria-della-calre\/668221\/","_jd_wp_twitter":"a:1:{i:0;s:134:\"A Siviglia l\u2019Assemblea plenaria della Calre http:\/\/www.varesenews.it\/2017\/11\/siviglia-lassemblea-plenaria-della-calre\/668221\/ #calre\";}","_wpt_status_message":"Tweet inviato con successo."},"photos":[{"original":"https:\/\/staging.varesenews.it\/photogallery_new\/images\/2017\/11\/avarie-642480.jpg","full":"https:\/\/staging.varesenews.it\/photogallery_new\/images\/2017\/11\/avarie-642480.1024x768.jpg","large":"https:\/\/staging.varesenews.it\/photogallery_new\/images\/2017\/11\/avarie-642480.610x431.jpg"}],"_links":{"self":[{"href":"https:\/\/staging.varesenews.it\/swgapi\/v1\/wp\/v2\/posts\/668221"}],"collection":[{"href":"https:\/\/staging.varesenews.it\/swgapi\/v1\/wp\/v2\/posts"}],"about":[{"href":"https:\/\/staging.varesenews.it\/swgapi\/v1\/wp\/v2\/types\/post"}],"author":[{"embeddable":true,"href":"https:\/\/staging.varesenews.it\/swgapi\/v1\/wp\/v2\/users\/34"}],"replies":[{"embeddable":true,"href":"https:\/\/staging.varesenews.it\/swgapi\/v1\/wp\/v2\/comments?post=668221"}],"version-history":[{"count":0,"href":"https:\/\/staging.varesenews.it\/swgapi\/v1\/wp\/v2\/posts\/668221\/revisions"}],"wp:attachment":[{"href":"https:\/\/staging.varesenews.it\/swgapi\/v1\/wp\/v2\/media?parent=668221"}],"wp:term":[{"taxonomy":"category","embeddable":true,"href":"https:\/\/staging.varesenews.it\/swgapi\/v1\/wp\/v2\/categories?post=668221"},{"taxonomy":"post_tag","embeddable":true,"href":"https:\/\/staging.varesenews.it\/swgapi\/v1\/wp\/v2\/tags?post=668221"}],"curies":[{"name":"wp","href":"https:\/\/api.w.org\/{rel}","templated":true}]}}