{"id":669552,"date":"2017-11-16T11:28:57","date_gmt":"2017-11-16T10:28:57","guid":{"rendered":"http:\/\/www.varesenews.it\/?p=669552"},"modified":"2017-11-16T11:28:57","modified_gmt":"2017-11-16T10:28:57","slug":"greenway-veronesi-progetto-strategico","status":"publish","type":"post","link":"https:\/\/staging.varesenews.it\/2017\/11\/greenway-veronesi-progetto-strategico\/669552\/","title":{"rendered":"Greenway, Veronesi: &#8220;Progetto strategico. C&#8217;\u00e8 solo un&#8217;opposizione politica&#8221;"},"content":{"rendered":"<p>\u00abAvevamo la Greenway in programma e intendiamo realizzarla, come promesso\u00bb. \u00c8 perentorio <strong>Angelo Veronesi<\/strong>, capogruppo della Lega Nord a Saronno quando commenta il concept per la riqualificazione dell&#8217;ex Saronno-Seregno presentato luned\u00ec dall&#8217;Amministrazione comunale nell&#8217;ambito della conferenza stampa per la ciclometropolitana.<\/p>\n<p>\u00abPer Saronno la Greenway \u00e8 una proposta strategica perch\u00e9 <strong>consentirebbe di congiungere i cinque parchetti o<\/strong>ggi esistenti a ridosso dell&#8217;attuale sedime ferroviario dismesso. Per rendere fruibili questi cinque parchetti, che si possono vedere in figura, sar\u00e0 necessario portare a raso l&#8217;attuale sedime della ferrovia\u00bb. E rimarca: \u00abCon questo intervento <strong>si eliminer\u00e0 la cesura dei quartieri Str\u00e0 Foss\u00e0 e Aquilone<\/strong>, creando un polmone verde congiunto da una linea verde. Ulteriore vantaggio \u00e8 quello che il percorso a raso sar\u00e0 facilmente accessibile ai disabili. Una volta tolta la sezione a trapezio del sedime ferroviario, si potr\u00e0 creare un percorso di passaggio anche per i piccoli animali e per gli uccelli che potranno usare le siepi e gli alberi che verranno piantumati lungo tutto il percorso a ridosso della ciclo pedonale. Questo corridoio sar\u00e0 un vero e proprio corridoio ecologico che taglier\u00e0 la citt\u00e0 da ovest a est.<\/p>\n<p>\u00ab\u00c8 inoltre prevista la p<strong>rogettazione di una passerella ciclopedonale su via I maggio a Saronno, di collegamento tra la stazione ferroviaria<\/strong> e viale del Santuario, in modo di poter collegare la greenway con la stazione\u00bb. Un intervento che <strong>richieder\u00e0 l&#8217;eliminazione dei ponticelli di via Reina e di via Don Monza<\/strong>, al centro di diversi polemiche nelle ultime ore e di una mobilitazione popolare: \u00abI timori sollevati dall&#8217;opposizione sono infondati, tanto pi\u00f9 che il progetto (al centro del dibattito c&#8217;\u00e8 proprio il fatto che manchi un progetto tanto che l&#8217;Amministrazione ha ribadito pi\u00f9 volte come <a href=\"http:\/\/www.varesenews.it\/2017\/11\/greenway-ex-ferrovia-saronno-seregno-comune-progetto\/668728\/\">esista solo un concept ndr<\/a>) era stato presentato in Commissione e all&#8217;incontro pubblico di febbraio. Erano tutti edotti delle questioni, per cui le polemiche di questi giorni sono invenzioni sterili create ad arte per il gusto di fare opposizione. <strong>D\u00e0 fastidio<\/strong> che l&#8217;argomento delle<strong> piste ciclabili e dell&#8217;ambiente non siano pi\u00f9 di propriet\u00e0 della sinistra<\/strong>, ma come normale che sia e che dovrebbe essere in un Paese normale venga condiviso anche da altre forze politiche, che sono evidentemente pi\u00f9 capaci di fare\u00bb.<\/p>\n","protected":false},"excerpt":{"rendered":"<p>Il capogruppo della Lega drastico sui dubbi di associazioni e opposizione: &#8220;I timori sollevati sono infondati, d\u00e0 fastidio che ambiente e ciclabili non sono propriet\u00e0 della sinistra&#8221;<\/p>\n","protected":false},"author":11800,"featured_media":0,"comment_status":"open","ping_status":"closed","sticky":false,"template":"","format":"standard","meta":{"footnotes":""},"categories":[5],"tags":[73661,9594],"acf":[],"yoast_head":"<!-- This site is optimized with the Yoast SEO plugin v20.1 - https:\/\/yoast.com\/wordpress\/plugins\/seo\/ -->\n<title>Greenway, Veronesi: &quot;Progetto strategico. C&#039;\u00e8 solo un&#039;opposizione politica&quot;<\/title>\n<meta name=\"description\" content=\"Il capogruppo della Lega drastico sui dubbi di associazioni e opposizione: &quot;I timori sollevati sono infondati, d\u00e0 fastidio che ambiente e ciclabili non sono propriet\u00e0 della sinistra&quot;\" \/>\n<meta name=\"robots\" content=\"noindex, follow, max-snippet:-1, max-image-preview:large, max-video-preview:-1\" \/>\n<meta property=\"og:locale\" content=\"it_IT\" \/>\n<meta property=\"og:type\" content=\"article\" \/>\n<meta property=\"og:title\" content=\"Greenway, Veronesi: &quot;Progetto strategico. C&#039;\u00e8 solo un&#039;opposizione politica&quot;\" \/>\n<meta property=\"og:description\" content=\"Il capogruppo della Lega drastico sui dubbi di associazioni e opposizione: &quot;I timori sollevati sono infondati, d\u00e0 fastidio che ambiente e ciclabili non sono propriet\u00e0 della sinistra&quot;\" \/>\n<meta property=\"og:url\" content=\"https:\/\/staging.varesenews.it\/2017\/11\/greenway-veronesi-progetto-strategico\/669552\/\" \/>\n<meta property=\"og:site_name\" content=\"VareseNews\" \/>\n<meta property=\"article:publisher\" content=\"https:\/\/www.facebook.com\/varesenews\" \/>\n<meta property=\"article:author\" content=\"https:\/\/www.facebook.com\/IlSaronno-213880515411179\/\" \/>\n<meta property=\"article:published_time\" content=\"2017-11-16T10:28:57+00:00\" \/>\n<meta name=\"author\" content=\"ilSaronno\" \/>\n<meta name=\"twitter:card\" content=\"summary_large_image\" \/>\n<meta name=\"twitter:creator\" content=\"@ilsaronno\" \/>\n<meta name=\"twitter:site\" content=\"@varesenews\" \/>\n<meta name=\"twitter:label1\" content=\"Scritto da\" \/>\n\t<meta name=\"twitter:data1\" content=\"ilSaronno\" \/>\n\t<meta name=\"twitter:label2\" content=\"Tempo di lettura stimato\" \/>\n\t<meta name=\"twitter:data2\" content=\"2 minuti\" \/>\n<script type=\"application\/ld+json\" class=\"yoast-schema-graph\">{\"@context\":\"https:\/\/schema.org\",\"@graph\":[{\"@type\":\"WebPage\",\"@id\":\"https:\/\/staging.varesenews.it\/2017\/11\/greenway-veronesi-progetto-strategico\/669552\/\",\"url\":\"https:\/\/staging.varesenews.it\/2017\/11\/greenway-veronesi-progetto-strategico\/669552\/\",\"name\":\"Greenway, Veronesi: \\\"Progetto strategico. C'\u00e8 solo un'opposizione politica\\\"\",\"isPartOf\":{\"@id\":\"https:\/\/staging.varesenews.it\/#website\"},\"datePublished\":\"2017-11-16T10:28:57+00:00\",\"dateModified\":\"2017-11-16T10:28:57+00:00\",\"author\":{\"@id\":\"https:\/\/staging.varesenews.it\/#\/schema\/person\/34ad7337334147281697413d05fff81f\"},\"description\":\"Il capogruppo della Lega drastico sui dubbi di associazioni e opposizione: \\\"I timori sollevati sono infondati, d\u00e0 fastidio che ambiente e ciclabili non sono propriet\u00e0 della sinistra\\\"\",\"breadcrumb\":{\"@id\":\"https:\/\/staging.varesenews.it\/2017\/11\/greenway-veronesi-progetto-strategico\/669552\/#breadcrumb\"},\"inLanguage\":\"it-IT\",\"potentialAction\":[{\"@type\":\"ReadAction\",\"target\":[\"https:\/\/staging.varesenews.it\/2017\/11\/greenway-veronesi-progetto-strategico\/669552\/\"]}]},{\"@type\":\"BreadcrumbList\",\"@id\":\"https:\/\/staging.varesenews.it\/2017\/11\/greenway-veronesi-progetto-strategico\/669552\/#breadcrumb\",\"itemListElement\":[{\"@type\":\"ListItem\",\"position\":1,\"name\":\"Home\",\"item\":\"https:\/\/www.varesenews.it\/\"},{\"@type\":\"ListItem\",\"position\":2,\"name\":\"Greenway, Veronesi: &#8220;Progetto strategico. C&#8217;\u00e8 solo un&#8217;opposizione politica&#8221;\"}]},{\"@type\":\"WebSite\",\"@id\":\"https:\/\/staging.varesenews.it\/#website\",\"url\":\"https:\/\/staging.varesenews.it\/\",\"name\":\"VareseNews\",\"description\":\"\",\"potentialAction\":[{\"@type\":\"SearchAction\",\"target\":{\"@type\":\"EntryPoint\",\"urlTemplate\":\"https:\/\/staging.varesenews.it\/?s={search_term_string}\"},\"query-input\":\"required name=search_term_string\"}],\"inLanguage\":\"it-IT\"},{\"@type\":\"Person\",\"@id\":\"https:\/\/staging.varesenews.it\/#\/schema\/person\/34ad7337334147281697413d05fff81f\",\"name\":\"ilSaronno\",\"image\":{\"@type\":\"ImageObject\",\"inLanguage\":\"it-IT\",\"@id\":\"https:\/\/staging.varesenews.it\/#\/schema\/person\/image\/\",\"url\":\"https:\/\/staging.varesenews.it\/wp-content\/uploads\/2015\/03\/mistery.jpg\",\"contentUrl\":\"https:\/\/staging.varesenews.it\/wp-content\/uploads\/2015\/03\/mistery.jpg\",\"caption\":\"ilSaronno\"},\"sameAs\":[\"https:\/\/www.facebook.com\/IlSaronno-213880515411179\/\",\"ilSaronno\",\"https:\/\/twitter.com\/ilsaronno\"],\"url\":\"https:\/\/staging.varesenews.it\/persona\/ilsaronno\/\"}]}<\/script>\n<!-- \/ Yoast SEO plugin. -->","yoast_head_json":{"title":"Greenway, Veronesi: \"Progetto strategico. C'\u00e8 solo un'opposizione politica\"","description":"Il capogruppo della Lega drastico sui dubbi di associazioni e opposizione: \"I timori sollevati sono infondati, d\u00e0 fastidio che ambiente e ciclabili non sono propriet\u00e0 della sinistra\"","robots":{"index":"noindex","follow":"follow","max-snippet":"max-snippet:-1","max-image-preview":"max-image-preview:large","max-video-preview":"max-video-preview:-1"},"og_locale":"it_IT","og_type":"article","og_title":"Greenway, Veronesi: \"Progetto strategico. C'\u00e8 solo un'opposizione politica\"","og_description":"Il capogruppo della Lega drastico sui dubbi di associazioni e opposizione: \"I timori sollevati sono infondati, d\u00e0 fastidio che ambiente e ciclabili non sono propriet\u00e0 della sinistra\"","og_url":"https:\/\/staging.varesenews.it\/2017\/11\/greenway-veronesi-progetto-strategico\/669552\/","og_site_name":"VareseNews","article_publisher":"https:\/\/www.facebook.com\/varesenews","article_author":"https:\/\/www.facebook.com\/IlSaronno-213880515411179\/","article_published_time":"2017-11-16T10:28:57+00:00","author":"ilSaronno","twitter_card":"summary_large_image","twitter_creator":"@ilsaronno","twitter_site":"@varesenews","twitter_misc":{"Scritto da":"ilSaronno","Tempo di lettura stimato":"2 minuti"},"schema":{"@context":"https:\/\/schema.org","@graph":[{"@type":"WebPage","@id":"https:\/\/staging.varesenews.it\/2017\/11\/greenway-veronesi-progetto-strategico\/669552\/","url":"https:\/\/staging.varesenews.it\/2017\/11\/greenway-veronesi-progetto-strategico\/669552\/","name":"Greenway, Veronesi: \"Progetto strategico. C'\u00e8 solo un'opposizione politica\"","isPartOf":{"@id":"https:\/\/staging.varesenews.it\/#website"},"datePublished":"2017-11-16T10:28:57+00:00","dateModified":"2017-11-16T10:28:57+00:00","author":{"@id":"https:\/\/staging.varesenews.it\/#\/schema\/person\/34ad7337334147281697413d05fff81f"},"description":"Il capogruppo della Lega drastico sui dubbi di associazioni e opposizione: \"I timori sollevati sono infondati, d\u00e0 fastidio che ambiente e ciclabili non sono propriet\u00e0 della sinistra\"","breadcrumb":{"@id":"https:\/\/staging.varesenews.it\/2017\/11\/greenway-veronesi-progetto-strategico\/669552\/#breadcrumb"},"inLanguage":"it-IT","potentialAction":[{"@type":"ReadAction","target":["https:\/\/staging.varesenews.it\/2017\/11\/greenway-veronesi-progetto-strategico\/669552\/"]}]},{"@type":"BreadcrumbList","@id":"https:\/\/staging.varesenews.it\/2017\/11\/greenway-veronesi-progetto-strategico\/669552\/#breadcrumb","itemListElement":[{"@type":"ListItem","position":1,"name":"Home","item":"https:\/\/www.varesenews.it\/"},{"@type":"ListItem","position":2,"name":"Greenway, Veronesi: &#8220;Progetto strategico. C&#8217;\u00e8 solo un&#8217;opposizione politica&#8221;"}]},{"@type":"WebSite","@id":"https:\/\/staging.varesenews.it\/#website","url":"https:\/\/staging.varesenews.it\/","name":"VareseNews","description":"","potentialAction":[{"@type":"SearchAction","target":{"@type":"EntryPoint","urlTemplate":"https:\/\/staging.varesenews.it\/?s={search_term_string}"},"query-input":"required name=search_term_string"}],"inLanguage":"it-IT"},{"@type":"Person","@id":"https:\/\/staging.varesenews.it\/#\/schema\/person\/34ad7337334147281697413d05fff81f","name":"ilSaronno","image":{"@type":"ImageObject","inLanguage":"it-IT","@id":"https:\/\/staging.varesenews.it\/#\/schema\/person\/image\/","url":"https:\/\/staging.varesenews.it\/wp-content\/uploads\/2015\/03\/mistery.jpg","contentUrl":"https:\/\/staging.varesenews.it\/wp-content\/uploads\/2015\/03\/mistery.jpg","caption":"ilSaronno"},"sameAs":["https:\/\/www.facebook.com\/IlSaronno-213880515411179\/","ilSaronno","https:\/\/twitter.com\/ilsaronno"],"url":"https:\/\/staging.varesenews.it\/persona\/ilsaronno\/"}]}},"post_meta":{"_edit_lock":"1510828011:46","_category_permalink":"a:1:{s:8:\"category\";s:1:\"5\";}","foto":"466501","argomento":"Saronno","_yoast_wpseo_content_score":"30","_edit_last":"46","ratings_users":"0","ratings_score":"0","ratings_average":"0","_jd_tweet_this":"yes","_wpt_short_url":"http:\/\/www.varesenews.it\/2017\/11\/greenway-veronesi-progetto-strategico\/669552\/","_wp_jd_target":"http:\/\/www.varesenews.it\/2017\/11\/greenway-veronesi-progetto-strategico\/669552\/","_jd_wp_twitter":"a:1:{i:0;s:189:\"Greenway, Veronesi: \u201cProgetto strategico. C\u2019\u00e8 solo un\u2019opposizione politica\u201d http:\/\/www.varesenews.it\/2017\/11\/greenway-veronesi-progetto-strategico\/669552\/ #greenway #saronnoseregno\";}","_wpt_status_message":"Tweet inviato con successo."},"photos":[{"original":"https:\/\/staging.varesenews.it\/photogallery_new\/images\/2015\/07\/il-consiglio-comunale-di-saronno-tutti-i-consiglieri-466501.jpg","full":"https:\/\/staging.varesenews.it\/photogallery_new\/images\/2015\/07\/il-consiglio-comunale-di-saronno-tutti-i-consiglieri-466501.1024x768.jpg","large":"https:\/\/staging.varesenews.it\/photogallery_new\/images\/2015\/07\/il-consiglio-comunale-di-saronno-tutti-i-consiglieri-466501.610x431.jpg"}],"_links":{"self":[{"href":"https:\/\/staging.varesenews.it\/swgapi\/v1\/wp\/v2\/posts\/669552"}],"collection":[{"href":"https:\/\/staging.varesenews.it\/swgapi\/v1\/wp\/v2\/posts"}],"about":[{"href":"https:\/\/staging.varesenews.it\/swgapi\/v1\/wp\/v2\/types\/post"}],"author":[{"embeddable":true,"href":"https:\/\/staging.varesenews.it\/swgapi\/v1\/wp\/v2\/users\/11800"}],"replies":[{"embeddable":true,"href":"https:\/\/staging.varesenews.it\/swgapi\/v1\/wp\/v2\/comments?post=669552"}],"version-history":[{"count":0,"href":"https:\/\/staging.varesenews.it\/swgapi\/v1\/wp\/v2\/posts\/669552\/revisions"}],"wp:attachment":[{"href":"https:\/\/staging.varesenews.it\/swgapi\/v1\/wp\/v2\/media?parent=669552"}],"wp:term":[{"taxonomy":"category","embeddable":true,"href":"https:\/\/staging.varesenews.it\/swgapi\/v1\/wp\/v2\/categories?post=669552"},{"taxonomy":"post_tag","embeddable":true,"href":"https:\/\/staging.varesenews.it\/swgapi\/v1\/wp\/v2\/tags?post=669552"}],"curies":[{"name":"wp","href":"https:\/\/api.w.org\/{rel}","templated":true}]}}