{"id":670445,"date":"2017-11-21T09:15:02","date_gmt":"2017-11-21T08:15:02","guid":{"rendered":"http:\/\/www.varesenews.it\/?p=670445"},"modified":"2017-11-21T09:16:49","modified_gmt":"2017-11-21T08:16:49","slug":"speranza-fallimenti-due-storici-discutono-comunismo","status":"publish","type":"post","link":"https:\/\/staging.varesenews.it\/2017\/11\/speranza-fallimenti-due-storici-discutono-comunismo\/670445\/","title":{"rendered":"Speranza e fallimenti, due storici discutono di comunismo"},"content":{"rendered":"<p>Cent&#8217;anni dopo la Rivoluzione d&#8217;Ottobre, alla Casa del Popolo si discute di comunismo e del secolo breve, sogni ed errori, speranze e orrori.<\/p>\n<p>Succede a Cardano al Campo, dove la <a href=\"http:\/\/www.casadelpopolocardano.it\/coop\/chi-siamo.html\" target=\"_blank\" rel=\"noopener\">storica Casa del Popolo<\/a> &#8211; nata nel 1907 &#8211; \u00e8 una realt\u00e0 che esiste ancora, \u00e8 un luogo vivo, ha tenuto di s\u00e8 la storia tortuosa, contradditoria della sinistra novecentesta. Da ottobre \u00e8 stata <strong>inaugurata la mostra &#8220;Anche di qui pass\u00f2 la rivoluzione&#8221;<\/strong>, che raccoglie memorie e documenti della rivoluzione vista anche attraverso la storia del territorio, di un paese. Che s&#8217;intreccia con la grande storia, tra riformisti e massimilisti, partito organizzato, violenza fascista e antifascismo militante, dittatura ed esuli.<\/p>\n<p>Dalla mostra (accompagnata anche da <a href=\"http:\/\/www.varesenews.it\/2017\/10\/la-notte-dei-romanov-e-quella-della-rivoluzione\/660290\/\">alcune polemiche<\/a>), all&#8217;incontro di approfondimento e confronto critico. \u00abA 100 anni dalla\u00a0<strong>Rivoluzione d\u2019Ottobre\u00a0due storici discutono di Comunismo<\/strong>, un evento che ha coinvolto le vite e le speranze di milioni di uomini e donne.\u00a0Gli errori, gli sconvolgimenti, i fallimenti e quel che ci rimane in eredit\u00e0 di un evento cruciale del Novecento\u00bb.<\/p>\n<p><strong>L&#8217;appuntamento \u00e8 per venerd\u00ec 24 novembre, dalle ore 17.00<\/strong> Interverranno:\u00a0<strong>Pier Paolo Poggio<\/strong>, direttore della Fondazione Micheletti, che terr\u00e0 la relazione su Comunismo sovietico e Altronovecento;\u00a0 <strong>Daniela Franchetti<\/strong>,\u00a0storica e professoressa al Liceo scientifico di Tradate, in Gli antifascisti varesini degli anni Trenta.<\/p>\n<p>Dalle ore 15 e al termine dell&#8217;incontro ci sar\u00e0 la possibilit\u00e0 di visitare la Mostra \u201c<strong>Anche di qua \u00e8\u00a0<\/strong><strong>passata la Rivoluzione<\/strong>\u201d dedicata ai 100 anni della Rivoluzione Russa con l\u2019esposizione di manifesti, foto e cimeli che ricordano quei giorni e quelle lotte dal punto di vista di una Casa del Popolo.<\/p>\n","protected":false},"excerpt":{"rendered":"<p>Nell&#8217;ambito della mostra sulla Rivoluzione d&#8217;Ottobre promossa dalla Casa del Popolo, nel centenario dell&#8217;evento che apr\u00ec il &#8220;secolo breve&#8221;<\/p>\n","protected":false},"author":46,"featured_media":0,"comment_status":"open","ping_status":"open","sticky":false,"template":"","format":"standard","meta":{"footnotes":""},"categories":[18,3],"tags":[13612,82176],"acf":[],"yoast_head":"<!-- This site is optimized with the Yoast SEO plugin v20.1 - https:\/\/yoast.com\/wordpress\/plugins\/seo\/ -->\n<title>Speranza e fallimenti, due storici discutono di comunismo<\/title>\n<meta name=\"description\" content=\"Nell&#039;ambito della mostra sulla Rivoluzione d&#039;Ottobre promossa dalla Casa del Popolo, nel centenario dell&#039;evento che apr\u00ec il &quot;secolo breve&quot;\" \/>\n<meta name=\"robots\" content=\"noindex, follow, max-snippet:-1, max-image-preview:large, max-video-preview:-1\" \/>\n<meta property=\"og:locale\" content=\"it_IT\" \/>\n<meta property=\"og:type\" content=\"article\" \/>\n<meta property=\"og:title\" content=\"Speranza e fallimenti, due storici discutono di comunismo\" \/>\n<meta property=\"og:description\" content=\"Nell&#039;ambito della mostra sulla Rivoluzione d&#039;Ottobre promossa dalla Casa del Popolo, nel centenario dell&#039;evento che apr\u00ec il &quot;secolo breve&quot;\" \/>\n<meta property=\"og:url\" content=\"https:\/\/staging.varesenews.it\/2017\/11\/speranza-fallimenti-due-storici-discutono-comunismo\/670445\/\" \/>\n<meta property=\"og:site_name\" content=\"VareseNews\" \/>\n<meta property=\"article:publisher\" content=\"https:\/\/www.facebook.com\/varesenews\" \/>\n<meta property=\"article:published_time\" content=\"2017-11-21T08:15:02+00:00\" \/>\n<meta property=\"article:modified_time\" content=\"2017-11-21T08:16:49+00:00\" \/>\n<meta name=\"author\" content=\"Roberto Morandi\" \/>\n<meta name=\"twitter:card\" content=\"summary_large_image\" \/>\n<meta name=\"twitter:creator\" content=\"@ilmorands\" \/>\n<meta name=\"twitter:site\" content=\"@varesenews\" \/>\n<meta name=\"twitter:label1\" content=\"Scritto da\" \/>\n\t<meta name=\"twitter:data1\" content=\"Roberto Morandi\" \/>\n\t<meta name=\"twitter:label2\" content=\"Tempo di lettura stimato\" \/>\n\t<meta name=\"twitter:data2\" content=\"1 minuto\" \/>\n<script type=\"application\/ld+json\" class=\"yoast-schema-graph\">{\"@context\":\"https:\/\/schema.org\",\"@graph\":[{\"@type\":\"WebPage\",\"@id\":\"https:\/\/staging.varesenews.it\/2017\/11\/speranza-fallimenti-due-storici-discutono-comunismo\/670445\/\",\"url\":\"https:\/\/staging.varesenews.it\/2017\/11\/speranza-fallimenti-due-storici-discutono-comunismo\/670445\/\",\"name\":\"Speranza e fallimenti, due storici discutono di comunismo\",\"isPartOf\":{\"@id\":\"https:\/\/staging.varesenews.it\/#website\"},\"datePublished\":\"2017-11-21T08:15:02+00:00\",\"dateModified\":\"2017-11-21T08:16:49+00:00\",\"author\":{\"@id\":\"https:\/\/staging.varesenews.it\/#\/schema\/person\/efe592ae4c76536b551f89d8b6674bc3\"},\"description\":\"Nell'ambito della mostra sulla Rivoluzione d'Ottobre promossa dalla Casa del Popolo, nel centenario dell'evento che apr\u00ec il \\\"secolo breve\\\"\",\"breadcrumb\":{\"@id\":\"https:\/\/staging.varesenews.it\/2017\/11\/speranza-fallimenti-due-storici-discutono-comunismo\/670445\/#breadcrumb\"},\"inLanguage\":\"it-IT\",\"potentialAction\":[{\"@type\":\"ReadAction\",\"target\":[\"https:\/\/staging.varesenews.it\/2017\/11\/speranza-fallimenti-due-storici-discutono-comunismo\/670445\/\"]}]},{\"@type\":\"BreadcrumbList\",\"@id\":\"https:\/\/staging.varesenews.it\/2017\/11\/speranza-fallimenti-due-storici-discutono-comunismo\/670445\/#breadcrumb\",\"itemListElement\":[{\"@type\":\"ListItem\",\"position\":1,\"name\":\"Home\",\"item\":\"https:\/\/www.varesenews.it\/\"},{\"@type\":\"ListItem\",\"position\":2,\"name\":\"Speranza e fallimenti, due storici discutono di comunismo\"}]},{\"@type\":\"WebSite\",\"@id\":\"https:\/\/staging.varesenews.it\/#website\",\"url\":\"https:\/\/staging.varesenews.it\/\",\"name\":\"VareseNews\",\"description\":\"\",\"potentialAction\":[{\"@type\":\"SearchAction\",\"target\":{\"@type\":\"EntryPoint\",\"urlTemplate\":\"https:\/\/staging.varesenews.it\/?s={search_term_string}\"},\"query-input\":\"required name=search_term_string\"}],\"inLanguage\":\"it-IT\"},{\"@type\":\"Person\",\"@id\":\"https:\/\/staging.varesenews.it\/#\/schema\/person\/efe592ae4c76536b551f89d8b6674bc3\",\"name\":\"Roberto Morandi\",\"image\":{\"@type\":\"ImageObject\",\"inLanguage\":\"it-IT\",\"@id\":\"https:\/\/staging.varesenews.it\/#\/schema\/person\/image\/\",\"url\":\"https:\/\/staging.varesenews.it\/wp-content\/uploads\/2020\/12\/roberto_morandi_colori_500.jpg\",\"contentUrl\":\"https:\/\/staging.varesenews.it\/wp-content\/uploads\/2020\/12\/roberto_morandi_colori_500.jpg\",\"caption\":\"Roberto Morandi\"},\"description\":\"Classe 1980, laureato in storia, mi occupo dell&rsquo;area di Gallarate e di Malpensa, di trasporti e mobilit&agrave;. Amo molto la dimensione della citt&agrave;, come luogo d&rsquo;incontro di persone diverse e come organismo che si trasforma costantemente. Mi piace anche raccontare le piccole e grandi vicende, anche locali, che compongono la Storia con la S maiuscola. Appassionato di bicicletta: la macchina perfetta per muoversi in citt&agrave; e per viaggiare.\",\"sameAs\":[\"https:\/\/twitter.com\/ilmorands\"],\"url\":\"https:\/\/staging.varesenews.it\/persona\/roberto-morandi1\/\"}]}<\/script>\n<!-- \/ Yoast SEO plugin. -->","yoast_head_json":{"title":"Speranza e fallimenti, due storici discutono di comunismo","description":"Nell'ambito della mostra sulla Rivoluzione d'Ottobre promossa dalla Casa del Popolo, nel centenario dell'evento che apr\u00ec il \"secolo breve\"","robots":{"index":"noindex","follow":"follow","max-snippet":"max-snippet:-1","max-image-preview":"max-image-preview:large","max-video-preview":"max-video-preview:-1"},"og_locale":"it_IT","og_type":"article","og_title":"Speranza e fallimenti, due storici discutono di comunismo","og_description":"Nell'ambito della mostra sulla Rivoluzione d'Ottobre promossa dalla Casa del Popolo, nel centenario dell'evento che apr\u00ec il \"secolo breve\"","og_url":"https:\/\/staging.varesenews.it\/2017\/11\/speranza-fallimenti-due-storici-discutono-comunismo\/670445\/","og_site_name":"VareseNews","article_publisher":"https:\/\/www.facebook.com\/varesenews","article_published_time":"2017-11-21T08:15:02+00:00","article_modified_time":"2017-11-21T08:16:49+00:00","author":"Roberto Morandi","twitter_card":"summary_large_image","twitter_creator":"@ilmorands","twitter_site":"@varesenews","twitter_misc":{"Scritto da":"Roberto Morandi","Tempo di lettura stimato":"1 minuto"},"schema":{"@context":"https:\/\/schema.org","@graph":[{"@type":"WebPage","@id":"https:\/\/staging.varesenews.it\/2017\/11\/speranza-fallimenti-due-storici-discutono-comunismo\/670445\/","url":"https:\/\/staging.varesenews.it\/2017\/11\/speranza-fallimenti-due-storici-discutono-comunismo\/670445\/","name":"Speranza e fallimenti, due storici discutono di comunismo","isPartOf":{"@id":"https:\/\/staging.varesenews.it\/#website"},"datePublished":"2017-11-21T08:15:02+00:00","dateModified":"2017-11-21T08:16:49+00:00","author":{"@id":"https:\/\/staging.varesenews.it\/#\/schema\/person\/efe592ae4c76536b551f89d8b6674bc3"},"description":"Nell'ambito della mostra sulla Rivoluzione d'Ottobre promossa dalla Casa del Popolo, nel centenario dell'evento che apr\u00ec il \"secolo breve\"","breadcrumb":{"@id":"https:\/\/staging.varesenews.it\/2017\/11\/speranza-fallimenti-due-storici-discutono-comunismo\/670445\/#breadcrumb"},"inLanguage":"it-IT","potentialAction":[{"@type":"ReadAction","target":["https:\/\/staging.varesenews.it\/2017\/11\/speranza-fallimenti-due-storici-discutono-comunismo\/670445\/"]}]},{"@type":"BreadcrumbList","@id":"https:\/\/staging.varesenews.it\/2017\/11\/speranza-fallimenti-due-storici-discutono-comunismo\/670445\/#breadcrumb","itemListElement":[{"@type":"ListItem","position":1,"name":"Home","item":"https:\/\/www.varesenews.it\/"},{"@type":"ListItem","position":2,"name":"Speranza e fallimenti, due storici discutono di comunismo"}]},{"@type":"WebSite","@id":"https:\/\/staging.varesenews.it\/#website","url":"https:\/\/staging.varesenews.it\/","name":"VareseNews","description":"","potentialAction":[{"@type":"SearchAction","target":{"@type":"EntryPoint","urlTemplate":"https:\/\/staging.varesenews.it\/?s={search_term_string}"},"query-input":"required name=search_term_string"}],"inLanguage":"it-IT"},{"@type":"Person","@id":"https:\/\/staging.varesenews.it\/#\/schema\/person\/efe592ae4c76536b551f89d8b6674bc3","name":"Roberto Morandi","image":{"@type":"ImageObject","inLanguage":"it-IT","@id":"https:\/\/staging.varesenews.it\/#\/schema\/person\/image\/","url":"https:\/\/staging.varesenews.it\/wp-content\/uploads\/2020\/12\/roberto_morandi_colori_500.jpg","contentUrl":"https:\/\/staging.varesenews.it\/wp-content\/uploads\/2020\/12\/roberto_morandi_colori_500.jpg","caption":"Roberto Morandi"},"description":"Classe 1980, laureato in storia, mi occupo dell&rsquo;area di Gallarate e di Malpensa, di trasporti e mobilit&agrave;. Amo molto la dimensione della citt&agrave;, come luogo d&rsquo;incontro di persone diverse e come organismo che si trasforma costantemente. Mi piace anche raccontare le piccole e grandi vicende, anche locali, che compongono la Storia con la S maiuscola. Appassionato di bicicletta: la macchina perfetta per muoversi in citt&agrave; e per viaggiare.","sameAs":["https:\/\/twitter.com\/ilmorands"],"url":"https:\/\/staging.varesenews.it\/persona\/roberto-morandi1\/"}]}},"post_meta":{"_edit_lock":"1511253003:46","_edit_last":"46","_category_permalink":"a:1:{s:8:\"category\";s:1:\"3\";}","ratings_users":"0","ratings_score":"0","ratings_average":"0","foto":"643988","argomento":"Cardano al Campo","_yoast_wpseo_content_score":"30","_jd_tweet_this":"yes","_wpt_short_url":"http:\/\/www.varesenews.it\/2017\/11\/speranza-fallimenti-due-storici-discutono-comunismo\/670445\/","_wp_jd_target":"http:\/\/www.varesenews.it\/2017\/11\/speranza-fallimenti-due-storici-discutono-comunismo\/670445\/","_jd_wp_twitter":"a:1:{i:0;s:165:\"Speranza e fallimenti, due storici discutono di comunismo http:\/\/www.varesenews.it\/2017\/11\/speranza-fallimenti-due-storici-discutono-comunismo\/670445\/ #casadelpopolo\";}","_wpt_status_message":"Tweet inviato con successo."},"photos":[{"original":"https:\/\/staging.varesenews.it\/photogallery_new\/images\/2017\/11\/bandiera-rossa-643988.jpg","full":"https:\/\/staging.varesenews.it\/photogallery_new\/images\/2017\/11\/bandiera-rossa-643988.1024x768.jpg","large":"https:\/\/staging.varesenews.it\/photogallery_new\/images\/2017\/11\/bandiera-rossa-643988.610x431.jpg"}],"_links":{"self":[{"href":"https:\/\/staging.varesenews.it\/swgapi\/v1\/wp\/v2\/posts\/670445"}],"collection":[{"href":"https:\/\/staging.varesenews.it\/swgapi\/v1\/wp\/v2\/posts"}],"about":[{"href":"https:\/\/staging.varesenews.it\/swgapi\/v1\/wp\/v2\/types\/post"}],"author":[{"embeddable":true,"href":"https:\/\/staging.varesenews.it\/swgapi\/v1\/wp\/v2\/users\/46"}],"replies":[{"embeddable":true,"href":"https:\/\/staging.varesenews.it\/swgapi\/v1\/wp\/v2\/comments?post=670445"}],"version-history":[{"count":0,"href":"https:\/\/staging.varesenews.it\/swgapi\/v1\/wp\/v2\/posts\/670445\/revisions"}],"wp:attachment":[{"href":"https:\/\/staging.varesenews.it\/swgapi\/v1\/wp\/v2\/media?parent=670445"}],"wp:term":[{"taxonomy":"category","embeddable":true,"href":"https:\/\/staging.varesenews.it\/swgapi\/v1\/wp\/v2\/categories?post=670445"},{"taxonomy":"post_tag","embeddable":true,"href":"https:\/\/staging.varesenews.it\/swgapi\/v1\/wp\/v2\/tags?post=670445"}],"curies":[{"name":"wp","href":"https:\/\/api.w.org\/{rel}","templated":true}]}}