{"id":672437,"date":"2017-11-27T22:00:52","date_gmt":"2017-11-27T21:00:52","guid":{"rendered":"http:\/\/www.varesenews.it\/?p=672437"},"modified":"2017-11-27T22:00:52","modified_gmt":"2017-11-27T21:00:52","slug":"helena-janeczek-ospite-si-scrittrici-insieme","status":"publish","type":"post","link":"https:\/\/staging.varesenews.it\/2017\/11\/helena-janeczek-ospite-si-scrittrici-insieme\/672437\/","title":{"rendered":"Helena Janeczek ospite a SI-Scrittrici Insieme"},"content":{"rendered":"<p>Un fuoriprogramma per SI-Scrittrici Insieme, il festival letterario che da anni anima la tarda primavera gallaratese. Un fuoriprogramma, per\u00f2, quantomeno doveroso. E non solo perch\u00e9 riguarda <strong>Helena Janeczek<\/strong>, da sempre anima della manifestazione. Il suo racconto della vita di Gerda Taro rientra infatti a pieno titolo tra i casi letterari di questa stagione culturale. Impossibile, dunque, non dedicare un appuntamento al racconto di questo romanzo. L\u2019incontro \u00e8 in programma per<strong> le 17 di domenica 2 dicembre all\u2019interno del negozio Crosta Tappeti, al civico 12 di via Mercanti a Gallarate. <\/strong><\/p>\n<p>Ad accompagnare Janeczek saranno Silvana Baldini ed Elisabetta Severina. Lo spunto per \u201cLa ragazza con la Leica\u201d (Guanda, 2017) \u00e8 una telefonata intercontinentale. Ai due<br \/>\ncapi del filo Georg Kuritzkes e Willy Chardack, amici ed entrambi innamorati di Gerda Taro, con il secondo costretto per\u00f2 al ruolo di cavalier servente. Ed \u00e8 proprio la giovane fotografa, la prima a trovare la morte sul campo di battaglia, l\u2019argomento della conversazione. Ne nasce un romanzo caleidoscopico, incardinato sulle fonti originali ed arricchito da immagini d\u2019epoca, che si conclude appunto il 1 agosto del 1937. Giorno del ventisettesimo compleanno di Gerda e giorno in cui il suo corteo funebre ha attraversato le vie di Parigi in un tripudio di bandiere rosse.<\/p>\n<p>Nel corteo funebre anche Robert Capa, mentore di Gerda e suo compagno nella Spagna devastata dalla guerra civile. E anche Ruth Cerf, l\u2019amica con cui Gerda \u00e8 fuggita dalla Germania e insieme alla quale ha vissuto gli anni pi\u00f9 difficili nella capitale francese. Amici per i quali Gerda \u00e8 molto di pi\u00f9 dell\u2019eroina antifascista celebrata nelle orazioni funebri. Certo, spesso li ha delusi e feriti, ma la sua gioia di vivere e la sua sete di libert\u00e0, sono scintille capaci di riaccendersi a distanza di decenni.<\/p>\n<p>Helena Janeczek (1964) \u00e8 nata a Monaco di Baviera in una famiglia ebreo-polacca, vive in Italia da oltre trent&#8217;anni. Ha esordito con una raccolta di poesie, \u201cIns Freie\u201d, edita da Suhrkamp nel 1989. Nel 1997 pubblica con Mondadori, \u201cLezioni di tenebra\u201d, la sua prima opera di narrativa in italiano. Il libro, oggi disponibile in una nuova edizione per i tipi di Guanda, affronta a partire dall&#8217;esperienza autobiografica, il tema della trasmissione di madre in figlia di una memoria tab\u00f9 segnata dalla deportazione della madre a Auschwitz. Segue \u201cCibo\u201d (Mondadori, 2002), mosaico romanzesco di<br \/>\nstorie che indagano il rapporto, felice o problematico, di donne (e uomini) con il cibo, il corpo e i desideri e le memorie che vi si intrecciano. Nel 2012 \u00e8 stato ripubblicato \u201cBloody Cow\u201d (Il Saggiatore), pamphlet visionario sul cosiddetto morbo della mucca pazza e tributo a Claire Atkinson, una ragazza inglese vegetariana tra le prime vittime del morbo. \u201cLe rondini di Montecassino\u201d (Guanda, 2010) \u00e8 un romanzo che intreccia fiction e non-fiction, collegando continenti e spaziando tra l&#8217;oggi e la battaglia del \u201844, per scandagliare il portato e il lascito della Seconda Guerra Mondiale attraverso le storie dei reduci e dei loro discendenti. Cofondatrice del blog letterario Nazione Indiana, ha collaborato con Nuovi Argomenti, Alfabeta2 e Lo Straniero e scritto per giornali come La Repubblica, L&#8217;Unit\u00e0, il Sole 24Ore e Pagina 99. Ha lavorato nell&#8217;editoria come consulente per la narrativa straniera. Vive a Gallarate, con suo figlio e due gatti.<\/p>\n","protected":false},"excerpt":{"rendered":"<p>Appuntamento per le 17 di domenica 2 dicembre. Con lei anche Silvana Baldini ed Elisabetta Severina<\/p>\n","protected":false},"author":32,"featured_media":0,"comment_status":"open","ping_status":"open","sticky":false,"template":"","format":"standard","meta":{"footnotes":""},"categories":[21,2],"tags":[688],"acf":[],"yoast_head":"<!-- This site is optimized with the Yoast SEO plugin v20.1 - https:\/\/yoast.com\/wordpress\/plugins\/seo\/ -->\n<title>Helena Janeczek ospite a SI-Scrittrici Insieme<\/title>\n<meta name=\"description\" content=\"Appuntamento per le 17 di domenica 2 dicembre. Con lei anche Silvana Baldini ed Elisabetta Severina\" \/>\n<meta name=\"robots\" content=\"noindex, follow, max-snippet:-1, max-image-preview:large, max-video-preview:-1\" \/>\n<meta property=\"og:locale\" content=\"it_IT\" \/>\n<meta property=\"og:type\" content=\"article\" \/>\n<meta property=\"og:title\" content=\"Helena Janeczek ospite a SI-Scrittrici Insieme\" \/>\n<meta property=\"og:description\" content=\"Appuntamento per le 17 di domenica 2 dicembre. Con lei anche Silvana Baldini ed Elisabetta Severina\" \/>\n<meta property=\"og:url\" content=\"https:\/\/staging.varesenews.it\/2017\/11\/helena-janeczek-ospite-si-scrittrici-insieme\/672437\/\" \/>\n<meta property=\"og:site_name\" content=\"VareseNews\" \/>\n<meta property=\"article:publisher\" content=\"https:\/\/www.facebook.com\/varesenews\" \/>\n<meta property=\"article:published_time\" content=\"2017-11-27T21:00:52+00:00\" \/>\n<meta name=\"author\" content=\"Adelia Brigo\" \/>\n<meta name=\"twitter:card\" content=\"summary_large_image\" \/>\n<meta name=\"twitter:creator\" content=\"@AdeliaBrigo\" \/>\n<meta name=\"twitter:site\" content=\"@varesenews\" \/>\n<meta name=\"twitter:label1\" content=\"Scritto da\" \/>\n\t<meta name=\"twitter:data1\" content=\"Adelia Brigo\" \/>\n\t<meta name=\"twitter:label2\" content=\"Tempo di lettura stimato\" \/>\n\t<meta name=\"twitter:data2\" content=\"3 minuti\" \/>\n<script type=\"application\/ld+json\" class=\"yoast-schema-graph\">{\"@context\":\"https:\/\/schema.org\",\"@graph\":[{\"@type\":\"WebPage\",\"@id\":\"https:\/\/staging.varesenews.it\/2017\/11\/helena-janeczek-ospite-si-scrittrici-insieme\/672437\/\",\"url\":\"https:\/\/staging.varesenews.it\/2017\/11\/helena-janeczek-ospite-si-scrittrici-insieme\/672437\/\",\"name\":\"Helena Janeczek ospite a SI-Scrittrici Insieme\",\"isPartOf\":{\"@id\":\"https:\/\/staging.varesenews.it\/#website\"},\"datePublished\":\"2017-11-27T21:00:52+00:00\",\"dateModified\":\"2017-11-27T21:00:52+00:00\",\"author\":{\"@id\":\"https:\/\/staging.varesenews.it\/#\/schema\/person\/272ac0f5b2dbfd572218c2d86e013f1a\"},\"description\":\"Appuntamento per le 17 di domenica 2 dicembre. Con lei anche Silvana Baldini ed Elisabetta Severina\",\"breadcrumb\":{\"@id\":\"https:\/\/staging.varesenews.it\/2017\/11\/helena-janeczek-ospite-si-scrittrici-insieme\/672437\/#breadcrumb\"},\"inLanguage\":\"it-IT\",\"potentialAction\":[{\"@type\":\"ReadAction\",\"target\":[\"https:\/\/staging.varesenews.it\/2017\/11\/helena-janeczek-ospite-si-scrittrici-insieme\/672437\/\"]}]},{\"@type\":\"BreadcrumbList\",\"@id\":\"https:\/\/staging.varesenews.it\/2017\/11\/helena-janeczek-ospite-si-scrittrici-insieme\/672437\/#breadcrumb\",\"itemListElement\":[{\"@type\":\"ListItem\",\"position\":1,\"name\":\"Home\",\"item\":\"https:\/\/www.varesenews.it\/\"},{\"@type\":\"ListItem\",\"position\":2,\"name\":\"Helena Janeczek ospite a SI-Scrittrici Insieme\"}]},{\"@type\":\"WebSite\",\"@id\":\"https:\/\/staging.varesenews.it\/#website\",\"url\":\"https:\/\/staging.varesenews.it\/\",\"name\":\"VareseNews\",\"description\":\"\",\"potentialAction\":[{\"@type\":\"SearchAction\",\"target\":{\"@type\":\"EntryPoint\",\"urlTemplate\":\"https:\/\/staging.varesenews.it\/?s={search_term_string}\"},\"query-input\":\"required name=search_term_string\"}],\"inLanguage\":\"it-IT\"},{\"@type\":\"Person\",\"@id\":\"https:\/\/staging.varesenews.it\/#\/schema\/person\/272ac0f5b2dbfd572218c2d86e013f1a\",\"name\":\"Adelia Brigo\",\"image\":{\"@type\":\"ImageObject\",\"inLanguage\":\"it-IT\",\"@id\":\"https:\/\/staging.varesenews.it\/#\/schema\/person\/image\/\",\"url\":\"https:\/\/staging.varesenews.it\/wp-content\/uploads\/2020\/12\/adelia_brigo_colori_500.jpg\",\"contentUrl\":\"https:\/\/staging.varesenews.it\/wp-content\/uploads\/2020\/12\/adelia_brigo_colori_500.jpg\",\"caption\":\"Adelia Brigo\"},\"description\":\"Giornalista pubblicista, lavoro a VareseNews dal 2007 e mi occupo di cronaca locale e del settore dedicato alla cultura. In questi anni ho seguito diversi progetti di comunicazione, amo sperimentare strategie per i Social Network e raccontare storie. Varesina, classe 1984, sono laureata in Scienze della Comunicazione.&nbsp;\",\"sameAs\":[\"AdeliaBrigo\",\"https:\/\/twitter.com\/AdeliaBrigo\"],\"url\":\"https:\/\/staging.varesenews.it\/persona\/adelia_brigo\/\"}]}<\/script>\n<!-- \/ Yoast SEO plugin. -->","yoast_head_json":{"title":"Helena Janeczek ospite a SI-Scrittrici Insieme","description":"Appuntamento per le 17 di domenica 2 dicembre. Con lei anche Silvana Baldini ed Elisabetta Severina","robots":{"index":"noindex","follow":"follow","max-snippet":"max-snippet:-1","max-image-preview":"max-image-preview:large","max-video-preview":"max-video-preview:-1"},"og_locale":"it_IT","og_type":"article","og_title":"Helena Janeczek ospite a SI-Scrittrici Insieme","og_description":"Appuntamento per le 17 di domenica 2 dicembre. Con lei anche Silvana Baldini ed Elisabetta Severina","og_url":"https:\/\/staging.varesenews.it\/2017\/11\/helena-janeczek-ospite-si-scrittrici-insieme\/672437\/","og_site_name":"VareseNews","article_publisher":"https:\/\/www.facebook.com\/varesenews","article_published_time":"2017-11-27T21:00:52+00:00","author":"Adelia Brigo","twitter_card":"summary_large_image","twitter_creator":"@AdeliaBrigo","twitter_site":"@varesenews","twitter_misc":{"Scritto da":"Adelia Brigo","Tempo di lettura stimato":"3 minuti"},"schema":{"@context":"https:\/\/schema.org","@graph":[{"@type":"WebPage","@id":"https:\/\/staging.varesenews.it\/2017\/11\/helena-janeczek-ospite-si-scrittrici-insieme\/672437\/","url":"https:\/\/staging.varesenews.it\/2017\/11\/helena-janeczek-ospite-si-scrittrici-insieme\/672437\/","name":"Helena Janeczek ospite a SI-Scrittrici Insieme","isPartOf":{"@id":"https:\/\/staging.varesenews.it\/#website"},"datePublished":"2017-11-27T21:00:52+00:00","dateModified":"2017-11-27T21:00:52+00:00","author":{"@id":"https:\/\/staging.varesenews.it\/#\/schema\/person\/272ac0f5b2dbfd572218c2d86e013f1a"},"description":"Appuntamento per le 17 di domenica 2 dicembre. Con lei anche Silvana Baldini ed Elisabetta Severina","breadcrumb":{"@id":"https:\/\/staging.varesenews.it\/2017\/11\/helena-janeczek-ospite-si-scrittrici-insieme\/672437\/#breadcrumb"},"inLanguage":"it-IT","potentialAction":[{"@type":"ReadAction","target":["https:\/\/staging.varesenews.it\/2017\/11\/helena-janeczek-ospite-si-scrittrici-insieme\/672437\/"]}]},{"@type":"BreadcrumbList","@id":"https:\/\/staging.varesenews.it\/2017\/11\/helena-janeczek-ospite-si-scrittrici-insieme\/672437\/#breadcrumb","itemListElement":[{"@type":"ListItem","position":1,"name":"Home","item":"https:\/\/www.varesenews.it\/"},{"@type":"ListItem","position":2,"name":"Helena Janeczek ospite a SI-Scrittrici Insieme"}]},{"@type":"WebSite","@id":"https:\/\/staging.varesenews.it\/#website","url":"https:\/\/staging.varesenews.it\/","name":"VareseNews","description":"","potentialAction":[{"@type":"SearchAction","target":{"@type":"EntryPoint","urlTemplate":"https:\/\/staging.varesenews.it\/?s={search_term_string}"},"query-input":"required name=search_term_string"}],"inLanguage":"it-IT"},{"@type":"Person","@id":"https:\/\/staging.varesenews.it\/#\/schema\/person\/272ac0f5b2dbfd572218c2d86e013f1a","name":"Adelia Brigo","image":{"@type":"ImageObject","inLanguage":"it-IT","@id":"https:\/\/staging.varesenews.it\/#\/schema\/person\/image\/","url":"https:\/\/staging.varesenews.it\/wp-content\/uploads\/2020\/12\/adelia_brigo_colori_500.jpg","contentUrl":"https:\/\/staging.varesenews.it\/wp-content\/uploads\/2020\/12\/adelia_brigo_colori_500.jpg","caption":"Adelia Brigo"},"description":"Giornalista pubblicista, lavoro a VareseNews dal 2007 e mi occupo di cronaca locale e del settore dedicato alla cultura. In questi anni ho seguito diversi progetti di comunicazione, amo sperimentare strategie per i Social Network e raccontare storie. Varesina, classe 1984, sono laureata in Scienze della Comunicazione.&nbsp;","sameAs":["AdeliaBrigo","https:\/\/twitter.com\/AdeliaBrigo"],"url":"https:\/\/staging.varesenews.it\/persona\/adelia_brigo\/"}]}},"post_meta":{"_edit_lock":"1511816343:32","_edit_last":"32","_category_permalink":"a:1:{s:8:\"category\";s:0:\"\";}","ratings_users":"0","ratings_score":"0","ratings_average":"0","foto":"645420","firma_come_redazione":"1","argomento":"Gallarate","_yoast_wpseo_content_score":"30","_jd_tweet_this":"yes","_wpt_short_url":"http:\/\/www.varesenews.it\/2017\/11\/helena-janeczek-ospite-si-scrittrici-insieme\/672437\/","_wp_jd_target":"http:\/\/www.varesenews.it\/2017\/11\/helena-janeczek-ospite-si-scrittrici-insieme\/672437\/","_jd_wp_twitter":"a:1:{i:0;s:142:\"Helena Janeczek ospite a SI-Scrittrici Insieme http:\/\/www.varesenews.it\/2017\/11\/helena-janeczek-ospite-si-scrittrici-insieme\/672437\/ #incontro\";}","_wpt_status_message":"Tweet inviato con successo."},"photos":[{"original":"https:\/\/staging.varesenews.it\/photogallery_new\/images\/2017\/11\/casciago-i-luoghi-645420.jpg","full":"https:\/\/staging.varesenews.it\/photogallery_new\/images\/2017\/11\/casciago-i-luoghi-645420.1024x768.jpg","large":"https:\/\/staging.varesenews.it\/photogallery_new\/images\/2017\/11\/casciago-i-luoghi-645420.610x431.jpg"}],"_links":{"self":[{"href":"https:\/\/staging.varesenews.it\/swgapi\/v1\/wp\/v2\/posts\/672437"}],"collection":[{"href":"https:\/\/staging.varesenews.it\/swgapi\/v1\/wp\/v2\/posts"}],"about":[{"href":"https:\/\/staging.varesenews.it\/swgapi\/v1\/wp\/v2\/types\/post"}],"author":[{"embeddable":true,"href":"https:\/\/staging.varesenews.it\/swgapi\/v1\/wp\/v2\/users\/32"}],"replies":[{"embeddable":true,"href":"https:\/\/staging.varesenews.it\/swgapi\/v1\/wp\/v2\/comments?post=672437"}],"version-history":[{"count":0,"href":"https:\/\/staging.varesenews.it\/swgapi\/v1\/wp\/v2\/posts\/672437\/revisions"}],"wp:attachment":[{"href":"https:\/\/staging.varesenews.it\/swgapi\/v1\/wp\/v2\/media?parent=672437"}],"wp:term":[{"taxonomy":"category","embeddable":true,"href":"https:\/\/staging.varesenews.it\/swgapi\/v1\/wp\/v2\/categories?post=672437"},{"taxonomy":"post_tag","embeddable":true,"href":"https:\/\/staging.varesenews.it\/swgapi\/v1\/wp\/v2\/tags?post=672437"}],"curies":[{"name":"wp","href":"https:\/\/api.w.org\/{rel}","templated":true}]}}