{"id":674942,"date":"2017-12-05T18:53:16","date_gmt":"2017-12-05T17:53:16","guid":{"rendered":"http:\/\/www.varesenews.it\/?p=674942"},"modified":"2017-12-05T18:55:08","modified_gmt":"2017-12-05T17:55:08","slug":"la-diffusa-porta-malpensa-le-note-del-barbiere-siviglia","status":"publish","type":"post","link":"https:\/\/staging.varesenews.it\/2017\/12\/la-diffusa-porta-malpensa-le-note-del-barbiere-siviglia\/674942\/","title":{"rendered":"La &#8220;Prima diffusa&#8221; porta a Malpensa le note del Barbiere di Siviglia"},"content":{"rendered":"<p>Nei saloni del piano Partenze dell&#8217;<strong>aeroporto di Malpensa risuonano le note e le celebri arie del Barbiere di Siviglia<\/strong>, interpretato da tre cantanti lirici accompagnati da pianoforte.<\/p>\n<p>\u00c8 la tappa a Malpensa dell&#8217;iniziativa &#8220;<a href=\"https:\/\/www.facebook.com\/primadiffusa\/\">Prima diffusa<\/a>&#8220;, che anticipa la Prima della Scala.<\/p>\n<p>La &#8220;Prima&#8221; \u00e8 come sempre in programma al 7 dicembre, giorno di Sant&#8217;Ambrogio, con &#8220;Andrea Ch\u00e9nier&#8221;, l&#8217;opera di Umberto Giordano che debutt\u00f2 il 28 marzo 1896 proprio nel celeberrimo teatro milanese di Piermarini.<\/p>\n","protected":false},"excerpt":{"rendered":"<p>Nell&#8217;ambito dell&#8217;iniziativa che anticipa la Prima della Scala, la musica \u00e8 atterrata anche all&#8217;aeroporto intercontinentale di Milano<\/p>\n","protected":false},"author":46,"featured_media":0,"comment_status":"open","ping_status":"open","sticky":false,"template":"","format":"standard","meta":{"footnotes":""},"categories":[3],"tags":[3388,365,82653],"acf":[],"yoast_head":"<!-- This site is optimized with the Yoast SEO plugin v20.1 - https:\/\/yoast.com\/wordpress\/plugins\/seo\/ -->\n<title>La &quot;Prima diffusa&quot; porta a Malpensa le note del Barbiere di Siviglia<\/title>\n<meta name=\"description\" content=\"Nell&#039;ambito dell&#039;iniziativa che anticipa la Prima della Scala, la musica \u00e8 atterrata anche all&#039;aeroporto intercontinentale di Milano\" \/>\n<meta name=\"robots\" content=\"noindex, follow, max-snippet:-1, max-image-preview:large, max-video-preview:-1\" \/>\n<meta property=\"og:locale\" content=\"it_IT\" \/>\n<meta property=\"og:type\" content=\"article\" \/>\n<meta property=\"og:title\" content=\"La &quot;Prima diffusa&quot; porta a Malpensa le note del Barbiere di Siviglia\" \/>\n<meta property=\"og:description\" content=\"Nell&#039;ambito dell&#039;iniziativa che anticipa la Prima della Scala, la musica \u00e8 atterrata anche all&#039;aeroporto intercontinentale di Milano\" \/>\n<meta property=\"og:url\" content=\"https:\/\/www.varesenews.it\/2017\/12\/la-diffusa-porta-malpensa-le-note-del-barbiere-siviglia\/674942\/\" \/>\n<meta property=\"og:site_name\" content=\"VareseNews\" \/>\n<meta property=\"article:publisher\" content=\"https:\/\/www.facebook.com\/varesenews\" \/>\n<meta property=\"article:published_time\" content=\"2017-12-05T17:53:16+00:00\" \/>\n<meta property=\"article:modified_time\" content=\"2017-12-05T17:55:08+00:00\" \/>\n<meta name=\"author\" content=\"Roberto Morandi\" \/>\n<meta name=\"twitter:card\" content=\"summary_large_image\" \/>\n<meta name=\"twitter:creator\" content=\"@ilmorands\" \/>\n<meta name=\"twitter:site\" content=\"@varesenews\" \/>\n<meta name=\"twitter:label1\" content=\"Scritto da\" \/>\n\t<meta name=\"twitter:data1\" content=\"Roberto Morandi\" \/>\n<script type=\"application\/ld+json\" class=\"yoast-schema-graph\">{\"@context\":\"https:\/\/schema.org\",\"@graph\":[{\"@type\":\"WebPage\",\"@id\":\"https:\/\/www.varesenews.it\/2017\/12\/la-diffusa-porta-malpensa-le-note-del-barbiere-siviglia\/674942\/\",\"url\":\"https:\/\/www.varesenews.it\/2017\/12\/la-diffusa-porta-malpensa-le-note-del-barbiere-siviglia\/674942\/\",\"name\":\"La \\\"Prima diffusa\\\" porta a Malpensa le note del Barbiere di Siviglia\",\"isPartOf\":{\"@id\":\"https:\/\/staging.varesenews.it\/#website\"},\"datePublished\":\"2017-12-05T17:53:16+00:00\",\"dateModified\":\"2017-12-05T17:55:08+00:00\",\"author\":{\"@id\":\"https:\/\/staging.varesenews.it\/#\/schema\/person\/efe592ae4c76536b551f89d8b6674bc3\"},\"description\":\"Nell'ambito dell'iniziativa che anticipa la Prima della Scala, la musica \u00e8 atterrata anche all'aeroporto intercontinentale di Milano\",\"breadcrumb\":{\"@id\":\"https:\/\/www.varesenews.it\/2017\/12\/la-diffusa-porta-malpensa-le-note-del-barbiere-siviglia\/674942\/#breadcrumb\"},\"inLanguage\":\"it-IT\",\"potentialAction\":[{\"@type\":\"ReadAction\",\"target\":[\"https:\/\/www.varesenews.it\/2017\/12\/la-diffusa-porta-malpensa-le-note-del-barbiere-siviglia\/674942\/\"]}]},{\"@type\":\"BreadcrumbList\",\"@id\":\"https:\/\/www.varesenews.it\/2017\/12\/la-diffusa-porta-malpensa-le-note-del-barbiere-siviglia\/674942\/#breadcrumb\",\"itemListElement\":[{\"@type\":\"ListItem\",\"position\":1,\"name\":\"Home\",\"item\":\"https:\/\/www.varesenews.it\/\"},{\"@type\":\"ListItem\",\"position\":2,\"name\":\"La &#8220;Prima diffusa&#8221; porta a Malpensa le note del Barbiere di Siviglia\"}]},{\"@type\":\"WebSite\",\"@id\":\"https:\/\/staging.varesenews.it\/#website\",\"url\":\"https:\/\/staging.varesenews.it\/\",\"name\":\"VareseNews\",\"description\":\"\",\"potentialAction\":[{\"@type\":\"SearchAction\",\"target\":{\"@type\":\"EntryPoint\",\"urlTemplate\":\"https:\/\/staging.varesenews.it\/?s={search_term_string}\"},\"query-input\":\"required name=search_term_string\"}],\"inLanguage\":\"it-IT\"},{\"@type\":\"Person\",\"@id\":\"https:\/\/staging.varesenews.it\/#\/schema\/person\/efe592ae4c76536b551f89d8b6674bc3\",\"name\":\"Roberto Morandi\",\"image\":{\"@type\":\"ImageObject\",\"inLanguage\":\"it-IT\",\"@id\":\"https:\/\/staging.varesenews.it\/#\/schema\/person\/image\/\",\"url\":\"https:\/\/staging.varesenews.it\/wp-content\/uploads\/2020\/12\/roberto_morandi_colori_500.jpg\",\"contentUrl\":\"https:\/\/staging.varesenews.it\/wp-content\/uploads\/2020\/12\/roberto_morandi_colori_500.jpg\",\"caption\":\"Roberto Morandi\"},\"description\":\"Classe 1980, laureato in storia, mi occupo dell&rsquo;area di Gallarate e di Malpensa, di trasporti e mobilit&agrave;. Amo molto la dimensione della citt&agrave;, come luogo d&rsquo;incontro di persone diverse e come organismo che si trasforma costantemente. Mi piace anche raccontare le piccole e grandi vicende, anche locali, che compongono la Storia con la S maiuscola. Appassionato di bicicletta: la macchina perfetta per muoversi in citt&agrave; e per viaggiare.\",\"sameAs\":[\"https:\/\/twitter.com\/ilmorands\"],\"url\":\"https:\/\/staging.varesenews.it\/persona\/roberto-morandi1\/\"}]}<\/script>\n<!-- \/ Yoast SEO plugin. -->","yoast_head_json":{"title":"La \"Prima diffusa\" porta a Malpensa le note del Barbiere di Siviglia","description":"Nell'ambito dell'iniziativa che anticipa la Prima della Scala, la musica \u00e8 atterrata anche all'aeroporto intercontinentale di Milano","robots":{"index":"noindex","follow":"follow","max-snippet":"max-snippet:-1","max-image-preview":"max-image-preview:large","max-video-preview":"max-video-preview:-1"},"og_locale":"it_IT","og_type":"article","og_title":"La \"Prima diffusa\" porta a Malpensa le note del Barbiere di Siviglia","og_description":"Nell'ambito dell'iniziativa che anticipa la Prima della Scala, la musica \u00e8 atterrata anche all'aeroporto intercontinentale di Milano","og_url":"https:\/\/www.varesenews.it\/2017\/12\/la-diffusa-porta-malpensa-le-note-del-barbiere-siviglia\/674942\/","og_site_name":"VareseNews","article_publisher":"https:\/\/www.facebook.com\/varesenews","article_published_time":"2017-12-05T17:53:16+00:00","article_modified_time":"2017-12-05T17:55:08+00:00","author":"Roberto Morandi","twitter_card":"summary_large_image","twitter_creator":"@ilmorands","twitter_site":"@varesenews","twitter_misc":{"Scritto da":"Roberto Morandi"},"schema":{"@context":"https:\/\/schema.org","@graph":[{"@type":"WebPage","@id":"https:\/\/www.varesenews.it\/2017\/12\/la-diffusa-porta-malpensa-le-note-del-barbiere-siviglia\/674942\/","url":"https:\/\/www.varesenews.it\/2017\/12\/la-diffusa-porta-malpensa-le-note-del-barbiere-siviglia\/674942\/","name":"La \"Prima diffusa\" porta a Malpensa le note del Barbiere di Siviglia","isPartOf":{"@id":"https:\/\/staging.varesenews.it\/#website"},"datePublished":"2017-12-05T17:53:16+00:00","dateModified":"2017-12-05T17:55:08+00:00","author":{"@id":"https:\/\/staging.varesenews.it\/#\/schema\/person\/efe592ae4c76536b551f89d8b6674bc3"},"description":"Nell'ambito dell'iniziativa che anticipa la Prima della Scala, la musica \u00e8 atterrata anche all'aeroporto intercontinentale di Milano","breadcrumb":{"@id":"https:\/\/www.varesenews.it\/2017\/12\/la-diffusa-porta-malpensa-le-note-del-barbiere-siviglia\/674942\/#breadcrumb"},"inLanguage":"it-IT","potentialAction":[{"@type":"ReadAction","target":["https:\/\/www.varesenews.it\/2017\/12\/la-diffusa-porta-malpensa-le-note-del-barbiere-siviglia\/674942\/"]}]},{"@type":"BreadcrumbList","@id":"https:\/\/www.varesenews.it\/2017\/12\/la-diffusa-porta-malpensa-le-note-del-barbiere-siviglia\/674942\/#breadcrumb","itemListElement":[{"@type":"ListItem","position":1,"name":"Home","item":"https:\/\/www.varesenews.it\/"},{"@type":"ListItem","position":2,"name":"La &#8220;Prima diffusa&#8221; porta a Malpensa le note del Barbiere di Siviglia"}]},{"@type":"WebSite","@id":"https:\/\/staging.varesenews.it\/#website","url":"https:\/\/staging.varesenews.it\/","name":"VareseNews","description":"","potentialAction":[{"@type":"SearchAction","target":{"@type":"EntryPoint","urlTemplate":"https:\/\/staging.varesenews.it\/?s={search_term_string}"},"query-input":"required name=search_term_string"}],"inLanguage":"it-IT"},{"@type":"Person","@id":"https:\/\/staging.varesenews.it\/#\/schema\/person\/efe592ae4c76536b551f89d8b6674bc3","name":"Roberto Morandi","image":{"@type":"ImageObject","inLanguage":"it-IT","@id":"https:\/\/staging.varesenews.it\/#\/schema\/person\/image\/","url":"https:\/\/staging.varesenews.it\/wp-content\/uploads\/2020\/12\/roberto_morandi_colori_500.jpg","contentUrl":"https:\/\/staging.varesenews.it\/wp-content\/uploads\/2020\/12\/roberto_morandi_colori_500.jpg","caption":"Roberto Morandi"},"description":"Classe 1980, laureato in storia, mi occupo dell&rsquo;area di Gallarate e di Malpensa, di trasporti e mobilit&agrave;. Amo molto la dimensione della citt&agrave;, come luogo d&rsquo;incontro di persone diverse e come organismo che si trasforma costantemente. Mi piace anche raccontare le piccole e grandi vicende, anche locali, che compongono la Storia con la S maiuscola. Appassionato di bicicletta: la macchina perfetta per muoversi in citt&agrave; e per viaggiare.","sameAs":["https:\/\/twitter.com\/ilmorands"],"url":"https:\/\/staging.varesenews.it\/persona\/roberto-morandi1\/"}]}},"post_meta":{"_edit_lock":"1512496415:46","_edit_last":"46","_category_permalink":"a:1:{s:8:\"category\";s:1:\"3\";}","ratings_users":"0","ratings_score":"0","ratings_average":"0","foto":"646970","firma_come_redazione":"1","argomento":"Malpensa","_yoast_wpseo_content_score":"30","_jd_tweet_this":"yes","_wpt_short_url":"http:\/\/www.varesenews.it\/2017\/12\/la-diffusa-porta-malpensa-le-note-del-barbiere-siviglia\/674942\/","_wp_jd_target":"http:\/\/www.varesenews.it\/2017\/12\/la-diffusa-porta-malpensa-le-note-del-barbiere-siviglia\/674942\/","_jd_wp_twitter":"a:1:{i:0;s:201:\"La \u201cPrima diffusa\u201d porta a Malpensa le note del Barbiere di Siviglia http:\/\/www.varesenews.it\/2017\/12\/la-diffusa-porta-malpensa-le-note-del-barbiere-siviglia\/674942\/ #lirica #Malpensa #primadiffusa\";}","_wpt_status_message":"Tweet inviato con successo.","id_link_fotogallery":"674950","id_video_vzaar":"12517521"},"photos":[{"original":"https:\/\/staging.varesenews.it\/photogallery_new\/images\/2017\/12\/barbiere-di-siviglia-a-malpensa-646970.jpg","full":"https:\/\/staging.varesenews.it\/photogallery_new\/images\/2017\/12\/barbiere-di-siviglia-a-malpensa-646970.1024x768.jpg","large":"https:\/\/staging.varesenews.it\/photogallery_new\/images\/2017\/12\/barbiere-di-siviglia-a-malpensa-646970.610x431.jpg"}],"_links":{"self":[{"href":"https:\/\/staging.varesenews.it\/swgapi\/v1\/wp\/v2\/posts\/674942"}],"collection":[{"href":"https:\/\/staging.varesenews.it\/swgapi\/v1\/wp\/v2\/posts"}],"about":[{"href":"https:\/\/staging.varesenews.it\/swgapi\/v1\/wp\/v2\/types\/post"}],"author":[{"embeddable":true,"href":"https:\/\/staging.varesenews.it\/swgapi\/v1\/wp\/v2\/users\/46"}],"replies":[{"embeddable":true,"href":"https:\/\/staging.varesenews.it\/swgapi\/v1\/wp\/v2\/comments?post=674942"}],"version-history":[{"count":0,"href":"https:\/\/staging.varesenews.it\/swgapi\/v1\/wp\/v2\/posts\/674942\/revisions"}],"wp:attachment":[{"href":"https:\/\/staging.varesenews.it\/swgapi\/v1\/wp\/v2\/media?parent=674942"}],"wp:term":[{"taxonomy":"category","embeddable":true,"href":"https:\/\/staging.varesenews.it\/swgapi\/v1\/wp\/v2\/categories?post=674942"},{"taxonomy":"post_tag","embeddable":true,"href":"https:\/\/staging.varesenews.it\/swgapi\/v1\/wp\/v2\/tags?post=674942"}],"curies":[{"name":"wp","href":"https:\/\/api.w.org\/{rel}","templated":true}]}}