{"id":675856,"date":"2017-12-09T17:16:04","date_gmt":"2017-12-09T16:16:04","guid":{"rendered":"http:\/\/www.varesenews.it\/?p=675856"},"modified":"2017-12-09T17:36:54","modified_gmt":"2017-12-09T16:36:54","slug":"al-midec-la-mostra-espresso-and-cappuccino-cups","status":"publish","type":"post","link":"https:\/\/staging.varesenews.it\/2017\/12\/al-midec-la-mostra-espresso-and-cappuccino-cups\/675856\/","title":{"rendered":"Al Midec la mostra &#8220;Espresso and Cappuccino Cups&#8221;"},"content":{"rendered":"<p>Giusto due anni fa Sandra Baruzzi, docente di Progettazione Ceramica al Liceo Artistico di Castellamonte (Torino), propose l\u2019idea di una mostra sul tema della<strong> \u201cPausa Caff\u00e8\u201d (ormai \u201cCoffee Break\u201d anche per molti Italiani)<\/strong> a Rolando Giovannini, Professore di Tecniche della Ceramica all\u2019Accademia di Belle Arti di Verona, perch\u00e9 ne prendesse la cura.<\/p>\n<p>Nacque cos\u00ec il primo episodio a Castellamonte con <strong>52 Artisti<\/strong>, fin dall\u2019inizio reso dal Curatore internazionale sia nel titolo <strong>\u201cEspresso and Cappuccino Cups\u201d<\/strong> che nella provenienza degli Autori (21 non Italiani).<\/p>\n<p>Oggi, dopo le prestigiose edizioni nelle Citt\u00e0 di Gualdo Tadino, Faenza, Biella, Spezzano di Fiorano Modenese, Torino, la mostra, che ora comprende <strong>130 Autori e di continuo evoluta,<\/strong> giunge al MIDeC, straordinario Museo di Cerro di Laveno Mombello, vero gioiello italiano e internazionale di cultura e creativit\u00e0, dedicato all\u2019opera d\u2019arte ceramica ideata per la produzione in serie.<\/p>\n<p>La mostra presenta quasi <strong>200 tazzine di artisti di oltre 40 diversi Paesi,<\/strong> sul tema dell\u2019Espresso e del Cappuccino, bevande oramai riconosciute nel mondo come patrimonio della nostra cultura, pensate per essere funzionali seppure cariche di poetiche scultoree e pittoriche come pure di puro stile Design.<\/p>\n<p>Oltre all\u2019aspetto di curiosit\u00e0 e di divertimento che l\u2019esposizione suscita per via delle interpretazioni e forme differenti,<strong> la raccolta si configura come un vero e proprio campionario di idee,<\/strong> di forme e di tecniche, risolte con alta capacit\u00e0 professionale dagli Artisti.<\/p>\n<p>Taluni infatti hanno prediletto una lettura originale della Tazzina, piccola, con il manico e rotonda. Altri ne hanno dato una interpretazione personale usando anche tutte le tecniche tipiche di tale Arte, dalla preziosa Porcellana, alla Terraglia, al Gr\u00e9s, alla Maiolica, al Raku, anche cotte in forni a legna.<\/p>\n<p>Alcune sono dipinte, altre hanno una fotoceramica, altre ancora stupiscono per le preziosit\u00e0 degli smalti e delle tonalit\u00e0 cromatiche. \u00c8 un accostamento tra creativi e tra processi di questa antica Arte cos\u00ec vicina all\u2019uomo, soprattutto nel semplice gesto dell\u2019uso.<\/p>\n<p>Molti sono Mastri affermati come Bertozzi &amp; Casoni, Luisa Bocchietto, Bros, Silvia Celeste Calcagno, Riccardo Dalisi, Annalisa Guerri, Alessandro Guerriero, Maria Christina Hamel, Ugo La Pietra, Muky, Ugo Nespolo, Franco Raggi, altri dall\u2019estero come Naidee Changmoh (Tailandia), Ikake Sayuki (Giappone), Keke (Cina), Kim Yong Moon (Corea del<br \/>\nSud), Marc Leuthold (USA), Shozo Michikawa (Giappone), Bai Ming (Cina), Michael\u00a0 oore (Irlanda), Graciela Olio (Argentina), Tanaka Tatsuya (Giappone), Tan Teck Heng Alvin (Singapore), Ann Van Hoey (Belgio), Guangzhen Zhou (USA-Cina).<\/p>\n<p><strong>MUSEO INTERNAZIONALE DEL DESIGN CERAMICO<\/strong><br \/>\nVia Lungolago Perab\u00f2 5, Cerro di Laveno Mombello <strong>(VA)<\/strong><br \/>\n<strong>ORARIO:<\/strong> marted\u00ec 10.00 -12.30, da mercoled\u00ec a domenica 10.00 &#8211; 12.30 e 14.30 -17.30, luned\u00ec chiuso.<br \/>\nultimo ingresso mezz\u2019ora prima della chiusura<br \/>\ningresso a pagamento comprensivo della visita alla collezione permanente<br \/>\nbiglietto intero \u20ac 5 &#8211; ridotto \u20ac 3 &#8211; bambini fino a 14 anni ingresso gratuito.<br \/>\nINFO: 0332\/625551, segreteria@midec.org, www.midec.org<\/p>\n","protected":false},"excerpt":{"rendered":"<p>Un vero e proprio campionario di idee in tema &#8220;Pausa Caff\u00e8&#8221;. Domenica 17 dicembre l&#8217;inaugurazione<\/p>\n","protected":false},"author":37,"featured_media":0,"comment_status":"open","ping_status":"open","sticky":false,"template":"","format":"standard","meta":{"footnotes":""},"categories":[18,21,2],"tags":[295,82756,3763,1229],"acf":[],"yoast_head":"<!-- This site is optimized with the Yoast SEO plugin v20.1 - https:\/\/yoast.com\/wordpress\/plugins\/seo\/ -->\n<title>Al Midec la mostra &quot;Espresso and Cappuccino Cups&quot;<\/title>\n<meta name=\"description\" content=\"Un vero e proprio campionario di idee in tema &quot;Pausa Caff\u00e8&quot;. Domenica 17 dicembre l&#039;inaugurazione\" \/>\n<meta name=\"robots\" content=\"noindex, follow, max-snippet:-1, max-image-preview:large, max-video-preview:-1\" \/>\n<meta property=\"og:locale\" content=\"it_IT\" \/>\n<meta property=\"og:type\" content=\"article\" \/>\n<meta property=\"og:title\" content=\"Al Midec la mostra &quot;Espresso and Cappuccino Cups&quot;\" \/>\n<meta property=\"og:description\" content=\"Un vero e proprio campionario di idee in tema &quot;Pausa Caff\u00e8&quot;. Domenica 17 dicembre l&#039;inaugurazione\" \/>\n<meta property=\"og:url\" content=\"https:\/\/staging.varesenews.it\/2017\/12\/al-midec-la-mostra-espresso-and-cappuccino-cups\/675856\/\" \/>\n<meta property=\"og:site_name\" content=\"VareseNews\" \/>\n<meta property=\"article:publisher\" content=\"https:\/\/www.facebook.com\/varesenews\" \/>\n<meta property=\"article:published_time\" content=\"2017-12-09T16:16:04+00:00\" \/>\n<meta property=\"article:modified_time\" content=\"2017-12-09T16:36:54+00:00\" \/>\n<meta name=\"author\" content=\"Francesco Mazzoleni\" \/>\n<meta name=\"twitter:card\" content=\"summary_large_image\" \/>\n<meta name=\"twitter:creator\" content=\"@fmazzof\" \/>\n<meta name=\"twitter:site\" content=\"@varesenews\" \/>\n<meta name=\"twitter:label1\" content=\"Scritto da\" \/>\n\t<meta name=\"twitter:data1\" content=\"Francesco Mazzoleni\" \/>\n\t<meta name=\"twitter:label2\" content=\"Tempo di lettura stimato\" \/>\n\t<meta name=\"twitter:data2\" content=\"2 minuti\" \/>\n<script type=\"application\/ld+json\" class=\"yoast-schema-graph\">{\"@context\":\"https:\/\/schema.org\",\"@graph\":[{\"@type\":\"WebPage\",\"@id\":\"https:\/\/staging.varesenews.it\/2017\/12\/al-midec-la-mostra-espresso-and-cappuccino-cups\/675856\/\",\"url\":\"https:\/\/staging.varesenews.it\/2017\/12\/al-midec-la-mostra-espresso-and-cappuccino-cups\/675856\/\",\"name\":\"Al Midec la mostra \\\"Espresso and Cappuccino Cups\\\"\",\"isPartOf\":{\"@id\":\"https:\/\/staging.varesenews.it\/#website\"},\"datePublished\":\"2017-12-09T16:16:04+00:00\",\"dateModified\":\"2017-12-09T16:36:54+00:00\",\"author\":{\"@id\":\"https:\/\/staging.varesenews.it\/#\/schema\/person\/e82236e79160d30d4e1f942004ac3038\"},\"description\":\"Un vero e proprio campionario di idee in tema \\\"Pausa Caff\u00e8\\\". Domenica 17 dicembre l'inaugurazione\",\"breadcrumb\":{\"@id\":\"https:\/\/staging.varesenews.it\/2017\/12\/al-midec-la-mostra-espresso-and-cappuccino-cups\/675856\/#breadcrumb\"},\"inLanguage\":\"it-IT\",\"potentialAction\":[{\"@type\":\"ReadAction\",\"target\":[\"https:\/\/staging.varesenews.it\/2017\/12\/al-midec-la-mostra-espresso-and-cappuccino-cups\/675856\/\"]}]},{\"@type\":\"BreadcrumbList\",\"@id\":\"https:\/\/staging.varesenews.it\/2017\/12\/al-midec-la-mostra-espresso-and-cappuccino-cups\/675856\/#breadcrumb\",\"itemListElement\":[{\"@type\":\"ListItem\",\"position\":1,\"name\":\"Home\",\"item\":\"https:\/\/www.varesenews.it\/\"},{\"@type\":\"ListItem\",\"position\":2,\"name\":\"Al Midec la mostra &#8220;Espresso and Cappuccino Cups&#8221;\"}]},{\"@type\":\"WebSite\",\"@id\":\"https:\/\/staging.varesenews.it\/#website\",\"url\":\"https:\/\/staging.varesenews.it\/\",\"name\":\"VareseNews\",\"description\":\"\",\"potentialAction\":[{\"@type\":\"SearchAction\",\"target\":{\"@type\":\"EntryPoint\",\"urlTemplate\":\"https:\/\/staging.varesenews.it\/?s={search_term_string}\"},\"query-input\":\"required name=search_term_string\"}],\"inLanguage\":\"it-IT\"},{\"@type\":\"Person\",\"@id\":\"https:\/\/staging.varesenews.it\/#\/schema\/person\/e82236e79160d30d4e1f942004ac3038\",\"name\":\"Francesco Mazzoleni\",\"image\":{\"@type\":\"ImageObject\",\"inLanguage\":\"it-IT\",\"@id\":\"https:\/\/staging.varesenews.it\/#\/schema\/person\/image\/\",\"url\":\"https:\/\/staging.varesenews.it\/wp-content\/uploads\/2020\/12\/francesco_mazzoleni_colori_500-1.jpg\",\"contentUrl\":\"https:\/\/staging.varesenews.it\/wp-content\/uploads\/2020\/12\/francesco_mazzoleni_colori_500-1.jpg\",\"caption\":\"Francesco Mazzoleni\"},\"description\":\"\\\"Uomo di campo\\\" della redazione sportiva. Nutro una vera passione per il calcio, che sia ad alti livelli, sui campi di provincia o in altri continenti. Sono nato a Varese nel 1984, vivo da sempre a Malnate e ho una laurea in Scienze Motorie. Ho mosso i primi passi a VareseNews da stagista nel 2002; nel 2008 ho iniziato a collaborare con maggiore continuit\u00e0 e dal 2018 sono giornalista professionista. Orgoglioso pap\u00e0 di Federico e Adelaide.\",\"sameAs\":[\"fmazzof\",\"it.linkedin.com\/in\/francescomazzolenif\",\"https:\/\/twitter.com\/fmazzof\"],\"url\":\"https:\/\/staging.varesenews.it\/persona\/francesco_mazzoleniferracini\/\"}]}<\/script>\n<!-- \/ Yoast SEO plugin. -->","yoast_head_json":{"title":"Al Midec la mostra \"Espresso and Cappuccino Cups\"","description":"Un vero e proprio campionario di idee in tema \"Pausa Caff\u00e8\". Domenica 17 dicembre l'inaugurazione","robots":{"index":"noindex","follow":"follow","max-snippet":"max-snippet:-1","max-image-preview":"max-image-preview:large","max-video-preview":"max-video-preview:-1"},"og_locale":"it_IT","og_type":"article","og_title":"Al Midec la mostra \"Espresso and Cappuccino Cups\"","og_description":"Un vero e proprio campionario di idee in tema \"Pausa Caff\u00e8\". Domenica 17 dicembre l'inaugurazione","og_url":"https:\/\/staging.varesenews.it\/2017\/12\/al-midec-la-mostra-espresso-and-cappuccino-cups\/675856\/","og_site_name":"VareseNews","article_publisher":"https:\/\/www.facebook.com\/varesenews","article_published_time":"2017-12-09T16:16:04+00:00","article_modified_time":"2017-12-09T16:36:54+00:00","author":"Francesco Mazzoleni","twitter_card":"summary_large_image","twitter_creator":"@fmazzof","twitter_site":"@varesenews","twitter_misc":{"Scritto da":"Francesco Mazzoleni","Tempo di lettura stimato":"2 minuti"},"schema":{"@context":"https:\/\/schema.org","@graph":[{"@type":"WebPage","@id":"https:\/\/staging.varesenews.it\/2017\/12\/al-midec-la-mostra-espresso-and-cappuccino-cups\/675856\/","url":"https:\/\/staging.varesenews.it\/2017\/12\/al-midec-la-mostra-espresso-and-cappuccino-cups\/675856\/","name":"Al Midec la mostra \"Espresso and Cappuccino Cups\"","isPartOf":{"@id":"https:\/\/staging.varesenews.it\/#website"},"datePublished":"2017-12-09T16:16:04+00:00","dateModified":"2017-12-09T16:36:54+00:00","author":{"@id":"https:\/\/staging.varesenews.it\/#\/schema\/person\/e82236e79160d30d4e1f942004ac3038"},"description":"Un vero e proprio campionario di idee in tema \"Pausa Caff\u00e8\". Domenica 17 dicembre l'inaugurazione","breadcrumb":{"@id":"https:\/\/staging.varesenews.it\/2017\/12\/al-midec-la-mostra-espresso-and-cappuccino-cups\/675856\/#breadcrumb"},"inLanguage":"it-IT","potentialAction":[{"@type":"ReadAction","target":["https:\/\/staging.varesenews.it\/2017\/12\/al-midec-la-mostra-espresso-and-cappuccino-cups\/675856\/"]}]},{"@type":"BreadcrumbList","@id":"https:\/\/staging.varesenews.it\/2017\/12\/al-midec-la-mostra-espresso-and-cappuccino-cups\/675856\/#breadcrumb","itemListElement":[{"@type":"ListItem","position":1,"name":"Home","item":"https:\/\/www.varesenews.it\/"},{"@type":"ListItem","position":2,"name":"Al Midec la mostra &#8220;Espresso and Cappuccino Cups&#8221;"}]},{"@type":"WebSite","@id":"https:\/\/staging.varesenews.it\/#website","url":"https:\/\/staging.varesenews.it\/","name":"VareseNews","description":"","potentialAction":[{"@type":"SearchAction","target":{"@type":"EntryPoint","urlTemplate":"https:\/\/staging.varesenews.it\/?s={search_term_string}"},"query-input":"required name=search_term_string"}],"inLanguage":"it-IT"},{"@type":"Person","@id":"https:\/\/staging.varesenews.it\/#\/schema\/person\/e82236e79160d30d4e1f942004ac3038","name":"Francesco Mazzoleni","image":{"@type":"ImageObject","inLanguage":"it-IT","@id":"https:\/\/staging.varesenews.it\/#\/schema\/person\/image\/","url":"https:\/\/staging.varesenews.it\/wp-content\/uploads\/2020\/12\/francesco_mazzoleni_colori_500-1.jpg","contentUrl":"https:\/\/staging.varesenews.it\/wp-content\/uploads\/2020\/12\/francesco_mazzoleni_colori_500-1.jpg","caption":"Francesco Mazzoleni"},"description":"\"Uomo di campo\" della redazione sportiva. Nutro una vera passione per il calcio, che sia ad alti livelli, sui campi di provincia o in altri continenti. Sono nato a Varese nel 1984, vivo da sempre a Malnate e ho una laurea in Scienze Motorie. Ho mosso i primi passi a VareseNews da stagista nel 2002; nel 2008 ho iniziato a collaborare con maggiore continuit\u00e0 e dal 2018 sono giornalista professionista. Orgoglioso pap\u00e0 di Federico e Adelaide.","sameAs":["fmazzof","it.linkedin.com\/in\/francescomazzolenif","https:\/\/twitter.com\/fmazzof"],"url":"https:\/\/staging.varesenews.it\/persona\/francesco_mazzoleniferracini\/"}]}},"post_meta":{"_edit_lock":"1512837502:37","_edit_last":"37","_category_permalink":"a:1:{s:8:\"category\";s:2:\"21\";}","ratings_users":"0","ratings_score":"0","ratings_average":"0","foto":"647688","firma_come_redazione":"1","argomento":"Laveno Mombello","_yoast_wpseo_focuskw_text_input":"midec","_yoast_wpseo_focuskw":"midec","_yoast_wpseo_linkdex":"65","_yoast_wpseo_content_score":"30","_jd_tweet_this":"yes","_wpt_short_url":"http:\/\/www.varesenews.it\/2017\/12\/al-midec-la-mostra-espresso-and-cappuccino-cups\/675856\/","_wp_jd_target":"http:\/\/www.varesenews.it\/2017\/12\/al-midec-la-mostra-espresso-and-cappuccino-cups\/675856\/","_jd_wp_twitter":"a:1:{i:0;s:168:\"Al Midec la mostra \u201cEspresso and Cappuccino Cups\u201d http:\/\/www.varesenews.it\/2017\/12\/al-midec-la-mostra-espresso-and-cappuccino-cups\/675856\/ #arte #midec #tempolibero\";}","_wpt_status_message":"Tweet inviato con successo.","id_link_fotogallery":"675861"},"photos":[{"original":"https:\/\/staging.varesenews.it\/photogallery_new\/images\/2017\/12\/caricamento-temporaneo-per-contributo-nihgpm8swq-647688.jpg","full":"https:\/\/staging.varesenews.it\/photogallery_new\/images\/2017\/12\/caricamento-temporaneo-per-contributo-nihgpm8swq-647688.1024x768.jpg","large":"https:\/\/staging.varesenews.it\/photogallery_new\/images\/2017\/12\/caricamento-temporaneo-per-contributo-nihgpm8swq-647688.610x431.jpg"}],"_links":{"self":[{"href":"https:\/\/staging.varesenews.it\/swgapi\/v1\/wp\/v2\/posts\/675856"}],"collection":[{"href":"https:\/\/staging.varesenews.it\/swgapi\/v1\/wp\/v2\/posts"}],"about":[{"href":"https:\/\/staging.varesenews.it\/swgapi\/v1\/wp\/v2\/types\/post"}],"author":[{"embeddable":true,"href":"https:\/\/staging.varesenews.it\/swgapi\/v1\/wp\/v2\/users\/37"}],"replies":[{"embeddable":true,"href":"https:\/\/staging.varesenews.it\/swgapi\/v1\/wp\/v2\/comments?post=675856"}],"version-history":[{"count":0,"href":"https:\/\/staging.varesenews.it\/swgapi\/v1\/wp\/v2\/posts\/675856\/revisions"}],"wp:attachment":[{"href":"https:\/\/staging.varesenews.it\/swgapi\/v1\/wp\/v2\/media?parent=675856"}],"wp:term":[{"taxonomy":"category","embeddable":true,"href":"https:\/\/staging.varesenews.it\/swgapi\/v1\/wp\/v2\/categories?post=675856"},{"taxonomy":"post_tag","embeddable":true,"href":"https:\/\/staging.varesenews.it\/swgapi\/v1\/wp\/v2\/tags?post=675856"}],"curies":[{"name":"wp","href":"https:\/\/api.w.org\/{rel}","templated":true}]}}