{"id":677325,"date":"2017-12-14T14:45:04","date_gmt":"2017-12-14T13:45:04","guid":{"rendered":"http:\/\/www.varesenews.it\/?p=677325"},"modified":"2017-12-14T14:45:04","modified_gmt":"2017-12-14T13:45:04","slug":"alla-chiesetta-san-rocco-tradizionale-presepe","status":"publish","type":"post","link":"https:\/\/staging.varesenews.it\/2017\/12\/alla-chiesetta-san-rocco-tradizionale-presepe\/677325\/","title":{"rendered":"Alla Chiesetta di San Rocco il tradizionale presepe"},"content":{"rendered":"<div class=\"page\" title=\"Page 1\">\n<div class=\"layoutArea\">\n<div class=\"column\">\n<p>La Parrocchia e il Comitato \u201cAmici di San Rocco\u201d invitano, <strong>domenica 17 dicembre, alle 15,<\/strong> all\u2019inaugurazione di un presepe tradizionale, opera artistica di Giancarlo Tacchi.<\/p>\n<p>L\u2019inaugurazione del presepe sara\u0300 allietata con<strong> un concerto natalizio<\/strong> eseguito dall\u2019organista Lorenzo Beretta e dalla flautista Maria Giulia Capasso.<\/p>\n<p>Si potr\u00e0 visitare il presepe anche domenica 24 dicembre, dalle 14,30 alle 17, Marted\u00ec 26 dicembre dalle 14,30 alle 17, Domenica 31 dicembre dalle 14 e 30 alle 17, Luned\u00ec primo gennaio dalle 14,30 alle 17 e sabato 6 gennaio dalle 14 alle 17, domenica 7 gennaio dalle 14 e 30 alle 17.<\/p>\n<p class=\"p1\"><span class=\"s1\">L\u2019<b>Oratorio di San Rocco <\/b>ha origini molto antiche sorta ben prima della visita pastorale di San Carlo Borromeo del 1574, fu intitolata nel 600 a San Rocco e San Giovanni Battista, fino al 800 \u00e8 stata Chiesa battesimale per le comunit\u00e0 di Azzate, Brunello e Castronno.<span class=\"Apple-converted-space\">\u00a0 \u00a0 \u00a0 \u00a0 \u00a0 \u00a0 \u00a0 \u00a0 \u00a0 \u00a0 \u00a0 \u00a0 \u00a0 \u00a0 \u00a0 \u00a0 \u00a0 \u00a0 \u00a0 \u00a0 \u00a0 \u00a0 \u00a0 \u00a0 \u00a0 \u00a0 \u00a0 \u00a0 \u00a0 \u00a0 \u00a0 \u00a0 \u00a0 \u00a0 \u00a0 \u00a0 \u00a0 \u00a0 \u00a0<\/span><\/span><\/p>\n<p class=\"p2\"><span class=\"s1\">Nel corso del 2017 grazie<span class=\"Apple-converted-space\">\u00a0 <\/span>agli <b>\u201cAmici di San Rocco\u201d<\/b> \u00e8 stato restaurato il prezioso Crocifisso ligneo del 600,e posizionato due balaustre lignee del 600, sono stati posti dei corrimani esterni e sistemato la scala esterna a gradoni.\u00a0<\/span>Queste opere sono state effettuate grazie al contributo di molti azzatesi che hanno cuore questa bella Chiesa.<\/p>\n<\/div>\n<\/div>\n<\/div>\n","protected":false},"excerpt":{"rendered":"<p>Verr\u00e0 inaugurato domenica 17 dicembre alle 15 con un concerto dell\u2019organista Lorenzo Beretta e della flautista Maria Giulia Capasso<\/p>\n","protected":false},"author":32,"featured_media":0,"comment_status":"open","ping_status":"open","sticky":false,"template":"","format":"standard","meta":{"footnotes":""},"categories":[21,2],"tags":[73724,82600,158],"acf":[],"yoast_head":"<!-- This site is optimized with the Yoast SEO plugin v20.1 - https:\/\/yoast.com\/wordpress\/plugins\/seo\/ -->\n<title>Alla Chiesetta di San Rocco il tradizionale presepe<\/title>\n<meta name=\"description\" content=\"Verr\u00e0 inaugurato domenica 17 dicembre alle 15 con un concerto dell\u2019organista Lorenzo Beretta e della flautista Maria Giulia Capasso\" \/>\n<meta name=\"robots\" content=\"noindex, follow, max-snippet:-1, max-image-preview:large, max-video-preview:-1\" \/>\n<meta property=\"og:locale\" content=\"it_IT\" \/>\n<meta property=\"og:type\" content=\"article\" \/>\n<meta property=\"og:title\" content=\"Alla Chiesetta di San Rocco il tradizionale presepe\" \/>\n<meta property=\"og:description\" content=\"Verr\u00e0 inaugurato domenica 17 dicembre alle 15 con un concerto dell\u2019organista Lorenzo Beretta e della flautista Maria Giulia Capasso\" \/>\n<meta property=\"og:url\" content=\"https:\/\/staging.varesenews.it\/2017\/12\/alla-chiesetta-san-rocco-tradizionale-presepe\/677325\/\" \/>\n<meta property=\"og:site_name\" content=\"VareseNews\" \/>\n<meta property=\"article:publisher\" content=\"https:\/\/www.facebook.com\/varesenews\" \/>\n<meta property=\"article:published_time\" content=\"2017-12-14T13:45:04+00:00\" \/>\n<meta name=\"author\" content=\"Adelia Brigo\" \/>\n<meta name=\"twitter:card\" content=\"summary_large_image\" \/>\n<meta name=\"twitter:creator\" content=\"@AdeliaBrigo\" \/>\n<meta name=\"twitter:site\" content=\"@varesenews\" \/>\n<meta name=\"twitter:label1\" content=\"Scritto da\" \/>\n\t<meta name=\"twitter:data1\" content=\"Adelia Brigo\" \/>\n\t<meta name=\"twitter:label2\" content=\"Tempo di lettura stimato\" \/>\n\t<meta name=\"twitter:data2\" content=\"1 minuto\" \/>\n<script type=\"application\/ld+json\" class=\"yoast-schema-graph\">{\"@context\":\"https:\/\/schema.org\",\"@graph\":[{\"@type\":\"WebPage\",\"@id\":\"https:\/\/staging.varesenews.it\/2017\/12\/alla-chiesetta-san-rocco-tradizionale-presepe\/677325\/\",\"url\":\"https:\/\/staging.varesenews.it\/2017\/12\/alla-chiesetta-san-rocco-tradizionale-presepe\/677325\/\",\"name\":\"Alla Chiesetta di San Rocco il tradizionale presepe\",\"isPartOf\":{\"@id\":\"https:\/\/staging.varesenews.it\/#website\"},\"datePublished\":\"2017-12-14T13:45:04+00:00\",\"dateModified\":\"2017-12-14T13:45:04+00:00\",\"author\":{\"@id\":\"https:\/\/staging.varesenews.it\/#\/schema\/person\/272ac0f5b2dbfd572218c2d86e013f1a\"},\"description\":\"Verr\u00e0 inaugurato domenica 17 dicembre alle 15 con un concerto dell\u2019organista Lorenzo Beretta e della flautista Maria Giulia Capasso\",\"breadcrumb\":{\"@id\":\"https:\/\/staging.varesenews.it\/2017\/12\/alla-chiesetta-san-rocco-tradizionale-presepe\/677325\/#breadcrumb\"},\"inLanguage\":\"it-IT\",\"potentialAction\":[{\"@type\":\"ReadAction\",\"target\":[\"https:\/\/staging.varesenews.it\/2017\/12\/alla-chiesetta-san-rocco-tradizionale-presepe\/677325\/\"]}]},{\"@type\":\"BreadcrumbList\",\"@id\":\"https:\/\/staging.varesenews.it\/2017\/12\/alla-chiesetta-san-rocco-tradizionale-presepe\/677325\/#breadcrumb\",\"itemListElement\":[{\"@type\":\"ListItem\",\"position\":1,\"name\":\"Home\",\"item\":\"https:\/\/www.varesenews.it\/\"},{\"@type\":\"ListItem\",\"position\":2,\"name\":\"Alla Chiesetta di San Rocco il tradizionale presepe\"}]},{\"@type\":\"WebSite\",\"@id\":\"https:\/\/staging.varesenews.it\/#website\",\"url\":\"https:\/\/staging.varesenews.it\/\",\"name\":\"VareseNews\",\"description\":\"\",\"potentialAction\":[{\"@type\":\"SearchAction\",\"target\":{\"@type\":\"EntryPoint\",\"urlTemplate\":\"https:\/\/staging.varesenews.it\/?s={search_term_string}\"},\"query-input\":\"required name=search_term_string\"}],\"inLanguage\":\"it-IT\"},{\"@type\":\"Person\",\"@id\":\"https:\/\/staging.varesenews.it\/#\/schema\/person\/272ac0f5b2dbfd572218c2d86e013f1a\",\"name\":\"Adelia Brigo\",\"image\":{\"@type\":\"ImageObject\",\"inLanguage\":\"it-IT\",\"@id\":\"https:\/\/staging.varesenews.it\/#\/schema\/person\/image\/\",\"url\":\"https:\/\/staging.varesenews.it\/wp-content\/uploads\/2020\/12\/adelia_brigo_colori_500.jpg\",\"contentUrl\":\"https:\/\/staging.varesenews.it\/wp-content\/uploads\/2020\/12\/adelia_brigo_colori_500.jpg\",\"caption\":\"Adelia Brigo\"},\"description\":\"Giornalista pubblicista, lavoro a VareseNews dal 2007 e mi occupo di cronaca locale e del settore dedicato alla cultura. In questi anni ho seguito diversi progetti di comunicazione, amo sperimentare strategie per i Social Network e raccontare storie. Varesina, classe 1984, sono laureata in Scienze della Comunicazione.&nbsp;\",\"sameAs\":[\"AdeliaBrigo\",\"https:\/\/twitter.com\/AdeliaBrigo\"],\"url\":\"https:\/\/staging.varesenews.it\/persona\/adelia_brigo\/\"}]}<\/script>\n<!-- \/ Yoast SEO plugin. -->","yoast_head_json":{"title":"Alla Chiesetta di San Rocco il tradizionale presepe","description":"Verr\u00e0 inaugurato domenica 17 dicembre alle 15 con un concerto dell\u2019organista Lorenzo Beretta e della flautista Maria Giulia Capasso","robots":{"index":"noindex","follow":"follow","max-snippet":"max-snippet:-1","max-image-preview":"max-image-preview:large","max-video-preview":"max-video-preview:-1"},"og_locale":"it_IT","og_type":"article","og_title":"Alla Chiesetta di San Rocco il tradizionale presepe","og_description":"Verr\u00e0 inaugurato domenica 17 dicembre alle 15 con un concerto dell\u2019organista Lorenzo Beretta e della flautista Maria Giulia Capasso","og_url":"https:\/\/staging.varesenews.it\/2017\/12\/alla-chiesetta-san-rocco-tradizionale-presepe\/677325\/","og_site_name":"VareseNews","article_publisher":"https:\/\/www.facebook.com\/varesenews","article_published_time":"2017-12-14T13:45:04+00:00","author":"Adelia Brigo","twitter_card":"summary_large_image","twitter_creator":"@AdeliaBrigo","twitter_site":"@varesenews","twitter_misc":{"Scritto da":"Adelia Brigo","Tempo di lettura stimato":"1 minuto"},"schema":{"@context":"https:\/\/schema.org","@graph":[{"@type":"WebPage","@id":"https:\/\/staging.varesenews.it\/2017\/12\/alla-chiesetta-san-rocco-tradizionale-presepe\/677325\/","url":"https:\/\/staging.varesenews.it\/2017\/12\/alla-chiesetta-san-rocco-tradizionale-presepe\/677325\/","name":"Alla Chiesetta di San Rocco il tradizionale presepe","isPartOf":{"@id":"https:\/\/staging.varesenews.it\/#website"},"datePublished":"2017-12-14T13:45:04+00:00","dateModified":"2017-12-14T13:45:04+00:00","author":{"@id":"https:\/\/staging.varesenews.it\/#\/schema\/person\/272ac0f5b2dbfd572218c2d86e013f1a"},"description":"Verr\u00e0 inaugurato domenica 17 dicembre alle 15 con un concerto dell\u2019organista Lorenzo Beretta e della flautista Maria Giulia Capasso","breadcrumb":{"@id":"https:\/\/staging.varesenews.it\/2017\/12\/alla-chiesetta-san-rocco-tradizionale-presepe\/677325\/#breadcrumb"},"inLanguage":"it-IT","potentialAction":[{"@type":"ReadAction","target":["https:\/\/staging.varesenews.it\/2017\/12\/alla-chiesetta-san-rocco-tradizionale-presepe\/677325\/"]}]},{"@type":"BreadcrumbList","@id":"https:\/\/staging.varesenews.it\/2017\/12\/alla-chiesetta-san-rocco-tradizionale-presepe\/677325\/#breadcrumb","itemListElement":[{"@type":"ListItem","position":1,"name":"Home","item":"https:\/\/www.varesenews.it\/"},{"@type":"ListItem","position":2,"name":"Alla Chiesetta di San Rocco il tradizionale presepe"}]},{"@type":"WebSite","@id":"https:\/\/staging.varesenews.it\/#website","url":"https:\/\/staging.varesenews.it\/","name":"VareseNews","description":"","potentialAction":[{"@type":"SearchAction","target":{"@type":"EntryPoint","urlTemplate":"https:\/\/staging.varesenews.it\/?s={search_term_string}"},"query-input":"required name=search_term_string"}],"inLanguage":"it-IT"},{"@type":"Person","@id":"https:\/\/staging.varesenews.it\/#\/schema\/person\/272ac0f5b2dbfd572218c2d86e013f1a","name":"Adelia Brigo","image":{"@type":"ImageObject","inLanguage":"it-IT","@id":"https:\/\/staging.varesenews.it\/#\/schema\/person\/image\/","url":"https:\/\/staging.varesenews.it\/wp-content\/uploads\/2020\/12\/adelia_brigo_colori_500.jpg","contentUrl":"https:\/\/staging.varesenews.it\/wp-content\/uploads\/2020\/12\/adelia_brigo_colori_500.jpg","caption":"Adelia Brigo"},"description":"Giornalista pubblicista, lavoro a VareseNews dal 2007 e mi occupo di cronaca locale e del settore dedicato alla cultura. In questi anni ho seguito diversi progetti di comunicazione, amo sperimentare strategie per i Social Network e raccontare storie. Varesina, classe 1984, sono laureata in Scienze della Comunicazione.&nbsp;","sameAs":["AdeliaBrigo","https:\/\/twitter.com\/AdeliaBrigo"],"url":"https:\/\/staging.varesenews.it\/persona\/adelia_brigo\/"}]}},"post_meta":{"_edit_lock":"1513259168:32","_edit_last":"32","_category_permalink":"a:1:{s:8:\"category\";s:2:\"21\";}","ratings_users":"0","ratings_score":"0","ratings_average":"0","foto":"639557","firma_come_redazione":"1","argomento":"Azzate","_yoast_wpseo_content_score":"30","_jd_tweet_this":"yes","_wpt_short_url":"http:\/\/www.varesenews.it\/2017\/12\/alla-chiesetta-san-rocco-tradizionale-presepe\/677325\/","_wp_jd_target":"http:\/\/www.varesenews.it\/2017\/12\/alla-chiesetta-san-rocco-tradizionale-presepe\/677325\/","_jd_wp_twitter":"a:1:{i:0;s:172:\"Alla Chiesetta di San Rocco il tradizionale presepe http:\/\/www.varesenews.it\/2017\/12\/alla-chiesetta-san-rocco-tradizionale-presepe\/677325\/ #natale2017 #presepi2017 #weekend\";}","_wpt_status_message":"Tweet inviato con successo."},"photos":[{"original":"https:\/\/staging.varesenews.it\/photogallery_new\/images\/2017\/10\/san-rocco-ad-azzate-639557.jpg","full":"https:\/\/staging.varesenews.it\/photogallery_new\/images\/2017\/10\/san-rocco-ad-azzate-639557.1024x768.jpg","large":"https:\/\/staging.varesenews.it\/photogallery_new\/images\/2017\/10\/san-rocco-ad-azzate-639557.610x431.jpg"}],"_links":{"self":[{"href":"https:\/\/staging.varesenews.it\/swgapi\/v1\/wp\/v2\/posts\/677325"}],"collection":[{"href":"https:\/\/staging.varesenews.it\/swgapi\/v1\/wp\/v2\/posts"}],"about":[{"href":"https:\/\/staging.varesenews.it\/swgapi\/v1\/wp\/v2\/types\/post"}],"author":[{"embeddable":true,"href":"https:\/\/staging.varesenews.it\/swgapi\/v1\/wp\/v2\/users\/32"}],"replies":[{"embeddable":true,"href":"https:\/\/staging.varesenews.it\/swgapi\/v1\/wp\/v2\/comments?post=677325"}],"version-history":[{"count":0,"href":"https:\/\/staging.varesenews.it\/swgapi\/v1\/wp\/v2\/posts\/677325\/revisions"}],"wp:attachment":[{"href":"https:\/\/staging.varesenews.it\/swgapi\/v1\/wp\/v2\/media?parent=677325"}],"wp:term":[{"taxonomy":"category","embeddable":true,"href":"https:\/\/staging.varesenews.it\/swgapi\/v1\/wp\/v2\/categories?post=677325"},{"taxonomy":"post_tag","embeddable":true,"href":"https:\/\/staging.varesenews.it\/swgapi\/v1\/wp\/v2\/tags?post=677325"}],"curies":[{"name":"wp","href":"https:\/\/api.w.org\/{rel}","templated":true}]}}