{"id":678800,"date":"2017-12-19T19:22:17","date_gmt":"2017-12-19T18:22:17","guid":{"rendered":"http:\/\/www.varesenews.it\/?p=678800"},"modified":"2017-12-19T23:42:23","modified_gmt":"2017-12-19T22:42:23","slug":"pierobon-inaugurazione-arcisate-stabio","status":"publish","type":"post","link":"https:\/\/staging.varesenews.it\/2017\/12\/pierobon-inaugurazione-arcisate-stabio\/678800\/","title":{"rendered":"Pierobon: \u00abStrano non fare l&#8217;inaugurazione ad Arcisate. E&#8217; questione di &#8220;colore&#8221;?\u00bb"},"content":{"rendered":"<p>\u00abE\u2019 davvero curioso che<strong><a href=\"http:\/\/www.varesenews.it\/2017\/12\/arcisate-stabio-venerdi-viaggio-inaugurale-varese-mendrisio\/678503\/\"> l\u2019inaugurazione ufficiale della Arcisate &#8211; Stabio<\/a>,<\/strong> e sottolineo Arcisate &#8211; Stabio, si faccia ad Induno Olona. Non mi suona bene, e non perch\u00e9 io sia il sindaco di Arcisate, ma perch\u00e9 si chiama cos\u00ec. Non \u00e8 mica colpa mia\u00bb.<\/p>\n<p>A parlare, tra l\u2019arrabbiatura e l\u2019ironia, \u00e8 <b>Angelo Pierobon<\/b>, primo cittadino del comune italiano che d\u00e0 il nome alla nuova tratta, a cui proprio non \u00e8 andata gi\u00f9 che sia <strong>Induno Olona<\/strong> ad ospitare la cerimonia di inaugurazione ufficiale della nuova tratta ferroviaria Arcisate Stabio.<\/p>\n<p>E non ha apprezzato nemmeno il commento del suo \u201cvicino di istituzioni\u201d, il sindaco <b>Marco Cavallin<\/b>, che nella<a href=\"http:\/\/www.varesenews.it\/2017\/12\/cavallin-contento-linaugurazione-sia-stata-scelta-induno\/678659\/\"> nostra intervista<\/a> ha detto: \u00abSono molto contento che si sia scelto di fare questo momento ufficiale a Induno, perch\u00e9 lo voglio leggere come un riconoscimento alla comunit\u00e0 che pi\u00f9 di tutte ha sofferto la lunga e faticosa convivenza con il cantiere della ferrovia\u00bb.<\/p>\n<p>Parole che non sono \u201candate gi\u00f9\u201d a Pierobon: \u00ab<strong>Non \u00e8 una gara a chi ha sofferto di pi\u00f9, non si pu\u00f2 fare una classifica<\/strong> &#8211; ha commentato il sindaco di Arcisate &#8211; Diciamo invece che fino ad ora eventi simili si sono sempre svolti nel comune di Arcisate, e che ora invece il ministero ha scelto di gratificare il comune pi\u00f9 \u201cdalla sua parte\u201d dal punto di vista politico. Io ormai sono abituato a queste cose, non mi scandalizzo nemmeno: lo sgarbo mica l\u2019hanno fatto a me, ma ai cittadini di Arcisate\u00bb.<\/p>\n<p>Di sicuro per\u00f2, una cosa \u00e8 incontrovertibile, per tutti i cittadini dei paesi coinvolti in questo infinito cantiere: che ora siamo proprio alla fine. E in questo senso \u00e8 l\u2019ultimo commento del primo cittadino di Arcisate alla notizia del viaggio inaugurale: \u00abIo comunque sono contento che tutta questa storia sia finita. Solo questo \u00e8 l\u2019importante\u00bb.<\/p>\n","protected":false},"excerpt":{"rendered":"<p>Il sindaco di Arcisate Angelo Pierobon commenta cos\u00ec il fatto che Induno Olona ospiti la cerimonia di inaugurazione di una tratta che prende il nome dal comune che amministra<\/p>\n","protected":false},"author":48,"featured_media":0,"comment_status":"open","ping_status":"open","sticky":false,"template":"","format":"standard","meta":{"footnotes":""},"categories":[2],"tags":[1818,63836,3632],"acf":[],"yoast_head":"<!-- This site is optimized with the Yoast SEO plugin v20.1 - https:\/\/yoast.com\/wordpress\/plugins\/seo\/ -->\n<title>Pierobon: \u00abStrano non fare l&#039;inaugurazione ad Arcisate. E&#039; questione di &quot;colore&quot;?\u00bb<\/title>\n<meta name=\"description\" content=\"Al sindaco di Arcisate commenta il fatto che Induno Olona ospiti la cerimonia di inaugurazione di una tratta che prende il nome dal comune che amministra\" \/>\n<meta name=\"robots\" content=\"noindex, follow, max-snippet:-1, max-image-preview:large, max-video-preview:-1\" \/>\n<meta property=\"og:locale\" content=\"it_IT\" \/>\n<meta property=\"og:type\" content=\"article\" \/>\n<meta property=\"og:title\" content=\"Pierobon: \u00abStrano non fare l&#039;inaugurazione ad Arcisate. E&#039; questione di &quot;colore&quot;?\u00bb\" \/>\n<meta property=\"og:description\" content=\"Al sindaco di Arcisate commenta il fatto che Induno Olona ospiti la cerimonia di inaugurazione di una tratta che prende il nome dal comune che amministra\" \/>\n<meta property=\"og:url\" content=\"https:\/\/staging.varesenews.it\/2017\/12\/pierobon-inaugurazione-arcisate-stabio\/678800\/\" \/>\n<meta property=\"og:site_name\" content=\"VareseNews\" \/>\n<meta property=\"article:publisher\" content=\"https:\/\/www.facebook.com\/varesenews\" \/>\n<meta property=\"article:author\" content=\"https:\/\/www.facebook.com\/stefaniaradman\" \/>\n<meta property=\"article:published_time\" content=\"2017-12-19T18:22:17+00:00\" \/>\n<meta property=\"article:modified_time\" content=\"2017-12-19T22:42:23+00:00\" \/>\n<meta name=\"author\" content=\"Stefania Radman\" \/>\n<meta name=\"twitter:card\" content=\"summary_large_image\" \/>\n<meta name=\"twitter:creator\" content=\"@LaRadman\" \/>\n<meta name=\"twitter:site\" content=\"@varesenews\" \/>\n<meta name=\"twitter:label1\" content=\"Scritto da\" \/>\n\t<meta name=\"twitter:data1\" content=\"Stefania Radman\" \/>\n\t<meta name=\"twitter:label2\" content=\"Tempo di lettura stimato\" \/>\n\t<meta name=\"twitter:data2\" content=\"1 minuto\" \/>\n<script type=\"application\/ld+json\" class=\"yoast-schema-graph\">{\"@context\":\"https:\/\/schema.org\",\"@graph\":[{\"@type\":\"WebPage\",\"@id\":\"https:\/\/staging.varesenews.it\/2017\/12\/pierobon-inaugurazione-arcisate-stabio\/678800\/\",\"url\":\"https:\/\/staging.varesenews.it\/2017\/12\/pierobon-inaugurazione-arcisate-stabio\/678800\/\",\"name\":\"Pierobon: \u00abStrano non fare l'inaugurazione ad Arcisate. E' questione di \\\"colore\\\"?\u00bb\",\"isPartOf\":{\"@id\":\"https:\/\/staging.varesenews.it\/#website\"},\"datePublished\":\"2017-12-19T18:22:17+00:00\",\"dateModified\":\"2017-12-19T22:42:23+00:00\",\"author\":{\"@id\":\"https:\/\/staging.varesenews.it\/#\/schema\/person\/995d2e6a31c67237a9a1bc1f0079f3aa\"},\"description\":\"Al sindaco di Arcisate commenta il fatto che Induno Olona ospiti la cerimonia di inaugurazione di una tratta che prende il nome dal comune che amministra\",\"breadcrumb\":{\"@id\":\"https:\/\/staging.varesenews.it\/2017\/12\/pierobon-inaugurazione-arcisate-stabio\/678800\/#breadcrumb\"},\"inLanguage\":\"it-IT\",\"potentialAction\":[{\"@type\":\"ReadAction\",\"target\":[\"https:\/\/staging.varesenews.it\/2017\/12\/pierobon-inaugurazione-arcisate-stabio\/678800\/\"]}]},{\"@type\":\"BreadcrumbList\",\"@id\":\"https:\/\/staging.varesenews.it\/2017\/12\/pierobon-inaugurazione-arcisate-stabio\/678800\/#breadcrumb\",\"itemListElement\":[{\"@type\":\"ListItem\",\"position\":1,\"name\":\"Home\",\"item\":\"https:\/\/www.varesenews.it\/\"},{\"@type\":\"ListItem\",\"position\":2,\"name\":\"Pierobon: \u00abStrano non fare l&#8217;inaugurazione ad Arcisate. E&#8217; questione di &#8220;colore&#8221;?\u00bb\"}]},{\"@type\":\"WebSite\",\"@id\":\"https:\/\/staging.varesenews.it\/#website\",\"url\":\"https:\/\/staging.varesenews.it\/\",\"name\":\"VareseNews\",\"description\":\"\",\"potentialAction\":[{\"@type\":\"SearchAction\",\"target\":{\"@type\":\"EntryPoint\",\"urlTemplate\":\"https:\/\/staging.varesenews.it\/?s={search_term_string}\"},\"query-input\":\"required name=search_term_string\"}],\"inLanguage\":\"it-IT\"},{\"@type\":\"Person\",\"@id\":\"https:\/\/staging.varesenews.it\/#\/schema\/person\/995d2e6a31c67237a9a1bc1f0079f3aa\",\"name\":\"Stefania Radman\",\"image\":{\"@type\":\"ImageObject\",\"inLanguage\":\"it-IT\",\"@id\":\"https:\/\/staging.varesenews.it\/#\/schema\/person\/image\/\",\"url\":\"https:\/\/staging.varesenews.it\/wp-content\/uploads\/2020\/12\/stefania_radman_colori_500.jpg\",\"contentUrl\":\"https:\/\/staging.varesenews.it\/wp-content\/uploads\/2020\/12\/stefania_radman_colori_500.jpg\",\"caption\":\"Stefania Radman\"},\"description\":\"Varesina dal 1991, lavoro dal 2000 per Varesenews.it, prima come responsabile della pagina dell&rsquo;economia, poi della pagina life, ora della citt&agrave; di Varese.Ma sono (e sono stata) anche altro: per esempio, agli albori delle radio private ero dj in una radio milanese, Onda Radio. Da 20 anni sono corrispondente da Varese di Radio Popolare e ho collaborato con Espresso, Repubblica, Diario della Settimana, Italia Oggi. &ldquo;Smanettona&rdquo; da sempre, ho aperto il mio primo sito personale con Geocities nei primi anni novanta (chi se lo ricorda?) e i miei primi blog in Splinder all&rsquo;inizio del 2000. Ora sono sui social: qui quasi sempre sono semplicemente \\\"LaRadman&rdquo;.\",\"sameAs\":[\"http:\/\/laradman.blogspot.it\",\"https:\/\/www.facebook.com\/stefaniaradman\",\"@LaRadman\",\"https:\/\/www.linkedin.com\/in\/stefaniaradman\",\"https:\/\/twitter.com\/LaRadman\"],\"url\":\"https:\/\/staging.varesenews.it\/persona\/stefania-radman1\/\"}]}<\/script>\n<!-- \/ Yoast SEO plugin. -->","yoast_head_json":{"title":"Pierobon: \u00abStrano non fare l'inaugurazione ad Arcisate. E' questione di \"colore\"?\u00bb","description":"Al sindaco di Arcisate commenta il fatto che Induno Olona ospiti la cerimonia di inaugurazione di una tratta che prende il nome dal comune che amministra","robots":{"index":"noindex","follow":"follow","max-snippet":"max-snippet:-1","max-image-preview":"max-image-preview:large","max-video-preview":"max-video-preview:-1"},"og_locale":"it_IT","og_type":"article","og_title":"Pierobon: \u00abStrano non fare l'inaugurazione ad Arcisate. E' questione di \"colore\"?\u00bb","og_description":"Al sindaco di Arcisate commenta il fatto che Induno Olona ospiti la cerimonia di inaugurazione di una tratta che prende il nome dal comune che amministra","og_url":"https:\/\/staging.varesenews.it\/2017\/12\/pierobon-inaugurazione-arcisate-stabio\/678800\/","og_site_name":"VareseNews","article_publisher":"https:\/\/www.facebook.com\/varesenews","article_author":"https:\/\/www.facebook.com\/stefaniaradman","article_published_time":"2017-12-19T18:22:17+00:00","article_modified_time":"2017-12-19T22:42:23+00:00","author":"Stefania Radman","twitter_card":"summary_large_image","twitter_creator":"@LaRadman","twitter_site":"@varesenews","twitter_misc":{"Scritto da":"Stefania Radman","Tempo di lettura stimato":"1 minuto"},"schema":{"@context":"https:\/\/schema.org","@graph":[{"@type":"WebPage","@id":"https:\/\/staging.varesenews.it\/2017\/12\/pierobon-inaugurazione-arcisate-stabio\/678800\/","url":"https:\/\/staging.varesenews.it\/2017\/12\/pierobon-inaugurazione-arcisate-stabio\/678800\/","name":"Pierobon: \u00abStrano non fare l'inaugurazione ad Arcisate. E' questione di \"colore\"?\u00bb","isPartOf":{"@id":"https:\/\/staging.varesenews.it\/#website"},"datePublished":"2017-12-19T18:22:17+00:00","dateModified":"2017-12-19T22:42:23+00:00","author":{"@id":"https:\/\/staging.varesenews.it\/#\/schema\/person\/995d2e6a31c67237a9a1bc1f0079f3aa"},"description":"Al sindaco di Arcisate commenta il fatto che Induno Olona ospiti la cerimonia di inaugurazione di una tratta che prende il nome dal comune che amministra","breadcrumb":{"@id":"https:\/\/staging.varesenews.it\/2017\/12\/pierobon-inaugurazione-arcisate-stabio\/678800\/#breadcrumb"},"inLanguage":"it-IT","potentialAction":[{"@type":"ReadAction","target":["https:\/\/staging.varesenews.it\/2017\/12\/pierobon-inaugurazione-arcisate-stabio\/678800\/"]}]},{"@type":"BreadcrumbList","@id":"https:\/\/staging.varesenews.it\/2017\/12\/pierobon-inaugurazione-arcisate-stabio\/678800\/#breadcrumb","itemListElement":[{"@type":"ListItem","position":1,"name":"Home","item":"https:\/\/www.varesenews.it\/"},{"@type":"ListItem","position":2,"name":"Pierobon: \u00abStrano non fare l&#8217;inaugurazione ad Arcisate. E&#8217; questione di &#8220;colore&#8221;?\u00bb"}]},{"@type":"WebSite","@id":"https:\/\/staging.varesenews.it\/#website","url":"https:\/\/staging.varesenews.it\/","name":"VareseNews","description":"","potentialAction":[{"@type":"SearchAction","target":{"@type":"EntryPoint","urlTemplate":"https:\/\/staging.varesenews.it\/?s={search_term_string}"},"query-input":"required name=search_term_string"}],"inLanguage":"it-IT"},{"@type":"Person","@id":"https:\/\/staging.varesenews.it\/#\/schema\/person\/995d2e6a31c67237a9a1bc1f0079f3aa","name":"Stefania Radman","image":{"@type":"ImageObject","inLanguage":"it-IT","@id":"https:\/\/staging.varesenews.it\/#\/schema\/person\/image\/","url":"https:\/\/staging.varesenews.it\/wp-content\/uploads\/2020\/12\/stefania_radman_colori_500.jpg","contentUrl":"https:\/\/staging.varesenews.it\/wp-content\/uploads\/2020\/12\/stefania_radman_colori_500.jpg","caption":"Stefania Radman"},"description":"Varesina dal 1991, lavoro dal 2000 per Varesenews.it, prima come responsabile della pagina dell&rsquo;economia, poi della pagina life, ora della citt&agrave; di Varese.Ma sono (e sono stata) anche altro: per esempio, agli albori delle radio private ero dj in una radio milanese, Onda Radio. Da 20 anni sono corrispondente da Varese di Radio Popolare e ho collaborato con Espresso, Repubblica, Diario della Settimana, Italia Oggi. &ldquo;Smanettona&rdquo; da sempre, ho aperto il mio primo sito personale con Geocities nei primi anni novanta (chi se lo ricorda?) e i miei primi blog in Splinder all&rsquo;inizio del 2000. Ora sono sui social: qui quasi sempre sono semplicemente \"LaRadman&rdquo;.","sameAs":["http:\/\/laradman.blogspot.it","https:\/\/www.facebook.com\/stefaniaradman","@LaRadman","https:\/\/www.linkedin.com\/in\/stefaniaradman","https:\/\/twitter.com\/LaRadman"],"url":"https:\/\/staging.varesenews.it\/persona\/stefania-radman1\/"}]}},"post_meta":{"_category_permalink":"a:1:{s:8:\"category\";s:0:\"\";}","_yoast_wpseo_content_score":"30","_jd_tweet_this":"yes","foto":"647711","argomento":"Arcisate","_yoast_wpseo_focuskw_text_input":"inaugurazione","_yoast_wpseo_focuskw":"inaugurazione","_yoast_wpseo_linkdex":"68","ratings_users":"0","ratings_score":"0","ratings_average":"0","_wpt_short_url":"http:\/\/www.varesenews.it\/2017\/12\/cavallin-contento-linaugurazione-sia-stata-scelta-induno\/678659\/","_wp_jd_target":"http:\/\/www.varesenews.it\/2017\/12\/cavallin-contento-linaugurazione-sia-stata-scelta-induno\/678659\/","_jd_wp_twitter":"a:2:{i:0;s:200:\"Cavallin: \u201cContento che per l\u2019inaugurazione sia stata scelta Induno\u201d http:\/\/www.varesenews.it\/2017\/12\/cavallin-contento-linaugurazione-sia-stata-scelta-induno\/678659\/ #arcisatestabio #valceresio\";i:1;s:220:\"Pierobon: \u201cstrano non fare l\u2019inaugurazione ad Arcisate. E\u2019 questione di \u201ccolore\u201d?\u201d http:\/\/www.varesenews.it\/2017\/12\/cavallin-contento-linaugurazione-sia-stata-scelta-induno\/678659\/ #arcisatestabio #valceresio\";}","_wpt_status_message":"Tweet inviato con successo.","_dp_original":"678659","_edit_lock":"1513723230:44","_edit_last":"44","_yoast_wpseo_metadesc":"Al sindaco di Arcisate commenta il fatto che Induno Olona ospiti la cerimonia di inaugurazione di una tratta che prende il nome dal comune che amministra","_wp_old_slug":"pierobon-commenta-i","id_leggi_anche":"678503,678659"},"photos":[{"original":"https:\/\/staging.varesenews.it\/photogallery_new\/images\/2017\/12\/alba-srl-647711.jpg","full":"https:\/\/staging.varesenews.it\/photogallery_new\/images\/2017\/12\/alba-srl-647711.1024x768.jpg","large":"https:\/\/staging.varesenews.it\/photogallery_new\/images\/2017\/12\/alba-srl-647711.610x431.jpg"}],"_links":{"self":[{"href":"https:\/\/staging.varesenews.it\/swgapi\/v1\/wp\/v2\/posts\/678800"}],"collection":[{"href":"https:\/\/staging.varesenews.it\/swgapi\/v1\/wp\/v2\/posts"}],"about":[{"href":"https:\/\/staging.varesenews.it\/swgapi\/v1\/wp\/v2\/types\/post"}],"author":[{"embeddable":true,"href":"https:\/\/staging.varesenews.it\/swgapi\/v1\/wp\/v2\/users\/48"}],"replies":[{"embeddable":true,"href":"https:\/\/staging.varesenews.it\/swgapi\/v1\/wp\/v2\/comments?post=678800"}],"version-history":[{"count":0,"href":"https:\/\/staging.varesenews.it\/swgapi\/v1\/wp\/v2\/posts\/678800\/revisions"}],"wp:attachment":[{"href":"https:\/\/staging.varesenews.it\/swgapi\/v1\/wp\/v2\/media?parent=678800"}],"wp:term":[{"taxonomy":"category","embeddable":true,"href":"https:\/\/staging.varesenews.it\/swgapi\/v1\/wp\/v2\/categories?post=678800"},{"taxonomy":"post_tag","embeddable":true,"href":"https:\/\/staging.varesenews.it\/swgapi\/v1\/wp\/v2\/tags?post=678800"}],"curies":[{"name":"wp","href":"https:\/\/api.w.org\/{rel}","templated":true}]}}