{"id":679195,"date":"2017-12-21T12:13:44","date_gmt":"2017-12-21T11:13:44","guid":{"rendered":"http:\/\/www.varesenews.it\/?p=679195"},"modified":"2017-12-21T12:13:44","modified_gmt":"2017-12-21T11:13:44","slug":"natale-alla-collegiata-castiglione","status":"publish","type":"post","link":"https:\/\/staging.varesenews.it\/2017\/12\/natale-alla-collegiata-castiglione\/679195\/","title":{"rendered":"Il Natale alla Collegiata di Castiglione"},"content":{"rendered":"<p>Per Natale il Museo della Collegiata propone diversi appuntamenti.\u00a0Il <strong>26 Dicembre il Museo sar\u00e0 aperto con orario festivo<\/strong>, dalle 10 alle 13 e dalle 15 alle 18. Alle 10.30 si terr\u00e0 la S. Messa di Santo Stefano, compatrono della Chiesa, in cui si ripeter\u00e0 uno dei pi\u00f9 antichi e suggestivi gesti della tradizione: il rito del faro. Un globo di bambagia, appeso nella navata centrale,<strong> a cui l\u2019Arciprete da fuoco con tre candeline accese fissate sulla sommit\u00e0 di un\u2019asta<\/strong>: il significato del gesto allude al sacrificio della vita da parte del Martire. Al termine della Celebrazione, molto sentita da tutta la cittadinanza, l\u2019amministrazione comunale consegner\u00e0 la benemerenza del \u201cSigillo civico\u201d nel Salone della Nuova Scolastica.<\/p>\n<p><strong>Gioved\u00ec 28 dicembre sar\u00e0 NATALE A GONFIE VELE<\/strong> per i bambini che vorranno leggere il racconto del Natale attraverso le opere della Collegiata: l&#8217;annuncio dell&#8217;angelo, l&#8217;incontro tra Maria ed Elisabetta, la nascita di Ges\u00f9 e infine l&#8217;arrivo dei Magi.<\/p>\n<p>Nel laboratorio finale metteremo i protagonisti del Natale<strong> nelle vele della Collegiata e la Notte Santa<\/strong> risplender\u00e0, grazie a materiali scintillanti e alle idee brillanti di bambini fantasiosi. L&#8217;appuntamento \u00e8 per le ore 15.30. L&#8217;attivit\u00e0 dura un&#8217;ora e mezza circa ed \u00e8 indicata per bambini da 6 a 10 anni. La prenotazione \u00e8 obbligatoria via mail didattica@museocollegiata.it. Percorso e laboratorio sono compresi nel costo del biglietto d&#8217;ingresso (6 \u20ac).\u00a0<strong>La visita con laboratorio NATALE A GONFIE VELE pu\u00f2 essere effettuata anche su prenotazione per gruppi di almeno 8 bambini.<\/strong><\/p>\n<p>Infine il 06 Gennaio il<strong> Museo sar\u00e0 aperto per l\u2019Epifania<\/strong> dalle 10 alle 13 e dalle 15 alle 18.\u00a0Il Museo rester\u00e0 chiuso per le festivit\u00e0 solamente nei giorni 24, 25, 31 Dicembre 2017 e 01 Gennaio 2018.<\/p>\n","protected":false},"excerpt":{"rendered":"<p>Il Museo della Collegiata propone diversi appuntamenti: il 26 dicembre e il 6 gennaio aperto per tutti, mentre il 28 iniziativa per bambini<\/p>\n","protected":false},"author":51,"featured_media":0,"comment_status":"open","ping_status":"open","sticky":false,"template":"","format":"standard","meta":{"footnotes":""},"categories":[5,21],"tags":[2308,73724],"acf":[],"yoast_head":"<!-- This site is optimized with the Yoast SEO plugin v20.1 - https:\/\/yoast.com\/wordpress\/plugins\/seo\/ -->\n<title>Il Natale alla Collegiata di Castiglione<\/title>\n<meta name=\"description\" content=\"Il Museo della Collegiata propone diversi appuntamenti: il 26 dicembre e il 6 gennaio aperto per tutti, mentre il 28 iniziativa per bambini\" \/>\n<meta name=\"robots\" content=\"noindex, follow, max-snippet:-1, max-image-preview:large, max-video-preview:-1\" \/>\n<meta property=\"og:locale\" content=\"it_IT\" \/>\n<meta property=\"og:type\" content=\"article\" \/>\n<meta property=\"og:title\" content=\"Il Natale alla Collegiata di Castiglione\" \/>\n<meta property=\"og:description\" content=\"Il Museo della Collegiata propone diversi appuntamenti: il 26 dicembre e il 6 gennaio aperto per tutti, mentre il 28 iniziativa per bambini\" \/>\n<meta property=\"og:url\" content=\"https:\/\/staging.varesenews.it\/2017\/12\/natale-alla-collegiata-castiglione\/679195\/\" \/>\n<meta property=\"og:site_name\" content=\"VareseNews\" \/>\n<meta property=\"article:publisher\" content=\"https:\/\/www.facebook.com\/varesenews\" \/>\n<meta property=\"article:author\" content=\"https:\/\/www.facebook.com\/manuel.sgarella\" \/>\n<meta property=\"article:published_time\" content=\"2017-12-21T11:13:44+00:00\" \/>\n<meta name=\"author\" content=\"Manuel Sgarella\" \/>\n<meta name=\"twitter:card\" content=\"summary_large_image\" \/>\n<meta name=\"twitter:creator\" content=\"@Sgarel\" \/>\n<meta name=\"twitter:site\" content=\"@varesenews\" \/>\n<meta name=\"twitter:label1\" content=\"Scritto da\" \/>\n\t<meta name=\"twitter:data1\" content=\"Manuel Sgarella\" \/>\n\t<meta name=\"twitter:label2\" content=\"Tempo di lettura stimato\" \/>\n\t<meta name=\"twitter:data2\" content=\"1 minuto\" \/>\n<script type=\"application\/ld+json\" class=\"yoast-schema-graph\">{\"@context\":\"https:\/\/schema.org\",\"@graph\":[{\"@type\":\"WebPage\",\"@id\":\"https:\/\/staging.varesenews.it\/2017\/12\/natale-alla-collegiata-castiglione\/679195\/\",\"url\":\"https:\/\/staging.varesenews.it\/2017\/12\/natale-alla-collegiata-castiglione\/679195\/\",\"name\":\"Il Natale alla Collegiata di Castiglione\",\"isPartOf\":{\"@id\":\"https:\/\/staging.varesenews.it\/#website\"},\"datePublished\":\"2017-12-21T11:13:44+00:00\",\"dateModified\":\"2017-12-21T11:13:44+00:00\",\"author\":{\"@id\":\"https:\/\/staging.varesenews.it\/#\/schema\/person\/1ec987bf360cbcf5fab38b0367dbc9d4\"},\"description\":\"Il Museo della Collegiata propone diversi appuntamenti: il 26 dicembre e il 6 gennaio aperto per tutti, mentre il 28 iniziativa per bambini\",\"breadcrumb\":{\"@id\":\"https:\/\/staging.varesenews.it\/2017\/12\/natale-alla-collegiata-castiglione\/679195\/#breadcrumb\"},\"inLanguage\":\"it-IT\",\"potentialAction\":[{\"@type\":\"ReadAction\",\"target\":[\"https:\/\/staging.varesenews.it\/2017\/12\/natale-alla-collegiata-castiglione\/679195\/\"]}]},{\"@type\":\"BreadcrumbList\",\"@id\":\"https:\/\/staging.varesenews.it\/2017\/12\/natale-alla-collegiata-castiglione\/679195\/#breadcrumb\",\"itemListElement\":[{\"@type\":\"ListItem\",\"position\":1,\"name\":\"Home\",\"item\":\"https:\/\/www.varesenews.it\/\"},{\"@type\":\"ListItem\",\"position\":2,\"name\":\"Il Natale alla Collegiata di Castiglione\"}]},{\"@type\":\"WebSite\",\"@id\":\"https:\/\/staging.varesenews.it\/#website\",\"url\":\"https:\/\/staging.varesenews.it\/\",\"name\":\"VareseNews\",\"description\":\"\",\"potentialAction\":[{\"@type\":\"SearchAction\",\"target\":{\"@type\":\"EntryPoint\",\"urlTemplate\":\"https:\/\/staging.varesenews.it\/?s={search_term_string}\"},\"query-input\":\"required name=search_term_string\"}],\"inLanguage\":\"it-IT\"},{\"@type\":\"Person\",\"@id\":\"https:\/\/staging.varesenews.it\/#\/schema\/person\/1ec987bf360cbcf5fab38b0367dbc9d4\",\"name\":\"Manuel Sgarella\",\"image\":{\"@type\":\"ImageObject\",\"inLanguage\":\"it-IT\",\"@id\":\"https:\/\/staging.varesenews.it\/#\/schema\/person\/image\/\",\"url\":\"https:\/\/staging.varesenews.it\/wp-content\/uploads\/2020\/12\/manuel_sgarella_colori_500.jpg\",\"contentUrl\":\"https:\/\/staging.varesenews.it\/wp-content\/uploads\/2020\/12\/manuel_sgarella_colori_500.jpg\",\"caption\":\"Manuel Sgarella\"},\"description\":\"A VareseNews dal 1999, da quando ho iniziato a collaborare per la pagina del cinema. Col tempo mi sono occupato della cronaca del territorio di Saronno-Tradate e dell'organizzazione di alcuni progetti speciali di VareseNews, tra cui la produzione del film Digitalife. Dal 2009 sono giornalista professionista. Diplomato alla Civica scuola del cinema di Milano, coltivo da sempre una passione per tutto quello che &egrave; narrazione, soprattutto per film e serie tv. Dal 2014 Pubblico romanzi come autore indipendente.&nbsp;\",\"sameAs\":[\"https:\/\/www.facebook.com\/manuel.sgarella\",\"Sgarel\",\"https:\/\/twitter.com\/Sgarel\"],\"url\":\"https:\/\/staging.varesenews.it\/persona\/manuel-sgarella1\/\"}]}<\/script>\n<!-- \/ Yoast SEO plugin. -->","yoast_head_json":{"title":"Il Natale alla Collegiata di Castiglione","description":"Il Museo della Collegiata propone diversi appuntamenti: il 26 dicembre e il 6 gennaio aperto per tutti, mentre il 28 iniziativa per bambini","robots":{"index":"noindex","follow":"follow","max-snippet":"max-snippet:-1","max-image-preview":"max-image-preview:large","max-video-preview":"max-video-preview:-1"},"og_locale":"it_IT","og_type":"article","og_title":"Il Natale alla Collegiata di Castiglione","og_description":"Il Museo della Collegiata propone diversi appuntamenti: il 26 dicembre e il 6 gennaio aperto per tutti, mentre il 28 iniziativa per bambini","og_url":"https:\/\/staging.varesenews.it\/2017\/12\/natale-alla-collegiata-castiglione\/679195\/","og_site_name":"VareseNews","article_publisher":"https:\/\/www.facebook.com\/varesenews","article_author":"https:\/\/www.facebook.com\/manuel.sgarella","article_published_time":"2017-12-21T11:13:44+00:00","author":"Manuel Sgarella","twitter_card":"summary_large_image","twitter_creator":"@Sgarel","twitter_site":"@varesenews","twitter_misc":{"Scritto da":"Manuel Sgarella","Tempo di lettura stimato":"1 minuto"},"schema":{"@context":"https:\/\/schema.org","@graph":[{"@type":"WebPage","@id":"https:\/\/staging.varesenews.it\/2017\/12\/natale-alla-collegiata-castiglione\/679195\/","url":"https:\/\/staging.varesenews.it\/2017\/12\/natale-alla-collegiata-castiglione\/679195\/","name":"Il Natale alla Collegiata di Castiglione","isPartOf":{"@id":"https:\/\/staging.varesenews.it\/#website"},"datePublished":"2017-12-21T11:13:44+00:00","dateModified":"2017-12-21T11:13:44+00:00","author":{"@id":"https:\/\/staging.varesenews.it\/#\/schema\/person\/1ec987bf360cbcf5fab38b0367dbc9d4"},"description":"Il Museo della Collegiata propone diversi appuntamenti: il 26 dicembre e il 6 gennaio aperto per tutti, mentre il 28 iniziativa per bambini","breadcrumb":{"@id":"https:\/\/staging.varesenews.it\/2017\/12\/natale-alla-collegiata-castiglione\/679195\/#breadcrumb"},"inLanguage":"it-IT","potentialAction":[{"@type":"ReadAction","target":["https:\/\/staging.varesenews.it\/2017\/12\/natale-alla-collegiata-castiglione\/679195\/"]}]},{"@type":"BreadcrumbList","@id":"https:\/\/staging.varesenews.it\/2017\/12\/natale-alla-collegiata-castiglione\/679195\/#breadcrumb","itemListElement":[{"@type":"ListItem","position":1,"name":"Home","item":"https:\/\/www.varesenews.it\/"},{"@type":"ListItem","position":2,"name":"Il Natale alla Collegiata di Castiglione"}]},{"@type":"WebSite","@id":"https:\/\/staging.varesenews.it\/#website","url":"https:\/\/staging.varesenews.it\/","name":"VareseNews","description":"","potentialAction":[{"@type":"SearchAction","target":{"@type":"EntryPoint","urlTemplate":"https:\/\/staging.varesenews.it\/?s={search_term_string}"},"query-input":"required name=search_term_string"}],"inLanguage":"it-IT"},{"@type":"Person","@id":"https:\/\/staging.varesenews.it\/#\/schema\/person\/1ec987bf360cbcf5fab38b0367dbc9d4","name":"Manuel Sgarella","image":{"@type":"ImageObject","inLanguage":"it-IT","@id":"https:\/\/staging.varesenews.it\/#\/schema\/person\/image\/","url":"https:\/\/staging.varesenews.it\/wp-content\/uploads\/2020\/12\/manuel_sgarella_colori_500.jpg","contentUrl":"https:\/\/staging.varesenews.it\/wp-content\/uploads\/2020\/12\/manuel_sgarella_colori_500.jpg","caption":"Manuel Sgarella"},"description":"A VareseNews dal 1999, da quando ho iniziato a collaborare per la pagina del cinema. Col tempo mi sono occupato della cronaca del territorio di Saronno-Tradate e dell'organizzazione di alcuni progetti speciali di VareseNews, tra cui la produzione del film Digitalife. Dal 2009 sono giornalista professionista. Diplomato alla Civica scuola del cinema di Milano, coltivo da sempre una passione per tutto quello che &egrave; narrazione, soprattutto per film e serie tv. Dal 2014 Pubblico romanzi come autore indipendente.&nbsp;","sameAs":["https:\/\/www.facebook.com\/manuel.sgarella","Sgarel","https:\/\/twitter.com\/Sgarel"],"url":"https:\/\/staging.varesenews.it\/persona\/manuel-sgarella1\/"}]}},"post_meta":{"_edit_lock":"1513859497:51","_edit_last":"51","_category_permalink":"a:1:{s:8:\"category\";s:0:\"\";}","ratings_users":"0","ratings_score":"0","ratings_average":"0","foto":"644553","argomento":"Castiglione Olona","_yoast_wpseo_content_score":"30","_jd_tweet_this":"yes","_wpt_short_url":"http:\/\/www.varesenews.it\/2017\/12\/natale-alla-collegiata-castiglione\/679195\/","_wp_jd_target":"http:\/\/www.varesenews.it\/2017\/12\/natale-alla-collegiata-castiglione\/679195\/","_jd_wp_twitter":"a:1:{i:0;s:140:\"Il Natale alla Collegiata di Castiglione http:\/\/www.varesenews.it\/2017\/12\/natale-alla-collegiata-castiglione\/679195\/ #collegiata #natale2017\";}","_wpt_status_message":"Tweet inviato con successo."},"photos":[{"original":"https:\/\/staging.varesenews.it\/photogallery_new\/images\/2017\/11\/collegiata-di-castiglione-olona-644553.jpg","full":"https:\/\/staging.varesenews.it\/photogallery_new\/images\/2017\/11\/collegiata-di-castiglione-olona-644553.1024x768.jpg","large":"https:\/\/staging.varesenews.it\/photogallery_new\/images\/2017\/11\/collegiata-di-castiglione-olona-644553.610x431.jpg"}],"_links":{"self":[{"href":"https:\/\/staging.varesenews.it\/swgapi\/v1\/wp\/v2\/posts\/679195"}],"collection":[{"href":"https:\/\/staging.varesenews.it\/swgapi\/v1\/wp\/v2\/posts"}],"about":[{"href":"https:\/\/staging.varesenews.it\/swgapi\/v1\/wp\/v2\/types\/post"}],"author":[{"embeddable":true,"href":"https:\/\/staging.varesenews.it\/swgapi\/v1\/wp\/v2\/users\/51"}],"replies":[{"embeddable":true,"href":"https:\/\/staging.varesenews.it\/swgapi\/v1\/wp\/v2\/comments?post=679195"}],"version-history":[{"count":0,"href":"https:\/\/staging.varesenews.it\/swgapi\/v1\/wp\/v2\/posts\/679195\/revisions"}],"wp:attachment":[{"href":"https:\/\/staging.varesenews.it\/swgapi\/v1\/wp\/v2\/media?parent=679195"}],"wp:term":[{"taxonomy":"category","embeddable":true,"href":"https:\/\/staging.varesenews.it\/swgapi\/v1\/wp\/v2\/categories?post=679195"},{"taxonomy":"post_tag","embeddable":true,"href":"https:\/\/staging.varesenews.it\/swgapi\/v1\/wp\/v2\/tags?post=679195"}],"curies":[{"name":"wp","href":"https:\/\/api.w.org\/{rel}","templated":true}]}}