{"id":680018,"date":"2017-12-27T09:58:58","date_gmt":"2017-12-27T08:58:58","guid":{"rendered":"http:\/\/www.varesenews.it\/?p=680018"},"modified":"2017-12-27T09:58:58","modified_gmt":"2017-12-27T08:58:58","slug":"inaugurato-presepe-del-missionari-comboniani","status":"publish","type":"post","link":"https:\/\/staging.varesenews.it\/2017\/12\/inaugurato-presepe-del-missionari-comboniani\/680018\/","title":{"rendered":"Inaugurato il presepe del Missionari Comboniani"},"content":{"rendered":"<p>\u00c8 stato inaugurato il giorno di Natale<strong> il presepe del Missionari Comboniani di Venegono Superiore<\/strong>. Il Presepe \u00e8 aperto e in funzione tutti i giorni sino al 7 gennaio dalle 14.00 alle 18.00. \u00abNella giornata di Santo Stefano abbiamo avuto una grande e inaspettata affluenza di visitatori; speriamo che nei prossimi giorni il trend continui e di incontrarci di persona per scambiarci gli auguri &#8211; spiegano dai Missionari -. Ti ricordiamo gli appuntamenti aperti a tutti,<strong> inseriti nella convivenza GIM<\/strong>. Si comincia gioved\u00ec 28 dicembre alle 19.00 con l\u2019incontro-testimonianza di Maria Soave Buscemi, missionaria laica in Brasile e coordinatrice del Centro Ecum\u00eanico de Estudos B\u00edblicos, <strong>che ci racconter\u00e0 la sua esperienza di teologa nelle periferie del sistema<\/strong>\u00bb.<\/p>\n<p>\u00abVenerd\u00ec 29 dicembre alle 19.00, il dott. Stefano Dolce della comunit\u00e0 <strong>Il Progetto di Castellanza<\/strong> terr\u00e0 un incontro sul tema attualissimo della ludopatia. Al termine degli incontri di gioved\u00ec e venerd\u00ec ci sar\u00e0 la possibilit\u00e0 di visitare il presepe e di condividere la cena (porta qualcosa per te e per un amico). Sabato 30 dicembre alle 10.00 incontro con<strong> Danio e Cristina Bianchi<\/strong>, i quali da anni vivono in una comunit\u00e0 di famiglie\u00bb.<\/p>\n","protected":false},"excerpt":{"rendered":"<p>Grande affluenza per il tradizionale presepe allestito al castello dei Missionari e aperto fino al 7 gennaio<\/p>\n","protected":false},"author":51,"featured_media":0,"comment_status":"open","ping_status":"open","sticky":false,"template":"","format":"standard","meta":{"footnotes":""},"categories":[5,21],"tags":[73724,158],"acf":[],"yoast_head":"<!-- This site is optimized with the Yoast SEO plugin v20.1 - https:\/\/yoast.com\/wordpress\/plugins\/seo\/ -->\n<title>Inaugurato il presepe del Missionari Comboniani<\/title>\n<meta name=\"description\" content=\"Grande affluenza per il tradizionale presepe allestito al castello dei Missionari e aperto fino al 7 gennaio\" \/>\n<meta name=\"robots\" content=\"noindex, follow, max-snippet:-1, max-image-preview:large, max-video-preview:-1\" \/>\n<meta property=\"og:locale\" content=\"it_IT\" \/>\n<meta property=\"og:type\" content=\"article\" \/>\n<meta property=\"og:title\" content=\"Inaugurato il presepe del Missionari Comboniani\" \/>\n<meta property=\"og:description\" content=\"Grande affluenza per il tradizionale presepe allestito al castello dei Missionari e aperto fino al 7 gennaio\" \/>\n<meta property=\"og:url\" content=\"https:\/\/staging.varesenews.it\/2017\/12\/inaugurato-presepe-del-missionari-comboniani\/680018\/\" \/>\n<meta property=\"og:site_name\" content=\"VareseNews\" \/>\n<meta property=\"article:publisher\" content=\"https:\/\/www.facebook.com\/varesenews\" \/>\n<meta property=\"article:author\" content=\"https:\/\/www.facebook.com\/manuel.sgarella\" \/>\n<meta property=\"article:published_time\" content=\"2017-12-27T08:58:58+00:00\" \/>\n<meta name=\"author\" content=\"Manuel Sgarella\" \/>\n<meta name=\"twitter:card\" content=\"summary_large_image\" \/>\n<meta name=\"twitter:creator\" content=\"@Sgarel\" \/>\n<meta name=\"twitter:site\" content=\"@varesenews\" \/>\n<meta name=\"twitter:label1\" content=\"Scritto da\" \/>\n\t<meta name=\"twitter:data1\" content=\"Manuel Sgarella\" \/>\n\t<meta name=\"twitter:label2\" content=\"Tempo di lettura stimato\" \/>\n\t<meta name=\"twitter:data2\" content=\"1 minuto\" \/>\n<script type=\"application\/ld+json\" class=\"yoast-schema-graph\">{\"@context\":\"https:\/\/schema.org\",\"@graph\":[{\"@type\":\"WebPage\",\"@id\":\"https:\/\/staging.varesenews.it\/2017\/12\/inaugurato-presepe-del-missionari-comboniani\/680018\/\",\"url\":\"https:\/\/staging.varesenews.it\/2017\/12\/inaugurato-presepe-del-missionari-comboniani\/680018\/\",\"name\":\"Inaugurato il presepe del Missionari Comboniani\",\"isPartOf\":{\"@id\":\"https:\/\/staging.varesenews.it\/#website\"},\"datePublished\":\"2017-12-27T08:58:58+00:00\",\"dateModified\":\"2017-12-27T08:58:58+00:00\",\"author\":{\"@id\":\"https:\/\/staging.varesenews.it\/#\/schema\/person\/1ec987bf360cbcf5fab38b0367dbc9d4\"},\"description\":\"Grande affluenza per il tradizionale presepe allestito al castello dei Missionari e aperto fino al 7 gennaio\",\"breadcrumb\":{\"@id\":\"https:\/\/staging.varesenews.it\/2017\/12\/inaugurato-presepe-del-missionari-comboniani\/680018\/#breadcrumb\"},\"inLanguage\":\"it-IT\",\"potentialAction\":[{\"@type\":\"ReadAction\",\"target\":[\"https:\/\/staging.varesenews.it\/2017\/12\/inaugurato-presepe-del-missionari-comboniani\/680018\/\"]}]},{\"@type\":\"BreadcrumbList\",\"@id\":\"https:\/\/staging.varesenews.it\/2017\/12\/inaugurato-presepe-del-missionari-comboniani\/680018\/#breadcrumb\",\"itemListElement\":[{\"@type\":\"ListItem\",\"position\":1,\"name\":\"Home\",\"item\":\"https:\/\/www.varesenews.it\/\"},{\"@type\":\"ListItem\",\"position\":2,\"name\":\"Inaugurato il presepe del Missionari Comboniani\"}]},{\"@type\":\"WebSite\",\"@id\":\"https:\/\/staging.varesenews.it\/#website\",\"url\":\"https:\/\/staging.varesenews.it\/\",\"name\":\"VareseNews\",\"description\":\"\",\"potentialAction\":[{\"@type\":\"SearchAction\",\"target\":{\"@type\":\"EntryPoint\",\"urlTemplate\":\"https:\/\/staging.varesenews.it\/?s={search_term_string}\"},\"query-input\":\"required name=search_term_string\"}],\"inLanguage\":\"it-IT\"},{\"@type\":\"Person\",\"@id\":\"https:\/\/staging.varesenews.it\/#\/schema\/person\/1ec987bf360cbcf5fab38b0367dbc9d4\",\"name\":\"Manuel Sgarella\",\"image\":{\"@type\":\"ImageObject\",\"inLanguage\":\"it-IT\",\"@id\":\"https:\/\/staging.varesenews.it\/#\/schema\/person\/image\/\",\"url\":\"https:\/\/staging.varesenews.it\/wp-content\/uploads\/2020\/12\/manuel_sgarella_colori_500.jpg\",\"contentUrl\":\"https:\/\/staging.varesenews.it\/wp-content\/uploads\/2020\/12\/manuel_sgarella_colori_500.jpg\",\"caption\":\"Manuel Sgarella\"},\"description\":\"A VareseNews dal 1999, da quando ho iniziato a collaborare per la pagina del cinema. Col tempo mi sono occupato della cronaca del territorio di Saronno-Tradate e dell'organizzazione di alcuni progetti speciali di VareseNews, tra cui la produzione del film Digitalife. Dal 2009 sono giornalista professionista. Diplomato alla Civica scuola del cinema di Milano, coltivo da sempre una passione per tutto quello che &egrave; narrazione, soprattutto per film e serie tv. Dal 2014 Pubblico romanzi come autore indipendente.&nbsp;\",\"sameAs\":[\"https:\/\/www.facebook.com\/manuel.sgarella\",\"Sgarel\",\"https:\/\/twitter.com\/Sgarel\"],\"url\":\"https:\/\/staging.varesenews.it\/persona\/manuel-sgarella1\/\"}]}<\/script>\n<!-- \/ Yoast SEO plugin. -->","yoast_head_json":{"title":"Inaugurato il presepe del Missionari Comboniani","description":"Grande affluenza per il tradizionale presepe allestito al castello dei Missionari e aperto fino al 7 gennaio","robots":{"index":"noindex","follow":"follow","max-snippet":"max-snippet:-1","max-image-preview":"max-image-preview:large","max-video-preview":"max-video-preview:-1"},"og_locale":"it_IT","og_type":"article","og_title":"Inaugurato il presepe del Missionari Comboniani","og_description":"Grande affluenza per il tradizionale presepe allestito al castello dei Missionari e aperto fino al 7 gennaio","og_url":"https:\/\/staging.varesenews.it\/2017\/12\/inaugurato-presepe-del-missionari-comboniani\/680018\/","og_site_name":"VareseNews","article_publisher":"https:\/\/www.facebook.com\/varesenews","article_author":"https:\/\/www.facebook.com\/manuel.sgarella","article_published_time":"2017-12-27T08:58:58+00:00","author":"Manuel Sgarella","twitter_card":"summary_large_image","twitter_creator":"@Sgarel","twitter_site":"@varesenews","twitter_misc":{"Scritto da":"Manuel Sgarella","Tempo di lettura stimato":"1 minuto"},"schema":{"@context":"https:\/\/schema.org","@graph":[{"@type":"WebPage","@id":"https:\/\/staging.varesenews.it\/2017\/12\/inaugurato-presepe-del-missionari-comboniani\/680018\/","url":"https:\/\/staging.varesenews.it\/2017\/12\/inaugurato-presepe-del-missionari-comboniani\/680018\/","name":"Inaugurato il presepe del Missionari Comboniani","isPartOf":{"@id":"https:\/\/staging.varesenews.it\/#website"},"datePublished":"2017-12-27T08:58:58+00:00","dateModified":"2017-12-27T08:58:58+00:00","author":{"@id":"https:\/\/staging.varesenews.it\/#\/schema\/person\/1ec987bf360cbcf5fab38b0367dbc9d4"},"description":"Grande affluenza per il tradizionale presepe allestito al castello dei Missionari e aperto fino al 7 gennaio","breadcrumb":{"@id":"https:\/\/staging.varesenews.it\/2017\/12\/inaugurato-presepe-del-missionari-comboniani\/680018\/#breadcrumb"},"inLanguage":"it-IT","potentialAction":[{"@type":"ReadAction","target":["https:\/\/staging.varesenews.it\/2017\/12\/inaugurato-presepe-del-missionari-comboniani\/680018\/"]}]},{"@type":"BreadcrumbList","@id":"https:\/\/staging.varesenews.it\/2017\/12\/inaugurato-presepe-del-missionari-comboniani\/680018\/#breadcrumb","itemListElement":[{"@type":"ListItem","position":1,"name":"Home","item":"https:\/\/www.varesenews.it\/"},{"@type":"ListItem","position":2,"name":"Inaugurato il presepe del Missionari Comboniani"}]},{"@type":"WebSite","@id":"https:\/\/staging.varesenews.it\/#website","url":"https:\/\/staging.varesenews.it\/","name":"VareseNews","description":"","potentialAction":[{"@type":"SearchAction","target":{"@type":"EntryPoint","urlTemplate":"https:\/\/staging.varesenews.it\/?s={search_term_string}"},"query-input":"required name=search_term_string"}],"inLanguage":"it-IT"},{"@type":"Person","@id":"https:\/\/staging.varesenews.it\/#\/schema\/person\/1ec987bf360cbcf5fab38b0367dbc9d4","name":"Manuel Sgarella","image":{"@type":"ImageObject","inLanguage":"it-IT","@id":"https:\/\/staging.varesenews.it\/#\/schema\/person\/image\/","url":"https:\/\/staging.varesenews.it\/wp-content\/uploads\/2020\/12\/manuel_sgarella_colori_500.jpg","contentUrl":"https:\/\/staging.varesenews.it\/wp-content\/uploads\/2020\/12\/manuel_sgarella_colori_500.jpg","caption":"Manuel Sgarella"},"description":"A VareseNews dal 1999, da quando ho iniziato a collaborare per la pagina del cinema. Col tempo mi sono occupato della cronaca del territorio di Saronno-Tradate e dell'organizzazione di alcuni progetti speciali di VareseNews, tra cui la produzione del film Digitalife. Dal 2009 sono giornalista professionista. Diplomato alla Civica scuola del cinema di Milano, coltivo da sempre una passione per tutto quello che &egrave; narrazione, soprattutto per film e serie tv. Dal 2014 Pubblico romanzi come autore indipendente.&nbsp;","sameAs":["https:\/\/www.facebook.com\/manuel.sgarella","Sgarel","https:\/\/twitter.com\/Sgarel"],"url":"https:\/\/staging.varesenews.it\/persona\/manuel-sgarella1\/"}]}},"post_meta":{"_edit_lock":"1514378338:51","_edit_last":"51","_category_permalink":"a:1:{s:8:\"category\";s:0:\"\";}","ratings_users":"0","ratings_score":"0","ratings_average":"0","foto":"650485","argomento":"Venegono Superiore","_yoast_wpseo_content_score":"30","_jd_tweet_this":"yes","_wpt_short_url":"http:\/\/www.varesenews.it\/2017\/12\/inaugurato-presepe-del-missionari-comboniani\/680018\/","_wp_jd_target":"http:\/\/www.varesenews.it\/2017\/12\/inaugurato-presepe-del-missionari-comboniani\/680018\/","_jd_wp_twitter":"a:1:{i:0;s:154:\"Inaugurato il presepe del Missionari Comboniani http:\/\/www.varesenews.it\/2017\/12\/inaugurato-presepe-del-missionari-comboniani\/680018\/ #natale2017 #weekend\";}","_wpt_status_message":"Tweet inviato con successo."},"photos":[{"original":"https:\/\/staging.varesenews.it\/photogallery_new\/images\/2017\/12\/missionari-650485.jpg","full":"https:\/\/staging.varesenews.it\/photogallery_new\/images\/2017\/12\/missionari-650485.1024x768.jpg","large":"https:\/\/staging.varesenews.it\/photogallery_new\/images\/2017\/12\/missionari-650485.610x431.jpg"}],"_links":{"self":[{"href":"https:\/\/staging.varesenews.it\/swgapi\/v1\/wp\/v2\/posts\/680018"}],"collection":[{"href":"https:\/\/staging.varesenews.it\/swgapi\/v1\/wp\/v2\/posts"}],"about":[{"href":"https:\/\/staging.varesenews.it\/swgapi\/v1\/wp\/v2\/types\/post"}],"author":[{"embeddable":true,"href":"https:\/\/staging.varesenews.it\/swgapi\/v1\/wp\/v2\/users\/51"}],"replies":[{"embeddable":true,"href":"https:\/\/staging.varesenews.it\/swgapi\/v1\/wp\/v2\/comments?post=680018"}],"version-history":[{"count":0,"href":"https:\/\/staging.varesenews.it\/swgapi\/v1\/wp\/v2\/posts\/680018\/revisions"}],"wp:attachment":[{"href":"https:\/\/staging.varesenews.it\/swgapi\/v1\/wp\/v2\/media?parent=680018"}],"wp:term":[{"taxonomy":"category","embeddable":true,"href":"https:\/\/staging.varesenews.it\/swgapi\/v1\/wp\/v2\/categories?post=680018"},{"taxonomy":"post_tag","embeddable":true,"href":"https:\/\/staging.varesenews.it\/swgapi\/v1\/wp\/v2\/tags?post=680018"}],"curies":[{"name":"wp","href":"https:\/\/api.w.org\/{rel}","templated":true}]}}