{"id":680027,"date":"2017-12-27T10:09:18","date_gmt":"2017-12-27T09:09:18","guid":{"rendered":"http:\/\/www.varesenews.it\/?p=680027"},"modified":"2017-12-27T10:19:18","modified_gmt":"2017-12-27T09:19:18","slug":"esce-dallincrocio-crea-carambola-auto","status":"publish","type":"post","link":"https:\/\/staging.varesenews.it\/2017\/12\/esce-dallincrocio-crea-carambola-auto\/680027\/","title":{"rendered":"Esce dall&#8217;incrocio e crea una carambola di auto, 4 feriti"},"content":{"rendered":"<p>Esce dallo stop di via Cosimo Orr\u00f9 e crea una carambola di auto su viale Diaz. La mattinata di oggi (mercoled\u00ec) \u00e8 stata funestata da un incidente che ha coinvolto tre auto. Lo scontro si \u00e8 verificato attorno alle 9 quando uuna utilitaria \u00e8 uscita dall&#8217;incrocio andando a colpire un&#8217;altra vettura che \u00e8 carambolata contro una terza.<\/p>\n<p>Sul posto sono intervenute due ambulanze e l&#8217;automedica oltre ai Vigili del Fuoco che hanno liberato una persona rimasta incestrata e la Polizia Locale che ha rilevato l&#8217;incidente e diretto il traffico.<\/p>\n<p>Tra le 4 persone coinvolte ci sono un uomo di 50 e una donna di 72 trasportati in codice giallo all&#8217;ospedale cittadino mentre un&#8217;altra donna di 38 ha riportato lievi ferite.<\/p>\n","protected":false},"excerpt":{"rendered":"<p>Quattro le persone rimaste ferite, due in modo serio. Un&#8217;auto \u00e8 uscita dallo stop di via Cosimo Orr\u00f9 e ne ha colpita un&#8217;altra che \u00e8 andata schiantarsi contro una terza<\/p>\n","protected":false},"author":47,"featured_media":0,"comment_status":"open","ping_status":"open","sticky":false,"template":"","format":"standard","meta":{"footnotes":""},"categories":[4],"tags":[335],"acf":[],"yoast_head":"<!-- This site is optimized with the Yoast SEO plugin v20.1 - https:\/\/yoast.com\/wordpress\/plugins\/seo\/ -->\n<title>Esce dall&#039;incrocio e crea una carambola di auto, 4 feriti<\/title>\n<meta name=\"description\" content=\"Quattro le persone rimaste ferite, due in modo serio. Un&#039;auto \u00e8 uscita dallo stop di via Cosimo Orr\u00f9 e ne ha colpita un&#039;altra che \u00e8 andata schiantarsi contro una terza\" \/>\n<meta name=\"robots\" content=\"noindex, follow, max-snippet:-1, max-image-preview:large, max-video-preview:-1\" \/>\n<meta property=\"og:locale\" content=\"it_IT\" \/>\n<meta property=\"og:type\" content=\"article\" \/>\n<meta property=\"og:title\" content=\"Esce dall&#039;incrocio e crea una carambola di auto, 4 feriti\" \/>\n<meta property=\"og:description\" content=\"Quattro le persone rimaste ferite, due in modo serio. Un&#039;auto \u00e8 uscita dallo stop di via Cosimo Orr\u00f9 e ne ha colpita un&#039;altra che \u00e8 andata schiantarsi contro una terza\" \/>\n<meta property=\"og:url\" content=\"https:\/\/staging.varesenews.it\/2017\/12\/esce-dallincrocio-crea-carambola-auto\/680027\/\" \/>\n<meta property=\"og:site_name\" content=\"VareseNews\" \/>\n<meta property=\"article:publisher\" content=\"https:\/\/www.facebook.com\/varesenews\" \/>\n<meta property=\"article:published_time\" content=\"2017-12-27T09:09:18+00:00\" \/>\n<meta property=\"article:modified_time\" content=\"2017-12-27T09:19:18+00:00\" \/>\n<meta name=\"author\" content=\"Orlando Mastrillo\" \/>\n<meta name=\"twitter:card\" content=\"summary_large_image\" \/>\n<meta name=\"twitter:creator\" content=\"@nando_mastrillo\" \/>\n<meta name=\"twitter:site\" content=\"@varesenews\" \/>\n<meta name=\"twitter:label1\" content=\"Scritto da\" \/>\n\t<meta name=\"twitter:data1\" content=\"Orlando Mastrillo\" \/>\n\t<meta name=\"twitter:label2\" content=\"Tempo di lettura stimato\" \/>\n\t<meta name=\"twitter:data2\" content=\"1 minuto\" \/>\n<script type=\"application\/ld+json\" class=\"yoast-schema-graph\">{\"@context\":\"https:\/\/schema.org\",\"@graph\":[{\"@type\":\"WebPage\",\"@id\":\"https:\/\/staging.varesenews.it\/2017\/12\/esce-dallincrocio-crea-carambola-auto\/680027\/\",\"url\":\"https:\/\/staging.varesenews.it\/2017\/12\/esce-dallincrocio-crea-carambola-auto\/680027\/\",\"name\":\"Esce dall'incrocio e crea una carambola di auto, 4 feriti\",\"isPartOf\":{\"@id\":\"https:\/\/staging.varesenews.it\/#website\"},\"datePublished\":\"2017-12-27T09:09:18+00:00\",\"dateModified\":\"2017-12-27T09:19:18+00:00\",\"author\":{\"@id\":\"https:\/\/staging.varesenews.it\/#\/schema\/person\/14c47ccce537a9058dddce296f10b296\"},\"description\":\"Quattro le persone rimaste ferite, due in modo serio. Un'auto \u00e8 uscita dallo stop di via Cosimo Orr\u00f9 e ne ha colpita un'altra che \u00e8 andata schiantarsi contro una terza\",\"breadcrumb\":{\"@id\":\"https:\/\/staging.varesenews.it\/2017\/12\/esce-dallincrocio-crea-carambola-auto\/680027\/#breadcrumb\"},\"inLanguage\":\"it-IT\",\"potentialAction\":[{\"@type\":\"ReadAction\",\"target\":[\"https:\/\/staging.varesenews.it\/2017\/12\/esce-dallincrocio-crea-carambola-auto\/680027\/\"]}]},{\"@type\":\"BreadcrumbList\",\"@id\":\"https:\/\/staging.varesenews.it\/2017\/12\/esce-dallincrocio-crea-carambola-auto\/680027\/#breadcrumb\",\"itemListElement\":[{\"@type\":\"ListItem\",\"position\":1,\"name\":\"Home\",\"item\":\"https:\/\/www.varesenews.it\/\"},{\"@type\":\"ListItem\",\"position\":2,\"name\":\"Esce dall&#8217;incrocio e crea una carambola di auto, 4 feriti\"}]},{\"@type\":\"WebSite\",\"@id\":\"https:\/\/staging.varesenews.it\/#website\",\"url\":\"https:\/\/staging.varesenews.it\/\",\"name\":\"VareseNews\",\"description\":\"\",\"potentialAction\":[{\"@type\":\"SearchAction\",\"target\":{\"@type\":\"EntryPoint\",\"urlTemplate\":\"https:\/\/staging.varesenews.it\/?s={search_term_string}\"},\"query-input\":\"required name=search_term_string\"}],\"inLanguage\":\"it-IT\"},{\"@type\":\"Person\",\"@id\":\"https:\/\/staging.varesenews.it\/#\/schema\/person\/14c47ccce537a9058dddce296f10b296\",\"name\":\"Orlando Mastrillo\",\"image\":{\"@type\":\"ImageObject\",\"inLanguage\":\"it-IT\",\"@id\":\"https:\/\/staging.varesenews.it\/#\/schema\/person\/image\/\",\"url\":\"https:\/\/staging.varesenews.it\/wp-content\/uploads\/2020\/12\/orlando_mastrillo_colori_500.jpg\",\"contentUrl\":\"https:\/\/staging.varesenews.it\/wp-content\/uploads\/2020\/12\/orlando_mastrillo_colori_500.jpg\",\"caption\":\"Orlando Mastrillo\"},\"description\":\"Nasco a Luino nel 1981, ho iniziato questo lavoro nell'estate del 2003 nella redazione de Il Giorno di Varese e dall'anno successivo ho intrapreso la collaborazione con VareseNews. Dopo anni nell'Alto Varesotto mi sono trasferito a Busto Arsizio nel 2007, territorio che ho iniziato a seguire e che seguo tutt'oggi. Nel 2013 sono diventato giornalista professionista. Mi occupo di cronaca politica, giudiziaria e nera in una vasta area che comprende anche parte della Valle Olona e il Legnanese. Sono sposato con Valeria Arini e ho due splendide figlie.\",\"sameAs\":[\"or_ma\",\"https:\/\/twitter.com\/nando_mastrillo\"],\"url\":\"https:\/\/staging.varesenews.it\/persona\/orlando-mastrillo1\/\"}]}<\/script>\n<!-- \/ Yoast SEO plugin. -->","yoast_head_json":{"title":"Esce dall'incrocio e crea una carambola di auto, 4 feriti","description":"Quattro le persone rimaste ferite, due in modo serio. Un'auto \u00e8 uscita dallo stop di via Cosimo Orr\u00f9 e ne ha colpita un'altra che \u00e8 andata schiantarsi contro una terza","robots":{"index":"noindex","follow":"follow","max-snippet":"max-snippet:-1","max-image-preview":"max-image-preview:large","max-video-preview":"max-video-preview:-1"},"og_locale":"it_IT","og_type":"article","og_title":"Esce dall'incrocio e crea una carambola di auto, 4 feriti","og_description":"Quattro le persone rimaste ferite, due in modo serio. Un'auto \u00e8 uscita dallo stop di via Cosimo Orr\u00f9 e ne ha colpita un'altra che \u00e8 andata schiantarsi contro una terza","og_url":"https:\/\/staging.varesenews.it\/2017\/12\/esce-dallincrocio-crea-carambola-auto\/680027\/","og_site_name":"VareseNews","article_publisher":"https:\/\/www.facebook.com\/varesenews","article_published_time":"2017-12-27T09:09:18+00:00","article_modified_time":"2017-12-27T09:19:18+00:00","author":"Orlando Mastrillo","twitter_card":"summary_large_image","twitter_creator":"@nando_mastrillo","twitter_site":"@varesenews","twitter_misc":{"Scritto da":"Orlando Mastrillo","Tempo di lettura stimato":"1 minuto"},"schema":{"@context":"https:\/\/schema.org","@graph":[{"@type":"WebPage","@id":"https:\/\/staging.varesenews.it\/2017\/12\/esce-dallincrocio-crea-carambola-auto\/680027\/","url":"https:\/\/staging.varesenews.it\/2017\/12\/esce-dallincrocio-crea-carambola-auto\/680027\/","name":"Esce dall'incrocio e crea una carambola di auto, 4 feriti","isPartOf":{"@id":"https:\/\/staging.varesenews.it\/#website"},"datePublished":"2017-12-27T09:09:18+00:00","dateModified":"2017-12-27T09:19:18+00:00","author":{"@id":"https:\/\/staging.varesenews.it\/#\/schema\/person\/14c47ccce537a9058dddce296f10b296"},"description":"Quattro le persone rimaste ferite, due in modo serio. Un'auto \u00e8 uscita dallo stop di via Cosimo Orr\u00f9 e ne ha colpita un'altra che \u00e8 andata schiantarsi contro una terza","breadcrumb":{"@id":"https:\/\/staging.varesenews.it\/2017\/12\/esce-dallincrocio-crea-carambola-auto\/680027\/#breadcrumb"},"inLanguage":"it-IT","potentialAction":[{"@type":"ReadAction","target":["https:\/\/staging.varesenews.it\/2017\/12\/esce-dallincrocio-crea-carambola-auto\/680027\/"]}]},{"@type":"BreadcrumbList","@id":"https:\/\/staging.varesenews.it\/2017\/12\/esce-dallincrocio-crea-carambola-auto\/680027\/#breadcrumb","itemListElement":[{"@type":"ListItem","position":1,"name":"Home","item":"https:\/\/www.varesenews.it\/"},{"@type":"ListItem","position":2,"name":"Esce dall&#8217;incrocio e crea una carambola di auto, 4 feriti"}]},{"@type":"WebSite","@id":"https:\/\/staging.varesenews.it\/#website","url":"https:\/\/staging.varesenews.it\/","name":"VareseNews","description":"","potentialAction":[{"@type":"SearchAction","target":{"@type":"EntryPoint","urlTemplate":"https:\/\/staging.varesenews.it\/?s={search_term_string}"},"query-input":"required name=search_term_string"}],"inLanguage":"it-IT"},{"@type":"Person","@id":"https:\/\/staging.varesenews.it\/#\/schema\/person\/14c47ccce537a9058dddce296f10b296","name":"Orlando Mastrillo","image":{"@type":"ImageObject","inLanguage":"it-IT","@id":"https:\/\/staging.varesenews.it\/#\/schema\/person\/image\/","url":"https:\/\/staging.varesenews.it\/wp-content\/uploads\/2020\/12\/orlando_mastrillo_colori_500.jpg","contentUrl":"https:\/\/staging.varesenews.it\/wp-content\/uploads\/2020\/12\/orlando_mastrillo_colori_500.jpg","caption":"Orlando Mastrillo"},"description":"Nasco a Luino nel 1981, ho iniziato questo lavoro nell'estate del 2003 nella redazione de Il Giorno di Varese e dall'anno successivo ho intrapreso la collaborazione con VareseNews. Dopo anni nell'Alto Varesotto mi sono trasferito a Busto Arsizio nel 2007, territorio che ho iniziato a seguire e che seguo tutt'oggi. Nel 2013 sono diventato giornalista professionista. Mi occupo di cronaca politica, giudiziaria e nera in una vasta area che comprende anche parte della Valle Olona e il Legnanese. Sono sposato con Valeria Arini e ho due splendide figlie.","sameAs":["or_ma","https:\/\/twitter.com\/nando_mastrillo"],"url":"https:\/\/staging.varesenews.it\/persona\/orlando-mastrillo1\/"}]}},"post_meta":{"_edit_lock":"1514366675:47","_edit_last":"47","_category_permalink":"a:1:{s:8:\"category\";s:0:\"\";}","ratings_users":"0","ratings_score":"0","ratings_average":"0","foto":"650484","firma_come_redazione":"1","argomento":"BUsto Arsizio","_yoast_wpseo_content_score":"30","_jd_tweet_this":"yes","_wpt_short_url":"http:\/\/www.varesenews.it\/2017\/12\/esce-dallincrocio-crea-carambola-auto\/680027\/","_wp_jd_target":"http:\/\/www.varesenews.it\/2017\/12\/esce-dallincrocio-crea-carambola-auto\/680027\/","_jd_wp_twitter":"a:1:{i:0;s:139:\"Esce dall\u2019incrocio e crea una carambola di auto http:\/\/www.varesenews.it\/2017\/12\/esce-dallincrocio-crea-carambola-auto\/680027\/ #incidente\";}","_wpt_status_message":"Tweet inviato con successo.","id_link_fotogallery":"680033","id_leggi_anche":"680107"},"photos":[{"original":"https:\/\/staging.varesenews.it\/photogallery_new\/images\/2017\/12\/incidente-viale-diaz-busto-arsizio-650484.jpg","full":"https:\/\/staging.varesenews.it\/photogallery_new\/images\/2017\/12\/incidente-viale-diaz-busto-arsizio-650484.1024x768.jpg","large":"https:\/\/staging.varesenews.it\/photogallery_new\/images\/2017\/12\/incidente-viale-diaz-busto-arsizio-650484.610x431.jpg"}],"_links":{"self":[{"href":"https:\/\/staging.varesenews.it\/swgapi\/v1\/wp\/v2\/posts\/680027"}],"collection":[{"href":"https:\/\/staging.varesenews.it\/swgapi\/v1\/wp\/v2\/posts"}],"about":[{"href":"https:\/\/staging.varesenews.it\/swgapi\/v1\/wp\/v2\/types\/post"}],"author":[{"embeddable":true,"href":"https:\/\/staging.varesenews.it\/swgapi\/v1\/wp\/v2\/users\/47"}],"replies":[{"embeddable":true,"href":"https:\/\/staging.varesenews.it\/swgapi\/v1\/wp\/v2\/comments?post=680027"}],"version-history":[{"count":0,"href":"https:\/\/staging.varesenews.it\/swgapi\/v1\/wp\/v2\/posts\/680027\/revisions"}],"wp:attachment":[{"href":"https:\/\/staging.varesenews.it\/swgapi\/v1\/wp\/v2\/media?parent=680027"}],"wp:term":[{"taxonomy":"category","embeddable":true,"href":"https:\/\/staging.varesenews.it\/swgapi\/v1\/wp\/v2\/categories?post=680027"},{"taxonomy":"post_tag","embeddable":true,"href":"https:\/\/staging.varesenews.it\/swgapi\/v1\/wp\/v2\/tags?post=680027"}],"curies":[{"name":"wp","href":"https:\/\/api.w.org\/{rel}","templated":true}]}}