{"id":680950,"date":"2018-01-02T12:28:57","date_gmt":"2018-01-02T11:28:57","guid":{"rendered":"http:\/\/www.varesenews.it\/?p=680950"},"modified":"2018-01-02T12:28:57","modified_gmt":"2018-01-02T11:28:57","slug":"blutsauger-mostra-giorno-della-memoria","status":"publish","type":"post","link":"https:\/\/staging.varesenews.it\/2018\/01\/blutsauger-mostra-giorno-della-memoria\/680950\/","title":{"rendered":"&#8220;Blutsauger&#8221;, una mostra per il Giorno della Memoria"},"content":{"rendered":"<p>In occasione della Giornata della Memoria 2018, Media-Archive.org presenta l\u2019esposizione <strong>\u201cBlutsauger &#8211; L\u2019immaginario antisemita attraverso i secoli\u201d.\u00a0 <\/strong><\/p>\n<p>In mostra, a Villa Frua, la raccolta di documenti storici e storico-filatelici relativi alla storia delle comunit\u00e0 ebraiche europee e all\u2019antisemitismo europeo \u201cContra Judaeos parte II \u2013 Destruere\u201d di Diego Cinquegrana con un testo a cura del Prof. Gustavo Ottolenghi.<\/p>\n<p>La raccolta \u00e8 accompagnata da oggetti, libri e fotografie d\u2019epoca provenienti dalla collezione di Media-Archive e dalla collezione privata F. Fea di Torino. <strong>La mostra inaugurer\u00e0 marted\u00ec 9 gennaio e proseguir\u00e0 fino al 3 febbraio<\/strong>, visitabile dal luned\u00ec al venerd\u00ec, dalle ore 8.00 alle ore 18.00 e il sabato dalle ore 8.00 alle ore 13.00.<\/p>\n<p>Un appuntamento di cineforum condotto dalla Dott.ssa Luisa Papa \u00e8 in programma per<strong> sabato 27 gennaio dalle ore 10.30.<\/strong> La mostra \u00e8 realizzata in collaborazione con il Comune di Laveno Mombello (Va) e la Biblioteca Comunale \u201cAntonia Pozzi\u201d di Laveno Mombello. E\u2019 possibile prenotare una visita guidata della durata di un\u2019ora al costo di 25 euro. La mostra \u00e8 aperta al pubblico.<\/p>\n<p>Si prega di avvisare gli organizzatori con un anticipo di almeno 2 giorni dalla data della visita. Informazioni e contatti: info@media-archive.org; info@aimaproject.com; bibliotecalaveno@tin.it<br \/>\n+39 | 0332 667403. Per prenotare una visita guidata: info@media-archive.org; info@aimaproject.com; +39| 3285755087.<\/p>\n<p><strong>GLI EVENTI PER IL GIORNO DELLA MEMORIA\u00a0<\/strong><\/p>\n<p>Dal 9 gennaio al 3 febbraio &#8211; Atrio della Villa Frua<br \/>\nBlutsauger &#8211; L\u2019immaginario antisemita attraverso i secoli<br \/>\nMostra didattica documentaria a cura di Aimaproject SA e Media-Archive<\/p>\n<p>Marted\u00ec 23 gennaio \u2013 ore 10.00 \/ sala riunioni della biblioteca<br \/>\nSTORIA DI MARY BUONANNO SCHELLEMBRID: LA BIBLIOTECA BRAIDENSE NEGLI \u201cANNI DI<br \/>\nGUERRA\u201d DAL SALVATAGGIO ALLA RICOSTRUZIONE di Luigi Zanzi (Hoepli editore)<br \/>\npresentazione a cura di Laura Lozito<\/p>\n<p>Incontro di aggiornamento per i bibliotecari del Sistema bibliotecario dei laghi<br \/>\nVenerd\u00ec 26 gennaio \u2013 ore 11.30 \/ sala consiliare<br \/>\nSTELLE DI PANNO di Ilaria Mattioni (Lapis edizioni)<br \/>\nPresentazione interattiva per le classi II della scuola media, a cura dell\u2019autrice. In collaborazione con Libri e&#8230; di Fabiola Argenta.<\/p>\n<p>Sabato 27 gennaio \u2013 ore 10.30 \/ sala consiliare<br \/>\nDER EWIGE JUDE \/ L\u2019EBREO ERRANTE (Fritz Hippler, 1940)<br \/>\nCineforum per le classi III e IV del liceo scientifico, con visita guidata alla mostra a cura di Luisa Papa<\/p>\n<p>Marted\u00ec 30 gennaio \u2013 dalle 10.00 alle 12.00<br \/>\nI ragazzi delle classi III della scuola media leggeranno nelle vie del paese<br \/>\nL\u2019AMICO RITROVATO di Fred Uhlman<br \/>\nDal 5 al 9 febbraio<br \/>\nAUSCHWITZ-BIRKENAU<br \/>\nMostra presso la scuola media, in collaborazione con ANPI<\/p>\n","protected":false},"excerpt":{"rendered":"<p>A Villa Frua una raccolta di documenti storici e storico-filatelici relativi alla storia delle comunit\u00e0 ebraiche. Dal 9 gennaio <\/p>\n","protected":false},"author":32,"featured_media":0,"comment_status":"open","ping_status":"open","sticky":false,"template":"","format":"standard","meta":{"footnotes":""},"categories":[21,2],"tags":[185,8967],"acf":[],"yoast_head":"<!-- This site is optimized with the Yoast SEO plugin v20.1 - https:\/\/yoast.com\/wordpress\/plugins\/seo\/ -->\n<title>&quot;Blutsauger&quot;, una mostra per il Giorno della Memoria<\/title>\n<meta name=\"description\" content=\"A Villa Frua una raccolta di documenti storici e storico-filatelici relativi alla storia delle comunit\u00e0 ebraiche. Dal 9 gennaio\" \/>\n<meta name=\"robots\" content=\"noindex, follow, max-snippet:-1, max-image-preview:large, max-video-preview:-1\" \/>\n<meta property=\"og:locale\" content=\"it_IT\" \/>\n<meta property=\"og:type\" content=\"article\" \/>\n<meta property=\"og:title\" content=\"&quot;Blutsauger&quot;, una mostra per il Giorno della Memoria\" \/>\n<meta property=\"og:description\" content=\"A Villa Frua una raccolta di documenti storici e storico-filatelici relativi alla storia delle comunit\u00e0 ebraiche. Dal 9 gennaio\" \/>\n<meta property=\"og:url\" content=\"https:\/\/staging.varesenews.it\/2018\/01\/blutsauger-mostra-giorno-della-memoria\/680950\/\" \/>\n<meta property=\"og:site_name\" content=\"VareseNews\" \/>\n<meta property=\"article:publisher\" content=\"https:\/\/www.facebook.com\/varesenews\" \/>\n<meta property=\"article:published_time\" content=\"2018-01-02T11:28:57+00:00\" \/>\n<meta name=\"author\" content=\"Adelia Brigo\" \/>\n<meta name=\"twitter:card\" content=\"summary_large_image\" \/>\n<meta name=\"twitter:creator\" content=\"@AdeliaBrigo\" \/>\n<meta name=\"twitter:site\" content=\"@varesenews\" \/>\n<meta name=\"twitter:label1\" content=\"Scritto da\" \/>\n\t<meta name=\"twitter:data1\" content=\"Adelia Brigo\" \/>\n\t<meta name=\"twitter:label2\" content=\"Tempo di lettura stimato\" \/>\n\t<meta name=\"twitter:data2\" content=\"2 minuti\" \/>\n<script type=\"application\/ld+json\" class=\"yoast-schema-graph\">{\"@context\":\"https:\/\/schema.org\",\"@graph\":[{\"@type\":\"WebPage\",\"@id\":\"https:\/\/staging.varesenews.it\/2018\/01\/blutsauger-mostra-giorno-della-memoria\/680950\/\",\"url\":\"https:\/\/staging.varesenews.it\/2018\/01\/blutsauger-mostra-giorno-della-memoria\/680950\/\",\"name\":\"\\\"Blutsauger\\\", una mostra per il Giorno della Memoria\",\"isPartOf\":{\"@id\":\"https:\/\/staging.varesenews.it\/#website\"},\"datePublished\":\"2018-01-02T11:28:57+00:00\",\"dateModified\":\"2018-01-02T11:28:57+00:00\",\"author\":{\"@id\":\"https:\/\/staging.varesenews.it\/#\/schema\/person\/272ac0f5b2dbfd572218c2d86e013f1a\"},\"description\":\"A Villa Frua una raccolta di documenti storici e storico-filatelici relativi alla storia delle comunit\u00e0 ebraiche. Dal 9 gennaio\",\"breadcrumb\":{\"@id\":\"https:\/\/staging.varesenews.it\/2018\/01\/blutsauger-mostra-giorno-della-memoria\/680950\/#breadcrumb\"},\"inLanguage\":\"it-IT\",\"potentialAction\":[{\"@type\":\"ReadAction\",\"target\":[\"https:\/\/staging.varesenews.it\/2018\/01\/blutsauger-mostra-giorno-della-memoria\/680950\/\"]}]},{\"@type\":\"BreadcrumbList\",\"@id\":\"https:\/\/staging.varesenews.it\/2018\/01\/blutsauger-mostra-giorno-della-memoria\/680950\/#breadcrumb\",\"itemListElement\":[{\"@type\":\"ListItem\",\"position\":1,\"name\":\"Home\",\"item\":\"https:\/\/www.varesenews.it\/\"},{\"@type\":\"ListItem\",\"position\":2,\"name\":\"&#8220;Blutsauger&#8221;, una mostra per il Giorno della Memoria\"}]},{\"@type\":\"WebSite\",\"@id\":\"https:\/\/staging.varesenews.it\/#website\",\"url\":\"https:\/\/staging.varesenews.it\/\",\"name\":\"VareseNews\",\"description\":\"\",\"potentialAction\":[{\"@type\":\"SearchAction\",\"target\":{\"@type\":\"EntryPoint\",\"urlTemplate\":\"https:\/\/staging.varesenews.it\/?s={search_term_string}\"},\"query-input\":\"required name=search_term_string\"}],\"inLanguage\":\"it-IT\"},{\"@type\":\"Person\",\"@id\":\"https:\/\/staging.varesenews.it\/#\/schema\/person\/272ac0f5b2dbfd572218c2d86e013f1a\",\"name\":\"Adelia Brigo\",\"image\":{\"@type\":\"ImageObject\",\"inLanguage\":\"it-IT\",\"@id\":\"https:\/\/staging.varesenews.it\/#\/schema\/person\/image\/\",\"url\":\"https:\/\/staging.varesenews.it\/wp-content\/uploads\/2020\/12\/adelia_brigo_colori_500.jpg\",\"contentUrl\":\"https:\/\/staging.varesenews.it\/wp-content\/uploads\/2020\/12\/adelia_brigo_colori_500.jpg\",\"caption\":\"Adelia Brigo\"},\"description\":\"Giornalista pubblicista, lavoro a VareseNews dal 2007 e mi occupo di cronaca locale e del settore dedicato alla cultura. In questi anni ho seguito diversi progetti di comunicazione, amo sperimentare strategie per i Social Network e raccontare storie. Varesina, classe 1984, sono laureata in Scienze della Comunicazione.&nbsp;\",\"sameAs\":[\"AdeliaBrigo\",\"https:\/\/twitter.com\/AdeliaBrigo\"],\"url\":\"https:\/\/staging.varesenews.it\/persona\/adelia_brigo\/\"}]}<\/script>\n<!-- \/ Yoast SEO plugin. -->","yoast_head_json":{"title":"\"Blutsauger\", una mostra per il Giorno della Memoria","description":"A Villa Frua una raccolta di documenti storici e storico-filatelici relativi alla storia delle comunit\u00e0 ebraiche. Dal 9 gennaio","robots":{"index":"noindex","follow":"follow","max-snippet":"max-snippet:-1","max-image-preview":"max-image-preview:large","max-video-preview":"max-video-preview:-1"},"og_locale":"it_IT","og_type":"article","og_title":"\"Blutsauger\", una mostra per il Giorno della Memoria","og_description":"A Villa Frua una raccolta di documenti storici e storico-filatelici relativi alla storia delle comunit\u00e0 ebraiche. Dal 9 gennaio","og_url":"https:\/\/staging.varesenews.it\/2018\/01\/blutsauger-mostra-giorno-della-memoria\/680950\/","og_site_name":"VareseNews","article_publisher":"https:\/\/www.facebook.com\/varesenews","article_published_time":"2018-01-02T11:28:57+00:00","author":"Adelia Brigo","twitter_card":"summary_large_image","twitter_creator":"@AdeliaBrigo","twitter_site":"@varesenews","twitter_misc":{"Scritto da":"Adelia Brigo","Tempo di lettura stimato":"2 minuti"},"schema":{"@context":"https:\/\/schema.org","@graph":[{"@type":"WebPage","@id":"https:\/\/staging.varesenews.it\/2018\/01\/blutsauger-mostra-giorno-della-memoria\/680950\/","url":"https:\/\/staging.varesenews.it\/2018\/01\/blutsauger-mostra-giorno-della-memoria\/680950\/","name":"\"Blutsauger\", una mostra per il Giorno della Memoria","isPartOf":{"@id":"https:\/\/staging.varesenews.it\/#website"},"datePublished":"2018-01-02T11:28:57+00:00","dateModified":"2018-01-02T11:28:57+00:00","author":{"@id":"https:\/\/staging.varesenews.it\/#\/schema\/person\/272ac0f5b2dbfd572218c2d86e013f1a"},"description":"A Villa Frua una raccolta di documenti storici e storico-filatelici relativi alla storia delle comunit\u00e0 ebraiche. Dal 9 gennaio","breadcrumb":{"@id":"https:\/\/staging.varesenews.it\/2018\/01\/blutsauger-mostra-giorno-della-memoria\/680950\/#breadcrumb"},"inLanguage":"it-IT","potentialAction":[{"@type":"ReadAction","target":["https:\/\/staging.varesenews.it\/2018\/01\/blutsauger-mostra-giorno-della-memoria\/680950\/"]}]},{"@type":"BreadcrumbList","@id":"https:\/\/staging.varesenews.it\/2018\/01\/blutsauger-mostra-giorno-della-memoria\/680950\/#breadcrumb","itemListElement":[{"@type":"ListItem","position":1,"name":"Home","item":"https:\/\/www.varesenews.it\/"},{"@type":"ListItem","position":2,"name":"&#8220;Blutsauger&#8221;, una mostra per il Giorno della Memoria"}]},{"@type":"WebSite","@id":"https:\/\/staging.varesenews.it\/#website","url":"https:\/\/staging.varesenews.it\/","name":"VareseNews","description":"","potentialAction":[{"@type":"SearchAction","target":{"@type":"EntryPoint","urlTemplate":"https:\/\/staging.varesenews.it\/?s={search_term_string}"},"query-input":"required name=search_term_string"}],"inLanguage":"it-IT"},{"@type":"Person","@id":"https:\/\/staging.varesenews.it\/#\/schema\/person\/272ac0f5b2dbfd572218c2d86e013f1a","name":"Adelia Brigo","image":{"@type":"ImageObject","inLanguage":"it-IT","@id":"https:\/\/staging.varesenews.it\/#\/schema\/person\/image\/","url":"https:\/\/staging.varesenews.it\/wp-content\/uploads\/2020\/12\/adelia_brigo_colori_500.jpg","contentUrl":"https:\/\/staging.varesenews.it\/wp-content\/uploads\/2020\/12\/adelia_brigo_colori_500.jpg","caption":"Adelia Brigo"},"description":"Giornalista pubblicista, lavoro a VareseNews dal 2007 e mi occupo di cronaca locale e del settore dedicato alla cultura. In questi anni ho seguito diversi progetti di comunicazione, amo sperimentare strategie per i Social Network e raccontare storie. Varesina, classe 1984, sono laureata in Scienze della Comunicazione.&nbsp;","sameAs":["AdeliaBrigo","https:\/\/twitter.com\/AdeliaBrigo"],"url":"https:\/\/staging.varesenews.it\/persona\/adelia_brigo\/"}]}},"post_meta":{"_edit_lock":"1514892571:32","_edit_last":"32","_category_permalink":"a:1:{s:8:\"category\";s:0:\"\";}","ratings_users":"0","ratings_score":"0","ratings_average":"0","foto":"650951","firma_come_redazione":"1","argomento":"Laveno Mombello","_yoast_wpseo_content_score":"30","_jd_tweet_this":"yes","_wpt_short_url":"http:\/\/www.varesenews.it\/2018\/01\/blutsauger-mostra-giorno-della-memoria\/680950\/","_wp_jd_target":"http:\/\/www.varesenews.it\/2018\/01\/blutsauger-mostra-giorno-della-memoria\/680950\/","_jd_wp_twitter":"a:1:{i:0;s:155:\"\u201cBlutsauger\u201d, una mostra per il Giorno della Memoria http:\/\/www.varesenews.it\/2018\/01\/blutsauger-mostra-giorno-della-memoria\/680950\/ #mostra #villafrua\";}","_wpt_status_message":"Tweet inviato con successo."},"photos":[{"original":"https:\/\/staging.varesenews.it\/photogallery_new\/images\/2018\/01\/generico-2017-650951.jpg","full":"https:\/\/staging.varesenews.it\/photogallery_new\/images\/2018\/01\/generico-2017-650951.1024x768.jpg","large":"https:\/\/staging.varesenews.it\/photogallery_new\/images\/2018\/01\/generico-2017-650951.610x431.jpg"}],"_links":{"self":[{"href":"https:\/\/staging.varesenews.it\/swgapi\/v1\/wp\/v2\/posts\/680950"}],"collection":[{"href":"https:\/\/staging.varesenews.it\/swgapi\/v1\/wp\/v2\/posts"}],"about":[{"href":"https:\/\/staging.varesenews.it\/swgapi\/v1\/wp\/v2\/types\/post"}],"author":[{"embeddable":true,"href":"https:\/\/staging.varesenews.it\/swgapi\/v1\/wp\/v2\/users\/32"}],"replies":[{"embeddable":true,"href":"https:\/\/staging.varesenews.it\/swgapi\/v1\/wp\/v2\/comments?post=680950"}],"version-history":[{"count":0,"href":"https:\/\/staging.varesenews.it\/swgapi\/v1\/wp\/v2\/posts\/680950\/revisions"}],"wp:attachment":[{"href":"https:\/\/staging.varesenews.it\/swgapi\/v1\/wp\/v2\/media?parent=680950"}],"wp:term":[{"taxonomy":"category","embeddable":true,"href":"https:\/\/staging.varesenews.it\/swgapi\/v1\/wp\/v2\/categories?post=680950"},{"taxonomy":"post_tag","embeddable":true,"href":"https:\/\/staging.varesenews.it\/swgapi\/v1\/wp\/v2\/tags?post=680950"}],"curies":[{"name":"wp","href":"https:\/\/api.w.org\/{rel}","templated":true}]}}