{"id":681893,"date":"2018-01-08T09:02:01","date_gmt":"2018-01-08T08:02:01","guid":{"rendered":"http:\/\/www.varesenews.it\/?p=681893"},"modified":"2018-01-08T17:01:55","modified_gmt":"2018-01-08T16:01:55","slug":"si-rompe-primo-treno-pendolari-della-varese-como","status":"publish","type":"post","link":"https:\/\/staging.varesenews.it\/2018\/01\/si-rompe-primo-treno-pendolari-della-varese-como\/681893\/","title":{"rendered":"Arcisate &#8211; Stabio, si rompe il primo treno per i pendolari"},"content":{"rendered":"<p>Un inizio non incoraggiante per la nuova S40, la linea che collega Varese e Como. Luned\u00ec mattina, infatti, chi si \u00e8 presentato in banchina ha trovato una brutta sorpresa. (immagine di repertorio)<\/p>\n<p><strong>I primi a riceverla sono stati i viaggiatori che con il treno\u00a025408 volevano arrivare dal comasco a Varese<\/strong>. Il treno in partenza da Albate Camerlata alle 07:07 ha infatti subito un guasto a Stabio, accumulando 57 minuti di ritardo.<\/p>\n<p><strong>Stessa (brutta) sorpresa anche a Varese, <\/strong>dove lo stesso convoglio &#8211; una volta rrivato da Como -doveva effettuare il treno in partenza alle 8.06 per la citt\u00e0 lariana. Per questo la corsa \u00e8 stata direttamente cancellata, perch\u00e9 il convoglio richiedeva appunto &#8220;un intervento di manutenzione in sede di deposito&#8221;, spiega Trenord.<\/p>\n","protected":false},"excerpt":{"rendered":"<p>Un treno cancellato e uno partito con 57 minuti di ritardo nel primo luned\u00ec della linea tra Varese e Como<\/p>\n","protected":false},"author":42,"featured_media":0,"comment_status":"open","ping_status":"open","sticky":false,"template":"","format":"standard","meta":{"footnotes":""},"categories":[2],"tags":[1818,63836,705,542,3632],"acf":[],"yoast_head":"<!-- This site is optimized with the Yoast SEO plugin v20.1 - https:\/\/yoast.com\/wordpress\/plugins\/seo\/ -->\n<title>Arcisate - Stabio, si rompe il primo treno per i pendolari<\/title>\n<meta name=\"description\" content=\"Un treno cancellato e uno partito con 57 minuti di ritardo nel primo luned\u00ec della linea tra Varese e Como\" \/>\n<meta name=\"robots\" content=\"noindex, follow, max-snippet:-1, max-image-preview:large, max-video-preview:-1\" \/>\n<meta property=\"og:locale\" content=\"it_IT\" \/>\n<meta property=\"og:type\" content=\"article\" \/>\n<meta property=\"og:title\" content=\"Arcisate - Stabio, si rompe il primo treno per i pendolari\" \/>\n<meta property=\"og:description\" content=\"Un treno cancellato e uno partito con 57 minuti di ritardo nel primo luned\u00ec della linea tra Varese e Como\" \/>\n<meta property=\"og:url\" content=\"https:\/\/staging.varesenews.it\/2018\/01\/si-rompe-primo-treno-pendolari-della-varese-como\/681893\/\" \/>\n<meta property=\"og:site_name\" content=\"VareseNews\" \/>\n<meta property=\"article:publisher\" content=\"https:\/\/www.facebook.com\/varesenews\" \/>\n<meta property=\"article:published_time\" content=\"2018-01-08T08:02:01+00:00\" \/>\n<meta property=\"article:modified_time\" content=\"2018-01-08T16:01:55+00:00\" \/>\n<meta name=\"author\" content=\"Marco Corso\" \/>\n<meta name=\"twitter:card\" content=\"summary_large_image\" \/>\n<meta name=\"twitter:creator\" content=\"@varesenews\" \/>\n<meta name=\"twitter:site\" content=\"@varesenews\" \/>\n<meta name=\"twitter:label1\" content=\"Scritto da\" \/>\n\t<meta name=\"twitter:data1\" content=\"Marco Corso\" \/>\n\t<meta name=\"twitter:label2\" content=\"Tempo di lettura stimato\" \/>\n\t<meta name=\"twitter:data2\" content=\"1 minuto\" \/>\n<script type=\"application\/ld+json\" class=\"yoast-schema-graph\">{\"@context\":\"https:\/\/schema.org\",\"@graph\":[{\"@type\":\"WebPage\",\"@id\":\"https:\/\/staging.varesenews.it\/2018\/01\/si-rompe-primo-treno-pendolari-della-varese-como\/681893\/\",\"url\":\"https:\/\/staging.varesenews.it\/2018\/01\/si-rompe-primo-treno-pendolari-della-varese-como\/681893\/\",\"name\":\"Arcisate - Stabio, si rompe il primo treno per i pendolari\",\"isPartOf\":{\"@id\":\"https:\/\/staging.varesenews.it\/#website\"},\"datePublished\":\"2018-01-08T08:02:01+00:00\",\"dateModified\":\"2018-01-08T16:01:55+00:00\",\"author\":{\"@id\":\"https:\/\/staging.varesenews.it\/#\/schema\/person\/f0b866bf1a4a7b2b1558574309a927fa\"},\"description\":\"Un treno cancellato e uno partito con 57 minuti di ritardo nel primo luned\u00ec della linea tra Varese e Como\",\"breadcrumb\":{\"@id\":\"https:\/\/staging.varesenews.it\/2018\/01\/si-rompe-primo-treno-pendolari-della-varese-como\/681893\/#breadcrumb\"},\"inLanguage\":\"it-IT\",\"potentialAction\":[{\"@type\":\"ReadAction\",\"target\":[\"https:\/\/staging.varesenews.it\/2018\/01\/si-rompe-primo-treno-pendolari-della-varese-como\/681893\/\"]}]},{\"@type\":\"BreadcrumbList\",\"@id\":\"https:\/\/staging.varesenews.it\/2018\/01\/si-rompe-primo-treno-pendolari-della-varese-como\/681893\/#breadcrumb\",\"itemListElement\":[{\"@type\":\"ListItem\",\"position\":1,\"name\":\"Home\",\"item\":\"https:\/\/www.varesenews.it\/\"},{\"@type\":\"ListItem\",\"position\":2,\"name\":\"Arcisate &#8211; Stabio, si rompe il primo treno per i pendolari\"}]},{\"@type\":\"WebSite\",\"@id\":\"https:\/\/staging.varesenews.it\/#website\",\"url\":\"https:\/\/staging.varesenews.it\/\",\"name\":\"VareseNews\",\"description\":\"\",\"potentialAction\":[{\"@type\":\"SearchAction\",\"target\":{\"@type\":\"EntryPoint\",\"urlTemplate\":\"https:\/\/staging.varesenews.it\/?s={search_term_string}\"},\"query-input\":\"required name=search_term_string\"}],\"inLanguage\":\"it-IT\"},{\"@type\":\"Person\",\"@id\":\"https:\/\/staging.varesenews.it\/#\/schema\/person\/f0b866bf1a4a7b2b1558574309a927fa\",\"name\":\"Marco Corso\",\"image\":{\"@type\":\"ImageObject\",\"inLanguage\":\"it-IT\",\"@id\":\"https:\/\/staging.varesenews.it\/#\/schema\/person\/image\/\",\"url\":\"https:\/\/staging.varesenews.it\/wp-content\/uploads\/2020\/12\/marco_corso_colori_500.jpg\",\"contentUrl\":\"https:\/\/staging.varesenews.it\/wp-content\/uploads\/2020\/12\/marco_corso_colori_500.jpg\",\"caption\":\"Marco Corso\"},\"description\":\"Classe 91, per diversi anni mi sono fregiato del titolo di pi&ugrave; giovane della redazione, ma adesso faccio il fratello maggiore alle nuove leve. Mi sono laureato nel 2013 in Scienze Sociali per la Globalizzazione alla Statale di Milano e nel 2015 mi sono diplomato in videogiornalismo alla Civica Scuola di Cinema di Milano. A VareseNews da 10 anni, ho seguito da sempre diversi progetti, partendo dalla mia Busto Arsizio per attraversare tutta la provincia. Adesso la \\\"sorvolo\\\" anche con il mio drone, regalando alle mie riprese sempre un punto di vista emozionale e narrativo sui luoghi e le vicende che racconto, ma rimanendo fedele alla cronaca. Quando non faccio il giornalista viaggio o mi arrampico sui monti, per guardare il mondo da altri punti di vista.\",\"sameAs\":[\"mar_corso\"],\"url\":\"https:\/\/staging.varesenews.it\/persona\/marco-corso1\/\"}]}<\/script>\n<!-- \/ Yoast SEO plugin. -->","yoast_head_json":{"title":"Arcisate - Stabio, si rompe il primo treno per i pendolari","description":"Un treno cancellato e uno partito con 57 minuti di ritardo nel primo luned\u00ec della linea tra Varese e Como","robots":{"index":"noindex","follow":"follow","max-snippet":"max-snippet:-1","max-image-preview":"max-image-preview:large","max-video-preview":"max-video-preview:-1"},"og_locale":"it_IT","og_type":"article","og_title":"Arcisate - Stabio, si rompe il primo treno per i pendolari","og_description":"Un treno cancellato e uno partito con 57 minuti di ritardo nel primo luned\u00ec della linea tra Varese e Como","og_url":"https:\/\/staging.varesenews.it\/2018\/01\/si-rompe-primo-treno-pendolari-della-varese-como\/681893\/","og_site_name":"VareseNews","article_publisher":"https:\/\/www.facebook.com\/varesenews","article_published_time":"2018-01-08T08:02:01+00:00","article_modified_time":"2018-01-08T16:01:55+00:00","author":"Marco Corso","twitter_card":"summary_large_image","twitter_creator":"@varesenews","twitter_site":"@varesenews","twitter_misc":{"Scritto da":"Marco Corso","Tempo di lettura stimato":"1 minuto"},"schema":{"@context":"https:\/\/schema.org","@graph":[{"@type":"WebPage","@id":"https:\/\/staging.varesenews.it\/2018\/01\/si-rompe-primo-treno-pendolari-della-varese-como\/681893\/","url":"https:\/\/staging.varesenews.it\/2018\/01\/si-rompe-primo-treno-pendolari-della-varese-como\/681893\/","name":"Arcisate - Stabio, si rompe il primo treno per i pendolari","isPartOf":{"@id":"https:\/\/staging.varesenews.it\/#website"},"datePublished":"2018-01-08T08:02:01+00:00","dateModified":"2018-01-08T16:01:55+00:00","author":{"@id":"https:\/\/staging.varesenews.it\/#\/schema\/person\/f0b866bf1a4a7b2b1558574309a927fa"},"description":"Un treno cancellato e uno partito con 57 minuti di ritardo nel primo luned\u00ec della linea tra Varese e Como","breadcrumb":{"@id":"https:\/\/staging.varesenews.it\/2018\/01\/si-rompe-primo-treno-pendolari-della-varese-como\/681893\/#breadcrumb"},"inLanguage":"it-IT","potentialAction":[{"@type":"ReadAction","target":["https:\/\/staging.varesenews.it\/2018\/01\/si-rompe-primo-treno-pendolari-della-varese-como\/681893\/"]}]},{"@type":"BreadcrumbList","@id":"https:\/\/staging.varesenews.it\/2018\/01\/si-rompe-primo-treno-pendolari-della-varese-como\/681893\/#breadcrumb","itemListElement":[{"@type":"ListItem","position":1,"name":"Home","item":"https:\/\/www.varesenews.it\/"},{"@type":"ListItem","position":2,"name":"Arcisate &#8211; Stabio, si rompe il primo treno per i pendolari"}]},{"@type":"WebSite","@id":"https:\/\/staging.varesenews.it\/#website","url":"https:\/\/staging.varesenews.it\/","name":"VareseNews","description":"","potentialAction":[{"@type":"SearchAction","target":{"@type":"EntryPoint","urlTemplate":"https:\/\/staging.varesenews.it\/?s={search_term_string}"},"query-input":"required name=search_term_string"}],"inLanguage":"it-IT"},{"@type":"Person","@id":"https:\/\/staging.varesenews.it\/#\/schema\/person\/f0b866bf1a4a7b2b1558574309a927fa","name":"Marco Corso","image":{"@type":"ImageObject","inLanguage":"it-IT","@id":"https:\/\/staging.varesenews.it\/#\/schema\/person\/image\/","url":"https:\/\/staging.varesenews.it\/wp-content\/uploads\/2020\/12\/marco_corso_colori_500.jpg","contentUrl":"https:\/\/staging.varesenews.it\/wp-content\/uploads\/2020\/12\/marco_corso_colori_500.jpg","caption":"Marco Corso"},"description":"Classe 91, per diversi anni mi sono fregiato del titolo di pi&ugrave; giovane della redazione, ma adesso faccio il fratello maggiore alle nuove leve. Mi sono laureato nel 2013 in Scienze Sociali per la Globalizzazione alla Statale di Milano e nel 2015 mi sono diplomato in videogiornalismo alla Civica Scuola di Cinema di Milano. A VareseNews da 10 anni, ho seguito da sempre diversi progetti, partendo dalla mia Busto Arsizio per attraversare tutta la provincia. Adesso la \"sorvolo\" anche con il mio drone, regalando alle mie riprese sempre un punto di vista emozionale e narrativo sui luoghi e le vicende che racconto, ma rimanendo fedele alla cronaca. Quando non faccio il giornalista viaggio o mi arrampico sui monti, per guardare il mondo da altri punti di vista.","sameAs":["mar_corso"],"url":"https:\/\/staging.varesenews.it\/persona\/marco-corso1\/"}]}},"post_meta":{"_edit_lock":"1515430482:46","_edit_last":"46","_category_permalink":"a:1:{s:8:\"category\";s:0:\"\";}","id_leggi_anche":"681341","foto":"651452","firma_come_redazione":"1","argomento":"Arcisate Stabio","_yoast_wpseo_content_score":"60","_jd_tweet_this":"yes","ratings_users":"0","ratings_score":"0","ratings_average":"0","_wpt_short_url":"http:\/\/www.varesenews.it\/2018\/01\/si-rompe-primo-treno-pendolari-della-varese-como\/681893\/","_wp_jd_target":"http:\/\/www.varesenews.it\/2018\/01\/si-rompe-primo-treno-pendolari-della-varese-como\/681893\/","_jd_wp_twitter":"a:1:{i:0;s:187:\"Si rompe il primo treno per i pendolari della Varese \u2013 Como http:\/\/www.varesenews.it\/2018\/01\/si-rompe-primo-treno-pendolari-della-varese-como\/681893\/ #arcisatestabio #pendolari #trenord\";}","_wpt_status_message":"Tweet inviato con successo."},"photos":[{"original":"https:\/\/staging.varesenews.it\/photogallery_new\/images\/2018\/01\/stazione-di-arcisate-8-gennaio-651452.jpg","full":"https:\/\/staging.varesenews.it\/photogallery_new\/images\/2018\/01\/stazione-di-arcisate-8-gennaio-651452.1024x768.jpg","large":"https:\/\/staging.varesenews.it\/photogallery_new\/images\/2018\/01\/stazione-di-arcisate-8-gennaio-651452.610x431.jpg"}],"_links":{"self":[{"href":"https:\/\/staging.varesenews.it\/swgapi\/v1\/wp\/v2\/posts\/681893"}],"collection":[{"href":"https:\/\/staging.varesenews.it\/swgapi\/v1\/wp\/v2\/posts"}],"about":[{"href":"https:\/\/staging.varesenews.it\/swgapi\/v1\/wp\/v2\/types\/post"}],"author":[{"embeddable":true,"href":"https:\/\/staging.varesenews.it\/swgapi\/v1\/wp\/v2\/users\/42"}],"replies":[{"embeddable":true,"href":"https:\/\/staging.varesenews.it\/swgapi\/v1\/wp\/v2\/comments?post=681893"}],"version-history":[{"count":0,"href":"https:\/\/staging.varesenews.it\/swgapi\/v1\/wp\/v2\/posts\/681893\/revisions"}],"wp:attachment":[{"href":"https:\/\/staging.varesenews.it\/swgapi\/v1\/wp\/v2\/media?parent=681893"}],"wp:term":[{"taxonomy":"category","embeddable":true,"href":"https:\/\/staging.varesenews.it\/swgapi\/v1\/wp\/v2\/categories?post=681893"},{"taxonomy":"post_tag","embeddable":true,"href":"https:\/\/staging.varesenews.it\/swgapi\/v1\/wp\/v2\/tags?post=681893"}],"curies":[{"name":"wp","href":"https:\/\/api.w.org\/{rel}","templated":true}]}}