{"id":684997,"date":"2018-01-19T14:01:48","date_gmt":"2018-01-19T13:01:48","guid":{"rendered":"http:\/\/www.varesenews.it\/?p=684997"},"modified":"2018-01-19T14:01:48","modified_gmt":"2018-01-19T13:01:48","slug":"larte-al-la-dei-limiti","status":"publish","type":"post","link":"https:\/\/staging.varesenews.it\/2018\/01\/larte-al-la-dei-limiti\/684997\/","title":{"rendered":"L\u2019arte al di l\u00e0 dei limiti"},"content":{"rendered":"<p class=\"western\">L\u2019uomo vive costretto in spazi e luoghi delimitai da confini che raccolgono tutta la sua vita e la sua assenza. Queste barriere sono fissate dalla natura, da regole, leggi paure, credenze, stratificazioni sociali o retaggi culturali. \u00c8 semplice rimanere al loro interno, in silenzio, senza sforzarsi di pensare, di agire, di uscire; come immobili dentro una campana d i vetro. Eppure esiste chi ha la forza di reagire, di scardinare sovrastrutture, abitudini, tradizioni e tab\u00f9 per riuscire a trovare un equilibrio tra il mondo sconosciuto e l&#8217;ignoto.<\/p>\n<p class=\"western\">Verso questo intento hanno lavorato gli artisti presenti alla mostra \u201cAl di l\u00e0 dei limiti\u201d in corso dal 19 gennaio al 11 marzo 2018 di Villa Villa Burba Art a Rho.<\/p>\n<p class=\"western\">Tra gli autori presenti la \u201cvaresina\u201d d\u2019adozione Maria Teresa Gonzalez Ramirez con l\u2019opera \u201cThe tower lights\u201d, una grande installazione composta da una enorme colonna realizzata con cartoni porta uova con al loro interno \u201cuova di luce\u201d realizzate in ceramica.<\/p>\n<p class=\"western\">Le uova sono inserite nella colonna in modo quasi casuale creando una composizione armonica dove la luce del sole cade su tutta l\u2019installazione della Torre e crea dei riflessi luminosi naturali.<\/p>\n<p class=\"western\">Questa non vuole essere una Torre di difesa, ma neppure una torre di Babele che porta caos, divisioni e incomprensioni, ma la prima torre di un\u2019opera a progetto aperto, per ricostruire, per ricominciare. \u00c8 un palazzo aperto a luci nuove. \u00abDeve diventare una nuova opportunit\u00e0 per rinnovarci, per rinascere e andare pi\u00f9 al di l\u00e0 \u2013 spiega l\u2019artista &#8211; La Torre che guarda verso l\u2019alto \u00e8 un simbolo di fiducia nell\u2019uomo, nella sua LUCE, nella sua possibilit\u00e0 di elevazione e di riscatto.<\/p>\n<p class=\"western\">La LUCE della vita pu\u00f2 illuminare gli interrogativi del nostro tempo\u2026 l\u2019uomo ha bisogno di conoscenza, ha bisogno di verit\u00e0, perch\u00e8 senza di essa non si sostiene e non va avanti.<\/p>\n<p class=\"western\">\u00c8 la nostra storia che inevitabilmente e pi\u00f9 ampia della temporaneit\u00e0, perde allora la fisicit\u00e0 per andare oltre e cercare l\u2019essenza che \u00e8 LUCE di verit\u00e0.\u00bb.<\/p>\n<p class=\"western\">Villa Burba Art, organizzato da Associazione Culturale Obl\u00f2 e Theinteriordesign.it, in collaborazione con il Comune di Rho, inaugura venerd\u00ec 19 gennaio alle ore 19.00 la mostra Al di l\u00e0 dei limiti a cura di Aurora Bolandin e Flaminia Valentini.<\/p>\n<p class=\"western\">Villa Burba Art \u00e8 un progetto che ha come obiettivo quello di creare un appuntamento annuale dedicato al mondo dell\u2019arte che possa coinvolgere la stampa del settore e non a livello nazionale e<\/p>\n<p class=\"western\">internazionale, collezionisti, appassionati e che avvicini i cittadini al mondo dell\u2019arte contemporanea attraverso un contatto diretto con le opere e gli artisti.<\/p>\n<p class=\"western\">Mostra d&#8217;arte<\/p>\n<p class=\"western\">Al di l\u00e0 dei limiti<\/p>\n<p class=\"western\">Villa BURBA Art<\/p>\n<p class=\"western\">Corso Europa, 291 20017 Rho\u00a0(Mi) Italia<\/p>\n<p class=\"western\">19 gennaio \u2013 11 marzo 2018<\/p>\n<p class=\"western\">Orari di apertura<\/p>\n<p class=\"western\">gioved\u00ec e venerd\u00ec: 14.30 \u2013 18.00<\/p>\n<p class=\"western\">sabato e domenica: 11.00 \u2013 18.00<\/p>\n<p class=\"western\">Artisti<\/p>\n<p class=\"western\">Andrea Berto191 Bertoletti, Ilaria Bochicchio, Jordan Angelo Cozzi, Giulia Crotti, Angelica De Rosa, Giuliano Cataldo Giancotti, Manu Invisible, Daniele Locci, Matias Abel Pera, Maria Teresa Gonzalez Ramirez, Miguel Rosciano, Michele Tombolini, Lorenzo Zuccato.<\/p>\n","protected":false},"excerpt":{"rendered":"<p>Maria Teresa Gonzalez Ramirez tra gli artisti di Villa Burba Art per un progetto dell\u2019Associazione Culturale Obl\u00f2 e Theinteriordesign.it<\/p>\n","protected":false},"author":36,"featured_media":0,"comment_status":"open","ping_status":"open","sticky":false,"template":"","format":"standard","meta":{"footnotes":""},"categories":[18,7,21,2],"tags":[158],"acf":[],"yoast_head":"<!-- This site is optimized with the Yoast SEO plugin v20.1 - https:\/\/yoast.com\/wordpress\/plugins\/seo\/ -->\n<title>L\u2019arte al di l\u00e0 dei limiti<\/title>\n<meta name=\"description\" content=\"Maria Teresa Gonzalez Ramirez tra gli artisti di Villa Burba Art per un progetto dell\u2019Associazione Culturale Obl\u00f2 e Theinteriordesign.it\" \/>\n<meta name=\"robots\" content=\"noindex, follow, max-snippet:-1, max-image-preview:large, max-video-preview:-1\" \/>\n<meta property=\"og:locale\" content=\"it_IT\" \/>\n<meta property=\"og:type\" content=\"article\" \/>\n<meta property=\"og:title\" content=\"L\u2019arte al di l\u00e0 dei limiti\" \/>\n<meta property=\"og:description\" content=\"Maria Teresa Gonzalez Ramirez tra gli artisti di Villa Burba Art per un progetto dell\u2019Associazione Culturale Obl\u00f2 e Theinteriordesign.it\" \/>\n<meta property=\"og:url\" content=\"https:\/\/staging.varesenews.it\/2018\/01\/larte-al-la-dei-limiti\/684997\/\" \/>\n<meta property=\"og:site_name\" content=\"VareseNews\" \/>\n<meta property=\"article:publisher\" content=\"https:\/\/www.facebook.com\/varesenews\" \/>\n<meta property=\"article:published_time\" content=\"2018-01-19T13:01:48+00:00\" \/>\n<meta name=\"author\" content=\"Erika La Rosa\" \/>\n<meta name=\"twitter:card\" content=\"summary_large_image\" \/>\n<meta name=\"twitter:creator\" content=\"@twerirosa\" \/>\n<meta name=\"twitter:site\" content=\"@varesenews\" \/>\n<meta name=\"twitter:label1\" content=\"Scritto da\" \/>\n\t<meta name=\"twitter:data1\" content=\"Erika La Rosa\" \/>\n\t<meta name=\"twitter:label2\" content=\"Tempo di lettura stimato\" \/>\n\t<meta name=\"twitter:data2\" content=\"2 minuti\" \/>\n<script type=\"application\/ld+json\" class=\"yoast-schema-graph\">{\"@context\":\"https:\/\/schema.org\",\"@graph\":[{\"@type\":\"WebPage\",\"@id\":\"https:\/\/staging.varesenews.it\/2018\/01\/larte-al-la-dei-limiti\/684997\/\",\"url\":\"https:\/\/staging.varesenews.it\/2018\/01\/larte-al-la-dei-limiti\/684997\/\",\"name\":\"L\u2019arte al di l\u00e0 dei limiti\",\"isPartOf\":{\"@id\":\"https:\/\/staging.varesenews.it\/#website\"},\"datePublished\":\"2018-01-19T13:01:48+00:00\",\"dateModified\":\"2018-01-19T13:01:48+00:00\",\"author\":{\"@id\":\"https:\/\/staging.varesenews.it\/#\/schema\/person\/0512a4cda1d8b4f14c19f86d1016dc18\"},\"description\":\"Maria Teresa Gonzalez Ramirez tra gli artisti di Villa Burba Art per un progetto dell\u2019Associazione Culturale Obl\u00f2 e Theinteriordesign.it\",\"breadcrumb\":{\"@id\":\"https:\/\/staging.varesenews.it\/2018\/01\/larte-al-la-dei-limiti\/684997\/#breadcrumb\"},\"inLanguage\":\"it-IT\",\"potentialAction\":[{\"@type\":\"ReadAction\",\"target\":[\"https:\/\/staging.varesenews.it\/2018\/01\/larte-al-la-dei-limiti\/684997\/\"]}]},{\"@type\":\"BreadcrumbList\",\"@id\":\"https:\/\/staging.varesenews.it\/2018\/01\/larte-al-la-dei-limiti\/684997\/#breadcrumb\",\"itemListElement\":[{\"@type\":\"ListItem\",\"position\":1,\"name\":\"Home\",\"item\":\"https:\/\/www.varesenews.it\/\"},{\"@type\":\"ListItem\",\"position\":2,\"name\":\"L\u2019arte al di l\u00e0 dei limiti\"}]},{\"@type\":\"WebSite\",\"@id\":\"https:\/\/staging.varesenews.it\/#website\",\"url\":\"https:\/\/staging.varesenews.it\/\",\"name\":\"VareseNews\",\"description\":\"\",\"potentialAction\":[{\"@type\":\"SearchAction\",\"target\":{\"@type\":\"EntryPoint\",\"urlTemplate\":\"https:\/\/staging.varesenews.it\/?s={search_term_string}\"},\"query-input\":\"required name=search_term_string\"}],\"inLanguage\":\"it-IT\"},{\"@type\":\"Person\",\"@id\":\"https:\/\/staging.varesenews.it\/#\/schema\/person\/0512a4cda1d8b4f14c19f86d1016dc18\",\"name\":\"Erika La Rosa\",\"image\":{\"@type\":\"ImageObject\",\"inLanguage\":\"it-IT\",\"@id\":\"https:\/\/staging.varesenews.it\/#\/schema\/person\/image\/\",\"url\":\"https:\/\/staging.varesenews.it\/wp-content\/uploads\/2020\/12\/erika_larosa_colori_500.jpg\",\"contentUrl\":\"https:\/\/staging.varesenews.it\/wp-content\/uploads\/2020\/12\/erika_larosa_colori_500.jpg\",\"caption\":\"Erika La Rosa\"},\"description\":\"Giornalista pubblicista, collaboro con VareseNews dal lontano 1997 quando la redazione piccolissima ma l&rsquo;entusiasmo era tanto e la sfida titanica. Da allora siamo cresciuti, la redazione &egrave; diventata pi&ugrave; grande ma l&rsquo;entusiasmo &egrave; rimato lo stesso. Mi piace guardare il mondo attraverso gli occhi degli artisti, per questo scrivo, leggo e mi nutro di arte seguendo per il giornale le pagine dedicate alle mostre e agli artisti. Ho collaborato con diversi Musei e Istituzioni culturali italiane e svizzere. Da oltre dieci anni mi occupo di strategie e comunicazione sui social media di enti pubblici e privati. Vivo il presente e non dimentico mai che quando c&rsquo;&egrave; una meta, anche il deserto diventa una strada.\",\"sameAs\":[\"https:\/\/www.linkedin.com\/profile\/view?id=93070756&trk=nav_responsive_tab_profile_pic\",\"https:\/\/twitter.com\/twerirosa\"],\"url\":\"https:\/\/staging.varesenews.it\/persona\/erika_larosa\/\"}]}<\/script>\n<!-- \/ Yoast SEO plugin. -->","yoast_head_json":{"title":"L\u2019arte al di l\u00e0 dei limiti","description":"Maria Teresa Gonzalez Ramirez tra gli artisti di Villa Burba Art per un progetto dell\u2019Associazione Culturale Obl\u00f2 e Theinteriordesign.it","robots":{"index":"noindex","follow":"follow","max-snippet":"max-snippet:-1","max-image-preview":"max-image-preview:large","max-video-preview":"max-video-preview:-1"},"og_locale":"it_IT","og_type":"article","og_title":"L\u2019arte al di l\u00e0 dei limiti","og_description":"Maria Teresa Gonzalez Ramirez tra gli artisti di Villa Burba Art per un progetto dell\u2019Associazione Culturale Obl\u00f2 e Theinteriordesign.it","og_url":"https:\/\/staging.varesenews.it\/2018\/01\/larte-al-la-dei-limiti\/684997\/","og_site_name":"VareseNews","article_publisher":"https:\/\/www.facebook.com\/varesenews","article_published_time":"2018-01-19T13:01:48+00:00","author":"Erika La Rosa","twitter_card":"summary_large_image","twitter_creator":"@twerirosa","twitter_site":"@varesenews","twitter_misc":{"Scritto da":"Erika La Rosa","Tempo di lettura stimato":"2 minuti"},"schema":{"@context":"https:\/\/schema.org","@graph":[{"@type":"WebPage","@id":"https:\/\/staging.varesenews.it\/2018\/01\/larte-al-la-dei-limiti\/684997\/","url":"https:\/\/staging.varesenews.it\/2018\/01\/larte-al-la-dei-limiti\/684997\/","name":"L\u2019arte al di l\u00e0 dei limiti","isPartOf":{"@id":"https:\/\/staging.varesenews.it\/#website"},"datePublished":"2018-01-19T13:01:48+00:00","dateModified":"2018-01-19T13:01:48+00:00","author":{"@id":"https:\/\/staging.varesenews.it\/#\/schema\/person\/0512a4cda1d8b4f14c19f86d1016dc18"},"description":"Maria Teresa Gonzalez Ramirez tra gli artisti di Villa Burba Art per un progetto dell\u2019Associazione Culturale Obl\u00f2 e Theinteriordesign.it","breadcrumb":{"@id":"https:\/\/staging.varesenews.it\/2018\/01\/larte-al-la-dei-limiti\/684997\/#breadcrumb"},"inLanguage":"it-IT","potentialAction":[{"@type":"ReadAction","target":["https:\/\/staging.varesenews.it\/2018\/01\/larte-al-la-dei-limiti\/684997\/"]}]},{"@type":"BreadcrumbList","@id":"https:\/\/staging.varesenews.it\/2018\/01\/larte-al-la-dei-limiti\/684997\/#breadcrumb","itemListElement":[{"@type":"ListItem","position":1,"name":"Home","item":"https:\/\/www.varesenews.it\/"},{"@type":"ListItem","position":2,"name":"L\u2019arte al di l\u00e0 dei limiti"}]},{"@type":"WebSite","@id":"https:\/\/staging.varesenews.it\/#website","url":"https:\/\/staging.varesenews.it\/","name":"VareseNews","description":"","potentialAction":[{"@type":"SearchAction","target":{"@type":"EntryPoint","urlTemplate":"https:\/\/staging.varesenews.it\/?s={search_term_string}"},"query-input":"required name=search_term_string"}],"inLanguage":"it-IT"},{"@type":"Person","@id":"https:\/\/staging.varesenews.it\/#\/schema\/person\/0512a4cda1d8b4f14c19f86d1016dc18","name":"Erika La Rosa","image":{"@type":"ImageObject","inLanguage":"it-IT","@id":"https:\/\/staging.varesenews.it\/#\/schema\/person\/image\/","url":"https:\/\/staging.varesenews.it\/wp-content\/uploads\/2020\/12\/erika_larosa_colori_500.jpg","contentUrl":"https:\/\/staging.varesenews.it\/wp-content\/uploads\/2020\/12\/erika_larosa_colori_500.jpg","caption":"Erika La Rosa"},"description":"Giornalista pubblicista, collaboro con VareseNews dal lontano 1997 quando la redazione piccolissima ma l&rsquo;entusiasmo era tanto e la sfida titanica. Da allora siamo cresciuti, la redazione &egrave; diventata pi&ugrave; grande ma l&rsquo;entusiasmo &egrave; rimato lo stesso. Mi piace guardare il mondo attraverso gli occhi degli artisti, per questo scrivo, leggo e mi nutro di arte seguendo per il giornale le pagine dedicate alle mostre e agli artisti. Ho collaborato con diversi Musei e Istituzioni culturali italiane e svizzere. Da oltre dieci anni mi occupo di strategie e comunicazione sui social media di enti pubblici e privati. Vivo il presente e non dimentico mai che quando c&rsquo;&egrave; una meta, anche il deserto diventa una strada.","sameAs":["https:\/\/www.linkedin.com\/profile\/view?id=93070756&trk=nav_responsive_tab_profile_pic","https:\/\/twitter.com\/twerirosa"],"url":"https:\/\/staging.varesenews.it\/persona\/erika_larosa\/"}]}},"post_meta":{"_edit_lock":"1516370755:36","_edit_last":"36","_category_permalink":"a:1:{s:8:\"category\";s:0:\"\";}","ratings_users":"0","ratings_score":"0","ratings_average":"0","foto":"652990","firma-personalizzata":"E.L.R.","argomento":"Arte","_yoast_wpseo_content_score":"30","_jd_tweet_this":"yes","_wpt_short_url":"http:\/\/www.varesenews.it\/2018\/01\/larte-al-la-dei-limiti\/684997\/","_wp_jd_target":"http:\/\/www.varesenews.it\/2018\/01\/larte-al-la-dei-limiti\/684997\/","_jd_wp_twitter":"a:1:{i:0;s:102:\"L\u2019arte al di l\u00e0 dei limiti http:\/\/www.varesenews.it\/2018\/01\/larte-al-la-dei-limiti\/684997\/ #weekend\";}","_wpt_status_message":"Tweet inviato con successo."},"photos":[{"original":"https:\/\/staging.varesenews.it\/photogallery_new\/images\/2018\/01\/arte-mostre-652990.jpg","full":"https:\/\/staging.varesenews.it\/photogallery_new\/images\/2018\/01\/arte-mostre-652990.1024x768.jpg","large":"https:\/\/staging.varesenews.it\/photogallery_new\/images\/2018\/01\/arte-mostre-652990.610x431.jpg"}],"_links":{"self":[{"href":"https:\/\/staging.varesenews.it\/swgapi\/v1\/wp\/v2\/posts\/684997"}],"collection":[{"href":"https:\/\/staging.varesenews.it\/swgapi\/v1\/wp\/v2\/posts"}],"about":[{"href":"https:\/\/staging.varesenews.it\/swgapi\/v1\/wp\/v2\/types\/post"}],"author":[{"embeddable":true,"href":"https:\/\/staging.varesenews.it\/swgapi\/v1\/wp\/v2\/users\/36"}],"replies":[{"embeddable":true,"href":"https:\/\/staging.varesenews.it\/swgapi\/v1\/wp\/v2\/comments?post=684997"}],"version-history":[{"count":0,"href":"https:\/\/staging.varesenews.it\/swgapi\/v1\/wp\/v2\/posts\/684997\/revisions"}],"wp:attachment":[{"href":"https:\/\/staging.varesenews.it\/swgapi\/v1\/wp\/v2\/media?parent=684997"}],"wp:term":[{"taxonomy":"category","embeddable":true,"href":"https:\/\/staging.varesenews.it\/swgapi\/v1\/wp\/v2\/categories?post=684997"},{"taxonomy":"post_tag","embeddable":true,"href":"https:\/\/staging.varesenews.it\/swgapi\/v1\/wp\/v2\/tags?post=684997"}],"curies":[{"name":"wp","href":"https:\/\/api.w.org\/{rel}","templated":true}]}}