{"id":686942,"date":"2018-01-26T12:20:25","date_gmt":"2018-01-26T11:20:25","guid":{"rendered":"http:\/\/www.varesenews.it\/?p=686942"},"modified":"2018-01-26T12:20:25","modified_gmt":"2018-01-26T11:20:25","slug":"varese-verso-linveruno-ancora-problemi-formazione","status":"publish","type":"post","link":"https:\/\/staging.varesenews.it\/2018\/01\/varese-verso-linveruno-ancora-problemi-formazione\/686942\/","title":{"rendered":"Varese verso l\u2019Inveruno, ancora problemi di formazione"},"content":{"rendered":"<p>Non ha pace il Varese. Oltre alle varie vicende societarie, anche la rosa continua ad avere problemi. Se per la <a href=\"http:\/\/www.varesenews.it\/2018\/01\/varese-strappail-giovane-varese-strappa-un-punto-alla-pro-sesto-un-punto-alla-pro-sesto\/685436\/\" target=\"_blank\" rel=\"noopener\">sfida contro la Pro Sesto<\/a> c\u2019era carenza di difensori, questa settimana ad essere \u201ccorto\u201d \u00e8 il centrocampo.<\/p>\n<p>Per la gara di <strong>domenica 28 gennaio (ore 14.30) al \u201cFranco Ossola\u201d contro l\u2019Inveruno<\/strong> rientrer\u00e0 dalla squalifica Michele Ferri e anche Paolo Arca potrebbe tornare a essere a disposizione di mister Paolo Tresoldi. Le condizioni del terzino sinistro, che ha qualche guaio muscolare, saranno per\u00f2 da monitorare ora per ora, alla pari di Vittorio Ghidoni sulla fascia destra. Nel caso a sinistra \u00e8 pronto Alessandro Balconi, che ha ben giocato a Sesto San Giovanni.<\/p>\n<p>Come anticipato, per la sfida ai gialloblu di mister Achille Mazzoleni ci sono problemi per la linea mediana. Con <strong>Christian Monacizzo e Nicol\u00f2 Palazzolo infortunati e Andrea Battistello squalificato<\/strong>, gli unici due giocatori di ruolo a disposizione sono Marco Morao e Federico Zazzi. L\u2019assenza di Battistello \u00e8 importante anche per il conto degli under, che obbligher\u00e0 Tresoldi a schierare un classe 1998 in attacco e la scelta ricadr\u00e0 tra Loris Melesi e Cosimo La Ferrara.<\/p>\n<p>Si potrebbe ipotizzare un cambio di modulo, con passaggio al 4-4-2, ma anche in questa circostanza la gestione degli under rimane difficilmente gestibile. Nel caso, Metteo Simonetto potrebbe fare il laterale destra di difesa, con <strong>Fratus spostato a centrocampo a destra,<\/strong> mentre a sinistra rimarrebbe un posto obbligato per un &#8217;98, ma n\u00e9 La Ferrara, n\u00e9 Melesi sono adatti a quel tipo di ruolo.<\/p>\n<p>In casa Inveruno rientrano per la gara del \u201cFranco Ossola\u201d due pedine molto importanti come il centrocampista <strong>Andrea Lazzaro e il fantasista Mario Chessa<\/strong>, due punti di riferimento nello scacchiere gialloblu.<\/p>\n","protected":false},"excerpt":{"rendered":"<p>Quasi risolta la situazione in difesa, ora i problemi si spostano a centrocampo con le assenze di Monacizzo, Palazzolo e Battistello<\/p>\n","protected":false},"author":37,"featured_media":0,"comment_status":"open","ping_status":"open","sticky":false,"template":"","format":"standard","meta":{"footnotes":""},"categories":[14,2],"tags":[144,59870,207,9192],"acf":[],"yoast_head":"<!-- This site is optimized with the Yoast SEO plugin v20.1 - https:\/\/yoast.com\/wordpress\/plugins\/seo\/ -->\n<title>Varese verso l\u2019Inveruno, ancora problemi di formazione<\/title>\n<meta name=\"description\" content=\"Quasi risolta la situazione in difesa, ora i problemi si spostano a centrocampo con le assenze di Monacizzo, Palazzolo e Battistello\" \/>\n<meta name=\"robots\" content=\"noindex, follow, max-snippet:-1, max-image-preview:large, max-video-preview:-1\" \/>\n<meta property=\"og:locale\" content=\"it_IT\" \/>\n<meta property=\"og:type\" content=\"article\" \/>\n<meta property=\"og:title\" content=\"Varese verso l\u2019Inveruno, ancora problemi di formazione\" \/>\n<meta property=\"og:description\" content=\"Quasi risolta la situazione in difesa, ora i problemi si spostano a centrocampo con le assenze di Monacizzo, Palazzolo e Battistello\" \/>\n<meta property=\"og:url\" content=\"https:\/\/staging.varesenews.it\/2018\/01\/varese-verso-linveruno-ancora-problemi-formazione\/686942\/\" \/>\n<meta property=\"og:site_name\" content=\"VareseNews\" \/>\n<meta property=\"article:publisher\" content=\"https:\/\/www.facebook.com\/varesenews\" \/>\n<meta property=\"article:published_time\" content=\"2018-01-26T11:20:25+00:00\" \/>\n<meta name=\"author\" content=\"Francesco Mazzoleni\" \/>\n<meta name=\"twitter:card\" content=\"summary_large_image\" \/>\n<meta name=\"twitter:creator\" content=\"@fmazzof\" \/>\n<meta name=\"twitter:site\" content=\"@varesenews\" \/>\n<meta name=\"twitter:label1\" content=\"Scritto da\" \/>\n\t<meta name=\"twitter:data1\" content=\"Francesco Mazzoleni\" \/>\n\t<meta name=\"twitter:label2\" content=\"Tempo di lettura stimato\" \/>\n\t<meta name=\"twitter:data2\" content=\"1 minuto\" \/>\n<script type=\"application\/ld+json\" class=\"yoast-schema-graph\">{\"@context\":\"https:\/\/schema.org\",\"@graph\":[{\"@type\":\"WebPage\",\"@id\":\"https:\/\/staging.varesenews.it\/2018\/01\/varese-verso-linveruno-ancora-problemi-formazione\/686942\/\",\"url\":\"https:\/\/staging.varesenews.it\/2018\/01\/varese-verso-linveruno-ancora-problemi-formazione\/686942\/\",\"name\":\"Varese verso l\u2019Inveruno, ancora problemi di formazione\",\"isPartOf\":{\"@id\":\"https:\/\/staging.varesenews.it\/#website\"},\"datePublished\":\"2018-01-26T11:20:25+00:00\",\"dateModified\":\"2018-01-26T11:20:25+00:00\",\"author\":{\"@id\":\"https:\/\/staging.varesenews.it\/#\/schema\/person\/e82236e79160d30d4e1f942004ac3038\"},\"description\":\"Quasi risolta la situazione in difesa, ora i problemi si spostano a centrocampo con le assenze di Monacizzo, Palazzolo e Battistello\",\"breadcrumb\":{\"@id\":\"https:\/\/staging.varesenews.it\/2018\/01\/varese-verso-linveruno-ancora-problemi-formazione\/686942\/#breadcrumb\"},\"inLanguage\":\"it-IT\",\"potentialAction\":[{\"@type\":\"ReadAction\",\"target\":[\"https:\/\/staging.varesenews.it\/2018\/01\/varese-verso-linveruno-ancora-problemi-formazione\/686942\/\"]}]},{\"@type\":\"BreadcrumbList\",\"@id\":\"https:\/\/staging.varesenews.it\/2018\/01\/varese-verso-linveruno-ancora-problemi-formazione\/686942\/#breadcrumb\",\"itemListElement\":[{\"@type\":\"ListItem\",\"position\":1,\"name\":\"Home\",\"item\":\"https:\/\/www.varesenews.it\/\"},{\"@type\":\"ListItem\",\"position\":2,\"name\":\"Varese verso l\u2019Inveruno, ancora problemi di formazione\"}]},{\"@type\":\"WebSite\",\"@id\":\"https:\/\/staging.varesenews.it\/#website\",\"url\":\"https:\/\/staging.varesenews.it\/\",\"name\":\"VareseNews\",\"description\":\"\",\"potentialAction\":[{\"@type\":\"SearchAction\",\"target\":{\"@type\":\"EntryPoint\",\"urlTemplate\":\"https:\/\/staging.varesenews.it\/?s={search_term_string}\"},\"query-input\":\"required name=search_term_string\"}],\"inLanguage\":\"it-IT\"},{\"@type\":\"Person\",\"@id\":\"https:\/\/staging.varesenews.it\/#\/schema\/person\/e82236e79160d30d4e1f942004ac3038\",\"name\":\"Francesco Mazzoleni\",\"image\":{\"@type\":\"ImageObject\",\"inLanguage\":\"it-IT\",\"@id\":\"https:\/\/staging.varesenews.it\/#\/schema\/person\/image\/\",\"url\":\"https:\/\/staging.varesenews.it\/wp-content\/uploads\/2020\/12\/francesco_mazzoleni_colori_500-1.jpg\",\"contentUrl\":\"https:\/\/staging.varesenews.it\/wp-content\/uploads\/2020\/12\/francesco_mazzoleni_colori_500-1.jpg\",\"caption\":\"Francesco Mazzoleni\"},\"description\":\"\\\"Uomo di campo\\\" della redazione sportiva. Nutro una vera passione per il calcio, che sia ad alti livelli, sui campi di provincia o in altri continenti. Sono nato a Varese nel 1984, vivo da sempre a Malnate e ho una laurea in Scienze Motorie. Ho mosso i primi passi a VareseNews da stagista nel 2002; nel 2008 ho iniziato a collaborare con maggiore continuit\u00e0 e dal 2018 sono giornalista professionista. Orgoglioso pap\u00e0 di Federico e Adelaide.\",\"sameAs\":[\"fmazzof\",\"it.linkedin.com\/in\/francescomazzolenif\",\"https:\/\/twitter.com\/fmazzof\"],\"url\":\"https:\/\/staging.varesenews.it\/persona\/francesco_mazzoleniferracini\/\"}]}<\/script>\n<!-- \/ Yoast SEO plugin. -->","yoast_head_json":{"title":"Varese verso l\u2019Inveruno, ancora problemi di formazione","description":"Quasi risolta la situazione in difesa, ora i problemi si spostano a centrocampo con le assenze di Monacizzo, Palazzolo e Battistello","robots":{"index":"noindex","follow":"follow","max-snippet":"max-snippet:-1","max-image-preview":"max-image-preview:large","max-video-preview":"max-video-preview:-1"},"og_locale":"it_IT","og_type":"article","og_title":"Varese verso l\u2019Inveruno, ancora problemi di formazione","og_description":"Quasi risolta la situazione in difesa, ora i problemi si spostano a centrocampo con le assenze di Monacizzo, Palazzolo e Battistello","og_url":"https:\/\/staging.varesenews.it\/2018\/01\/varese-verso-linveruno-ancora-problemi-formazione\/686942\/","og_site_name":"VareseNews","article_publisher":"https:\/\/www.facebook.com\/varesenews","article_published_time":"2018-01-26T11:20:25+00:00","author":"Francesco Mazzoleni","twitter_card":"summary_large_image","twitter_creator":"@fmazzof","twitter_site":"@varesenews","twitter_misc":{"Scritto da":"Francesco Mazzoleni","Tempo di lettura stimato":"1 minuto"},"schema":{"@context":"https:\/\/schema.org","@graph":[{"@type":"WebPage","@id":"https:\/\/staging.varesenews.it\/2018\/01\/varese-verso-linveruno-ancora-problemi-formazione\/686942\/","url":"https:\/\/staging.varesenews.it\/2018\/01\/varese-verso-linveruno-ancora-problemi-formazione\/686942\/","name":"Varese verso l\u2019Inveruno, ancora problemi di formazione","isPartOf":{"@id":"https:\/\/staging.varesenews.it\/#website"},"datePublished":"2018-01-26T11:20:25+00:00","dateModified":"2018-01-26T11:20:25+00:00","author":{"@id":"https:\/\/staging.varesenews.it\/#\/schema\/person\/e82236e79160d30d4e1f942004ac3038"},"description":"Quasi risolta la situazione in difesa, ora i problemi si spostano a centrocampo con le assenze di Monacizzo, Palazzolo e Battistello","breadcrumb":{"@id":"https:\/\/staging.varesenews.it\/2018\/01\/varese-verso-linveruno-ancora-problemi-formazione\/686942\/#breadcrumb"},"inLanguage":"it-IT","potentialAction":[{"@type":"ReadAction","target":["https:\/\/staging.varesenews.it\/2018\/01\/varese-verso-linveruno-ancora-problemi-formazione\/686942\/"]}]},{"@type":"BreadcrumbList","@id":"https:\/\/staging.varesenews.it\/2018\/01\/varese-verso-linveruno-ancora-problemi-formazione\/686942\/#breadcrumb","itemListElement":[{"@type":"ListItem","position":1,"name":"Home","item":"https:\/\/www.varesenews.it\/"},{"@type":"ListItem","position":2,"name":"Varese verso l\u2019Inveruno, ancora problemi di formazione"}]},{"@type":"WebSite","@id":"https:\/\/staging.varesenews.it\/#website","url":"https:\/\/staging.varesenews.it\/","name":"VareseNews","description":"","potentialAction":[{"@type":"SearchAction","target":{"@type":"EntryPoint","urlTemplate":"https:\/\/staging.varesenews.it\/?s={search_term_string}"},"query-input":"required name=search_term_string"}],"inLanguage":"it-IT"},{"@type":"Person","@id":"https:\/\/staging.varesenews.it\/#\/schema\/person\/e82236e79160d30d4e1f942004ac3038","name":"Francesco Mazzoleni","image":{"@type":"ImageObject","inLanguage":"it-IT","@id":"https:\/\/staging.varesenews.it\/#\/schema\/person\/image\/","url":"https:\/\/staging.varesenews.it\/wp-content\/uploads\/2020\/12\/francesco_mazzoleni_colori_500-1.jpg","contentUrl":"https:\/\/staging.varesenews.it\/wp-content\/uploads\/2020\/12\/francesco_mazzoleni_colori_500-1.jpg","caption":"Francesco Mazzoleni"},"description":"\"Uomo di campo\" della redazione sportiva. Nutro una vera passione per il calcio, che sia ad alti livelli, sui campi di provincia o in altri continenti. Sono nato a Varese nel 1984, vivo da sempre a Malnate e ho una laurea in Scienze Motorie. Ho mosso i primi passi a VareseNews da stagista nel 2002; nel 2008 ho iniziato a collaborare con maggiore continuit\u00e0 e dal 2018 sono giornalista professionista. Orgoglioso pap\u00e0 di Federico e Adelaide.","sameAs":["fmazzof","it.linkedin.com\/in\/francescomazzolenif","https:\/\/twitter.com\/fmazzof"],"url":"https:\/\/staging.varesenews.it\/persona\/francesco_mazzoleniferracini\/"}]}},"post_meta":{"_edit_lock":"1516985366:1","_edit_last":"37","_category_permalink":"a:1:{s:8:\"category\";s:0:\"\";}","foto":"651405","argomento":"Calcio","_yoast_wpseo_focuskw_text_input":"varese","_yoast_wpseo_focuskw":"varese","_yoast_wpseo_linkdex":"68","_yoast_wpseo_content_score":"30","_jd_tweet_this":"yes","ratings_users":"0","ratings_score":"0","ratings_average":"0","_wpt_short_url":"http:\/\/www.varesenews.it\/2018\/01\/varese-verso-linveruno-ancora-problemi-formazione\/686942\/","_wp_jd_target":"http:\/\/www.varesenews.it\/2018\/01\/varese-verso-linveruno-ancora-problemi-formazione\/686942\/","_jd_wp_twitter":"a:1:{i:0;s:179:\"Varese verso l\u2019Inveruno, ancora problemi di formazione http:\/\/www.varesenews.it\/2018\/01\/varese-verso-linveruno-ancora-problemi-formazione\/686942\/ #calcio #inverunocalcio #seried\";}","_wpt_status_message":"Tweet inviato con successo."},"photos":[{"original":"https:\/\/staging.varesenews.it\/photogallery_new\/images\/2018\/01\/varese-borgaro-651405.jpg","full":"https:\/\/staging.varesenews.it\/photogallery_new\/images\/2018\/01\/varese-borgaro-651405.1024x768.jpg","large":"https:\/\/staging.varesenews.it\/photogallery_new\/images\/2018\/01\/varese-borgaro-651405.610x431.jpg"}],"_links":{"self":[{"href":"https:\/\/staging.varesenews.it\/swgapi\/v1\/wp\/v2\/posts\/686942"}],"collection":[{"href":"https:\/\/staging.varesenews.it\/swgapi\/v1\/wp\/v2\/posts"}],"about":[{"href":"https:\/\/staging.varesenews.it\/swgapi\/v1\/wp\/v2\/types\/post"}],"author":[{"embeddable":true,"href":"https:\/\/staging.varesenews.it\/swgapi\/v1\/wp\/v2\/users\/37"}],"replies":[{"embeddable":true,"href":"https:\/\/staging.varesenews.it\/swgapi\/v1\/wp\/v2\/comments?post=686942"}],"version-history":[{"count":0,"href":"https:\/\/staging.varesenews.it\/swgapi\/v1\/wp\/v2\/posts\/686942\/revisions"}],"wp:attachment":[{"href":"https:\/\/staging.varesenews.it\/swgapi\/v1\/wp\/v2\/media?parent=686942"}],"wp:term":[{"taxonomy":"category","embeddable":true,"href":"https:\/\/staging.varesenews.it\/swgapi\/v1\/wp\/v2\/categories?post=686942"},{"taxonomy":"post_tag","embeddable":true,"href":"https:\/\/staging.varesenews.it\/swgapi\/v1\/wp\/v2\/tags?post=686942"}],"curies":[{"name":"wp","href":"https:\/\/api.w.org\/{rel}","templated":true}]}}