{"id":687140,"date":"2018-01-27T10:06:28","date_gmt":"2018-01-27T09:06:28","guid":{"rendered":"http:\/\/www.varesenews.it\/?p=687140"},"modified":"2018-01-27T10:06:28","modified_gmt":"2018-01-27T09:06:28","slug":"arriva-linveruno-varese-campo-superstiti","status":"publish","type":"post","link":"https:\/\/staging.varesenews.it\/2018\/01\/arriva-linveruno-varese-campo-superstiti\/687140\/","title":{"rendered":"Arriva l&#8217;Inveruno, Varese in campo con i &#8220;superstiti&#8221;"},"content":{"rendered":"<p>Il <a href=\"http:\/\/www.varesenews.it\/2018\/01\/varese-strappail-giovane-varese-strappa-un-punto-alla-pro-sesto-un-punto-alla-pro-sesto\/685436\/\">punto strappato al &#8220;Breda&#8221;<\/a> contro la Pro Sesto \u00e8 stato senza dubbio importante (avversaria di rango, trasferta senza tifosi, rosa incompleta) ma deve necessariamente essere un <strong>punto di partenza<\/strong> e non di arrivo per il <strong>giovane Varese di Paolo Tresoldi.<\/strong><\/p>\n<p>La squadra biancorossa infatti ha <strong>fame e necessit\u00e0 di risultati<\/strong>, perch\u00e9 la zona calda &#8211; quella che porta dritti ai <strong>playout<\/strong> &#8211; rimane <strong>vicinissima,<\/strong> appena un punto sotto i 26 messi insieme fino a questo momento da Ferri e compagni. Ecco dunque che il match interno di <strong>domenica 28<\/strong>\u00a0(inizio 14,30, <strong>arbitra Croce<\/strong> di Novara) andr\u00e0 sfruttato per cercare di fare bottino pieno <strong>contro un Inveruno<\/strong> che \u00e8 squadra di buona qualit\u00e0 &#8211; per la categoria &#8211; e che non star\u00e0 certo a guardare.<\/p>\n<p>Il Varese arriva all&#8217;appuntamento con i milanesi ancora con <strong>notevoli problemi di formazione<\/strong>, come abbiamo raccontato in <a href=\"http:\/\/www.varesenews.it\/2018\/01\/varese-verso-linveruno-ancora-problemi-formazione\/686942\/\">questo articolo di ieri<\/a>\u00a0e dovr\u00e0 guardarsi da gente come <strong>Chessa o Broggini<\/strong> (12 reti in due, sette quelle del centravanti originario proprio della Citt\u00e0 Giardino), sempre in agguato nei pressi della porta avversaria. A peggiorare le cose \u00e8 arrivato anche un <strong>problema muscolare per Fratus,<\/strong> uno degli esterni pi\u00f9 affidabili della rosa, mentre uno degli ultimi arrivati &#8211; <strong>La Ferrara<\/strong> &#8211; \u00e8 malato ma, pare, avrebbe chiesto di essere svincolato.<\/p>\n<p>Tresoldi quindi, <strong>carte di identit\u00e0 alla mano<\/strong> (\u00e8 necessario prima di tutto rispettare le normative sugli under), dovr\u00e0 fare la formazione con i superstiti e probabilmente <strong>sceglier\u00e0 ancora il 4-3-3<\/strong>, modulo che la squadra conosce meglio. In difesa<strong> rientra capitan Ferri,<\/strong> ma le buone notizie si fermano qui per quanto riguarda gli uomini a disposizione, tanto che a partita in corso potrebbe anche esordire il giovane esterno Matteo Mauro, classe 2000. Il tecnico potrebbe affidarsi a un tridente con <strong>De Carolis al centro supportato da Ba e Melesi,<\/strong> il primo da sfruttare finch\u00e9 pu\u00f2 garantire spinta, il secondo necessario per&#8230; l&#8217;anagrafe, con <strong>Zazzi<\/strong> <span style=\"color: #000080;\"><em>(foto in alto)<\/em><\/span> di nuovo fulcro del gioco.<\/p>\n<p>I <strong>gialloblu<\/strong>\u00a0di mister Mazzoleni arrivano invece al &#8220;Franco Ossola&#8221; dopo <strong>due sconfitte in fila<\/strong> &#8211; 1-0 a Borgaro e soprattutto 0-3 in casa con il Chieri! &#8211; che hanno fermato la corsa dell&#8217;Inveruno, capace comunque di navigare in <strong>acque assolutamente tranquille<\/strong>.<\/p>\n<p>Acque che invece restano agitate per quanto riguarda la<strong> situazione societaria del Varese<\/strong>. Sauro Catellani nei giorni scorsi ha incontrato i <strong>vertici di Palazzo Estense,<\/strong> ma non sono segnalati passi avanti rispetto all&#8217;accordo con Paolo Basile sulla cessione delle quote e sulla copertura dei debiti pregressi. Intanto la squadra \u00e8 ancora senza rimborsi, rimandati ancora di qualche giorno: andare in campo per i ragazzi in biancorosso \u00e8 <strong>sempre pi\u00f9 un volontariato<\/strong>&#8230;<\/p>\n<h3>DIRETTAVN<\/h3>\n<p>La partita di Masnago sar\u00e0 raccontata<strong> in diretta da VareseNews<\/strong> nel consueto liveblog domenicale ai quali i lettori possono partecipare scrivendo nello spazio commenti o usando gli hashtag <strong>#direttavn<\/strong> o <strong>#vareseinveruno<\/strong> su Twitter e Instagram. Il live \u00e8 gi\u00e0 aperto da venerd\u00ec con notizie, curiosit\u00e0 e con il sondaggio prepartita; per connettersi alla diretta \u00e8 sufficiente <a href=\"http:\/\/live.varesenews.it\/Event\/Serie_D_la_4a_di_ritorno\" target=\"_blank\" rel=\"noopener\"><strong>CLICCARE QUI<\/strong><\/a>.<\/p>\n<blockquote><p><strong>CLASSIFICA &#8211; Girone A<\/strong><br \/>\nGozzano 53; CARONNESE 50; Como 48; Chieri, Pro Sesto 41; Folgore Caratese 38; Bra 36; Inveruno 33; Pavia, Borgosesia 30; Borgaro 29; OltrepoVoghera, VARESE 26; Olginatese, VARESINA 25; Arconatese, Casale 23; Seregno 18; Castellazzo 14; Derthona 13.<\/p><\/blockquote>\n","protected":false},"excerpt":{"rendered":"<p>Tanti problemi di formazione per Tresoldi (out anche Fratus: guaio muscolare) in vista del match di domenica 28 con i gialloblu milanesi. Squadra sempre in attesa dei rimborsi arretrati<\/p>\n","protected":false},"author":38,"featured_media":0,"comment_status":"open","ping_status":"open","sticky":false,"template":"","format":"standard","meta":{"footnotes":""},"categories":[14,2],"tags":[144,9192],"acf":[],"yoast_head":"<!-- This site is optimized with the Yoast SEO plugin v20.1 - https:\/\/yoast.com\/wordpress\/plugins\/seo\/ -->\n<title>Arriva l&#039;Inveruno, Varese in campo con i &quot;superstiti&quot;<\/title>\n<meta name=\"description\" content=\"Tanti problemi di formazione per Tresoldi (out anche Fratus: guaio muscolare) in vista del match di domenica 28 con i gialloblu milanesi. Squadra sempre in attesa dei rimborsi arretrati\" \/>\n<meta name=\"robots\" content=\"noindex, follow, max-snippet:-1, max-image-preview:large, max-video-preview:-1\" \/>\n<meta property=\"og:locale\" content=\"it_IT\" \/>\n<meta property=\"og:type\" content=\"article\" \/>\n<meta property=\"og:title\" content=\"Arriva l&#039;Inveruno, Varese in campo con i &quot;superstiti&quot;\" \/>\n<meta property=\"og:description\" content=\"Tanti problemi di formazione per Tresoldi (out anche Fratus: guaio muscolare) in vista del match di domenica 28 con i gialloblu milanesi. Squadra sempre in attesa dei rimborsi arretrati\" \/>\n<meta property=\"og:url\" content=\"https:\/\/staging.varesenews.it\/2018\/01\/arriva-linveruno-varese-campo-superstiti\/687140\/\" \/>\n<meta property=\"og:site_name\" content=\"VareseNews\" \/>\n<meta property=\"article:publisher\" content=\"https:\/\/www.facebook.com\/varesenews\" \/>\n<meta property=\"article:published_time\" content=\"2018-01-27T09:06:28+00:00\" \/>\n<meta name=\"author\" content=\"Damiano Franzetti\" \/>\n<meta name=\"twitter:card\" content=\"summary_large_image\" \/>\n<meta name=\"twitter:creator\" content=\"@damianofranz\" \/>\n<meta name=\"twitter:site\" content=\"@varesenews\" \/>\n<meta name=\"twitter:label1\" content=\"Scritto da\" \/>\n\t<meta name=\"twitter:data1\" content=\"Damiano Franzetti\" \/>\n\t<meta name=\"twitter:label2\" content=\"Tempo di lettura stimato\" \/>\n\t<meta name=\"twitter:data2\" content=\"3 minuti\" \/>\n<script type=\"application\/ld+json\" class=\"yoast-schema-graph\">{\"@context\":\"https:\/\/schema.org\",\"@graph\":[{\"@type\":\"WebPage\",\"@id\":\"https:\/\/staging.varesenews.it\/2018\/01\/arriva-linveruno-varese-campo-superstiti\/687140\/\",\"url\":\"https:\/\/staging.varesenews.it\/2018\/01\/arriva-linveruno-varese-campo-superstiti\/687140\/\",\"name\":\"Arriva l'Inveruno, Varese in campo con i \\\"superstiti\\\"\",\"isPartOf\":{\"@id\":\"https:\/\/staging.varesenews.it\/#website\"},\"datePublished\":\"2018-01-27T09:06:28+00:00\",\"dateModified\":\"2018-01-27T09:06:28+00:00\",\"author\":{\"@id\":\"https:\/\/staging.varesenews.it\/#\/schema\/person\/709ae3769f6b4dbde8ec332baede8a5b\"},\"description\":\"Tanti problemi di formazione per Tresoldi (out anche Fratus: guaio muscolare) in vista del match di domenica 28 con i gialloblu milanesi. Squadra sempre in attesa dei rimborsi arretrati\",\"breadcrumb\":{\"@id\":\"https:\/\/staging.varesenews.it\/2018\/01\/arriva-linveruno-varese-campo-superstiti\/687140\/#breadcrumb\"},\"inLanguage\":\"it-IT\",\"potentialAction\":[{\"@type\":\"ReadAction\",\"target\":[\"https:\/\/staging.varesenews.it\/2018\/01\/arriva-linveruno-varese-campo-superstiti\/687140\/\"]}]},{\"@type\":\"BreadcrumbList\",\"@id\":\"https:\/\/staging.varesenews.it\/2018\/01\/arriva-linveruno-varese-campo-superstiti\/687140\/#breadcrumb\",\"itemListElement\":[{\"@type\":\"ListItem\",\"position\":1,\"name\":\"Home\",\"item\":\"https:\/\/www.varesenews.it\/\"},{\"@type\":\"ListItem\",\"position\":2,\"name\":\"Arriva l&#8217;Inveruno, Varese in campo con i &#8220;superstiti&#8221;\"}]},{\"@type\":\"WebSite\",\"@id\":\"https:\/\/staging.varesenews.it\/#website\",\"url\":\"https:\/\/staging.varesenews.it\/\",\"name\":\"VareseNews\",\"description\":\"\",\"potentialAction\":[{\"@type\":\"SearchAction\",\"target\":{\"@type\":\"EntryPoint\",\"urlTemplate\":\"https:\/\/staging.varesenews.it\/?s={search_term_string}\"},\"query-input\":\"required name=search_term_string\"}],\"inLanguage\":\"it-IT\"},{\"@type\":\"Person\",\"@id\":\"https:\/\/staging.varesenews.it\/#\/schema\/person\/709ae3769f6b4dbde8ec332baede8a5b\",\"name\":\"Damiano Franzetti\",\"image\":{\"@type\":\"ImageObject\",\"inLanguage\":\"it-IT\",\"@id\":\"https:\/\/staging.varesenews.it\/#\/schema\/person\/image\/\",\"url\":\"https:\/\/staging.varesenews.it\/wp-content\/uploads\/2020\/12\/damiano_franzetti_colori_500.jpg\",\"contentUrl\":\"https:\/\/staging.varesenews.it\/wp-content\/uploads\/2020\/12\/damiano_franzetti_colori_500.jpg\",\"caption\":\"Damiano Franzetti\"},\"description\":\"Classe 1976, una laurea (nel cassetto) in scienze e tecnologie alimentari; sono giornalista professionista dal 2009 nato e cresciuto con VareseNews dove mi occupo soprattutto di sport ormai da vent&rsquo;anni. Inviato sui campi (sulle piste, sulle strade...), intervistatore, coordinatore e responsabile delle pagine sportive, mi ritaglio volentieri lo spazio per scrivere di birra sul blog Malto Gradimento. Ho seguito innumerevoli campionati di Serie A di basket, di serie B di calcio, due Mondiali di ciclismo, qualche Giro d&rsquo;;Italia e tanto altro ancora. Collaboro con Tuttosport e altre testate, mi diletto di social. Ho una moglie, un figlio, vivo nella mia Gemonio e ho purtroppo smesso con il basket giocato. &nbsp;\",\"sameAs\":[\"damianofranz\",\"https:\/\/www.linkedin.com\/profile\/view?id=241597124&trk=nav_responsive_tab_profile\",\"https:\/\/twitter.com\/damianofranz\"],\"url\":\"https:\/\/staging.varesenews.it\/persona\/damiano_franzetti-2\/\"}]}<\/script>\n<!-- \/ Yoast SEO plugin. -->","yoast_head_json":{"title":"Arriva l'Inveruno, Varese in campo con i \"superstiti\"","description":"Tanti problemi di formazione per Tresoldi (out anche Fratus: guaio muscolare) in vista del match di domenica 28 con i gialloblu milanesi. Squadra sempre in attesa dei rimborsi arretrati","robots":{"index":"noindex","follow":"follow","max-snippet":"max-snippet:-1","max-image-preview":"max-image-preview:large","max-video-preview":"max-video-preview:-1"},"og_locale":"it_IT","og_type":"article","og_title":"Arriva l'Inveruno, Varese in campo con i \"superstiti\"","og_description":"Tanti problemi di formazione per Tresoldi (out anche Fratus: guaio muscolare) in vista del match di domenica 28 con i gialloblu milanesi. Squadra sempre in attesa dei rimborsi arretrati","og_url":"https:\/\/staging.varesenews.it\/2018\/01\/arriva-linveruno-varese-campo-superstiti\/687140\/","og_site_name":"VareseNews","article_publisher":"https:\/\/www.facebook.com\/varesenews","article_published_time":"2018-01-27T09:06:28+00:00","author":"Damiano Franzetti","twitter_card":"summary_large_image","twitter_creator":"@damianofranz","twitter_site":"@varesenews","twitter_misc":{"Scritto da":"Damiano Franzetti","Tempo di lettura stimato":"3 minuti"},"schema":{"@context":"https:\/\/schema.org","@graph":[{"@type":"WebPage","@id":"https:\/\/staging.varesenews.it\/2018\/01\/arriva-linveruno-varese-campo-superstiti\/687140\/","url":"https:\/\/staging.varesenews.it\/2018\/01\/arriva-linveruno-varese-campo-superstiti\/687140\/","name":"Arriva l'Inveruno, Varese in campo con i \"superstiti\"","isPartOf":{"@id":"https:\/\/staging.varesenews.it\/#website"},"datePublished":"2018-01-27T09:06:28+00:00","dateModified":"2018-01-27T09:06:28+00:00","author":{"@id":"https:\/\/staging.varesenews.it\/#\/schema\/person\/709ae3769f6b4dbde8ec332baede8a5b"},"description":"Tanti problemi di formazione per Tresoldi (out anche Fratus: guaio muscolare) in vista del match di domenica 28 con i gialloblu milanesi. Squadra sempre in attesa dei rimborsi arretrati","breadcrumb":{"@id":"https:\/\/staging.varesenews.it\/2018\/01\/arriva-linveruno-varese-campo-superstiti\/687140\/#breadcrumb"},"inLanguage":"it-IT","potentialAction":[{"@type":"ReadAction","target":["https:\/\/staging.varesenews.it\/2018\/01\/arriva-linveruno-varese-campo-superstiti\/687140\/"]}]},{"@type":"BreadcrumbList","@id":"https:\/\/staging.varesenews.it\/2018\/01\/arriva-linveruno-varese-campo-superstiti\/687140\/#breadcrumb","itemListElement":[{"@type":"ListItem","position":1,"name":"Home","item":"https:\/\/www.varesenews.it\/"},{"@type":"ListItem","position":2,"name":"Arriva l&#8217;Inveruno, Varese in campo con i &#8220;superstiti&#8221;"}]},{"@type":"WebSite","@id":"https:\/\/staging.varesenews.it\/#website","url":"https:\/\/staging.varesenews.it\/","name":"VareseNews","description":"","potentialAction":[{"@type":"SearchAction","target":{"@type":"EntryPoint","urlTemplate":"https:\/\/staging.varesenews.it\/?s={search_term_string}"},"query-input":"required name=search_term_string"}],"inLanguage":"it-IT"},{"@type":"Person","@id":"https:\/\/staging.varesenews.it\/#\/schema\/person\/709ae3769f6b4dbde8ec332baede8a5b","name":"Damiano Franzetti","image":{"@type":"ImageObject","inLanguage":"it-IT","@id":"https:\/\/staging.varesenews.it\/#\/schema\/person\/image\/","url":"https:\/\/staging.varesenews.it\/wp-content\/uploads\/2020\/12\/damiano_franzetti_colori_500.jpg","contentUrl":"https:\/\/staging.varesenews.it\/wp-content\/uploads\/2020\/12\/damiano_franzetti_colori_500.jpg","caption":"Damiano Franzetti"},"description":"Classe 1976, una laurea (nel cassetto) in scienze e tecnologie alimentari; sono giornalista professionista dal 2009 nato e cresciuto con VareseNews dove mi occupo soprattutto di sport ormai da vent&rsquo;anni. Inviato sui campi (sulle piste, sulle strade...), intervistatore, coordinatore e responsabile delle pagine sportive, mi ritaglio volentieri lo spazio per scrivere di birra sul blog Malto Gradimento. Ho seguito innumerevoli campionati di Serie A di basket, di serie B di calcio, due Mondiali di ciclismo, qualche Giro d&rsquo;;Italia e tanto altro ancora. Collaboro con Tuttosport e altre testate, mi diletto di social. Ho una moglie, un figlio, vivo nella mia Gemonio e ho purtroppo smesso con il basket giocato. &nbsp;","sameAs":["damianofranz","https:\/\/www.linkedin.com\/profile\/view?id=241597124&trk=nav_responsive_tab_profile","https:\/\/twitter.com\/damianofranz"],"url":"https:\/\/staging.varesenews.it\/persona\/damiano_franzetti-2\/"}]}},"post_meta":{"_edit_lock":"1517044731:38","_edit_last":"38","_category_permalink":"a:1:{s:8:\"category\";s:2:\"14\";}","foto":"651354","argomento":"Calcio","_yoast_wpseo_content_score":"60","_jd_tweet_this":"yes","ratings_users":"0","ratings_score":"0","ratings_average":"0","_wpt_short_url":"http:\/\/www.varesenews.it\/2018\/01\/arriva-linveruno-varese-campo-superstiti\/687140\/","_wp_jd_target":"http:\/\/www.varesenews.it\/2018\/01\/arriva-linveruno-varese-campo-superstiti\/687140\/","_jd_wp_twitter":"a:1:{i:0;s:163:\"Arriva l\u2019Inveruno, Varese in campo con i \u201csuperstiti\u201d http:\/\/www.varesenews.it\/2018\/01\/arriva-linveruno-varese-campo-superstiti\/687140\/ #calcio #varesecalcio\";}","_wpt_status_message":"Tweet inviato con successo."},"photos":[{"original":"https:\/\/staging.varesenews.it\/photogallery_new\/images\/2018\/01\/varese-borgaro-651354.jpg","full":"https:\/\/staging.varesenews.it\/photogallery_new\/images\/2018\/01\/varese-borgaro-651354.1024x768.jpg","large":"https:\/\/staging.varesenews.it\/photogallery_new\/images\/2018\/01\/varese-borgaro-651354.610x431.jpg"}],"_links":{"self":[{"href":"https:\/\/staging.varesenews.it\/swgapi\/v1\/wp\/v2\/posts\/687140"}],"collection":[{"href":"https:\/\/staging.varesenews.it\/swgapi\/v1\/wp\/v2\/posts"}],"about":[{"href":"https:\/\/staging.varesenews.it\/swgapi\/v1\/wp\/v2\/types\/post"}],"author":[{"embeddable":true,"href":"https:\/\/staging.varesenews.it\/swgapi\/v1\/wp\/v2\/users\/38"}],"replies":[{"embeddable":true,"href":"https:\/\/staging.varesenews.it\/swgapi\/v1\/wp\/v2\/comments?post=687140"}],"version-history":[{"count":0,"href":"https:\/\/staging.varesenews.it\/swgapi\/v1\/wp\/v2\/posts\/687140\/revisions"}],"wp:attachment":[{"href":"https:\/\/staging.varesenews.it\/swgapi\/v1\/wp\/v2\/media?parent=687140"}],"wp:term":[{"taxonomy":"category","embeddable":true,"href":"https:\/\/staging.varesenews.it\/swgapi\/v1\/wp\/v2\/categories?post=687140"},{"taxonomy":"post_tag","embeddable":true,"href":"https:\/\/staging.varesenews.it\/swgapi\/v1\/wp\/v2\/tags?post=687140"}],"curies":[{"name":"wp","href":"https:\/\/api.w.org\/{rel}","templated":true}]}}