{"id":687659,"date":"2018-01-29T17:49:33","date_gmt":"2018-01-29T16:49:33","guid":{"rendered":"http:\/\/www.varesenews.it\/?p=687659"},"modified":"2018-01-29T17:49:57","modified_gmt":"2018-01-29T16:49:57","slug":"marino-lancia-gente-jerago-orago","status":"publish","type":"post","link":"https:\/\/staging.varesenews.it\/2018\/01\/marino-lancia-gente-jerago-orago\/687659\/","title":{"rendered":"Marino lancia &#8220;Gente di Jerago con Orago&#8221;"},"content":{"rendered":"<p>Parte la sfida di <strong>&#8220;Gente di Jerago con Orago&#8221;<\/strong>, la lista civica che si propone come alternativa al gruppo di Giorgio Ginelli.<\/p>\n<p><a href=\"http:\/\/www.varesenews.it\/wp-content\/uploads\/2018\/01\/gente-di-jerago.jpg\"><img loading=\"lazy\" decoding=\"async\" class=\"alignleft wp-image-687674\" src=\"http:\/\/www.varesenews.it\/wp-content\/uploads\/2018\/01\/gente-di-jerago.jpg\" alt=\"\" width=\"349\" height=\"350\" srcset=\"https:\/\/staging.varesenews.it\/wp-content\/uploads\/2018\/01\/gente-di-jerago.jpg 400w, https:\/\/staging.varesenews.it\/wp-content\/uploads\/2018\/01\/gente-di-jerago-150x150.jpg 150w, https:\/\/staging.varesenews.it\/wp-content\/uploads\/2018\/01\/gente-di-jerago-300x300.jpg 300w\" sizes=\"(max-width: 349px) 100vw, 349px\" \/><\/a>A capitanarla c&#8217;\u00e8 <strong>Salvatore Marino<\/strong>, esponente locale di Fratelli d&#8217;Italia, assessore uscente, che ha <a href=\"http:\/\/www.varesenews.it\/2018\/01\/jerago-centrodestra-si-divide-due-marino-sfida-aliverti\/683243\/\">rimesso le deleghe dieci giorni fa e ora guida un gruppo articolato<\/a>. Alla presentazione era affiancato da <strong>Andrea Panfili<\/strong> degli Indipendenti cattolici (\u00abnipote dell\u2019arcivescovo di Milano Mario Delpini\u00bb, ha fatto notare Marino nella presentazione) e l\u2019ingegner <strong>Gianluca Rabuffetti<\/strong> , \u00abvicesegretario della sezione della Lega locale\u00bb.<\/p>\n<p>Insomma, una lista civica che guarda al mondo del centrodestra ma che sio presenta come alternativa alla candidatura di<a href=\"http:\/\/www.varesenews.it\/2018\/01\/aliverti-raccoglie-testimone-ginelli-pronto-paese\/685716\/\"> Emilio Aliverti<\/a>, che si presenta in continuit\u00e0 con l&#8217;esperienza fatta fin qui nei dieci anni di amministrazione Ginelli. &#8220;Gente di Jerago con Orago&#8221;<strong> parte dall&#8217;area di centrodestra ma promette un approccio da lista civica al 100%<\/strong>: \u00abse saremo chiamati a governare questo nostro amato paese <strong>non ci sara\u0300 luogo dove non spalleggeremo la causa del nostro comune\u00bb<\/strong> dice Marino. \u00abNon ci fermeremo davanti a nulla e salteremo tutti gli ostacoli negl\u2019interessi degli Ieraghesi e degli Oraghesi. Jerago con Orago ha bisogno ancora di molto e saremo pronti a sostenere tutte le associazioni che sono il motore di questo paese, ritorneremo ad avere un rapporto sereno con le parrocchie, ascolteremo tutti i cittadini che ci daranno anche semplici consigli perche\u0301 il paese e\u0300 il loro e io &#8211; ha concluso Marino &#8211; non ho intenzione di fare ne\u0301 il padrone ne\u0301 il re, ma il Sindaco per servire la gente del mio paese senza altri fini spendendomi con questo progetto per il bene di tutti\u00bb.<\/p>\n<p><strong>E il programma?<\/strong> Marino e i suoi promettono <strong>una fase di ascolto e partecipazione.<\/strong> \u00abNelle prossime settimane e fino alla presentazione delle liste incontreremo tutti quelli che vorranno contribuire alla <strong>realizzazione di un paese nuovo<\/strong> dove i cittadini si sentano sempre di piu\u0300 a casa loro dove l<strong>a qualita\u0300 della vita torni a farla da padrone\u00bb<\/strong> ha spiegato Marino durante la presentazione della civica.<\/p>\n<p>Dunque la corsa per le amministrative (la data non \u00e8 ancora fissata, sar\u00e0 probabilmente a fine primavera) si presenta gi\u00e0 oggi con due diverse candidature certe, Marino e Aliverti. Il <a href=\"http:\/\/www.varesenews.it\/2018\/01\/la-frattura-nella-squadra-ginelli-lopposizione-prepara-la-sua-alternativa\/684547\/\">centrosinistra si \u00e8 messo in moto<\/a> ma non ha ancora messo sul tavolo le sue carte.<\/p>\n","protected":false},"excerpt":{"rendered":"<p>Con lui gli &#8220;Indipendenti cattolici&#8221; Andrea Panfili  e Gianluca Rabuffetti della Lega. &#8220;Saremo una civica vera: ovunque spalleggeremo la causa del nostro paese&#8221;<\/p>\n","protected":false},"author":46,"featured_media":0,"comment_status":"open","ping_status":"open","sticky":false,"template":"","format":"standard","meta":{"footnotes":""},"categories":[3],"tags":[82562],"acf":[],"yoast_head":"<!-- This site is optimized with the Yoast SEO plugin v20.1 - https:\/\/yoast.com\/wordpress\/plugins\/seo\/ -->\n<title>Marino lancia &quot;Gente di Jerago con Orago&quot;<\/title>\n<meta name=\"description\" content=\"Con lui gli &quot;Indipendenti cattolici&quot; Andrea Panfili e Gianluca Rabuffetti della Lega. &quot;Saremo una civica vera: ovunque spalleggeremo la causa del nostro paese&quot;\" \/>\n<meta name=\"robots\" content=\"noindex, follow, max-snippet:-1, max-image-preview:large, max-video-preview:-1\" \/>\n<meta property=\"og:locale\" content=\"it_IT\" \/>\n<meta property=\"og:type\" content=\"article\" \/>\n<meta property=\"og:title\" content=\"Marino lancia &quot;Gente di Jerago con Orago&quot;\" \/>\n<meta property=\"og:description\" content=\"Con lui gli &quot;Indipendenti cattolici&quot; Andrea Panfili e Gianluca Rabuffetti della Lega. &quot;Saremo una civica vera: ovunque spalleggeremo la causa del nostro paese&quot;\" \/>\n<meta property=\"og:url\" content=\"https:\/\/staging.varesenews.it\/2018\/01\/marino-lancia-gente-jerago-orago\/687659\/\" \/>\n<meta property=\"og:site_name\" content=\"VareseNews\" \/>\n<meta property=\"article:publisher\" content=\"https:\/\/www.facebook.com\/varesenews\" \/>\n<meta property=\"article:published_time\" content=\"2018-01-29T16:49:33+00:00\" \/>\n<meta property=\"article:modified_time\" content=\"2018-01-29T16:49:57+00:00\" \/>\n<meta property=\"og:image\" content=\"http:\/\/www.varesenews.it\/wp-content\/uploads\/2018\/01\/gente-di-jerago.jpg\" \/>\n<meta name=\"author\" content=\"Roberto Morandi\" \/>\n<meta name=\"twitter:card\" content=\"summary_large_image\" \/>\n<meta name=\"twitter:creator\" content=\"@ilmorands\" \/>\n<meta name=\"twitter:site\" content=\"@varesenews\" \/>\n<meta name=\"twitter:label1\" content=\"Scritto da\" \/>\n\t<meta name=\"twitter:data1\" content=\"Roberto Morandi\" \/>\n\t<meta name=\"twitter:label2\" content=\"Tempo di lettura stimato\" \/>\n\t<meta name=\"twitter:data2\" content=\"2 minuti\" \/>\n<script type=\"application\/ld+json\" class=\"yoast-schema-graph\">{\"@context\":\"https:\/\/schema.org\",\"@graph\":[{\"@type\":\"WebPage\",\"@id\":\"https:\/\/staging.varesenews.it\/2018\/01\/marino-lancia-gente-jerago-orago\/687659\/\",\"url\":\"https:\/\/staging.varesenews.it\/2018\/01\/marino-lancia-gente-jerago-orago\/687659\/\",\"name\":\"Marino lancia \\\"Gente di Jerago con Orago\\\"\",\"isPartOf\":{\"@id\":\"https:\/\/staging.varesenews.it\/#website\"},\"datePublished\":\"2018-01-29T16:49:33+00:00\",\"dateModified\":\"2018-01-29T16:49:57+00:00\",\"author\":{\"@id\":\"https:\/\/staging.varesenews.it\/#\/schema\/person\/efe592ae4c76536b551f89d8b6674bc3\"},\"description\":\"Con lui gli \\\"Indipendenti cattolici\\\" Andrea Panfili e Gianluca Rabuffetti della Lega. \\\"Saremo una civica vera: ovunque spalleggeremo la causa del nostro paese\\\"\",\"breadcrumb\":{\"@id\":\"https:\/\/staging.varesenews.it\/2018\/01\/marino-lancia-gente-jerago-orago\/687659\/#breadcrumb\"},\"inLanguage\":\"it-IT\",\"potentialAction\":[{\"@type\":\"ReadAction\",\"target\":[\"https:\/\/staging.varesenews.it\/2018\/01\/marino-lancia-gente-jerago-orago\/687659\/\"]}]},{\"@type\":\"BreadcrumbList\",\"@id\":\"https:\/\/staging.varesenews.it\/2018\/01\/marino-lancia-gente-jerago-orago\/687659\/#breadcrumb\",\"itemListElement\":[{\"@type\":\"ListItem\",\"position\":1,\"name\":\"Home\",\"item\":\"https:\/\/www.varesenews.it\/\"},{\"@type\":\"ListItem\",\"position\":2,\"name\":\"Marino lancia &#8220;Gente di Jerago con Orago&#8221;\"}]},{\"@type\":\"WebSite\",\"@id\":\"https:\/\/staging.varesenews.it\/#website\",\"url\":\"https:\/\/staging.varesenews.it\/\",\"name\":\"VareseNews\",\"description\":\"\",\"potentialAction\":[{\"@type\":\"SearchAction\",\"target\":{\"@type\":\"EntryPoint\",\"urlTemplate\":\"https:\/\/staging.varesenews.it\/?s={search_term_string}\"},\"query-input\":\"required name=search_term_string\"}],\"inLanguage\":\"it-IT\"},{\"@type\":\"Person\",\"@id\":\"https:\/\/staging.varesenews.it\/#\/schema\/person\/efe592ae4c76536b551f89d8b6674bc3\",\"name\":\"Roberto Morandi\",\"image\":{\"@type\":\"ImageObject\",\"inLanguage\":\"it-IT\",\"@id\":\"https:\/\/staging.varesenews.it\/#\/schema\/person\/image\/\",\"url\":\"https:\/\/staging.varesenews.it\/wp-content\/uploads\/2020\/12\/roberto_morandi_colori_500.jpg\",\"contentUrl\":\"https:\/\/staging.varesenews.it\/wp-content\/uploads\/2020\/12\/roberto_morandi_colori_500.jpg\",\"caption\":\"Roberto Morandi\"},\"description\":\"Classe 1980, laureato in storia, mi occupo dell&rsquo;area di Gallarate e di Malpensa, di trasporti e mobilit&agrave;. Amo molto la dimensione della citt&agrave;, come luogo d&rsquo;incontro di persone diverse e come organismo che si trasforma costantemente. Mi piace anche raccontare le piccole e grandi vicende, anche locali, che compongono la Storia con la S maiuscola. Appassionato di bicicletta: la macchina perfetta per muoversi in citt&agrave; e per viaggiare.\",\"sameAs\":[\"https:\/\/twitter.com\/ilmorands\"],\"url\":\"https:\/\/staging.varesenews.it\/persona\/roberto-morandi1\/\"}]}<\/script>\n<!-- \/ Yoast SEO plugin. -->","yoast_head_json":{"title":"Marino lancia \"Gente di Jerago con Orago\"","description":"Con lui gli \"Indipendenti cattolici\" Andrea Panfili e Gianluca Rabuffetti della Lega. \"Saremo una civica vera: ovunque spalleggeremo la causa del nostro paese\"","robots":{"index":"noindex","follow":"follow","max-snippet":"max-snippet:-1","max-image-preview":"max-image-preview:large","max-video-preview":"max-video-preview:-1"},"og_locale":"it_IT","og_type":"article","og_title":"Marino lancia \"Gente di Jerago con Orago\"","og_description":"Con lui gli \"Indipendenti cattolici\" Andrea Panfili e Gianluca Rabuffetti della Lega. \"Saremo una civica vera: ovunque spalleggeremo la causa del nostro paese\"","og_url":"https:\/\/staging.varesenews.it\/2018\/01\/marino-lancia-gente-jerago-orago\/687659\/","og_site_name":"VareseNews","article_publisher":"https:\/\/www.facebook.com\/varesenews","article_published_time":"2018-01-29T16:49:33+00:00","article_modified_time":"2018-01-29T16:49:57+00:00","og_image":[{"url":"http:\/\/www.varesenews.it\/wp-content\/uploads\/2018\/01\/gente-di-jerago.jpg"}],"author":"Roberto Morandi","twitter_card":"summary_large_image","twitter_creator":"@ilmorands","twitter_site":"@varesenews","twitter_misc":{"Scritto da":"Roberto Morandi","Tempo di lettura stimato":"2 minuti"},"schema":{"@context":"https:\/\/schema.org","@graph":[{"@type":"WebPage","@id":"https:\/\/staging.varesenews.it\/2018\/01\/marino-lancia-gente-jerago-orago\/687659\/","url":"https:\/\/staging.varesenews.it\/2018\/01\/marino-lancia-gente-jerago-orago\/687659\/","name":"Marino lancia \"Gente di Jerago con Orago\"","isPartOf":{"@id":"https:\/\/staging.varesenews.it\/#website"},"datePublished":"2018-01-29T16:49:33+00:00","dateModified":"2018-01-29T16:49:57+00:00","author":{"@id":"https:\/\/staging.varesenews.it\/#\/schema\/person\/efe592ae4c76536b551f89d8b6674bc3"},"description":"Con lui gli \"Indipendenti cattolici\" Andrea Panfili e Gianluca Rabuffetti della Lega. \"Saremo una civica vera: ovunque spalleggeremo la causa del nostro paese\"","breadcrumb":{"@id":"https:\/\/staging.varesenews.it\/2018\/01\/marino-lancia-gente-jerago-orago\/687659\/#breadcrumb"},"inLanguage":"it-IT","potentialAction":[{"@type":"ReadAction","target":["https:\/\/staging.varesenews.it\/2018\/01\/marino-lancia-gente-jerago-orago\/687659\/"]}]},{"@type":"BreadcrumbList","@id":"https:\/\/staging.varesenews.it\/2018\/01\/marino-lancia-gente-jerago-orago\/687659\/#breadcrumb","itemListElement":[{"@type":"ListItem","position":1,"name":"Home","item":"https:\/\/www.varesenews.it\/"},{"@type":"ListItem","position":2,"name":"Marino lancia &#8220;Gente di Jerago con Orago&#8221;"}]},{"@type":"WebSite","@id":"https:\/\/staging.varesenews.it\/#website","url":"https:\/\/staging.varesenews.it\/","name":"VareseNews","description":"","potentialAction":[{"@type":"SearchAction","target":{"@type":"EntryPoint","urlTemplate":"https:\/\/staging.varesenews.it\/?s={search_term_string}"},"query-input":"required name=search_term_string"}],"inLanguage":"it-IT"},{"@type":"Person","@id":"https:\/\/staging.varesenews.it\/#\/schema\/person\/efe592ae4c76536b551f89d8b6674bc3","name":"Roberto Morandi","image":{"@type":"ImageObject","inLanguage":"it-IT","@id":"https:\/\/staging.varesenews.it\/#\/schema\/person\/image\/","url":"https:\/\/staging.varesenews.it\/wp-content\/uploads\/2020\/12\/roberto_morandi_colori_500.jpg","contentUrl":"https:\/\/staging.varesenews.it\/wp-content\/uploads\/2020\/12\/roberto_morandi_colori_500.jpg","caption":"Roberto Morandi"},"description":"Classe 1980, laureato in storia, mi occupo dell&rsquo;area di Gallarate e di Malpensa, di trasporti e mobilit&agrave;. Amo molto la dimensione della citt&agrave;, come luogo d&rsquo;incontro di persone diverse e come organismo che si trasforma costantemente. Mi piace anche raccontare le piccole e grandi vicende, anche locali, che compongono la Storia con la S maiuscola. Appassionato di bicicletta: la macchina perfetta per muoversi in citt&agrave; e per viaggiare.","sameAs":["https:\/\/twitter.com\/ilmorands"],"url":"https:\/\/staging.varesenews.it\/persona\/roberto-morandi1\/"}]}},"post_meta":{"_edit_lock":"1517245395:46","_edit_last":"46","_category_permalink":"a:1:{s:8:\"category\";s:1:\"3\";}","ratings_users":"0","ratings_score":"0","ratings_average":"0","foto":"654389","argomento":"Jerago con Orago","_yoast_wpseo_content_score":"30","_jd_tweet_this":"yes","_wpt_short_url":"http:\/\/www.varesenews.it\/2018\/01\/marino-lancia-gente-jerago-orago\/687659\/","_wp_jd_target":"http:\/\/www.varesenews.it\/2018\/01\/marino-lancia-gente-jerago-orago\/687659\/","_jd_wp_twitter":"a:1:{i:0;s:120:\"Marino lancia \u201cGente di Jerago con Orago\u201d http:\/\/www.varesenews.it\/2018\/01\/marino-lancia-gente-jerago-orago\/687659\/ \";}","_wpt_status_message":"Tweet inviato con successo.","id_leggi_anche":"709203"},"photos":[{"original":"https:\/\/staging.varesenews.it\/photogallery_new\/images\/2018\/01\/varie-654389.jpg","full":"https:\/\/staging.varesenews.it\/photogallery_new\/images\/2018\/01\/varie-654389.1024x768.jpg","large":"https:\/\/staging.varesenews.it\/photogallery_new\/images\/2018\/01\/varie-654389.610x431.jpg"}],"_links":{"self":[{"href":"https:\/\/staging.varesenews.it\/swgapi\/v1\/wp\/v2\/posts\/687659"}],"collection":[{"href":"https:\/\/staging.varesenews.it\/swgapi\/v1\/wp\/v2\/posts"}],"about":[{"href":"https:\/\/staging.varesenews.it\/swgapi\/v1\/wp\/v2\/types\/post"}],"author":[{"embeddable":true,"href":"https:\/\/staging.varesenews.it\/swgapi\/v1\/wp\/v2\/users\/46"}],"replies":[{"embeddable":true,"href":"https:\/\/staging.varesenews.it\/swgapi\/v1\/wp\/v2\/comments?post=687659"}],"version-history":[{"count":0,"href":"https:\/\/staging.varesenews.it\/swgapi\/v1\/wp\/v2\/posts\/687659\/revisions"}],"wp:attachment":[{"href":"https:\/\/staging.varesenews.it\/swgapi\/v1\/wp\/v2\/media?parent=687659"}],"wp:term":[{"taxonomy":"category","embeddable":true,"href":"https:\/\/staging.varesenews.it\/swgapi\/v1\/wp\/v2\/categories?post=687659"},{"taxonomy":"post_tag","embeddable":true,"href":"https:\/\/staging.varesenews.it\/swgapi\/v1\/wp\/v2\/tags?post=687659"}],"curies":[{"name":"wp","href":"https:\/\/api.w.org\/{rel}","templated":true}]}}