{"id":688184,"date":"2018-02-08T18:20:01","date_gmt":"2018-02-08T17:20:01","guid":{"rendered":"http:\/\/www.varesenews.it\/?p=688184"},"modified":"2018-02-16T11:49:18","modified_gmt":"2018-02-16T10:49:18","slug":"carnevale-2018-varese-provincia","status":"publish","type":"post","link":"https:\/\/staging.varesenews.it\/2018\/02\/carnevale-2018-varese-provincia\/688184\/","title":{"rendered":"Carnevale 2018: tutti gli eventi in provincia di Varese"},"content":{"rendered":"<p>Il <strong>carnevale 2018<\/strong> \u00e8 ormai alle porte e in molti paesi del Varesotto Pro Loco, Scuole, Associazioni e amministrazioni comunali sono alle prese con <strong>i preparativi di eventi e sfilate dei carri<\/strong> allegorici.<\/p>\n<p>Ecco una <strong>raccolta dei principali eventi<\/strong> organizzati nei vari comuni del Varesotto. Nel caso ci fosse sfuggito qualcosa e <a href=\"https:\/\/docs.google.com\/forms\/d\/e\/1FAIpQLSfbR2IcnPJEhouqn0TH28aBiTm5ESpY9R7-K0viv9OxEUKrOQ\/viewform?usp=sf_link\">volete segnalarcelo potete compilare questo modulo<\/a>.<\/p>\n<h2>Albizzate carnevale 2018<\/h2>\n<p>La sfilata dei carri si terr\u00e0 il 10 febbraio (rimandato al 17 in caso di maltempo). Il ritrovo \u00e8 fissato per le 14 in piazzale Sefro con partenza alle 14.30. Come tradizione verr\u00e0 fatto il giro delle vie del paese con ritrovo finale in piazza.<\/p>\n<h2>Arcisate carnevale 2018<\/h2>\n<p>La grande sfilata di Carnevale \u00e8\u00a0 in programma sabato 17 febbraio. Si parte alle 14.00 da Brenno e si arriva al Parco Lagozza dove ci sar\u00e0 una festa con chiacchiere, animazione e clown. <a href=\"http:\/\/www.varesenews.it\/2018\/01\/sfilata-clown-chiacchiere-arriva-carnevale-arcisate\/686993\/\"><strong>IL PROGRAMMA<\/strong><\/a><\/p>\n<h2>Arsago Seprio carnevale 2018<\/h2>\n<p>Sabato 17 febbraio, dalle ore 15, a tema &#8220;animali&#8221;<\/p>\n<h2>Azzate carnevale 2018<\/h2>\n<p>Carnevale in oratorio. Domenica 11 febbraio dalle 14.30 festa in maschera con giochi, super merenda e premiazione delle maschere.<\/p>\n<h2>Besano carnevale 2018<\/h2>\n<p>Sabato 17 febbraio si festeggia in oratorio\u00a0 partire dalle 14.30 con uno spettacolo di circo-teatro, merenda e le specilit\u00e0 degli Alpini. <strong><a href=\"http:\/\/www.varesenews.it\/2018\/02\/si-prepara-la-festa-del-carnevale-besanese\/691445\/\">IL PROGRAMMA<\/a><\/strong><\/p>\n<h2>Besozzo carnevale 2018<\/h2>\n<p>Appuntamento venerd\u00ec 16 febbraio, alle 20 e 30 al Teatro Duse dove si terr\u00e0 una serata di &#8220;fantasimazione&#8221;. In programma il &#8220;Big Carnival Showtime&#8221; per un evento all&#8217;insegna dell&#8217;allegria, animazione, baby dance, photo show e tante altre sorprese. In programma anche la sfilata e il concorso per la mascherina d&#8217;oro, arrivato alla decima edizione.\u00a0Appuntamento per tutti i bambini da 0 a 11 anni (quinta elementare inclusa).<\/p>\n<h2>Besnate carnevale 2018<\/h2>\n<p>Sabato 17 febbraio si terr\u00e0 la 43esima edizione del carnevale besnatese. Il ritrovo \u00e8 fissato alle 14.30 in piazza Mazzini.<\/p>\n<h2>Bisuschio carnevale 2018<\/h2>\n<p>Sabato 17 febbraio nel pomeriggio, sfilata per le vie del paese e festa all&#8217;oratorio. Animazione, giochi e grande conclusione con il fal\u00f2. <a href=\"http:\/\/www.varesenews.it\/2018\/02\/sfilata-musica-falo-carnevale-2018\/688969\/\"><strong> IL PROGRAMMA<\/strong><\/a><\/p>\n<h2>Bregano carnevale 2018<\/h2>\n<p>Informazioni da aggiornare<\/p>\n<h2>Brenta carnevale 2018<\/h2>\n<p>Domenica 11 alle 11.30 grande polentata in piazza con polenta zona e salamini a offerta libera. Al pomeriggio, al parco pubblico carnevale dei bambini in maschera giochi con i ragazzi dell\u2019oratorio.<\/p>\n<h2>Brusimpiano carnevale 2018<\/h2>\n<p>Sabato 17 febbraio risottata in piazza Lago e una serata danzante in maschera. <a href=\"http:\/\/www.varesenews.it\/2018\/02\/risottata-carnevale-riva-al-lago\/689725\/\"><strong>IL PROGRAMMA<\/strong><\/a><\/p>\n<h2>Busto Arsizio carnevale 2018<\/h2>\n<p>Domenica 11 febbraio in piazza San Giovanni (in caso di maltempo nella sala conferenze del Museo del tessile) Consegna delle chiavi alle Maschere della Citt\u00e0 &#8211; Servizio temporaneo filatelico con timbro speciale con Annullo Postale dedicato alla maschera cittadina. Gioved\u00ec 15 febbraio (15-18) al Museo del tessile &#8220;Calze pazze!&#8221; <a href=\"https:\/\/it.wikipedia.org\/wiki\/Carnevale\">Carnevale <\/a>\u00e8 la festa dei travestimenti e delle trasformazioni! Portate con voi una vecchia calza che non usate pi\u00f9: le daremo una nuova vita \u201cvestendola\u201d con stoffe e nastri colorati\u2026 che personaggio diventer\u00e0? Venerd\u00ec 16 febbraio (15-18) sempre al Museo del Tessile &#8220;Gi\u00f9 la maschera!&#8221; La maschera bustocca compie oggi 35 anni\u2026 e ne ha fatta di strada! Sbirciamo nel suo valigione e conosciamo la sua storia. Poi, nel laboratorio, divertiamoci con stoffe e tessuti! Sabato 17 febbraio dalle 15 sfilata dei carri allegorici. Ore 21,30 Silent Disco al Museo del tessile.<\/p>\n<h2>Cairate carnevale 2018<\/h2>\n<p>Tema: &#8220;Il treno&#8221;. Partenza dalla parrocchiale alle 14. &#8220;Biglietti&#8221; (gratuiti) dagli animatori in oratorio sabato e domenica prossima.<\/p>\n<h2>Cantello carnevale 2018<\/h2>\n<p>Sabato 17 febbraio appuntamento alle 14 in piazza De Gasperi da dove partir\u00e0 la sfilata di carri e mascherine. Alle 20 si cena in Oratorio a Gaggiolo.<a href=\"http:\/\/www.varesenews.it\/2018\/02\/sabato-la-22-edizione-del-carnevale-degli-oratori\/691338\/\"><strong> Il programma<\/strong><\/a><\/p>\n<h2>Cardano al Campo carnevale 2018<\/h2>\n<p>Sfilata il 17 febbraio<\/p>\n<h2>Caronno Varesino carnevale 2018<\/h2>\n<p>Domenica 11 febbraio dalle ore 14, i genitori della la Scuola Materna Parrocchiale insieme agli educatori dell&#8217;Oratorio S. Giovanni Bosco con l&#8217;aiuto della comunit\u00e0 civile, organizzano la sfilata dei carri allegorici che avr\u00e0 come punto di ritrovo il cortile della scuola materna (in Via Guglielmo Marconi 6) per accogliere tutte le maschere e non. La sfilata proceder\u00e0 per le vie del paese attraversando anche la frazione di Travaino, per poi procedere tutti insieme nel cortile dell&#8217;oratorio S. Giovanni Bosco (in Via Garibaldi 7) per festeggiare insieme. In caso di maltempo si rimanda a sabato 17 sempre ore 14.<\/p>\n<h2>Casorate Sempione carnevale 2018<\/h2>\n<p>Domenica 11 febbraio, alle 14, sfilata in paese. In caso di pioggia si rinvia al sabato grasso (17)<\/p>\n<h2>Cassano Magnago carnevale 2018<\/h2>\n<p>In programma l&#8217;11 febbraio alle 15 la sfilata dei carri e delle maschere allegoriche. Il tema scelto quest&#8217;anno \u00e8 &#8220;tutto su Pinocchio&#8221;, con ben sette carri originali. <a href=\"http:\/\/www.varesenews.it\/2018\/02\/pinocchio-protagonista-nel-carnevale-cassano\/689424\/\" target=\"_blank\" rel=\"noopener\">Qui alcune anticipazioni<\/a>.<\/p>\n<h2>Castronno carnevale 2018<\/h2>\n<p>Domenica 11 febbraio scatta l\u2019ora X per il <a href=\"http:\/\/www.varesenews.it\/2018\/01\/carri-tornano-sfilare-carnevale-castronnese\/687430\/\">carnevale Castronnese<\/a> 2018. Come ogni anno anche per questa edizione sar\u00e0 il frutto dell\u2019impegno della scuola materna e del gruppo Smile in collaborazione con l\u2019oratorio, gli alpini e i pittori e il patrocinio del Comune. L\u2019appuntamento \u00e8 alle 14.30 al parcheggio delle scuole per la partenza della sfilata dei carri. Al termine della giornata la maschera migliore sar\u00e0 premiata in oratorio. In caso di maltempo la sfilata sar\u00e0 rinviata al 17 febbraio.<div class=\"photo-inside-post\"><img decoding=\"async\" loading=\"lazy\" fetchpriority=\"low\" width=\"610\" height=\"431\" src=\"https:\/\/staging.varesenews.it\/photogallery_new\/images\/2017\/03\/caricamento-temporaneo-per-contributo-9vm94bt2k3-596676.610x431.jpg\" alt=\"Il carnevale di Castronno\"><\/div><\/p>\n<h2>Cavaria con Premezzo carnevale 2018<\/h2>\n<p>Non sono previste sfilate<\/p>\n<h2>Caravate carnevale 2018<\/h2>\n<p>Festa per i pi\u00f9 piccoli all&#8217;oratorio, nella giornata di sabato 10 febbraio, dalle 14 e 30. Giochi, animazione e merenda.<\/p>\n<h2>Cittiglio carnevale 2018<\/h2>\n<p>Festa di Carnevale all&#8217;Oratorio San Giovanni Boschi. Alle 18 Santa Messa, alle 19 piazza party e patatine (al costo di 7 euro sia adulti che bambini). A seguire animazione e sfilata in maschera a cura del Gruppo Giovani.<\/p>\n<h2>Clivio carnevale 2018<\/h2>\n<p>Domenica 11 febbraio, a partire dalle 11,30 in piazza Mario Scarpazza,\u00a0si potr\u00e0 gustare il\u00a0risotto alla Cuc\u00f9 con l&#8217;associazione Amici dello Stalett. <a href=\"http:\/\/www.varesenews.it\/2018\/02\/carnevale-2018-clivio\/689339\/\"><strong>LEGGI IL PROGRAMMA<\/strong><\/a><\/p>\n<h2>Comabbio carnevale 2018<\/h2>\n<p>Cartoni animati, film e serie tv saranno i protagonisti del carnevale di Comabbio. Questo, infatti, \u00e8 il tema scelto dalla Pro Loco per la festa di quest\u2019anno. L\u2019appuntamento in maschera \u00e8 per sabato 17 febbraio alle 14.30 in piazza Marconi per la partenza della sfilata nelle vie del paese. La premiazione avverr\u00e0 al parco Pur\u00e0a.<\/p>\n<h2>Cuveglio carnevale 2018<\/h2>\n<p>Sabato 10 Febbraio 2018 &#8211; Cuvio e Cuveglio assieme per la grande sfilata di Valle organizzata dalle Proloco con Carri allegorici e gruppi mascherati in partenza da Valcuvia Shops di Cuveglio con arrivo al parco di Cuvio.<\/p>\n<h2>Cuvio carnevale 2018<\/h2>\n<p>Sabato 10 Febbraio 2018 &#8211; Cuvio e Cuveglio assieme per la grande sfilata di Valle organizzata dalle Proloco con Carri allegorici e gruppi mascherati in partenza da Valcuvia Shops di Cuveglio con arrivo al parco di Cuvio.<\/p>\n<h2>Fagnano Olona carnevale 2018<\/h2>\n<p>Il 17 febbraio ci sar\u00e0 una sfilata per le vie del paese che si concluder\u00e0 con un momento di festa in piazza Alfredo di Dio, animato con balli dagli animatori dell\u2019oratorio<\/p>\n<h2>Ferrera di Varese\u00a0carnevale 2018<\/h2>\n<p>Il carnevale dell&#8217;Asilo: dalle 14.30 presso la sala della protezione civile, animazione, truccabimbi e merenda. Tutti i bimbi invitati per un pomeriggio insieme<\/p>\n<h2>Gallarate carnevale 2018<\/h2>\n<p>Tutto pronto per il GallCarnaval, <a href=\"http:\/\/goo.gl\/PCxrU4\" target=\"_blank\" rel=\"noopener\">qui trovate la locandina del Carnevale 2018<\/a> con il programma completo.<\/p>\n<h2>Galliate Lombardo carnevale 2018<\/h2>\n<p>Galliate Lombardo \u00e8 un piccolo paese ma nel pomeriggio di sabato 17 febbraio, troverete un mondo di maschere (<a href=\"http:\/\/www.varesenews.it\/2018\/02\/galliate-in-maschera\/689172\/\">QUI IL PROGRAMMA<\/a>)<\/p>\n<h2>Gavirate carnevale 2018<\/h2>\n<p>Alle ore 14,30 dell&#8217;11 febbraio sfilata per le vie del Centro Storico della cittadina la 38\u00b0 edizione del Carnevale Gaviratese 2017. Con partenza dal piazzale delle Scuole Elementari, la sfilata proseguir\u00e0 per le vie Cavallotti, Garibaldi, XXV Aprile e IV Novembre rendendo omaggio a Re Scartozz, alla Regina Elena ed a tutta la Corte presenti in Piazza Mercato. Ingresso \u00e8 libero. Info Tel. 0332 744.707<\/p>\n<h2>Gazzada Schianno carnevale 2018<\/h2>\n<p>Sabato 17 febbraio alle 14.30 \u00e8 prevista la festa di carnevale in piazza Galvaligi. Ci saranno gonfiabili, animazione, giochi, merenda e premi per le maschere pi\u00f9 originali. In caso di pioggia la festa sar\u00e0 annullata.<\/p>\n<h2>Golasecca carnevale 2018<\/h2>\n<p>Festa di Carnevale sabato 17 febbraio organizzato da Pro Loco e Comune. Ritrovo alle 14 al piazzale delle scuole, arrivo in piazza con stand gastronomico e musica della banda alle 16 spettacolo di intrattenimento per grandi e piccini.<\/p>\n<h2>Gorla Minore carnevale 2018<\/h2>\n<p>Sfilata dei carri domenica 11 febbraio (o in caso di maltempo il giorno 17\/2). La\u00a0 partenza \u00e8 fissata alle ore 14.30 dalla mensa delle scuole elementari &#8211; via Matteotti altezza Parco Durini.<\/p>\n<h2>Induno Olona carnevale 2018<\/h2>\n<p>Festa per tutti i bambini, sabato 10 febbraio alle 15 nei giardini di Villa Bianchi. <a href=\"http:\/\/www.varesenews.it\/2018\/02\/carnevale-fortunello-caramella\/689386\/\"><strong>IL PROGRAMMA<\/strong><\/a><\/p>\n<h2>Ispra carnevale 2018<\/h2>\n<p>Domenica 18 febbraio, dalle 14 prende il via la sfilata dei carri allegorici e dei gruppi mascherati. Aprir\u00e0 la sfilata la Corte di Re Scartozz! Ci saranno anche chiacchiere, salamelle e patatine! Strade chiuse: via Banetti, via Piave, via Marconi<\/p>\n<h2>Lavena Ponte Tresa carnevale 2018<\/h2>\n<p>Doppio appuntamento per il Carnevale Tresiano. Sabato 10 febbraio un&#8217;intera giornata tra mascherine, carri e stand gastronomico in piazza don Attilio Sangiorgio, con serata danzante in maschera al Salone Polivalente. Marted\u00ec 13 febbraio sfilata dei carri a Lavena, dal parco Hirshom a pizza Europa. <a href=\"http:\/\/www.varesenews.it\/2018\/02\/carnevale-2018-lavena-ponte-tresa\/688688\/\"><strong>IL PROGRAMMA\u00a0<\/strong><\/a><\/p>\n<h2>Laveno Mombello carnevale 2018<\/h2>\n<p>Domenica 11 febbraio l&#8217;Oratorio del Ponte organizza la 26esima edizione del concorso il &#8220;Coriandolo d&#8217;oro&#8221; e il Carnevale dei bambini. Appuntamento dalle 14 e 30 all&#8217;Oratorio. Giochi e animazione per tutti, la mascherina pi\u00f9 bella verr\u00e0 premiata.<\/p>\n<p>Sabato 17 febbraio continuano i festeggiamenti con il Carnevale Mombellese. Appuntamento in piazza Santo Stefano, a Mombello, dalle 12 con il polenta, salamini, lenticchie e gorgonzola. Alle 14 e 30 ci sar\u00e0 l&#8217;arrivo del Bortolo Chiuchet scortato dalle mascherine, seguir\u00e0 poi il tradizionale discorso alla cittadinanza. A seguire festa con ospiti Claudio Madia, presentatore dll&#8217;Albero Azzurro e con il clown Nicola Brunini di Italia&#8217;s Go Talent. Alle 16 si terr\u00e0 la premiazione della mascherina e mascherona pi\u00f9 bella mentre alle 16 e 45 si terr\u00e0 la condanna del Bortolo Chiuchet con corteo al campo dell&#8217;Oratorio.<\/p>\n<p>In caso di maltempo la festa si terr\u00e0 all&#8217;Oratorio e la distribuzione della polenta all&#8217;Oratorio.<\/p>\n<h2>Lonate Pozzolo carnevale 2018<\/h2>\n<p>Sfilata il 17 febbraio<\/p>\n<h2>Maccagno con Pino e Veddasca carnevale 2018<\/h2>\n<p>Sabato 17 febbraio ore 10.30 ritrovo alla Gabella, segue sbarco dell&#8217;Imperatore Ottone I al Lungolago Girardi e partenza del corteo per raggiungere piazza Vittorio Veneto. 11.30 corteo imperiale, 12.30 risotto e luganega. Ore 14 animazione, alle 15.00 sfilata e omaggio alle mascherine. In caso di maltempo la manifestazione si terr\u00e0 presso l&#8217;oratorio di Maccagno<\/p>\n<h2>Malnate carnevale 2018<\/h2>\n<p>Festa in piazza delle Tessitrici il 17 febbraio dalle ore 14.30 con animazione, musica, truccabimbi e premio per la miglior maschera<\/p>\n<h2>Marnate carnevale 2018<\/h2>\n<p>Sfilata l&#8217;11 febbraio con ritrovo all&#8217;oratorio San Luigi di Marnate alle 14,30, partenza sfilata alle 15 con arrivo all&#8217;oratorio San Filippo di Nizzolina. Giochi, merenda e preghiera alle 16. Ore 20 cena in condivisione (ognuno porta qualcosa) all&#8217;oratorio San Luigi di Marnate.<\/p>\n<h2>Marzio carnevale 2018<\/h2>\n<p>La festa, con le mascherine e la bandella, \u00e8 in programma sabato 10 febbraio. Appuntamento alle 14 in piazza Berini. <a href=\"http:\/\/www.varesenews.it\/2018\/02\/carnevale-la-bandella-le-mascherine\/690102\/\"><strong>IL PROGRAMMA<\/strong><\/a><\/p>\n<h2>Mercallo carnevale 2018<\/h2>\n<p>sabato 17, dalle 14.30 sfilata di carri allegorici per le vie del paese: il ritrovo \u00e8 in via\u00a0Prandoni.<br \/>\nAlla fine chiacchiere tortelli e cioccolata per tutti.<\/p>\n<h2>Morazzone carnevale 2018<\/h2>\n<p>Il carnevale a Morazzone arriva domenica 11 febbraio con la tradizionale sfilata in maschera e carri allegorici per le vie del paese. Il ritrovo \u00e8 previsto alle 14 al piazzale dell\u2019oratorio per poi partire alle 14.30. Mente l\u2019arrivo \u00e8 previsto sempre in oratorio. Un altro momento di festa \u00e8 previsto per il gioved\u00ec grasso del 15 febbraio con la sfilata serale. Il ritrovo \u00e8 al piazzale delle scuole medie alle 20, alle 20.30 \u00e8 fissata la partenza con la sfilata fino al piazzale del campo sportivo. Al termine pasta e vin brul\u00e9 offerti dalla Pro Loco e dagli alpini.<\/p>\n<h2>Montegrino Valtravaglia carnevale 2018<\/h2>\n<p>La pro loco di Montegrino Valtravaglia organizza per sabato 17 febbraio dalle ore 16.15 presso il teatro di Montegrino, animazione, chiacchiere, cioccolata calda, panino con salamino e birra. Dalle 18.30 sfilata serale mascherata per le vie del paese, a seguire rientro a teatro con gnoccata e intrattenimento musicale dalle 19,30.<\/p>\n<h2>Porto Ceresio carnevale 2018<\/h2>\n<p>La 41esima edizione del Carnevale Ceresino si svolge sabato 10 e domenica 11 febbraio. Sabato 10 la sfilata dei carri sar\u00e0 anticipata dal Carnevale dei bambini. <a href=\"http:\/\/www.varesenews.it\/2018\/01\/carnevale-ceresino-si-fara-appuntamento-domenica-11-febbraio\/684023\/\"><strong>IL PROGRAMMA<\/strong><\/a><\/p>\n<h2>Porto Valtravaglia carnevale 2018<\/h2>\n<p>Venerd\u00ec 16 febbraio, dalle 14.30 alle 17.00 Carnevale con la festa in maschera per i bambini con tre animatori, truccabimbi e clown Alessia. Organizzato dalla Biblioteca Comunale di Porto Valtravaglia, nel Salone della ProLoco (Salone Colombo). Con la collaborazione del Comitato Sorriso (comitato dei genitori).<\/p>\n<h2>Samarate carnevale 2018<\/h2>\n<p>Sabato 17 sfilate altre sfilate a Samarate e San Macario. <a href=\"http:\/\/www.varesenews.it\/2018\/02\/samarate-riempie-la-piazza-carnevale-tucc-insema\/690952\/\">Leggi il programma.<\/a><\/p>\n<h2>Saltrio carnevale 2018<\/h2>\n<p>Carnevale Saltriese: manifestazione in Piazza Risorgimento (in caso di maltempo presso la Palestra comunale) sabato 10 febbraio dalle ore 14 alle 17. Programma: intrattenimento musicale della Filarmonica Saltriese; dalle 14.30 musica e baby-dance con il dj &#8220;Zambo&#8221; e grande Concorso di maschere a cura dell&#8217;Associazione Genitori. Al termine della sfilata spettacolo di mimo-clown &#8220;Valigia a una piazza&#8221; a cura dell&#8217;Associazione Eccentrici Dadar\u00f2, per concludere con le premiazioni del concorso. Per tutto il pomeriggio saranno presenti gli stand gastronomici del Gruppo Alpini e dell&#8217;Associazione Genitori, servizio d&#8217;ordine della Polizia locale e della Protezione civile e un&#8217;autoambulanza della CRI &#8211; Comitato Valceresio per eventuali emergenze.<\/p>\n<h2>Saronno carnevale 2018<\/h2>\n<p>Il calendario degli eventi si aprir\u00e0 venerd\u00ec 16 febbraio al Pala Exbo di via Piave alle 15 con la sfilata di mascherine. Sar\u00e0 aperta ai bimbi da zero a dodici anni che si iscriveranno in mattinata dalle 10 alle 12. (prezzo iscrizione 5 euro). Alle 16 la sfilata si interromper\u00e0 per la consegna delle chiavi dalle citt\u00e0 a Re Amaretto e Regina Granella.<\/p>\n<p>Giornata clou sar\u00e0 quella di sabato 17 febbraio: al mattino cinque carri allegorici arriveranno dal Carnevale di Cermenate e saranno allestiti nel parcheggio della piscina di via Miola. Da qui alle 14 partir\u00e0 la sfilata, con la presenza della banda di Saronno e di quella di Gerenzano con le majorette, partir\u00e0 percorrendo via Miola e via Roma. Ci sar\u00e0 un primo momento di festa alle 14,30 in piazza Libert\u00e0 e poi il corteo proseguir\u00e0 in corso Italia, via San Giuseppe, via Monti, via Carlo Porta fino a piazza dei Mercanti dove si terr\u00e0 la premiazione finale. <strong><a href=\"http:\/\/www.varesenews.it\/2018\/02\/dalle-mascherine-indoor-al-percorso-della-sfilata-le-novita-del-carnevale\/690032\/\">LEGGI TUTTO IL PROGRAMMA<\/a><\/strong><\/p>\n<h2>Sesto Calende carnevale 2018<\/h2>\n<p>Il carnevale sestese parte domenica 11 febbraio con il ritrovo all\u2019abbazia alle 13.30 per la partenza della sfilata. L\u2019appuntamento \u00e8 organizzato dalla comunit\u00e0 pastorale di Sant\u2019agostino con il patrocinio del Comune di Sesto Calende. La sfilata arriver\u00e0 davanti al comune alle 14 per la consegna delle chiavi a Carlin e Marietta per poi fare ritorno in abbazia alle 16 con chiacchiere e caramelle per tutti (in caso di maltempo tutto rinviato a sabato 17 febbraio. Gioved\u00ec 15 febbraio ci saranno invece i classici festeggiamenti del gioved\u00ec grasso alla Marna con \u201cDoctor Beat\u201d alle 22. Sempre alla Marna \u00e8 prevista invece il \u201cCarnevale dei bambini\u201d sabato 17 febbraio alle ore 15 organizzato dal circolo sestese.<\/p>\n<h2>Solbiate Arno carnevale 2018<\/h2>\n<p>L\u2019associazione \u201cNe arte ne parte\u201d, che da anni \u00e8 la vera anima del carnevale solbiatese, quest\u2019anno si \u00e8 presa una pausa. I genitori volontari che hanno cominciato e portato avanti l\u2019organizzazione della sfilata hanno annunciato su Facebook che questa edizione, per mancanza di \u201cbraccia volontarie\u201d \u00e8 stata rimandata all\u2019anno prossimo.<\/p>\n<h2>Solbiate Olona carnevale 2018<\/h2>\n<p>Carnevale in oratorio organizzato dalla Pro Loco e dagli Alpini. Sabato 17 febbraio dalle 14,30<\/p>\n<h2>Somma Lombardo carnevale 2018<\/h2>\n<p>A Somma Lombardo sono organizzati due eventi in occasione del carnevale. Il primo \u00e8 in programma sabato 10 febbraio alle 13.30 con ritrovo in piazza Visconti Si tratta della sfilata dei carri che partir\u00e0 alle 14 per le vie del centro. L\u2019arrivo \u00e8 previsto in piazza mercato. In caso di pioggia l\u2019evento sar\u00e0 rimandato al 17 febbraio. Il secondo appuntamento \u00e8 per domenica 11 febbraio presso la biblioteca comunale ed \u00e8 la festa organizzata dai commercianti insieme al Comune. Il secondo \u00e8 la tradizionale sfilata dei carri in programma per sabato 18 febbraio.<\/p>\n<h2>Sumirago carnevale 2018<\/h2>\n<p>Domenica 11 febbraio alle ore 14.30 \u00e8 previste lo spettacolo di Carnevale organizzato dai bambini degli oratori. A seguire ci sar\u00e0 lo spettacolo del gruppo Teatrale Artelandia &#8220;La chiave magica&#8221;. Per tutto il pomeriggio ci saranno dolci e frittelle e alle 17.30 la premiazione del concorso &#8220;famiglia mascherata&#8221;. <a href=\"http:\/\/www.varesenews.it\/photogallery_new\/images\/2018\/02\/regolamento-carnevale-sumirago-655728.jpg\">LEGGI IL REGOLAMENTO<\/a>.<\/p>\n<h2>Travedona-Monate carnevale 2018<\/h2>\n<p>In programma una Festa di Carnevale, gioved\u00ec 15 febbraio dalle ore 20 presso l&#8217;oratorio.<\/p>\n<h2>Tradate carnevale 2018<\/h2>\n<p>Gioved\u00ec 15 febbraio alle 16 \u00e8 prevista la festa di carnevale presso la biblioteca Frera di via Zara.<\/p>\n<h2>Valganna carnevale 2018<\/h2>\n<p>L&#8217;11 febbraio alle 15 appuntamento all&#8217;oratorio di Ghirla con truccabimbi, baby dance, sfilata di maschere, bolle di sapone giganti e tante prelibatezze<\/p>\n<h2>Varese carnevale 2018<\/h2>\n<p>La sfilata dei carri per il carnevale bosino si terr\u00e0 il 17 febbraio dalle 14.30 con partenza da Via Sacco ma nel weekend precedente, sabato 10, si aprir\u00e0 la settimana del carnevale con la consegna al re bosino delle chiavi della citt\u00e0. Diversi eventi durante la settimana, ancora da segnalare. <a href=\"http:\/\/www.varesenews.it\/2018\/02\/carnevale-bosino-programma-della-25esima-edizione\/689532\/\">TUTTI GLI APPUNTAMENTI<\/a><\/p>\n<h2>Vedano Olona carnevale 2018<\/h2>\n<p>Domenica 11 febbraio sfilata di carri e mascherine e grande festa per tutti al Parco Fara Forni. Ritrovo alle 14 in piazzetta della Pace. <a href=\"http:\/\/www.varesenews.it\/2018\/02\/carnevale-invade-paese-minions-supereroi\/689397\/\"><strong>IL PROGRAMMA<\/strong><\/a><\/p>\n<h2>Venegono carnevale 2018<\/h2>\n<p>Dopo il gran successo dell\u2019anno scorso, la parrocchia e la pro loco di Venegono Superiore, con il grande supporto delle Associazione e volontari del paese, vogliono di nuovo provare ad organizzare la sfilata che quest\u2019anno sar\u00e0 centrato sulla storia dai romani ai galli, dai cowboy agli indiani e cos\u00ec via, attraversando un po\u2019 le varie fasi della storia. L\u2019 evento si terr\u00e0 sabato 10 febbraio (ritrovo ore 14:00) presso il parcheggio a fianco del cimitero di Venegono Inf. L\u2019arrivo (ore 16:30) sar\u00e0 presso l&#8217;oratorio Shalom &#8211; Venegono Sup. In caso di pioggia sar\u00e0 rimandato a domenica 11 o sabato 17 febbraio. Chiacchiere e th\u00e9 per tutti.<\/p>\n<h2>Vergiate carnevale 2018<\/h2>\n<p>Il Comune, la Comunit\u00e0 Pastorale, la Pro Loco Vergiate e varie associazioni vergiatesi organizzano il Carnevale 2018. La sfilata dei carri allegorici si terr\u00e0 domenica 11 febbraio 2018 a partire dalle ore 14:30 da Piazza Matteotti. (In caso di maltempo l\u2019evento verr\u00e0 posticipato a sabato 17 febbraio). Tema: coleotteri, stupidotteri, bomboloni \u2013 Il mondo degli insetti!<\/p>\n<h2>Viggi\u00f9 carnevale 2018<\/h2>\n<p>Sabato 17 febbraio appuntamento in piazza Albinola, tra specialit\u00e0 gastronomiche, sfilata delle mascherine e gioco thriller per i bambini. <a href=\"http:\/\/www.varesenews.it\/2018\/02\/gioco-thriller-sfilata-stand-gastronomici-carnevale-viggiu\/691920\/\"><strong>IL PROGRAMMA<\/strong><\/a><\/p>\n","protected":false},"excerpt":{"rendered":"<p>Ecco una raccolta dei principali eventi organizzati nei vari comuni del Varesotto. Pro Loco, Scuole, Associazioni e amministrazioni comunali sono alle prese con i preparativi<\/p>\n","protected":false},"author":52,"featured_media":0,"comment_status":"open","ping_status":"open","sticky":false,"template":"","format":"standard","meta":{"footnotes":""},"categories":[4,3,5,21,2],"tags":[83469,158],"acf":[],"yoast_head":"<!-- This site is optimized with the Yoast SEO plugin v20.1 - https:\/\/yoast.com\/wordpress\/plugins\/seo\/ -->\n<title>Carnevale 2018: tutti gli eventi in provincia di Varese<\/title>\n<meta name=\"description\" content=\"Eventi, feste, sfilate dei carri, balli in maschera. Una raccolta degli appuntamenti in programma per il carnevale 2018 nel Varesotto\" \/>\n<meta name=\"robots\" content=\"noindex, follow, max-snippet:-1, max-image-preview:large, max-video-preview:-1\" \/>\n<meta property=\"og:locale\" content=\"it_IT\" \/>\n<meta property=\"og:type\" content=\"article\" \/>\n<meta property=\"og:title\" content=\"Carnevale 2018: tutti gli eventi in provincia di Varese\" \/>\n<meta property=\"og:description\" content=\"Eventi, feste, sfilate dei carri, balli in maschera. Una raccolta degli appuntamenti in programma per il carnevale 2018 nel Varesotto\" \/>\n<meta property=\"og:url\" content=\"https:\/\/www.varesenews.it\/2018\/02\/carnevale-2018-varese-provincia\/688184\/\" \/>\n<meta property=\"og:site_name\" content=\"VareseNews\" \/>\n<meta property=\"article:publisher\" content=\"https:\/\/www.facebook.com\/varesenews\" \/>\n<meta property=\"article:published_time\" content=\"2018-02-08T17:20:01+00:00\" \/>\n<meta property=\"article:modified_time\" content=\"2018-02-16T10:49:18+00:00\" \/>\n<meta name=\"author\" content=\"Tomaso Bassani\" \/>\n<meta name=\"twitter:card\" content=\"summary_large_image\" \/>\n<meta name=\"twitter:creator\" content=\"@varesenews\" \/>\n<meta name=\"twitter:site\" content=\"@varesenews\" \/>\n<meta name=\"twitter:label1\" content=\"Scritto da\" \/>\n\t<meta name=\"twitter:data1\" content=\"Tomaso Bassani\" \/>\n\t<meta name=\"twitter:label2\" content=\"Tempo di lettura stimato\" \/>\n\t<meta name=\"twitter:data2\" content=\"14 minuti\" \/>\n<script type=\"application\/ld+json\" class=\"yoast-schema-graph\">{\"@context\":\"https:\/\/schema.org\",\"@graph\":[{\"@type\":\"WebPage\",\"@id\":\"https:\/\/www.varesenews.it\/2018\/02\/carnevale-2018-varese-provincia\/688184\/\",\"url\":\"https:\/\/www.varesenews.it\/2018\/02\/carnevale-2018-varese-provincia\/688184\/\",\"name\":\"Carnevale 2018: tutti gli eventi in provincia di Varese\",\"isPartOf\":{\"@id\":\"https:\/\/staging.varesenews.it\/#website\"},\"datePublished\":\"2018-02-08T17:20:01+00:00\",\"dateModified\":\"2018-02-16T10:49:18+00:00\",\"author\":{\"@id\":\"https:\/\/staging.varesenews.it\/#\/schema\/person\/f8cc543029c96c954a35c042e01892bb\"},\"description\":\"Eventi, feste, sfilate dei carri, balli in maschera. Una raccolta degli appuntamenti in programma per il carnevale 2018 nel Varesotto\",\"breadcrumb\":{\"@id\":\"https:\/\/www.varesenews.it\/2018\/02\/carnevale-2018-varese-provincia\/688184\/#breadcrumb\"},\"inLanguage\":\"it-IT\",\"potentialAction\":[{\"@type\":\"ReadAction\",\"target\":[\"https:\/\/www.varesenews.it\/2018\/02\/carnevale-2018-varese-provincia\/688184\/\"]}]},{\"@type\":\"BreadcrumbList\",\"@id\":\"https:\/\/www.varesenews.it\/2018\/02\/carnevale-2018-varese-provincia\/688184\/#breadcrumb\",\"itemListElement\":[{\"@type\":\"ListItem\",\"position\":1,\"name\":\"Home\",\"item\":\"https:\/\/www.varesenews.it\/\"},{\"@type\":\"ListItem\",\"position\":2,\"name\":\"Carnevale 2018: tutti gli eventi in provincia di Varese\"}]},{\"@type\":\"WebSite\",\"@id\":\"https:\/\/staging.varesenews.it\/#website\",\"url\":\"https:\/\/staging.varesenews.it\/\",\"name\":\"VareseNews\",\"description\":\"\",\"potentialAction\":[{\"@type\":\"SearchAction\",\"target\":{\"@type\":\"EntryPoint\",\"urlTemplate\":\"https:\/\/staging.varesenews.it\/?s={search_term_string}\"},\"query-input\":\"required name=search_term_string\"}],\"inLanguage\":\"it-IT\"},{\"@type\":\"Person\",\"@id\":\"https:\/\/staging.varesenews.it\/#\/schema\/person\/f8cc543029c96c954a35c042e01892bb\",\"name\":\"Tomaso Bassani\",\"image\":{\"@type\":\"ImageObject\",\"inLanguage\":\"it-IT\",\"@id\":\"https:\/\/staging.varesenews.it\/#\/schema\/person\/image\/\",\"url\":\"https:\/\/staging.varesenews.it\/wp-content\/uploads\/2020\/12\/tomaso_bassani_colori_500.jpg\",\"contentUrl\":\"https:\/\/staging.varesenews.it\/wp-content\/uploads\/2020\/12\/tomaso_bassani_colori_500.jpg\",\"caption\":\"Tomaso Bassani\"},\"description\":\"Sono nato nel 1988 e questo ha fatto s&igrave; che la mia vita sia coincisa con l'epoca di pi&ugrave; grande e veloce cambiamento della storia. Sono giornalista e caporedattore di Varesenews. Ho un master in data analysis, una laurea in storia e una formazione superiore commerciale. Sono cresciuto tra scout, tavola a rotelle, impegno associativo (in quella grande esperienza giovanile che &egrave; stato l&rsquo;Albizzate Valley Festival) e cooperativo (Circolo The Family di Albizzate). Per passione mi occupo di dati, videomaking, fotografia, scrittura e web. Per lavoro anche.&nbsp;\",\"sameAs\":[\"tomasobassani\",\"https:\/\/www.linkedin.com\/profile\/view?id=102759293&trk=nav_responsive_tab_profile\"],\"url\":\"https:\/\/staging.varesenews.it\/persona\/tomaso-bassani\/\"}]}<\/script>\n<!-- \/ Yoast SEO plugin. -->","yoast_head_json":{"title":"Carnevale 2018: tutti gli eventi in provincia di Varese","description":"Eventi, feste, sfilate dei carri, balli in maschera. Una raccolta degli appuntamenti in programma per il carnevale 2018 nel Varesotto","robots":{"index":"noindex","follow":"follow","max-snippet":"max-snippet:-1","max-image-preview":"max-image-preview:large","max-video-preview":"max-video-preview:-1"},"og_locale":"it_IT","og_type":"article","og_title":"Carnevale 2018: tutti gli eventi in provincia di Varese","og_description":"Eventi, feste, sfilate dei carri, balli in maschera. Una raccolta degli appuntamenti in programma per il carnevale 2018 nel Varesotto","og_url":"https:\/\/www.varesenews.it\/2018\/02\/carnevale-2018-varese-provincia\/688184\/","og_site_name":"VareseNews","article_publisher":"https:\/\/www.facebook.com\/varesenews","article_published_time":"2018-02-08T17:20:01+00:00","article_modified_time":"2018-02-16T10:49:18+00:00","author":"Tomaso Bassani","twitter_card":"summary_large_image","twitter_creator":"@varesenews","twitter_site":"@varesenews","twitter_misc":{"Scritto da":"Tomaso Bassani","Tempo di lettura stimato":"14 minuti"},"schema":{"@context":"https:\/\/schema.org","@graph":[{"@type":"WebPage","@id":"https:\/\/www.varesenews.it\/2018\/02\/carnevale-2018-varese-provincia\/688184\/","url":"https:\/\/www.varesenews.it\/2018\/02\/carnevale-2018-varese-provincia\/688184\/","name":"Carnevale 2018: tutti gli eventi in provincia di Varese","isPartOf":{"@id":"https:\/\/staging.varesenews.it\/#website"},"datePublished":"2018-02-08T17:20:01+00:00","dateModified":"2018-02-16T10:49:18+00:00","author":{"@id":"https:\/\/staging.varesenews.it\/#\/schema\/person\/f8cc543029c96c954a35c042e01892bb"},"description":"Eventi, feste, sfilate dei carri, balli in maschera. Una raccolta degli appuntamenti in programma per il carnevale 2018 nel Varesotto","breadcrumb":{"@id":"https:\/\/www.varesenews.it\/2018\/02\/carnevale-2018-varese-provincia\/688184\/#breadcrumb"},"inLanguage":"it-IT","potentialAction":[{"@type":"ReadAction","target":["https:\/\/www.varesenews.it\/2018\/02\/carnevale-2018-varese-provincia\/688184\/"]}]},{"@type":"BreadcrumbList","@id":"https:\/\/www.varesenews.it\/2018\/02\/carnevale-2018-varese-provincia\/688184\/#breadcrumb","itemListElement":[{"@type":"ListItem","position":1,"name":"Home","item":"https:\/\/www.varesenews.it\/"},{"@type":"ListItem","position":2,"name":"Carnevale 2018: tutti gli eventi in provincia di Varese"}]},{"@type":"WebSite","@id":"https:\/\/staging.varesenews.it\/#website","url":"https:\/\/staging.varesenews.it\/","name":"VareseNews","description":"","potentialAction":[{"@type":"SearchAction","target":{"@type":"EntryPoint","urlTemplate":"https:\/\/staging.varesenews.it\/?s={search_term_string}"},"query-input":"required name=search_term_string"}],"inLanguage":"it-IT"},{"@type":"Person","@id":"https:\/\/staging.varesenews.it\/#\/schema\/person\/f8cc543029c96c954a35c042e01892bb","name":"Tomaso Bassani","image":{"@type":"ImageObject","inLanguage":"it-IT","@id":"https:\/\/staging.varesenews.it\/#\/schema\/person\/image\/","url":"https:\/\/staging.varesenews.it\/wp-content\/uploads\/2020\/12\/tomaso_bassani_colori_500.jpg","contentUrl":"https:\/\/staging.varesenews.it\/wp-content\/uploads\/2020\/12\/tomaso_bassani_colori_500.jpg","caption":"Tomaso Bassani"},"description":"Sono nato nel 1988 e questo ha fatto s&igrave; che la mia vita sia coincisa con l'epoca di pi&ugrave; grande e veloce cambiamento della storia. Sono giornalista e caporedattore di Varesenews. Ho un master in data analysis, una laurea in storia e una formazione superiore commerciale. Sono cresciuto tra scout, tavola a rotelle, impegno associativo (in quella grande esperienza giovanile che &egrave; stato l&rsquo;Albizzate Valley Festival) e cooperativo (Circolo The Family di Albizzate). Per passione mi occupo di dati, videomaking, fotografia, scrittura e web. Per lavoro anche.&nbsp;","sameAs":["tomasobassani","https:\/\/www.linkedin.com\/profile\/view?id=102759293&trk=nav_responsive_tab_profile"],"url":"https:\/\/staging.varesenews.it\/persona\/tomaso-bassani\/"}]}},"post_meta":{"_edit_last":"48","_category_permalink":"a:1:{s:8:\"category\";s:2:\"21\";}","_yoast_wpseo_content_score":"60","_jd_tweet_this":"yes","_edit_lock":"1518778511:48","foto":"514909","firma_come_redazione":"1","argomento":"Eventi","_yoast_wpseo_focuskw_text_input":"carnevale 2018","_yoast_wpseo_focuskw":"carnevale 2018","_yoast_wpseo_linkdex":"90","_yoast_wpseo_title":"Carnevale 2018: tutti gli eventi in provincia di Varese","_yoast_wpseo_metadesc":"Eventi, feste, sfilate dei carri, balli in maschera. Una raccolta degli appuntamenti in programma per il carnevale 2018 nel Varesotto","ratings_users":"0","ratings_score":"0","ratings_average":"0","_wpt_short_url":"http:\/\/www.varesenews.it\/2018\/01\/carnevale-2018-varese-provincia\/688184\/","_wp_jd_target":"http:\/\/www.varesenews.it\/2018\/01\/carnevale-2018-varese-provincia\/688184\/","_jd_wp_twitter":"a:1:{i:0;s:188:\"Carnevale 2018: Carri, feste e sfilate in maschera. Tutti gli eventi in provincia di Varese http:\/\/www.varesenews.it\/2018\/01\/carnevale-2018-varese-provincia\/688184\/ #carnevale2018 #weekend\";}","_wpt_status_message":"Tweet inviato con successo."},"photos":[{"original":"https:\/\/staging.varesenews.it\/photogallery_new\/images\/2016\/02\/carnevale-bosino-514909.jpg","full":"https:\/\/staging.varesenews.it\/photogallery_new\/images\/2016\/02\/carnevale-bosino-514909.1024x768.jpg","large":"https:\/\/staging.varesenews.it\/photogallery_new\/images\/2016\/02\/carnevale-bosino-514909.610x431.jpg"}],"_links":{"self":[{"href":"https:\/\/staging.varesenews.it\/swgapi\/v1\/wp\/v2\/posts\/688184"}],"collection":[{"href":"https:\/\/staging.varesenews.it\/swgapi\/v1\/wp\/v2\/posts"}],"about":[{"href":"https:\/\/staging.varesenews.it\/swgapi\/v1\/wp\/v2\/types\/post"}],"author":[{"embeddable":true,"href":"https:\/\/staging.varesenews.it\/swgapi\/v1\/wp\/v2\/users\/52"}],"replies":[{"embeddable":true,"href":"https:\/\/staging.varesenews.it\/swgapi\/v1\/wp\/v2\/comments?post=688184"}],"version-history":[{"count":0,"href":"https:\/\/staging.varesenews.it\/swgapi\/v1\/wp\/v2\/posts\/688184\/revisions"}],"wp:attachment":[{"href":"https:\/\/staging.varesenews.it\/swgapi\/v1\/wp\/v2\/media?parent=688184"}],"wp:term":[{"taxonomy":"category","embeddable":true,"href":"https:\/\/staging.varesenews.it\/swgapi\/v1\/wp\/v2\/categories?post=688184"},{"taxonomy":"post_tag","embeddable":true,"href":"https:\/\/staging.varesenews.it\/swgapi\/v1\/wp\/v2\/tags?post=688184"}],"curies":[{"name":"wp","href":"https:\/\/api.w.org\/{rel}","templated":true}]}}