{"id":688772,"date":"2018-02-02T12:21:56","date_gmt":"2018-02-02T11:21:56","guid":{"rendered":"http:\/\/www.varesenews.it\/?p=688772"},"modified":"2018-02-02T12:21:56","modified_gmt":"2018-02-02T11:21:56","slug":"campionato-coppa-la-uyba-allesame-della-capolista-imoco","status":"publish","type":"post","link":"https:\/\/staging.varesenews.it\/2018\/02\/campionato-coppa-la-uyba-allesame-della-capolista-imoco\/688772\/","title":{"rendered":"Prima in campionato poi in coppa: la Uyba all&#8217;esame della capolista Imoco"},"content":{"rendered":"<p>Domenica 4 febbraio torna in campo la <strong>Unet E-Work Busto<\/strong> per un impegno importantissimo, il match esterno in casa della <strong>capolista Imoco<\/strong> Volley Conegliano. Alle 17, al <strong>Pala Verde di Treviso,<\/strong> Stufi e compagne dovranno lottare per riscattare la brutta figura (e brutta sconfitta) rimediata nel derby di Legnano e per guadagnare punti utili a difendere il quarto posto, sempre minacciato da Monza (a -4) e Modena (a -5).<\/p>\n<p>Le ragazze di coach Santarelli arriveranno a loro volta reduci dalla<strong> sconfitta &#8211; piuttosto inattesa &#8211; contro Monza<\/strong> e cercheranno in tutti i modi di riscattarsi e confermare il primo posto, in una stagione che le vede indiscusse protagoniste in Italia e al <strong>primo posto nel girone di Champions<\/strong> League.<\/p>\n<p>Marco Mencarelli, tecnico bustocco, dovrebbe partire con il sestetto usuale con <strong>unico ballottaggio tra Botezat e Berti<\/strong> al centro; dall&#8217;altra parte della rete la UYBA ritrover\u00e0 invece la ex di turno, la <strong>palleggiatrice polacca Wolosz<\/strong>, in diagonale con Nicoletti, al centro Danesi e De Kruijf, in banda Hill e Bricio, libero De Gennaro. <strong>Out invece la forte croata Samantha Fabris<\/strong> a causa di una distorsione alla caviglia rimediata nel match contro la Saugella.<br \/>\nQuella del Pala Verde sar\u00e0 anche <strong>un\u2019anteprima della semifinale di Coppa Italia di sabato 17<\/strong> febbraio, che vedr\u00e0 nuovamente impegnate le due formazioni, l&#8217;una contro l&#8217;altra, sul taraflex del PalaDozza di Bologna.<\/p>\n<p>In casa biancorossa <strong>Alessia Orro sembra intenzionata a riscattare<\/strong> la pessima prestazione della partita contro la SAB: \u00abGiocare al PalaVerde sar\u00e0 un grande banco di prova. Vogliamo affrontare la capolista a viso aperto, lottando su ogni pallone; l&#8217;annata \u00e8 fino a qui pi\u00f9 che positiva ma da un mese a questa parte abbiamo avuto qualche difficolt\u00e0 di troppo nel portare a casa i risultati. Ora vogliamo svoltare e dare un senso al nostro grande girone di andata e al nostro campionato: la partita contro Legnano \u00e8 arrivata in una bruttissima serata, quindi vogliamo tornare in fretta a giocare come sappiamo\u00bb.<\/p>\n<blockquote><p><strong>Imoco Conegliano V &#8211; Unet E-Work Busto Arsizio<\/strong><\/p>\n<p><strong>Conegliano V.:<\/strong> 2 Bricio, 3 Fiori, 4 Lee, 5 De Kruijf, 6 Cella, 7 Folie, 9 Melandri, 10 De Gennaro (L), 11 Danesi, 14 Wolosz, 15 Hill, 16 Nicoletti, 18 Bechis. All. Santarelli.<br \/>\n<strong>Busto A.:<\/strong> 1 Piani, 2 Stufi, 5 Spirito (L), 6 Gennari, 7 Dall&#8217;Igna, 8 Orro, 9 Wilhite, 13 Diouf, 14 Bartsch, 15 Berti, 16 Negretti, 17 Chausheva, 18 Botezat. All. Mencarelli.<\/p><\/blockquote>\n<h3>QUI LEGNANO<\/h3>\n<p>L&#8217;altra faccia del derby \u00e8 invece quella di Legnano, che per una sera ha dimenticato i problemi legati a formazione e societ\u00e0 e si \u00e8 presa una<strong> grande soddisfazione battendo Busto<\/strong>. La situazione di classifica vede per\u00f2 la <strong>Sab Volley al penultimo posto<\/strong> con all&#8217;orizzionte un impegno non semplice contro <strong>Modena. <\/strong>Si gioca<strong> di nuovo al PalaBorsani<\/strong> di Castellanza (domenica, ore 17) e a disposizione di coach Eraldo Buonavita <strong>non ci sar\u00e0 Giada Cecchetto<\/strong>: il libero di origini milanesi ha infatti rescisso il contratto con il club giallonero proprio dopo la gara contro la Unet. Rotazioni dunque ancora pi\u00f9 ridotte per le Aquile, alla ricerca di punti salvezza.<\/p>\n<blockquote><p><strong>Il programma<\/strong> (7a di ritorno):\u00a0Lardini Filottrano &#8211; Pomi&#8217; Casalmaggiore;\u00a0Il Bisonte Firenze &#8211; Foppapedretti Bergamo (sabato 3, 20:30),\u00a0Sab Volley Legnano &#8211; Liu Jo Nordmeccanica Modena,\u00a0Igor Gorgonzola Novara &#8211; Savino Del Bene Scandicci (sabato 3, 18:00),\u00a0Imoco Volley Conegliano &#8211; Unet E-Work Busto Arsizio,\u00a0MyCicero Volley Pesaro &#8211; Saugella Team Monza.<\/p>\n<p><strong>Classifica<\/strong>: Conegliano 44; Novara 40; Scandicci 39; BUSTO A. 32; Monza 28; Modena 27; Pesaro 25; Firenze, Casalmaggiore 17; Bergamo 15; LEGNANO 14; Filottrano 8.<\/p><\/blockquote>\n","protected":false},"excerpt":{"rendered":"<p>Domenica 4 febbraio (ore 17) le Farfalle saranno ospiti di Conegliano che poi sar\u00e0 avversaria nella semifinale di Bologna. Orro: &#8220;Ultimo mese difficile, vogliamo svoltare&#8221;. Legnano ospita Modena<\/p>\n","protected":false},"author":38,"featured_media":0,"comment_status":"open","ping_status":"open","sticky":false,"template":"","format":"standard","meta":{"footnotes":""},"categories":[4,14],"tags":[255,54767,410],"acf":[],"yoast_head":"<!-- This site is optimized with the Yoast SEO plugin v20.1 - https:\/\/yoast.com\/wordpress\/plugins\/seo\/ -->\n<title>Prima in campionato poi in coppa: la Uyba all&#039;esame della capolista Imoco<\/title>\n<meta name=\"description\" content=\"Domenica 4 febbraio (ore 17) le Farfalle saranno ospiti di Conegliano che poi sar\u00e0 avversaria nella semifinale di Bologna. Orro: &quot;Ultimo mese difficile, vogliamo svoltare&quot;. Legnano ospita Modena\" \/>\n<meta name=\"robots\" content=\"noindex, follow, max-snippet:-1, max-image-preview:large, max-video-preview:-1\" \/>\n<meta property=\"og:locale\" content=\"it_IT\" \/>\n<meta property=\"og:type\" content=\"article\" \/>\n<meta property=\"og:title\" content=\"Prima in campionato poi in coppa: la Uyba all&#039;esame della capolista Imoco\" \/>\n<meta property=\"og:description\" content=\"Domenica 4 febbraio (ore 17) le Farfalle saranno ospiti di Conegliano che poi sar\u00e0 avversaria nella semifinale di Bologna. Orro: &quot;Ultimo mese difficile, vogliamo svoltare&quot;. Legnano ospita Modena\" \/>\n<meta property=\"og:url\" content=\"https:\/\/staging.varesenews.it\/2018\/02\/campionato-coppa-la-uyba-allesame-della-capolista-imoco\/688772\/\" \/>\n<meta property=\"og:site_name\" content=\"VareseNews\" \/>\n<meta property=\"article:publisher\" content=\"https:\/\/www.facebook.com\/varesenews\" \/>\n<meta property=\"article:published_time\" content=\"2018-02-02T11:21:56+00:00\" \/>\n<meta name=\"author\" content=\"Damiano Franzetti\" \/>\n<meta name=\"twitter:card\" content=\"summary_large_image\" \/>\n<meta name=\"twitter:creator\" content=\"@damianofranz\" \/>\n<meta name=\"twitter:site\" content=\"@varesenews\" \/>\n<meta name=\"twitter:label1\" content=\"Scritto da\" \/>\n\t<meta name=\"twitter:data1\" content=\"Damiano Franzetti\" \/>\n\t<meta name=\"twitter:label2\" content=\"Tempo di lettura stimato\" \/>\n\t<meta name=\"twitter:data2\" content=\"3 minuti\" \/>\n<script type=\"application\/ld+json\" class=\"yoast-schema-graph\">{\"@context\":\"https:\/\/schema.org\",\"@graph\":[{\"@type\":\"WebPage\",\"@id\":\"https:\/\/staging.varesenews.it\/2018\/02\/campionato-coppa-la-uyba-allesame-della-capolista-imoco\/688772\/\",\"url\":\"https:\/\/staging.varesenews.it\/2018\/02\/campionato-coppa-la-uyba-allesame-della-capolista-imoco\/688772\/\",\"name\":\"Prima in campionato poi in coppa: la Uyba all'esame della capolista Imoco\",\"isPartOf\":{\"@id\":\"https:\/\/staging.varesenews.it\/#website\"},\"datePublished\":\"2018-02-02T11:21:56+00:00\",\"dateModified\":\"2018-02-02T11:21:56+00:00\",\"author\":{\"@id\":\"https:\/\/staging.varesenews.it\/#\/schema\/person\/709ae3769f6b4dbde8ec332baede8a5b\"},\"description\":\"Domenica 4 febbraio (ore 17) le Farfalle saranno ospiti di Conegliano che poi sar\u00e0 avversaria nella semifinale di Bologna. Orro: \\\"Ultimo mese difficile, vogliamo svoltare\\\". Legnano ospita Modena\",\"breadcrumb\":{\"@id\":\"https:\/\/staging.varesenews.it\/2018\/02\/campionato-coppa-la-uyba-allesame-della-capolista-imoco\/688772\/#breadcrumb\"},\"inLanguage\":\"it-IT\",\"potentialAction\":[{\"@type\":\"ReadAction\",\"target\":[\"https:\/\/staging.varesenews.it\/2018\/02\/campionato-coppa-la-uyba-allesame-della-capolista-imoco\/688772\/\"]}]},{\"@type\":\"BreadcrumbList\",\"@id\":\"https:\/\/staging.varesenews.it\/2018\/02\/campionato-coppa-la-uyba-allesame-della-capolista-imoco\/688772\/#breadcrumb\",\"itemListElement\":[{\"@type\":\"ListItem\",\"position\":1,\"name\":\"Home\",\"item\":\"https:\/\/www.varesenews.it\/\"},{\"@type\":\"ListItem\",\"position\":2,\"name\":\"Prima in campionato poi in coppa: la Uyba all&#8217;esame della capolista Imoco\"}]},{\"@type\":\"WebSite\",\"@id\":\"https:\/\/staging.varesenews.it\/#website\",\"url\":\"https:\/\/staging.varesenews.it\/\",\"name\":\"VareseNews\",\"description\":\"\",\"potentialAction\":[{\"@type\":\"SearchAction\",\"target\":{\"@type\":\"EntryPoint\",\"urlTemplate\":\"https:\/\/staging.varesenews.it\/?s={search_term_string}\"},\"query-input\":\"required name=search_term_string\"}],\"inLanguage\":\"it-IT\"},{\"@type\":\"Person\",\"@id\":\"https:\/\/staging.varesenews.it\/#\/schema\/person\/709ae3769f6b4dbde8ec332baede8a5b\",\"name\":\"Damiano Franzetti\",\"image\":{\"@type\":\"ImageObject\",\"inLanguage\":\"it-IT\",\"@id\":\"https:\/\/staging.varesenews.it\/#\/schema\/person\/image\/\",\"url\":\"https:\/\/staging.varesenews.it\/wp-content\/uploads\/2020\/12\/damiano_franzetti_colori_500.jpg\",\"contentUrl\":\"https:\/\/staging.varesenews.it\/wp-content\/uploads\/2020\/12\/damiano_franzetti_colori_500.jpg\",\"caption\":\"Damiano Franzetti\"},\"description\":\"Classe 1976, una laurea (nel cassetto) in scienze e tecnologie alimentari; sono giornalista professionista dal 2009 nato e cresciuto con VareseNews dove mi occupo soprattutto di sport ormai da vent&rsquo;anni. Inviato sui campi (sulle piste, sulle strade...), intervistatore, coordinatore e responsabile delle pagine sportive, mi ritaglio volentieri lo spazio per scrivere di birra sul blog Malto Gradimento. Ho seguito innumerevoli campionati di Serie A di basket, di serie B di calcio, due Mondiali di ciclismo, qualche Giro d&rsquo;;Italia e tanto altro ancora. Collaboro con Tuttosport e altre testate, mi diletto di social. Ho una moglie, un figlio, vivo nella mia Gemonio e ho purtroppo smesso con il basket giocato. &nbsp;\",\"sameAs\":[\"damianofranz\",\"https:\/\/www.linkedin.com\/profile\/view?id=241597124&trk=nav_responsive_tab_profile\",\"https:\/\/twitter.com\/damianofranz\"],\"url\":\"https:\/\/staging.varesenews.it\/persona\/damiano_franzetti-2\/\"}]}<\/script>\n<!-- \/ Yoast SEO plugin. -->","yoast_head_json":{"title":"Prima in campionato poi in coppa: la Uyba all'esame della capolista Imoco","description":"Domenica 4 febbraio (ore 17) le Farfalle saranno ospiti di Conegliano che poi sar\u00e0 avversaria nella semifinale di Bologna. Orro: \"Ultimo mese difficile, vogliamo svoltare\". Legnano ospita Modena","robots":{"index":"noindex","follow":"follow","max-snippet":"max-snippet:-1","max-image-preview":"max-image-preview:large","max-video-preview":"max-video-preview:-1"},"og_locale":"it_IT","og_type":"article","og_title":"Prima in campionato poi in coppa: la Uyba all'esame della capolista Imoco","og_description":"Domenica 4 febbraio (ore 17) le Farfalle saranno ospiti di Conegliano che poi sar\u00e0 avversaria nella semifinale di Bologna. Orro: \"Ultimo mese difficile, vogliamo svoltare\". Legnano ospita Modena","og_url":"https:\/\/staging.varesenews.it\/2018\/02\/campionato-coppa-la-uyba-allesame-della-capolista-imoco\/688772\/","og_site_name":"VareseNews","article_publisher":"https:\/\/www.facebook.com\/varesenews","article_published_time":"2018-02-02T11:21:56+00:00","author":"Damiano Franzetti","twitter_card":"summary_large_image","twitter_creator":"@damianofranz","twitter_site":"@varesenews","twitter_misc":{"Scritto da":"Damiano Franzetti","Tempo di lettura stimato":"3 minuti"},"schema":{"@context":"https:\/\/schema.org","@graph":[{"@type":"WebPage","@id":"https:\/\/staging.varesenews.it\/2018\/02\/campionato-coppa-la-uyba-allesame-della-capolista-imoco\/688772\/","url":"https:\/\/staging.varesenews.it\/2018\/02\/campionato-coppa-la-uyba-allesame-della-capolista-imoco\/688772\/","name":"Prima in campionato poi in coppa: la Uyba all'esame della capolista Imoco","isPartOf":{"@id":"https:\/\/staging.varesenews.it\/#website"},"datePublished":"2018-02-02T11:21:56+00:00","dateModified":"2018-02-02T11:21:56+00:00","author":{"@id":"https:\/\/staging.varesenews.it\/#\/schema\/person\/709ae3769f6b4dbde8ec332baede8a5b"},"description":"Domenica 4 febbraio (ore 17) le Farfalle saranno ospiti di Conegliano che poi sar\u00e0 avversaria nella semifinale di Bologna. Orro: \"Ultimo mese difficile, vogliamo svoltare\". Legnano ospita Modena","breadcrumb":{"@id":"https:\/\/staging.varesenews.it\/2018\/02\/campionato-coppa-la-uyba-allesame-della-capolista-imoco\/688772\/#breadcrumb"},"inLanguage":"it-IT","potentialAction":[{"@type":"ReadAction","target":["https:\/\/staging.varesenews.it\/2018\/02\/campionato-coppa-la-uyba-allesame-della-capolista-imoco\/688772\/"]}]},{"@type":"BreadcrumbList","@id":"https:\/\/staging.varesenews.it\/2018\/02\/campionato-coppa-la-uyba-allesame-della-capolista-imoco\/688772\/#breadcrumb","itemListElement":[{"@type":"ListItem","position":1,"name":"Home","item":"https:\/\/www.varesenews.it\/"},{"@type":"ListItem","position":2,"name":"Prima in campionato poi in coppa: la Uyba all&#8217;esame della capolista Imoco"}]},{"@type":"WebSite","@id":"https:\/\/staging.varesenews.it\/#website","url":"https:\/\/staging.varesenews.it\/","name":"VareseNews","description":"","potentialAction":[{"@type":"SearchAction","target":{"@type":"EntryPoint","urlTemplate":"https:\/\/staging.varesenews.it\/?s={search_term_string}"},"query-input":"required name=search_term_string"}],"inLanguage":"it-IT"},{"@type":"Person","@id":"https:\/\/staging.varesenews.it\/#\/schema\/person\/709ae3769f6b4dbde8ec332baede8a5b","name":"Damiano Franzetti","image":{"@type":"ImageObject","inLanguage":"it-IT","@id":"https:\/\/staging.varesenews.it\/#\/schema\/person\/image\/","url":"https:\/\/staging.varesenews.it\/wp-content\/uploads\/2020\/12\/damiano_franzetti_colori_500.jpg","contentUrl":"https:\/\/staging.varesenews.it\/wp-content\/uploads\/2020\/12\/damiano_franzetti_colori_500.jpg","caption":"Damiano Franzetti"},"description":"Classe 1976, una laurea (nel cassetto) in scienze e tecnologie alimentari; sono giornalista professionista dal 2009 nato e cresciuto con VareseNews dove mi occupo soprattutto di sport ormai da vent&rsquo;anni. Inviato sui campi (sulle piste, sulle strade...), intervistatore, coordinatore e responsabile delle pagine sportive, mi ritaglio volentieri lo spazio per scrivere di birra sul blog Malto Gradimento. Ho seguito innumerevoli campionati di Serie A di basket, di serie B di calcio, due Mondiali di ciclismo, qualche Giro d&rsquo;;Italia e tanto altro ancora. Collaboro con Tuttosport e altre testate, mi diletto di social. Ho una moglie, un figlio, vivo nella mia Gemonio e ho purtroppo smesso con il basket giocato. &nbsp;","sameAs":["damianofranz","https:\/\/www.linkedin.com\/profile\/view?id=241597124&trk=nav_responsive_tab_profile","https:\/\/twitter.com\/damianofranz"],"url":"https:\/\/staging.varesenews.it\/persona\/damiano_franzetti-2\/"}]}},"post_meta":{"_edit_lock":"1517570458:38","_edit_last":"38","_category_permalink":"a:1:{s:8:\"category\";s:2:\"14\";}","foto":"654331","_yoast_wpseo_content_score":"30","_jd_tweet_this":"yes","ratings_users":"0","ratings_score":"0","ratings_average":"0","firma-personalizzata":"Manuela De Gregori","argomento":"Pallavolo","_wpt_short_url":"http:\/\/www.varesenews.it\/2018\/02\/campionato-coppa-la-uyba-allesame-della-capolista-imoco\/688772\/","_wp_jd_target":"http:\/\/www.varesenews.it\/2018\/02\/campionato-coppa-la-uyba-allesame-della-capolista-imoco\/688772\/","_jd_wp_twitter":"a:1:{i:0;s:200:\"Prima in campionato poi in coppa: la Uyba all\u2019esame della capolista Imoco http:\/\/www.varesenews.it\/2018\/02\/campionato-coppa-la-uyba-allesame-della-capolista-imoco\/688772\/ #pallavolo #sabvolley #uyba\";}","_wpt_status_message":"Tweet inviato con successo."},"photos":[{"original":"https:\/\/staging.varesenews.it\/photogallery_new\/images\/2018\/01\/caricamento-temporaneo-per-contributo-ta5pugn61y-654331.jpg","full":"https:\/\/staging.varesenews.it\/photogallery_new\/images\/2018\/01\/caricamento-temporaneo-per-contributo-ta5pugn61y-654331.1024x768.jpg","large":"https:\/\/staging.varesenews.it\/photogallery_new\/images\/2018\/01\/caricamento-temporaneo-per-contributo-ta5pugn61y-654331.610x431.jpg"}],"_links":{"self":[{"href":"https:\/\/staging.varesenews.it\/swgapi\/v1\/wp\/v2\/posts\/688772"}],"collection":[{"href":"https:\/\/staging.varesenews.it\/swgapi\/v1\/wp\/v2\/posts"}],"about":[{"href":"https:\/\/staging.varesenews.it\/swgapi\/v1\/wp\/v2\/types\/post"}],"author":[{"embeddable":true,"href":"https:\/\/staging.varesenews.it\/swgapi\/v1\/wp\/v2\/users\/38"}],"replies":[{"embeddable":true,"href":"https:\/\/staging.varesenews.it\/swgapi\/v1\/wp\/v2\/comments?post=688772"}],"version-history":[{"count":0,"href":"https:\/\/staging.varesenews.it\/swgapi\/v1\/wp\/v2\/posts\/688772\/revisions"}],"wp:attachment":[{"href":"https:\/\/staging.varesenews.it\/swgapi\/v1\/wp\/v2\/media?parent=688772"}],"wp:term":[{"taxonomy":"category","embeddable":true,"href":"https:\/\/staging.varesenews.it\/swgapi\/v1\/wp\/v2\/categories?post=688772"},{"taxonomy":"post_tag","embeddable":true,"href":"https:\/\/staging.varesenews.it\/swgapi\/v1\/wp\/v2\/tags?post=688772"}],"curies":[{"name":"wp","href":"https:\/\/api.w.org\/{rel}","templated":true}]}}