{"id":688937,"date":"2018-02-02T18:46:06","date_gmt":"2018-02-02T17:46:06","guid":{"rendered":"http:\/\/www.varesenews.it\/?p=688937"},"modified":"2018-02-02T18:46:06","modified_gmt":"2018-02-02T17:46:06","slug":"larson-un-uomo-squadra-voglio-leader","status":"publish","type":"post","link":"https:\/\/staging.varesenews.it\/2018\/02\/larson-un-uomo-squadra-voglio-leader\/688937\/","title":{"rendered":"Larson: &#8220;Sono un uomo-squadra, voglio essere leader&#8221;"},"content":{"rendered":"<p>Al primo \u201cappuntamento\u201d,<strong> Tyler Larson<\/strong> ha fatto una bella impressione ai suoi nuovi tifosi. Luned\u00ec scorso, nel <a href=\"http:\/\/www.varesenews.it\/2018\/01\/notte-stellare-la-openjobmetis-milano-si-inchina-masnago\/687709\/\">derby vinto contro Milano<\/a>, il <strong>nuovo straniero della Openjobmetis<\/strong> ha dato segnali positivi pur restando sul parquet appena 13&#8242;: 4 punti, 4 assist, <strong>un certo \u201csprint\u201d<\/strong> nel portar palla e nei rientri difensivi, un pizzico di faccia tosta ben al di qua per\u00f2 dal confine con la sfacciataggine.<\/p>\n<p>Prelevato <strong>dai belgi di Liegi<\/strong> da Claudio Coldebella (\u00abLo vidi giocare lo scorso anno, conosco il suo <strong>agente che \u00e8 persona molto seria<\/strong>: \u00e8 stato un pezzo fondamentale nella trattativa\u00bb), Larson \u00e8 alla prima esperienza in Italia e pi\u00f9 in generale in un campionato europeo di alto livello:<strong> 26 anni,<\/strong> nato a <strong>Las Vegas<\/strong>, il giocatore si \u00e8 ufficialmente presentato in una conferenza indetta al PalA2a.<\/p>\n<p>\u00abI miei primi dieci giorni a Varese sono stati <strong>una situazione perfetta<\/strong> \u2013 spiega Tyler &#8211; Ho avuto il tempo di conoscere compagni e staff, sono stati tutti disponibili, mi hanno assegnato il miglior appartamento tra quelli in cui ho vissuto fino a ora. Sono <strong>contento per questo inizio<\/strong> ma anche fiducioso per il futuro\u00bb.<br \/>\nIniziare con un derby vinto, inoltre, non pu\u00f2 che essere un ulteriore \u201cplus\u201d: \u00ab<strong>Non potevo chiedere di meglio dalla prima partita<\/strong> in Italia: \u00e8 stata una grande emozione. Nei giorni precedenti alla gara sapevo contro chi dovevamo giocare ma non conoscevo i significati e la storia di questo confronto; i<strong> tifosi per\u00f2 mi hanno riempito di messaggi<\/strong> sui social network, promettendo che avrebbero supportato dicendo che avrebbero supportato al meglio la squadra e in effetti l&#8217;atmosfera \u00e8 stata molto bella. Non poteva finire meglio di cos\u00ec\u00bb. <div class=\"photo-inside-post\"><img decoding=\"async\" loading=\"lazy\" fetchpriority=\"low\" width=\"610\" height=\"431\" src=\"https:\/\/staging.varesenews.it\/photogallery_new\/images\/2018\/02\/basket-pallacanestro-varese-tyler-larson-655017.610x431.jpg\" alt=\"basket pallacanestro Varese Tyler Larson \"><\/div><\/p>\n<p>Tutto sommato, al netto dei pochi minuti giocati e di qualche tiro che si \u00e8 fermato sul ferro, Larson in campo ha <strong>confermato le caratteristiche<\/strong> con cui era descritto prima di arrivare. Il play-guardia di Las Vegas preferisce per\u00f2 soffermarsi sulla sua attitudine quando gli viene domandato di raccontare le sue qualit\u00e0 cestistiche: \u00abIo voglio innanzitutto essere<strong> giocatore di squadra<\/strong>, sia che segni 5 punti o che ne faccia 30 qualora servisse: desidero seguire il piano partita consegnato dallo staff tecnico per provare a vincere la partita. Di me stesso posso dire che in campo <strong>cerco di essere leader<\/strong>, mi piace dare l&#8217;esempio ai compagni\u00bb.<\/p>\n<p>E tra i compagni attuali <strong>c&#8217;\u00e8 anche Cameron Wells<\/strong>, con cui dovr\u00e0 dividersi i compiti di regia, di guida della fase offensiva dell&#8217;Openjobmetis. \u00abPer quel che ho potuto vedere io e Wells siamo complementari in campo. Da quanto ho capito lui ha <strong>avuto addosso un po&#8217; di pressione<\/strong> per il fatto di dover essere leader; probabilmente con il mio arrivo<strong> riesco a togliere un po&#8217;<\/strong> di questa pressione e permettere a Cameron di focalizzarsi di pi\u00f9 sul discorso realizzativo o sulla giocata giusta per servire i compagni. Ripeto, mi sembra che<strong> siamo complementari<\/strong> e mi auguro di riuscire a esserlo sempre di pi\u00f9 in campo\u00bb.<\/p>\n<p>Infine una curiosit\u00e0: Larson ha tatuato la scritta <strong>\u201cThey Sleep\u201d<\/strong> (essi dormono <em>ndr)<\/em> che \u00e8 anche il motto utilizzato dal giocatore per \u201cfirmare\u201d i suoi post legati al basket sui social network.<br \/>\n\u00abUna frase che abbiamo iniziato <strong>a usare da ragazzi io e il mio migliore amico<\/strong>. Significa che devi <strong>dimostrare alla gente che non si aspetta molto<\/strong> da te che invece ce la puoi fare. Lui ora \u00e8 al Maccabi Tel Aviv (<strong>Pierre Jackson<\/strong>, anche lui di Las Vegas e compagno di Larson al liceo di Desert Pines <em>ndr),<\/em> io sono qui a Varese e faccio il professionista, abbiamo dimostrato che possiamo fare qualcosa nel mondo del basket, quello che poi era il nostro sogno di quando eravamo giovani. <strong>Loro dormono, noi siamo qui<\/strong>\u00bb.<\/p>\n<h3>IL DERBY SU VARESENEWS<\/h3>\n<p>Luned\u00ec sera &#8211;<strong> 5 febbraio<\/strong> &#8211; la Openjobmetis giocher\u00e0 il secondo derby consecutivo, questa volta in trasferta sul campo di Cant\u00f9 (il PalaDesio). La <strong>partita<a href=\"http:\/\/www.varesenews.it\/2018\/02\/derby-cantu-vietato-ai-tifosi-varese\/688839\/\"> sar\u00e0 vietata ai tifosi biancorossi<\/a>,<\/strong> ma come di consueto verr\u00e0 raccontata con un liveblog da VareseNews, nel quale daremo notizie, curiosit\u00e0, statistiche e in cui proponiamo il sondaggio-pronostico pregara. Il live \u00e8 gi\u00e0 aperto; per partecipare si pu\u00f2 scrivere nello spazio commenti o usare gli hashtag <strong>#direttavn o #cantuvarese<\/strong> su Twitter e Instagram. Per collegarsi alla diretta <a href=\"http:\/\/live.varesenews.it\/Event\/Basket_Red_October_Cantu_-_Openjobmetis_Varese\" target=\"_blank\" rel=\"noopener\"><strong>CLICCATE QUI<\/strong><\/a>.<\/p>\n","protected":false},"excerpt":{"rendered":"<p>Il nuovo americano della Openjobmetis ha esordito contro Milano: &#8220;I tifosi mi hanno sommerso di messaggi prima di giocare: l\u00ec ho capito l&#8217;importanza del derby. Io e Wells siamo complementari&#8221;<\/p>\n","protected":false},"author":38,"featured_media":0,"comment_status":"open","ping_status":"open","sticky":false,"template":"","format":"standard","meta":{"footnotes":""},"categories":[14,2],"tags":[153,154],"acf":[],"yoast_head":"<!-- This site is optimized with the Yoast SEO plugin v20.1 - https:\/\/yoast.com\/wordpress\/plugins\/seo\/ -->\n<title>Larson: &quot;Sono un uomo-squadra, voglio essere leader&quot;<\/title>\n<meta name=\"description\" content=\"Il nuovo americano della Openjobmetis ha esordito contro Milano: &quot;I tifosi mi hanno sommerso di messaggi prima di giocare: l\u00ec ho capito l&#039;importanza del derby. Io e Wells siamo complementari&quot;\" \/>\n<meta name=\"robots\" content=\"noindex, follow, max-snippet:-1, max-image-preview:large, max-video-preview:-1\" \/>\n<meta property=\"og:locale\" content=\"it_IT\" \/>\n<meta property=\"og:type\" content=\"article\" \/>\n<meta property=\"og:title\" content=\"Larson: &quot;Sono un uomo-squadra, voglio essere leader&quot;\" \/>\n<meta property=\"og:description\" content=\"Il nuovo americano della Openjobmetis ha esordito contro Milano: &quot;I tifosi mi hanno sommerso di messaggi prima di giocare: l\u00ec ho capito l&#039;importanza del derby. Io e Wells siamo complementari&quot;\" \/>\n<meta property=\"og:url\" content=\"https:\/\/staging.varesenews.it\/2018\/02\/larson-un-uomo-squadra-voglio-leader\/688937\/\" \/>\n<meta property=\"og:site_name\" content=\"VareseNews\" \/>\n<meta property=\"article:publisher\" content=\"https:\/\/www.facebook.com\/varesenews\" \/>\n<meta property=\"article:published_time\" content=\"2018-02-02T17:46:06+00:00\" \/>\n<meta name=\"author\" content=\"Damiano Franzetti\" \/>\n<meta name=\"twitter:card\" content=\"summary_large_image\" \/>\n<meta name=\"twitter:creator\" content=\"@damianofranz\" \/>\n<meta name=\"twitter:site\" content=\"@varesenews\" \/>\n<meta name=\"twitter:label1\" content=\"Scritto da\" \/>\n\t<meta name=\"twitter:data1\" content=\"Damiano Franzetti\" \/>\n\t<meta name=\"twitter:label2\" content=\"Tempo di lettura stimato\" \/>\n\t<meta name=\"twitter:data2\" content=\"3 minuti\" \/>\n<script type=\"application\/ld+json\" class=\"yoast-schema-graph\">{\"@context\":\"https:\/\/schema.org\",\"@graph\":[{\"@type\":\"WebPage\",\"@id\":\"https:\/\/staging.varesenews.it\/2018\/02\/larson-un-uomo-squadra-voglio-leader\/688937\/\",\"url\":\"https:\/\/staging.varesenews.it\/2018\/02\/larson-un-uomo-squadra-voglio-leader\/688937\/\",\"name\":\"Larson: \\\"Sono un uomo-squadra, voglio essere leader\\\"\",\"isPartOf\":{\"@id\":\"https:\/\/staging.varesenews.it\/#website\"},\"datePublished\":\"2018-02-02T17:46:06+00:00\",\"dateModified\":\"2018-02-02T17:46:06+00:00\",\"author\":{\"@id\":\"https:\/\/staging.varesenews.it\/#\/schema\/person\/709ae3769f6b4dbde8ec332baede8a5b\"},\"description\":\"Il nuovo americano della Openjobmetis ha esordito contro Milano: \\\"I tifosi mi hanno sommerso di messaggi prima di giocare: l\u00ec ho capito l'importanza del derby. Io e Wells siamo complementari\\\"\",\"breadcrumb\":{\"@id\":\"https:\/\/staging.varesenews.it\/2018\/02\/larson-un-uomo-squadra-voglio-leader\/688937\/#breadcrumb\"},\"inLanguage\":\"it-IT\",\"potentialAction\":[{\"@type\":\"ReadAction\",\"target\":[\"https:\/\/staging.varesenews.it\/2018\/02\/larson-un-uomo-squadra-voglio-leader\/688937\/\"]}]},{\"@type\":\"BreadcrumbList\",\"@id\":\"https:\/\/staging.varesenews.it\/2018\/02\/larson-un-uomo-squadra-voglio-leader\/688937\/#breadcrumb\",\"itemListElement\":[{\"@type\":\"ListItem\",\"position\":1,\"name\":\"Home\",\"item\":\"https:\/\/www.varesenews.it\/\"},{\"@type\":\"ListItem\",\"position\":2,\"name\":\"Larson: &#8220;Sono un uomo-squadra, voglio essere leader&#8221;\"}]},{\"@type\":\"WebSite\",\"@id\":\"https:\/\/staging.varesenews.it\/#website\",\"url\":\"https:\/\/staging.varesenews.it\/\",\"name\":\"VareseNews\",\"description\":\"\",\"potentialAction\":[{\"@type\":\"SearchAction\",\"target\":{\"@type\":\"EntryPoint\",\"urlTemplate\":\"https:\/\/staging.varesenews.it\/?s={search_term_string}\"},\"query-input\":\"required name=search_term_string\"}],\"inLanguage\":\"it-IT\"},{\"@type\":\"Person\",\"@id\":\"https:\/\/staging.varesenews.it\/#\/schema\/person\/709ae3769f6b4dbde8ec332baede8a5b\",\"name\":\"Damiano Franzetti\",\"image\":{\"@type\":\"ImageObject\",\"inLanguage\":\"it-IT\",\"@id\":\"https:\/\/staging.varesenews.it\/#\/schema\/person\/image\/\",\"url\":\"https:\/\/staging.varesenews.it\/wp-content\/uploads\/2020\/12\/damiano_franzetti_colori_500.jpg\",\"contentUrl\":\"https:\/\/staging.varesenews.it\/wp-content\/uploads\/2020\/12\/damiano_franzetti_colori_500.jpg\",\"caption\":\"Damiano Franzetti\"},\"description\":\"Classe 1976, una laurea (nel cassetto) in scienze e tecnologie alimentari; sono giornalista professionista dal 2009 nato e cresciuto con VareseNews dove mi occupo soprattutto di sport ormai da vent&rsquo;anni. Inviato sui campi (sulle piste, sulle strade...), intervistatore, coordinatore e responsabile delle pagine sportive, mi ritaglio volentieri lo spazio per scrivere di birra sul blog Malto Gradimento. Ho seguito innumerevoli campionati di Serie A di basket, di serie B di calcio, due Mondiali di ciclismo, qualche Giro d&rsquo;;Italia e tanto altro ancora. Collaboro con Tuttosport e altre testate, mi diletto di social. Ho una moglie, un figlio, vivo nella mia Gemonio e ho purtroppo smesso con il basket giocato. &nbsp;\",\"sameAs\":[\"damianofranz\",\"https:\/\/www.linkedin.com\/profile\/view?id=241597124&trk=nav_responsive_tab_profile\",\"https:\/\/twitter.com\/damianofranz\"],\"url\":\"https:\/\/staging.varesenews.it\/persona\/damiano_franzetti-2\/\"}]}<\/script>\n<!-- \/ Yoast SEO plugin. -->","yoast_head_json":{"title":"Larson: \"Sono un uomo-squadra, voglio essere leader\"","description":"Il nuovo americano della Openjobmetis ha esordito contro Milano: \"I tifosi mi hanno sommerso di messaggi prima di giocare: l\u00ec ho capito l'importanza del derby. Io e Wells siamo complementari\"","robots":{"index":"noindex","follow":"follow","max-snippet":"max-snippet:-1","max-image-preview":"max-image-preview:large","max-video-preview":"max-video-preview:-1"},"og_locale":"it_IT","og_type":"article","og_title":"Larson: \"Sono un uomo-squadra, voglio essere leader\"","og_description":"Il nuovo americano della Openjobmetis ha esordito contro Milano: \"I tifosi mi hanno sommerso di messaggi prima di giocare: l\u00ec ho capito l'importanza del derby. Io e Wells siamo complementari\"","og_url":"https:\/\/staging.varesenews.it\/2018\/02\/larson-un-uomo-squadra-voglio-leader\/688937\/","og_site_name":"VareseNews","article_publisher":"https:\/\/www.facebook.com\/varesenews","article_published_time":"2018-02-02T17:46:06+00:00","author":"Damiano Franzetti","twitter_card":"summary_large_image","twitter_creator":"@damianofranz","twitter_site":"@varesenews","twitter_misc":{"Scritto da":"Damiano Franzetti","Tempo di lettura stimato":"3 minuti"},"schema":{"@context":"https:\/\/schema.org","@graph":[{"@type":"WebPage","@id":"https:\/\/staging.varesenews.it\/2018\/02\/larson-un-uomo-squadra-voglio-leader\/688937\/","url":"https:\/\/staging.varesenews.it\/2018\/02\/larson-un-uomo-squadra-voglio-leader\/688937\/","name":"Larson: \"Sono un uomo-squadra, voglio essere leader\"","isPartOf":{"@id":"https:\/\/staging.varesenews.it\/#website"},"datePublished":"2018-02-02T17:46:06+00:00","dateModified":"2018-02-02T17:46:06+00:00","author":{"@id":"https:\/\/staging.varesenews.it\/#\/schema\/person\/709ae3769f6b4dbde8ec332baede8a5b"},"description":"Il nuovo americano della Openjobmetis ha esordito contro Milano: \"I tifosi mi hanno sommerso di messaggi prima di giocare: l\u00ec ho capito l'importanza del derby. Io e Wells siamo complementari\"","breadcrumb":{"@id":"https:\/\/staging.varesenews.it\/2018\/02\/larson-un-uomo-squadra-voglio-leader\/688937\/#breadcrumb"},"inLanguage":"it-IT","potentialAction":[{"@type":"ReadAction","target":["https:\/\/staging.varesenews.it\/2018\/02\/larson-un-uomo-squadra-voglio-leader\/688937\/"]}]},{"@type":"BreadcrumbList","@id":"https:\/\/staging.varesenews.it\/2018\/02\/larson-un-uomo-squadra-voglio-leader\/688937\/#breadcrumb","itemListElement":[{"@type":"ListItem","position":1,"name":"Home","item":"https:\/\/www.varesenews.it\/"},{"@type":"ListItem","position":2,"name":"Larson: &#8220;Sono un uomo-squadra, voglio essere leader&#8221;"}]},{"@type":"WebSite","@id":"https:\/\/staging.varesenews.it\/#website","url":"https:\/\/staging.varesenews.it\/","name":"VareseNews","description":"","potentialAction":[{"@type":"SearchAction","target":{"@type":"EntryPoint","urlTemplate":"https:\/\/staging.varesenews.it\/?s={search_term_string}"},"query-input":"required name=search_term_string"}],"inLanguage":"it-IT"},{"@type":"Person","@id":"https:\/\/staging.varesenews.it\/#\/schema\/person\/709ae3769f6b4dbde8ec332baede8a5b","name":"Damiano Franzetti","image":{"@type":"ImageObject","inLanguage":"it-IT","@id":"https:\/\/staging.varesenews.it\/#\/schema\/person\/image\/","url":"https:\/\/staging.varesenews.it\/wp-content\/uploads\/2020\/12\/damiano_franzetti_colori_500.jpg","contentUrl":"https:\/\/staging.varesenews.it\/wp-content\/uploads\/2020\/12\/damiano_franzetti_colori_500.jpg","caption":"Damiano Franzetti"},"description":"Classe 1976, una laurea (nel cassetto) in scienze e tecnologie alimentari; sono giornalista professionista dal 2009 nato e cresciuto con VareseNews dove mi occupo soprattutto di sport ormai da vent&rsquo;anni. Inviato sui campi (sulle piste, sulle strade...), intervistatore, coordinatore e responsabile delle pagine sportive, mi ritaglio volentieri lo spazio per scrivere di birra sul blog Malto Gradimento. Ho seguito innumerevoli campionati di Serie A di basket, di serie B di calcio, due Mondiali di ciclismo, qualche Giro d&rsquo;;Italia e tanto altro ancora. Collaboro con Tuttosport e altre testate, mi diletto di social. Ho una moglie, un figlio, vivo nella mia Gemonio e ho purtroppo smesso con il basket giocato. &nbsp;","sameAs":["damianofranz","https:\/\/www.linkedin.com\/profile\/view?id=241597124&trk=nav_responsive_tab_profile","https:\/\/twitter.com\/damianofranz"],"url":"https:\/\/staging.varesenews.it\/persona\/damiano_franzetti-2\/"}]}},"post_meta":{"_edit_lock":"1517670017:38","_edit_last":"38","_category_permalink":"a:1:{s:8:\"category\";s:2:\"14\";}","foto":"655016","argomento":"Basket","_yoast_wpseo_content_score":"60","_jd_tweet_this":"yes","ratings_users":"0","ratings_score":"0","ratings_average":"0","_wpt_short_url":"http:\/\/www.varesenews.it\/2018\/02\/larson-un-uomo-squadra-voglio-leader\/688937\/","_wp_jd_target":"http:\/\/www.varesenews.it\/2018\/02\/larson-un-uomo-squadra-voglio-leader\/688937\/","_jd_wp_twitter":"a:1:{i:0;s:142:\"Larson: \u201cSono un uomo-squadra, voglio essere leader\u201d http:\/\/www.varesenews.it\/2018\/02\/larson-un-uomo-squadra-voglio-leader\/688937\/ #basket\";}","_wpt_status_message":"Tweet inviato con successo."},"photos":[{"original":"https:\/\/staging.varesenews.it\/photogallery_new\/images\/2018\/02\/basket-pallacanestro-varese-tyler-larson-655016.jpg","full":"https:\/\/staging.varesenews.it\/photogallery_new\/images\/2018\/02\/basket-pallacanestro-varese-tyler-larson-655016.1024x768.jpg","large":"https:\/\/staging.varesenews.it\/photogallery_new\/images\/2018\/02\/basket-pallacanestro-varese-tyler-larson-655016.610x431.jpg"}],"_links":{"self":[{"href":"https:\/\/staging.varesenews.it\/swgapi\/v1\/wp\/v2\/posts\/688937"}],"collection":[{"href":"https:\/\/staging.varesenews.it\/swgapi\/v1\/wp\/v2\/posts"}],"about":[{"href":"https:\/\/staging.varesenews.it\/swgapi\/v1\/wp\/v2\/types\/post"}],"author":[{"embeddable":true,"href":"https:\/\/staging.varesenews.it\/swgapi\/v1\/wp\/v2\/users\/38"}],"replies":[{"embeddable":true,"href":"https:\/\/staging.varesenews.it\/swgapi\/v1\/wp\/v2\/comments?post=688937"}],"version-history":[{"count":0,"href":"https:\/\/staging.varesenews.it\/swgapi\/v1\/wp\/v2\/posts\/688937\/revisions"}],"wp:attachment":[{"href":"https:\/\/staging.varesenews.it\/swgapi\/v1\/wp\/v2\/media?parent=688937"}],"wp:term":[{"taxonomy":"category","embeddable":true,"href":"https:\/\/staging.varesenews.it\/swgapi\/v1\/wp\/v2\/categories?post=688937"},{"taxonomy":"post_tag","embeddable":true,"href":"https:\/\/staging.varesenews.it\/swgapi\/v1\/wp\/v2\/tags?post=688937"}],"curies":[{"name":"wp","href":"https:\/\/api.w.org\/{rel}","templated":true}]}}