{"id":689858,"date":"2018-02-07T16:01:17","date_gmt":"2018-02-07T15:01:17","guid":{"rendered":"http:\/\/www.varesenews.it\/?p=689858"},"modified":"2018-02-07T16:07:55","modified_gmt":"2018-02-07T15:07:55","slug":"pronto-carnevale-bosino-2018","status":"publish","type":"post","link":"https:\/\/staging.varesenews.it\/2018\/02\/pronto-carnevale-bosino-2018\/689858\/","title":{"rendered":"Tutto pronto per il Carnevale Bosino 2018"},"content":{"rendered":"<p><strong>Un Carnevale all&#8217;insegna delle tradizioni.<\/strong> E&#8217; stata presentata ufficialmente questa mattina (7 febbraio) la venticinquesima edizione del Carnevale Bosino che vedr\u00e0 in citt\u00e0 le tipiche maschere varesine e tanti eventi.<\/p>\n<p>\u00abE&#8217; un momento di festa ma anche un modo per richiamare le nostre tradizioni. Ringraziamo la Famiglia Bosina per l&#8217;impegno nell&#8217;organizzazione questo evento ma anche per quello che mette tutto l&#8217;anno per la nostra citt\u00e0\u00bb, ha commentato il Sindaco Davide Galimberti.<\/p>\n<p>A presentare ufficialmente il programma anche Loris Baraldi, colui che da ventotto anni indossa la maschera del<strong> Pin Girometta<\/strong> e che aprir\u00e0 ufficialmente la sfilata di sabato 10 febbraio, quando le chiavi della citt\u00e0 verranno consegnate al Re Bosino. Sabato 17 febbraio ci sar\u00e0 poi il clou con la sfilata dei carri in citt\u00e0.<\/p>\n<p>Nella giornata di gioved\u00ec ci saranno inoltre, due eventi dedicati alla solidariet\u00e0 con momenti di animazione al\u00a0Centro Diurno Disabili Anaconda di Via Rainoldi e nel Reparto di Pediatria dell\u2019Ospedale del Ponte di Varese. Venerd\u00ec invece, c&#8217;\u00e8 la festa della mascherina all&#8217;Istituto De Filippi per i pi\u00f9 piccoli.<\/p>\n<p>Presenti alla conferenza anche Luca Broggini\u00a0 e Cristina Iotti della Famiglia Bosina e Antonio Borgato, colui che da quattro anni interpreta la maschera del Re Bosino.\u00a0\u00abAspettiamo come sempre tanti carri da tutto il varesotto. Quest&#8217;anno ci saranno circa tredici carri e undici gruppi, novit\u00e0 i trampolieri che seguiranno la sfilata\u00bb, raccontano.<\/p>\n<p>Dal punto dei vista della sicurezza \u00e8 stato tutto organizzato in linea con il Decreto Minniti per i grandi eventi, \u00abCome lo scorso anno<strong> abbiamo stabilito una centrale operativa nella sede della Polizia Locale<\/strong> che permetter\u00e0 di avere controllo su quando succede in citt\u00e0. Inoltre, ci saranno agenti della Polizia Locale, della Polizia, volontari della Protezione Civile, Angeli Urbani e City Angels che ci daranno una mano per quanto riguarda la sicurezza durante la manifestazione e chiusura delle strade al traffico. Ricordiamo inoltre che,<strong> in caso di smarrimento di un minore, il punto di ritrovo \u00e8 in piazza Repubblica\u00bb<\/strong>.<\/p>\n<p><strong>IL PROGRAMMA GIORNO PER GIORNO<\/strong><\/p>\n<p><strong>SABATO 10 FEBBRAIO: Apertura del Carnevale<\/strong><\/p>\n<p>Alle ore 15:00, dal Piazzale della Stazione Ferrovie Nord Milano partir\u00e0 il corteo storico di apertura del Carnevale, alla presenza delle autorit\u00e0 e del Re bosino, che sfiler\u00e0 fino a Via Sacco, davanti al palazzo comunale.<\/p>\n<p>Qui avr\u00e0 luogo una dimostrazione della compagnia Gym Art di Buguggiate.<br \/>\nGymArt \u00e8 una compagnia indipendente di ginnaste che fonde l`acrobatica, con il verticalismo, l`acro-yoga e la danza contemporanea.<\/p>\n<p>Collabora ad eventi sportivi (cerimonia di chiusura Uefa Champions League 2017, Europei Twirling 2017, SBOCC festival di circo di strada), con televisioni (I soliti ignoti) e con privati. Del gruppo fa parte anche una atleta sindrome di Down, a significare la loro attenzione al mondo della disabilit\u00e0.<\/p>\n<p>Alle 15:30, nella sala Matrimoni del palazzo comunale, il Sindaco consegner\u00e0 le chiavi della citt\u00e0 al Re bosino.<\/p>\n<p>Il Re bosino \u00e8 una figura di poeta e prosatore ideata nel settecento che \u2013 durante la settimana del Carnevale \u2013 assume il comando della citt\u00e0 al posto del sindaco, che pu\u00f2 quindi ritenersi \u201cesonerato\u201d da qualsiasi incarico o decisione riguardante la pubblica amministrazione!<\/p>\n<p>Dal 2016 il Re bosino \u00e8 impersonato da Antonio Borgato, membro della famiglia Bosina, che declamer\u00e0, a chiusura del Carnevale, il tradizionale \u201cdiscorso alla citt\u00e0\u201d da lui composto in dialetto bosino e ricco di ironici riferimenti alla cronaca cittadina dell\u2019anno trascorso.<\/p>\n<p><strong>GIOVED\u00ec 15 FEBBRAIO\u00a0<\/strong><\/p>\n<p>Due momenti di solidariet\u00e0<br \/>\nAlle ore 13:45 alcuni rappresentanti della Famiglia Bosina, insieme a Clown Pallina, faranno visita ai ragazzi del Centro Diurno Disabili Anaconda di Via Rainoldi, offrendo una dolce merenda.<\/p>\n<p>Alle ore 15.30 sar\u00e0 la volta dei pazienti del Reparto di Pediatria dell\u2019Ospedale del Ponte di Varese, che verranno intrattenuti da giochi e trucchi del Magico Max.<\/p>\n<p><strong>VENERDI&#8217; 16 FEBBRAIO\u00a0<\/strong><\/p>\n<p>Viva le mascherine! I bambini sono attesi dalle ore 14:00 presso il Collegio dei Filippi di via Brambilla 15 (raggiungibile con l\u2019autobus di linea H e dotato di ampio parcheggio) per un pomeriggio di divertimento a costo zero con musica, balli e merenda, in compagnia di Clown Pallina e Magico Max.<\/p>\n<p>Un\u2019apposita giuria nominata dalla Famiglia Bosina valuter\u00e0 una per una tutte le mascherine che prenderanno parte alla sfilata, assegnando il premio \u201cMascherina bosina 2018\u201d ai tre migliori travestimenti in base a originalit\u00e0, fattura manuale, economicit\u00e0 dei materiali utilizzati e \u201cmessaggio\u201d trasmesso.<\/p>\n<p><strong>SABATO 17 FEBBRAIO\u00a0<\/strong><\/p>\n<p>Giornata di chiusura del Carnevale 2018: grande festa per tutta la citt\u00e0!<\/p>\n<p>Alle ore 14:30 partenza da Via Sacco della sfilata di carri, scuole, associazioni e gruppi allegorici accompagnati dalle danze e dalle coreografie dei trampolieri del Teatro dell\u2019Aleph di Bellusco (MB) al ritmo incalzante delle percussioni.<\/p>\n<p><strong>PERCORSO della sfilata:<\/strong> Via Sacco, Via Marcobi, Piazza Monte Grappa, Via Volta, Via Manzoni, Via Avegno, Via Mazzini, Piazza XX Settembre, Via Vittorio Veneto, Corso Moro, Piazza Monte Grappa, Corso Matteotti, Piazza Carducci, Via Broggi, Via Veratti, Via Marcobi, Piazza Monte Grappa, Via Volta, Via Manzoni, Piazza Repubblica. Alle ore 16:30 in Piazza Repubblica discorso del Re bosino e premiazione dei tre carri e dei tre gruppi vincitori.<\/p>\n<p><strong>GASTRONOMIA E RISTORO<\/strong><\/p>\n<p>Piazza Repubblica:<br \/>\n\u2013 BALDORIA (panini, patatine, bibite e caff\u00e8)<br \/>\n\u2013 DAL GOLOSONE (dolci e frittelle)<br \/>\n\u2013 FAMIGLIA BOSINA (zucchero filato e vin br\u00fcl\u00e9)<\/p>\n<p>Piazza Monte Grappa:<br \/>\n\u2013 DAL GOLOSONE (dolci e frittelle)<\/p>\n<p>Piazza Carducci:<br \/>\n\u2013 MANTARRO CASTAGNARO (pop-corn, zucchero filato)<\/p>\n<p>Piazza San Giuseppe:<br \/>\n\u2013 TOSTERIA DELLA MOTTA (panini e toast)<br \/>\n\u2013 CHURROS (bastoncini fritti)<\/p>\n<p>Via Marconi:<br \/>\n\u2013 CHURROS (bastoncini fritti)<\/p>\n<p>In caso di maltempo la sfilata si svolger\u00e0 sabato 24 febbraio<\/p>\n","protected":false},"excerpt":{"rendered":"<p>Al via venticinquesima edizione del Carnevale: sabato 10 la consegna delle chiavi al Re Bosino, sabato 17 la sfilata dei carri <\/p>\n","protected":false},"author":32,"featured_media":0,"comment_status":"open","ping_status":"open","sticky":false,"template":"","format":"standard","meta":{"footnotes":""},"categories":[21,2],"tags":[83469,158],"acf":[],"yoast_head":"<!-- This site is optimized with the Yoast SEO plugin v20.1 - https:\/\/yoast.com\/wordpress\/plugins\/seo\/ -->\n<title>Tutto pronto per il Carnevale Bosino 2018<\/title>\n<meta name=\"description\" content=\"Al via venticinquesima edizione del Carnevale: sabato 10 la consegna delle chiavi al Re Bosino, sabato 17 la sfilata dei carri\" \/>\n<meta name=\"robots\" content=\"noindex, follow, max-snippet:-1, max-image-preview:large, max-video-preview:-1\" \/>\n<meta property=\"og:locale\" content=\"it_IT\" \/>\n<meta property=\"og:type\" content=\"article\" \/>\n<meta property=\"og:title\" content=\"Tutto pronto per il Carnevale Bosino 2018\" \/>\n<meta property=\"og:description\" content=\"Al via venticinquesima edizione del Carnevale: sabato 10 la consegna delle chiavi al Re Bosino, sabato 17 la sfilata dei carri\" \/>\n<meta property=\"og:url\" content=\"https:\/\/staging.varesenews.it\/2018\/02\/pronto-carnevale-bosino-2018\/689858\/\" \/>\n<meta property=\"og:site_name\" content=\"VareseNews\" \/>\n<meta property=\"article:publisher\" content=\"https:\/\/www.facebook.com\/varesenews\" \/>\n<meta property=\"article:published_time\" content=\"2018-02-07T15:01:17+00:00\" \/>\n<meta property=\"article:modified_time\" content=\"2018-02-07T15:07:55+00:00\" \/>\n<meta name=\"author\" content=\"Adelia Brigo\" \/>\n<meta name=\"twitter:card\" content=\"summary_large_image\" \/>\n<meta name=\"twitter:creator\" content=\"@AdeliaBrigo\" \/>\n<meta name=\"twitter:site\" content=\"@varesenews\" \/>\n<meta name=\"twitter:label1\" content=\"Scritto da\" \/>\n\t<meta name=\"twitter:data1\" content=\"Adelia Brigo\" \/>\n\t<meta name=\"twitter:label2\" content=\"Tempo di lettura stimato\" \/>\n\t<meta name=\"twitter:data2\" content=\"4 minuti\" \/>\n<script type=\"application\/ld+json\" class=\"yoast-schema-graph\">{\"@context\":\"https:\/\/schema.org\",\"@graph\":[{\"@type\":\"WebPage\",\"@id\":\"https:\/\/staging.varesenews.it\/2018\/02\/pronto-carnevale-bosino-2018\/689858\/\",\"url\":\"https:\/\/staging.varesenews.it\/2018\/02\/pronto-carnevale-bosino-2018\/689858\/\",\"name\":\"Tutto pronto per il Carnevale Bosino 2018\",\"isPartOf\":{\"@id\":\"https:\/\/staging.varesenews.it\/#website\"},\"datePublished\":\"2018-02-07T15:01:17+00:00\",\"dateModified\":\"2018-02-07T15:07:55+00:00\",\"author\":{\"@id\":\"https:\/\/staging.varesenews.it\/#\/schema\/person\/272ac0f5b2dbfd572218c2d86e013f1a\"},\"description\":\"Al via venticinquesima edizione del Carnevale: sabato 10 la consegna delle chiavi al Re Bosino, sabato 17 la sfilata dei carri\",\"breadcrumb\":{\"@id\":\"https:\/\/staging.varesenews.it\/2018\/02\/pronto-carnevale-bosino-2018\/689858\/#breadcrumb\"},\"inLanguage\":\"it-IT\",\"potentialAction\":[{\"@type\":\"ReadAction\",\"target\":[\"https:\/\/staging.varesenews.it\/2018\/02\/pronto-carnevale-bosino-2018\/689858\/\"]}]},{\"@type\":\"BreadcrumbList\",\"@id\":\"https:\/\/staging.varesenews.it\/2018\/02\/pronto-carnevale-bosino-2018\/689858\/#breadcrumb\",\"itemListElement\":[{\"@type\":\"ListItem\",\"position\":1,\"name\":\"Home\",\"item\":\"https:\/\/www.varesenews.it\/\"},{\"@type\":\"ListItem\",\"position\":2,\"name\":\"Tutto pronto per il Carnevale Bosino 2018\"}]},{\"@type\":\"WebSite\",\"@id\":\"https:\/\/staging.varesenews.it\/#website\",\"url\":\"https:\/\/staging.varesenews.it\/\",\"name\":\"VareseNews\",\"description\":\"\",\"potentialAction\":[{\"@type\":\"SearchAction\",\"target\":{\"@type\":\"EntryPoint\",\"urlTemplate\":\"https:\/\/staging.varesenews.it\/?s={search_term_string}\"},\"query-input\":\"required name=search_term_string\"}],\"inLanguage\":\"it-IT\"},{\"@type\":\"Person\",\"@id\":\"https:\/\/staging.varesenews.it\/#\/schema\/person\/272ac0f5b2dbfd572218c2d86e013f1a\",\"name\":\"Adelia Brigo\",\"image\":{\"@type\":\"ImageObject\",\"inLanguage\":\"it-IT\",\"@id\":\"https:\/\/staging.varesenews.it\/#\/schema\/person\/image\/\",\"url\":\"https:\/\/staging.varesenews.it\/wp-content\/uploads\/2020\/12\/adelia_brigo_colori_500.jpg\",\"contentUrl\":\"https:\/\/staging.varesenews.it\/wp-content\/uploads\/2020\/12\/adelia_brigo_colori_500.jpg\",\"caption\":\"Adelia Brigo\"},\"description\":\"Giornalista pubblicista, lavoro a VareseNews dal 2007 e mi occupo di cronaca locale e del settore dedicato alla cultura. In questi anni ho seguito diversi progetti di comunicazione, amo sperimentare strategie per i Social Network e raccontare storie. Varesina, classe 1984, sono laureata in Scienze della Comunicazione.&nbsp;\",\"sameAs\":[\"AdeliaBrigo\",\"https:\/\/twitter.com\/AdeliaBrigo\"],\"url\":\"https:\/\/staging.varesenews.it\/persona\/adelia_brigo\/\"}]}<\/script>\n<!-- \/ Yoast SEO plugin. -->","yoast_head_json":{"title":"Tutto pronto per il Carnevale Bosino 2018","description":"Al via venticinquesima edizione del Carnevale: sabato 10 la consegna delle chiavi al Re Bosino, sabato 17 la sfilata dei carri","robots":{"index":"noindex","follow":"follow","max-snippet":"max-snippet:-1","max-image-preview":"max-image-preview:large","max-video-preview":"max-video-preview:-1"},"og_locale":"it_IT","og_type":"article","og_title":"Tutto pronto per il Carnevale Bosino 2018","og_description":"Al via venticinquesima edizione del Carnevale: sabato 10 la consegna delle chiavi al Re Bosino, sabato 17 la sfilata dei carri","og_url":"https:\/\/staging.varesenews.it\/2018\/02\/pronto-carnevale-bosino-2018\/689858\/","og_site_name":"VareseNews","article_publisher":"https:\/\/www.facebook.com\/varesenews","article_published_time":"2018-02-07T15:01:17+00:00","article_modified_time":"2018-02-07T15:07:55+00:00","author":"Adelia Brigo","twitter_card":"summary_large_image","twitter_creator":"@AdeliaBrigo","twitter_site":"@varesenews","twitter_misc":{"Scritto da":"Adelia Brigo","Tempo di lettura stimato":"4 minuti"},"schema":{"@context":"https:\/\/schema.org","@graph":[{"@type":"WebPage","@id":"https:\/\/staging.varesenews.it\/2018\/02\/pronto-carnevale-bosino-2018\/689858\/","url":"https:\/\/staging.varesenews.it\/2018\/02\/pronto-carnevale-bosino-2018\/689858\/","name":"Tutto pronto per il Carnevale Bosino 2018","isPartOf":{"@id":"https:\/\/staging.varesenews.it\/#website"},"datePublished":"2018-02-07T15:01:17+00:00","dateModified":"2018-02-07T15:07:55+00:00","author":{"@id":"https:\/\/staging.varesenews.it\/#\/schema\/person\/272ac0f5b2dbfd572218c2d86e013f1a"},"description":"Al via venticinquesima edizione del Carnevale: sabato 10 la consegna delle chiavi al Re Bosino, sabato 17 la sfilata dei carri","breadcrumb":{"@id":"https:\/\/staging.varesenews.it\/2018\/02\/pronto-carnevale-bosino-2018\/689858\/#breadcrumb"},"inLanguage":"it-IT","potentialAction":[{"@type":"ReadAction","target":["https:\/\/staging.varesenews.it\/2018\/02\/pronto-carnevale-bosino-2018\/689858\/"]}]},{"@type":"BreadcrumbList","@id":"https:\/\/staging.varesenews.it\/2018\/02\/pronto-carnevale-bosino-2018\/689858\/#breadcrumb","itemListElement":[{"@type":"ListItem","position":1,"name":"Home","item":"https:\/\/www.varesenews.it\/"},{"@type":"ListItem","position":2,"name":"Tutto pronto per il Carnevale Bosino 2018"}]},{"@type":"WebSite","@id":"https:\/\/staging.varesenews.it\/#website","url":"https:\/\/staging.varesenews.it\/","name":"VareseNews","description":"","potentialAction":[{"@type":"SearchAction","target":{"@type":"EntryPoint","urlTemplate":"https:\/\/staging.varesenews.it\/?s={search_term_string}"},"query-input":"required name=search_term_string"}],"inLanguage":"it-IT"},{"@type":"Person","@id":"https:\/\/staging.varesenews.it\/#\/schema\/person\/272ac0f5b2dbfd572218c2d86e013f1a","name":"Adelia Brigo","image":{"@type":"ImageObject","inLanguage":"it-IT","@id":"https:\/\/staging.varesenews.it\/#\/schema\/person\/image\/","url":"https:\/\/staging.varesenews.it\/wp-content\/uploads\/2020\/12\/adelia_brigo_colori_500.jpg","contentUrl":"https:\/\/staging.varesenews.it\/wp-content\/uploads\/2020\/12\/adelia_brigo_colori_500.jpg","caption":"Adelia Brigo"},"description":"Giornalista pubblicista, lavoro a VareseNews dal 2007 e mi occupo di cronaca locale e del settore dedicato alla cultura. In questi anni ho seguito diversi progetti di comunicazione, amo sperimentare strategie per i Social Network e raccontare storie. Varesina, classe 1984, sono laureata in Scienze della Comunicazione.&nbsp;","sameAs":["AdeliaBrigo","https:\/\/twitter.com\/AdeliaBrigo"],"url":"https:\/\/staging.varesenews.it\/persona\/adelia_brigo\/"}]}},"post_meta":{"_edit_lock":"1518016415:32","_edit_last":"32","_category_permalink":"a:1:{s:8:\"category\";s:1:\"2\";}","ratings_users":"0","ratings_score":"0","ratings_average":"0","_yoast_wpseo_content_score":"30","_jd_tweet_this":"yes","_wpt_short_url":"http:\/\/www.varesenews.it\/2018\/02\/pronto-carnevale-bosino-2018\/689858\/","_wp_jd_target":"http:\/\/www.varesenews.it\/2018\/02\/pronto-carnevale-bosino-2018\/689858\/","_jd_wp_twitter":"a:1:{i:0;s:135:\"Tutto pronto per il Carnevale Bosino 2018 http:\/\/www.varesenews.it\/2018\/02\/pronto-carnevale-bosino-2018\/689858\/ #carnevale2018 #weekend\";}","_wpt_status_message":"Tweet inviato con successo.","foto":"655504"},"photos":[{"original":"https:\/\/staging.varesenews.it\/photogallery_new\/images\/2018\/02\/generico-2018-655504.jpg","full":"https:\/\/staging.varesenews.it\/photogallery_new\/images\/2018\/02\/generico-2018-655504.1024x768.jpg","large":"https:\/\/staging.varesenews.it\/photogallery_new\/images\/2018\/02\/generico-2018-655504.610x431.jpg"}],"_links":{"self":[{"href":"https:\/\/staging.varesenews.it\/swgapi\/v1\/wp\/v2\/posts\/689858"}],"collection":[{"href":"https:\/\/staging.varesenews.it\/swgapi\/v1\/wp\/v2\/posts"}],"about":[{"href":"https:\/\/staging.varesenews.it\/swgapi\/v1\/wp\/v2\/types\/post"}],"author":[{"embeddable":true,"href":"https:\/\/staging.varesenews.it\/swgapi\/v1\/wp\/v2\/users\/32"}],"replies":[{"embeddable":true,"href":"https:\/\/staging.varesenews.it\/swgapi\/v1\/wp\/v2\/comments?post=689858"}],"version-history":[{"count":0,"href":"https:\/\/staging.varesenews.it\/swgapi\/v1\/wp\/v2\/posts\/689858\/revisions"}],"wp:attachment":[{"href":"https:\/\/staging.varesenews.it\/swgapi\/v1\/wp\/v2\/media?parent=689858"}],"wp:term":[{"taxonomy":"category","embeddable":true,"href":"https:\/\/staging.varesenews.it\/swgapi\/v1\/wp\/v2\/categories?post=689858"},{"taxonomy":"post_tag","embeddable":true,"href":"https:\/\/staging.varesenews.it\/swgapi\/v1\/wp\/v2\/tags?post=689858"}],"curies":[{"name":"wp","href":"https:\/\/api.w.org\/{rel}","templated":true}]}}