{"id":689879,"date":"2018-02-07T16:09:18","date_gmt":"2018-02-07T15:09:18","guid":{"rendered":"http:\/\/www.varesenews.it\/?p=689879"},"modified":"2018-02-07T16:09:18","modified_gmt":"2018-02-07T15:09:18","slug":"agli-studenti-piace-liceo-quadriennale","status":"publish","type":"post","link":"https:\/\/staging.varesenews.it\/2018\/02\/agli-studenti-piace-liceo-quadriennale\/689879\/","title":{"rendered":"Agli studenti piace il liceo quadriennale"},"content":{"rendered":"<p class=\"p1\"><span class=\"s1\"><strong>Piace l\u2019opzione quadriennale.<\/strong> Chiuse le iscrizioni \u00e8 tempo di bilanci <a href=\"http:\/\/www.varesenews.it\/2017\/12\/liceo-quadriennale-partira-4-scuole-della-provincia\/680431\/\">negli istituti entrati nella sperimentazione nazionale del percorso superiore in 4 anni.<\/a><\/span><\/p>\n<p class=\"p1\"><span class=\"s1\">Le 4 scuole del territorio hanno ottenuto una risposta significativa raggiungendo il quorum necessario a far partire la prima classe.<\/span><\/p>\n<p class=\"p1\"><span class=\"s1\"><strong>Venticinque gli iscritti al liceo classico Cairoli<\/strong>\u00a0di Varese che ha visto anche crescere il numero di domande (189)\u00a0 di iscrizioni garantendo la formazione di 7 classi. Rimanendo in tema di classico, anche il <strong>Crespi di Busto Arsizio ha registrato una ripresa degli studi antichi<\/strong> registrando un numero di domande tale da formare tre classi.\u00a0<\/span><\/p>\n<p class=\"p1\"><span class=\"s1\"><strong>Ventisei iscritti anche al liceo quadriennale proposto dallo scientifico di Varese Ferraris<\/strong> che, quest\u2019anno, ha visto un vero boom di iscrizioni: <strong>con oltre 330 domande potr\u00e0 formare 11 prime classi.<\/strong> Oltre al quadriennale, premiata anche l\u2019opzione di scienze in inglese mentre <strong>lo sportivo, con 40 iscrizioni, dovr\u00e0 riorientare una decina di alunni.<\/strong><\/span><\/p>\n<p class=\"p1\"><span class=\"s1\">Trend confermato <strong>nelle due scuole che avevano gi\u00e0 avviato la sperimentazione da alcuni anni.<\/strong><\/span><\/p>\n<p class=\"p1\"><span class=\"s1\"><strong>All\u2019Ite Tosi di Busto Arsizio<\/strong>, le iscrizioni sono state in linea con gli anni precedenti segno di un interesse continuo verso la nuova formula. In tutto, all\u2019istituto di Viale Stelvio sono arrivate<strong> 500 domande di iscrizioni<\/strong>, un centinaio di troppo e che occorrer\u00e0 dirottare su altre scuole.\u00a0<\/span><\/p>\n<p class=\"p1\"><span class=\"s1\">Ribadisce l\u2019andamento degli ultimi anni il percorso quadriennale che<strong> da cinque anni viene proposto dall\u2019Acof con il liceo Pantani:<\/strong> \u00ab \u00c8 un progetto su cui possiamo gi\u00e0 trarre le nostre valutazioni &#8211; commenta il <strong>direttore Mauro Ghisellin<\/strong>i &#8211; I ragazzi che hanno sostenuto la maturit\u00e0 lo scorso giugno sono usciti con risultati gratificanti e hanno fatto scelte importanti: chi al Politecnico, chi alla Bocconi, chi ha scelto l\u2019Unione europea, dato che \u00e8<span class=\"Apple-converted-space\">\u00a0 <\/span>un percorso internazionale.<strong> \u00c8 davvero un bel progetto<\/strong> e sono sicuro che, nel giro di qualche anno, il quadriennale diventer\u00e0 la normalit\u00e0 anche nella scuola italiana, cos\u00ec come \u00e8 gi\u00e0 negli altri paesi europei\u00bb. <\/span><\/p>\n<p class=\"p1\">La scorsa settimana, <strong>il Ministero ha coinvolto altri 92 istituti nella sperimentazione quadriennale<\/strong>. In provincia di Varese alle 4 gi\u00e0 presenti, si aggiungeranno altre 4 scuole: il Montale di Tradate, il Rosetum di Besozzo, il Sacro Cuore di Gallarate e il Cavallotti di Cassano Magnago.<\/p>\n","protected":false},"excerpt":{"rendered":"<p>La classi partiranno in tutti e 4 gli istituti coinvolti nella sperimentazione ministeriale. L&#8217;Ite Tosi rimane la scuola pi\u00f9 gettonata. Boom di domande anche al Ferraris di Varese e il classico Cairoli torna a crescere<\/p>\n","protected":false},"author":33,"featured_media":0,"comment_status":"open","ping_status":"open","sticky":false,"template":"","format":"standard","meta":{"footnotes":""},"categories":[4,90,2],"tags":[5094,277,4112,3654,60644],"acf":[],"yoast_head":"<!-- This site is optimized with the Yoast SEO plugin v20.1 - https:\/\/yoast.com\/wordpress\/plugins\/seo\/ -->\n<title>Agli studenti piace il liceo quadriennale<\/title>\n<meta name=\"description\" content=\"La classi partiranno in tutti e 4 gli istituti coinvolti nella sperimentazione ministeriale. L&#039;Ite Tosi rimane la scuola pi\u00f9 gettonata. Boom di domande anche al Ferraris di Varese e il classico Cairoli torna a crescere\" \/>\n<meta name=\"robots\" content=\"noindex, follow, max-snippet:-1, max-image-preview:large, max-video-preview:-1\" \/>\n<meta property=\"og:locale\" content=\"it_IT\" \/>\n<meta property=\"og:type\" content=\"article\" \/>\n<meta property=\"og:title\" content=\"Agli studenti piace il liceo quadriennale\" \/>\n<meta property=\"og:description\" content=\"La classi partiranno in tutti e 4 gli istituti coinvolti nella sperimentazione ministeriale. L&#039;Ite Tosi rimane la scuola pi\u00f9 gettonata. Boom di domande anche al Ferraris di Varese e il classico Cairoli torna a crescere\" \/>\n<meta property=\"og:url\" content=\"https:\/\/staging.varesenews.it\/2018\/02\/agli-studenti-piace-liceo-quadriennale\/689879\/\" \/>\n<meta property=\"og:site_name\" content=\"VareseNews\" \/>\n<meta property=\"article:publisher\" content=\"https:\/\/www.facebook.com\/varesenews\" \/>\n<meta property=\"article:author\" content=\"alessandra.toni7\" \/>\n<meta property=\"article:published_time\" content=\"2018-02-07T15:09:18+00:00\" \/>\n<meta name=\"author\" content=\"Alessandra Toni\" \/>\n<meta name=\"twitter:card\" content=\"summary_large_image\" \/>\n<meta name=\"twitter:creator\" content=\"@alessandra_toni\" \/>\n<meta name=\"twitter:site\" content=\"@varesenews\" \/>\n<meta name=\"twitter:label1\" content=\"Scritto da\" \/>\n\t<meta name=\"twitter:data1\" content=\"Alessandra Toni\" \/>\n\t<meta name=\"twitter:label2\" content=\"Tempo di lettura stimato\" \/>\n\t<meta name=\"twitter:data2\" content=\"2 minuti\" \/>\n<script type=\"application\/ld+json\" class=\"yoast-schema-graph\">{\"@context\":\"https:\/\/schema.org\",\"@graph\":[{\"@type\":\"WebPage\",\"@id\":\"https:\/\/staging.varesenews.it\/2018\/02\/agli-studenti-piace-liceo-quadriennale\/689879\/\",\"url\":\"https:\/\/staging.varesenews.it\/2018\/02\/agli-studenti-piace-liceo-quadriennale\/689879\/\",\"name\":\"Agli studenti piace il liceo quadriennale\",\"isPartOf\":{\"@id\":\"https:\/\/staging.varesenews.it\/#website\"},\"datePublished\":\"2018-02-07T15:09:18+00:00\",\"dateModified\":\"2018-02-07T15:09:18+00:00\",\"author\":{\"@id\":\"https:\/\/staging.varesenews.it\/#\/schema\/person\/2643ce123d4a3c9511e015dc548779b8\"},\"description\":\"La classi partiranno in tutti e 4 gli istituti coinvolti nella sperimentazione ministeriale. L'Ite Tosi rimane la scuola pi\u00f9 gettonata. Boom di domande anche al Ferraris di Varese e il classico Cairoli torna a crescere\",\"breadcrumb\":{\"@id\":\"https:\/\/staging.varesenews.it\/2018\/02\/agli-studenti-piace-liceo-quadriennale\/689879\/#breadcrumb\"},\"inLanguage\":\"it-IT\",\"potentialAction\":[{\"@type\":\"ReadAction\",\"target\":[\"https:\/\/staging.varesenews.it\/2018\/02\/agli-studenti-piace-liceo-quadriennale\/689879\/\"]}]},{\"@type\":\"BreadcrumbList\",\"@id\":\"https:\/\/staging.varesenews.it\/2018\/02\/agli-studenti-piace-liceo-quadriennale\/689879\/#breadcrumb\",\"itemListElement\":[{\"@type\":\"ListItem\",\"position\":1,\"name\":\"Home\",\"item\":\"https:\/\/www.varesenews.it\/\"},{\"@type\":\"ListItem\",\"position\":2,\"name\":\"Agli studenti piace il liceo quadriennale\"}]},{\"@type\":\"WebSite\",\"@id\":\"https:\/\/staging.varesenews.it\/#website\",\"url\":\"https:\/\/staging.varesenews.it\/\",\"name\":\"VareseNews\",\"description\":\"\",\"potentialAction\":[{\"@type\":\"SearchAction\",\"target\":{\"@type\":\"EntryPoint\",\"urlTemplate\":\"https:\/\/staging.varesenews.it\/?s={search_term_string}\"},\"query-input\":\"required name=search_term_string\"}],\"inLanguage\":\"it-IT\"},{\"@type\":\"Person\",\"@id\":\"https:\/\/staging.varesenews.it\/#\/schema\/person\/2643ce123d4a3c9511e015dc548779b8\",\"name\":\"Alessandra Toni\",\"image\":{\"@type\":\"ImageObject\",\"inLanguage\":\"it-IT\",\"@id\":\"https:\/\/staging.varesenews.it\/#\/schema\/person\/image\/\",\"url\":\"https:\/\/staging.varesenews.it\/wp-content\/uploads\/2020\/12\/alessandra_toni_colori_500.jpg\",\"contentUrl\":\"https:\/\/staging.varesenews.it\/wp-content\/uploads\/2020\/12\/alessandra_toni_colori_500.jpg\",\"caption\":\"Alessandra Toni\"},\"description\":\"Sono entrata nella redazione di VareseNews nel lontano anno 2000. Ero reduce da una bellissima esperienza nella redazione giornalistica della TV Nuova Antennatre, sotto la direzione dell'indimenticabile direttore Adolfo Caldarini. Sono arrivata quando era ancora una piccola realt\u00e0 editoriale e insieme abbiamo fatto un lungo ed entusiasmante lavoro. Mi occupo prevalentemente di scuola e di sanit\u00e0, settori impegnativi di grande valore sociale.\u00a0\",\"sameAs\":[\"alessandra.toni7\",\"alessandra.toni\",\"https:\/\/twitter.com\/alessandra_toni\"],\"url\":\"https:\/\/staging.varesenews.it\/persona\/alessandra_toni1\/\"}]}<\/script>\n<!-- \/ Yoast SEO plugin. -->","yoast_head_json":{"title":"Agli studenti piace il liceo quadriennale","description":"La classi partiranno in tutti e 4 gli istituti coinvolti nella sperimentazione ministeriale. L'Ite Tosi rimane la scuola pi\u00f9 gettonata. Boom di domande anche al Ferraris di Varese e il classico Cairoli torna a crescere","robots":{"index":"noindex","follow":"follow","max-snippet":"max-snippet:-1","max-image-preview":"max-image-preview:large","max-video-preview":"max-video-preview:-1"},"og_locale":"it_IT","og_type":"article","og_title":"Agli studenti piace il liceo quadriennale","og_description":"La classi partiranno in tutti e 4 gli istituti coinvolti nella sperimentazione ministeriale. L'Ite Tosi rimane la scuola pi\u00f9 gettonata. Boom di domande anche al Ferraris di Varese e il classico Cairoli torna a crescere","og_url":"https:\/\/staging.varesenews.it\/2018\/02\/agli-studenti-piace-liceo-quadriennale\/689879\/","og_site_name":"VareseNews","article_publisher":"https:\/\/www.facebook.com\/varesenews","article_author":"alessandra.toni7","article_published_time":"2018-02-07T15:09:18+00:00","author":"Alessandra Toni","twitter_card":"summary_large_image","twitter_creator":"@alessandra_toni","twitter_site":"@varesenews","twitter_misc":{"Scritto da":"Alessandra Toni","Tempo di lettura stimato":"2 minuti"},"schema":{"@context":"https:\/\/schema.org","@graph":[{"@type":"WebPage","@id":"https:\/\/staging.varesenews.it\/2018\/02\/agli-studenti-piace-liceo-quadriennale\/689879\/","url":"https:\/\/staging.varesenews.it\/2018\/02\/agli-studenti-piace-liceo-quadriennale\/689879\/","name":"Agli studenti piace il liceo quadriennale","isPartOf":{"@id":"https:\/\/staging.varesenews.it\/#website"},"datePublished":"2018-02-07T15:09:18+00:00","dateModified":"2018-02-07T15:09:18+00:00","author":{"@id":"https:\/\/staging.varesenews.it\/#\/schema\/person\/2643ce123d4a3c9511e015dc548779b8"},"description":"La classi partiranno in tutti e 4 gli istituti coinvolti nella sperimentazione ministeriale. L'Ite Tosi rimane la scuola pi\u00f9 gettonata. Boom di domande anche al Ferraris di Varese e il classico Cairoli torna a crescere","breadcrumb":{"@id":"https:\/\/staging.varesenews.it\/2018\/02\/agli-studenti-piace-liceo-quadriennale\/689879\/#breadcrumb"},"inLanguage":"it-IT","potentialAction":[{"@type":"ReadAction","target":["https:\/\/staging.varesenews.it\/2018\/02\/agli-studenti-piace-liceo-quadriennale\/689879\/"]}]},{"@type":"BreadcrumbList","@id":"https:\/\/staging.varesenews.it\/2018\/02\/agli-studenti-piace-liceo-quadriennale\/689879\/#breadcrumb","itemListElement":[{"@type":"ListItem","position":1,"name":"Home","item":"https:\/\/www.varesenews.it\/"},{"@type":"ListItem","position":2,"name":"Agli studenti piace il liceo quadriennale"}]},{"@type":"WebSite","@id":"https:\/\/staging.varesenews.it\/#website","url":"https:\/\/staging.varesenews.it\/","name":"VareseNews","description":"","potentialAction":[{"@type":"SearchAction","target":{"@type":"EntryPoint","urlTemplate":"https:\/\/staging.varesenews.it\/?s={search_term_string}"},"query-input":"required name=search_term_string"}],"inLanguage":"it-IT"},{"@type":"Person","@id":"https:\/\/staging.varesenews.it\/#\/schema\/person\/2643ce123d4a3c9511e015dc548779b8","name":"Alessandra Toni","image":{"@type":"ImageObject","inLanguage":"it-IT","@id":"https:\/\/staging.varesenews.it\/#\/schema\/person\/image\/","url":"https:\/\/staging.varesenews.it\/wp-content\/uploads\/2020\/12\/alessandra_toni_colori_500.jpg","contentUrl":"https:\/\/staging.varesenews.it\/wp-content\/uploads\/2020\/12\/alessandra_toni_colori_500.jpg","caption":"Alessandra Toni"},"description":"Sono entrata nella redazione di VareseNews nel lontano anno 2000. Ero reduce da una bellissima esperienza nella redazione giornalistica della TV Nuova Antennatre, sotto la direzione dell'indimenticabile direttore Adolfo Caldarini. Sono arrivata quando era ancora una piccola realt\u00e0 editoriale e insieme abbiamo fatto un lungo ed entusiasmante lavoro. Mi occupo prevalentemente di scuola e di sanit\u00e0, settori impegnativi di grande valore sociale.\u00a0","sameAs":["alessandra.toni7","alessandra.toni","https:\/\/twitter.com\/alessandra_toni"],"url":"https:\/\/staging.varesenews.it\/persona\/alessandra_toni1\/"}]}},"post_meta":{"_edit_lock":"1518016414:33","_edit_last":"33","_category_permalink":"a:1:{s:8:\"category\";s:2:\"90\";}","foto":"630757","firma-personalizzata":"A.T.","argomento":"Scuola","_yoast_wpseo_content_score":"30","_jd_tweet_this":"yes","ratings_users":"0","ratings_score":"0","ratings_average":"0","_wpt_short_url":"http:\/\/www.varesenews.it\/2018\/02\/agli-studenti-piace-liceo-quadriennale\/689879\/","_wp_jd_target":"http:\/\/www.varesenews.it\/2018\/02\/agli-studenti-piace-liceo-quadriennale\/689879\/","_jd_wp_twitter":"a:1:{i:0;s:150:\"Agli studenti piace il liceo quadriennale http:\/\/www.varesenews.it\/2018\/02\/agli-studenti-piace-liceo-quadriennale\/689879\/ #acof #itetosi #liceocairoli\";}","_wpt_status_message":"Tweet inviato con successo."},"photos":[{"original":"https:\/\/staging.varesenews.it\/photogallery_new\/images\/2017\/09\/primo-giorno-anno-2017-2018-per-il-quadriennale-del-tosi-630757.jpg","full":"https:\/\/staging.varesenews.it\/photogallery_new\/images\/2017\/09\/primo-giorno-anno-2017-2018-per-il-quadriennale-del-tosi-630757.1024x768.jpg","large":"https:\/\/staging.varesenews.it\/photogallery_new\/images\/2017\/09\/primo-giorno-anno-2017-2018-per-il-quadriennale-del-tosi-630757.610x431.jpg"}],"_links":{"self":[{"href":"https:\/\/staging.varesenews.it\/swgapi\/v1\/wp\/v2\/posts\/689879"}],"collection":[{"href":"https:\/\/staging.varesenews.it\/swgapi\/v1\/wp\/v2\/posts"}],"about":[{"href":"https:\/\/staging.varesenews.it\/swgapi\/v1\/wp\/v2\/types\/post"}],"author":[{"embeddable":true,"href":"https:\/\/staging.varesenews.it\/swgapi\/v1\/wp\/v2\/users\/33"}],"replies":[{"embeddable":true,"href":"https:\/\/staging.varesenews.it\/swgapi\/v1\/wp\/v2\/comments?post=689879"}],"version-history":[{"count":0,"href":"https:\/\/staging.varesenews.it\/swgapi\/v1\/wp\/v2\/posts\/689879\/revisions"}],"wp:attachment":[{"href":"https:\/\/staging.varesenews.it\/swgapi\/v1\/wp\/v2\/media?parent=689879"}],"wp:term":[{"taxonomy":"category","embeddable":true,"href":"https:\/\/staging.varesenews.it\/swgapi\/v1\/wp\/v2\/categories?post=689879"},{"taxonomy":"post_tag","embeddable":true,"href":"https:\/\/staging.varesenews.it\/swgapi\/v1\/wp\/v2\/tags?post=689879"}],"curies":[{"name":"wp","href":"https:\/\/api.w.org\/{rel}","templated":true}]}}