{"id":689897,"date":"2018-02-07T18:52:52","date_gmt":"2018-02-07T17:52:52","guid":{"rendered":"http:\/\/www.varesenews.it\/?p=689897"},"modified":"2018-02-07T18:54:11","modified_gmt":"2018-02-07T17:54:11","slug":"omicidio-laura-prati-processo-corte-dappello-pegoraro","status":"publish","type":"post","link":"https:\/\/staging.varesenews.it\/2018\/02\/omicidio-laura-prati-processo-corte-dappello-pegoraro\/689897\/","title":{"rendered":"Omicidio di Laura Prati, nuovo processo in Corte d&#8217;Appello per Pegoraro"},"content":{"rendered":"<p><strong>Giuseppe Pegoraro<\/strong>, condannato in primo e secondo grado all&#8217;ergastolo per <strong>l&#8217;omicidio della sindaca di Cardano al Campo Laura Prati<\/strong> e per il tentato omicidio del vice <strong>Costantino Iametti<\/strong>, <a href=\"http:\/\/www.varesenews.it\/2017\/09\/colpo-di-scena-dalla-cassazione-pegoraro-puo-ottenere-una-pena-piu-mite\/651354\/\">potrebbe ritrovarsi a scontare una pena meno afflittiva rispetto all&#8217;ergastolo<\/a>, con la <strong>possibile concessione delle attenuanti generiche<\/strong>.<\/p>\n<p>Dalla lettura delle <strong>motivazioni della sentenza della Corte di Cassazione<\/strong> emerge che Pegoraro potrebbe non aver ucciso Laura Prati o, pi\u00f9 precisamente, che la caduta conseguente agli spari di Pegoraro potrebbe non essere la causa della dissecazione dell&#8217;aorta che l&#8217;ha portata alla morte il 22 luglio del 2014, a tre settimane dal ferimento in quella tragica giornata vissuta a Cardano al Campo.<\/p>\n<p>Gi ermellini spiegano nelle motivazioni che \u00e8 fondato il ricorso dell&#8217;avvocato Maria Grazia Senaldi che denunciava &#8220;un parziale travisamento delle risultanze istruttorie ed in particolare della perizia svolta in primo grado. In effetti, la Corte di secondo grado afferma con certezza &#8211; basandosi pi\u00f9 sugli apporti tecnici dei consulenti della pubblica accusa che sui risultati peritali &#8211; che la causa della dissecazione \u00e8 da inviduarsi nella caduta al suolo della donna in occasione del ferimento (..la sollecitazione del rachide cervicale, agendo proprio in tal sede, ha prodotto la lesione mortale descritta..) l\u00ec dove lo stesso perito dott. Cristina ha affermato, nel suo testo, che sul piano della osservazione statistica soltanto l&#8217;un per cento circa dei traumi del collo provocano una simile conseguenza, finendo con l&#8217;esprimersi in termini di possibilit\u00e0 di una individuazione della causa nella dinamica &#8216;indiretta&#8217; dell&#8217;aggressione rappresentata dalla caduta al suolo (che peraltro non risulta avvenuta da una posizione del tutto eretta, con indubbia diminuzione della forza cinetica e incremento del dubbio sulle effettive conseguenze)&#8221;.<\/p>\n<p>In altre parole, la perizia si esprime in termini di \u00abnon esclusione\u00bb del rapporto di causalit\u00e0 tra le iniziali ferite ed il decesso, il che rappresenta una valutazione tecnica dal contenuto ben diverso rispetto a quello patrocinato in sentenza, ove <strong>manca un adeguato esame delle altre possibili cause incidenti e dei profili in diritto ad esse collegati.\u00a0<\/strong>Posto che dagli atti <strong>emergono almeno altri due possibili fattori di produzione di quel particolare evento<\/strong> &#8211; la dissecazione &#8211; che ha determinato l&#8217;infausto esito.<\/p>\n<p>Al di l\u00e0 della ipotesi di <strong>malformazione congenita<\/strong>, vi \u00e8 infatti ampio riferimento negli esami diagnostici e nelle cartelle cliniche ad <strong>un possibile aneurisma<\/strong>. La stessa consulenza tecnica collegiale, in una con il diretto esame dei contenuti delle cartelle cliniche, sostiene la pluralit\u00e0 dei potenziali fattori incidenti, con erronea attribuzione di significato, in sentenza, al complesso dei dati offerti dall&#8217;istruttoria.<\/p>\n<p>non pu\u00f2 &#8211; in ogni caso &#8211; modificarsi il titolo del reato (l&#8217;omicidio volontario) ritenuto in sentenza n\u00e8 pu\u00f2 affermarsi l&#8217;assenza del nesso causale tra la condotta tenuta dall&#8217;imputato e l&#8217;evento-morte della Prati, il che esclude la possibilit\u00e0 di annullamento della statuizione principale.<\/p>\n<p>La sentenza, dunque, dispone l&#8217;annullmento della decisione del diniego delle circostanze attenuanti generiche e del conseguente trattamento sanzionatorio, con rinvio per nuovo esame a diversa sezione della Corte d\u00ec Appello di Milano.<\/p>\n","protected":false},"excerpt":{"rendered":"<p>Nuovo processo in Corte d&#8217;Appello per approfondire anche le altre cause che possono aver portato alla morte la sindaca, gravemente ferita il 2 luglio del 2014 insieme al suo vice dall&#8217;ex-vigile urbano<\/p>\n","protected":false},"author":47,"featured_media":0,"comment_status":"open","ping_status":"open","sticky":false,"template":"","format":"standard","meta":{"footnotes":""},"categories":[3],"tags":[1483,987],"acf":[],"yoast_head":"<!-- This site is optimized with the Yoast SEO plugin v20.1 - https:\/\/yoast.com\/wordpress\/plugins\/seo\/ -->\n<title>Omicidio di Laura Prati, nuovo processo in Corte d&#039;Appello per Pegoraro<\/title>\n<meta name=\"description\" content=\"Nuovo processo in Corte d&#039;Appello per approfondire anche le altre cause che possono aver portato alla morte la sindaca, gravemente ferita il 2 luglio del 2014 insieme al suo vice dall&#039;ex-vigile urbano\" \/>\n<meta name=\"robots\" content=\"noindex, follow, max-snippet:-1, max-image-preview:large, max-video-preview:-1\" \/>\n<meta property=\"og:locale\" content=\"it_IT\" \/>\n<meta property=\"og:type\" content=\"article\" \/>\n<meta property=\"og:title\" content=\"Omicidio di Laura Prati, nuovo processo in Corte d&#039;Appello per Pegoraro\" \/>\n<meta property=\"og:description\" content=\"Nuovo processo in Corte d&#039;Appello per approfondire anche le altre cause che possono aver portato alla morte la sindaca, gravemente ferita il 2 luglio del 2014 insieme al suo vice dall&#039;ex-vigile urbano\" \/>\n<meta property=\"og:url\" content=\"https:\/\/staging.varesenews.it\/2018\/02\/omicidio-laura-prati-processo-corte-dappello-pegoraro\/689897\/\" \/>\n<meta property=\"og:site_name\" content=\"VareseNews\" \/>\n<meta property=\"article:publisher\" content=\"https:\/\/www.facebook.com\/varesenews\" \/>\n<meta property=\"article:published_time\" content=\"2018-02-07T17:52:52+00:00\" \/>\n<meta property=\"article:modified_time\" content=\"2018-02-07T17:54:11+00:00\" \/>\n<meta name=\"author\" content=\"Orlando Mastrillo\" \/>\n<meta name=\"twitter:card\" content=\"summary_large_image\" \/>\n<meta name=\"twitter:creator\" content=\"@nando_mastrillo\" \/>\n<meta name=\"twitter:site\" content=\"@varesenews\" \/>\n<meta name=\"twitter:label1\" content=\"Scritto da\" \/>\n\t<meta name=\"twitter:data1\" content=\"Orlando Mastrillo\" \/>\n\t<meta name=\"twitter:label2\" content=\"Tempo di lettura stimato\" \/>\n\t<meta name=\"twitter:data2\" content=\"2 minuti\" \/>\n<script type=\"application\/ld+json\" class=\"yoast-schema-graph\">{\"@context\":\"https:\/\/schema.org\",\"@graph\":[{\"@type\":\"WebPage\",\"@id\":\"https:\/\/staging.varesenews.it\/2018\/02\/omicidio-laura-prati-processo-corte-dappello-pegoraro\/689897\/\",\"url\":\"https:\/\/staging.varesenews.it\/2018\/02\/omicidio-laura-prati-processo-corte-dappello-pegoraro\/689897\/\",\"name\":\"Omicidio di Laura Prati, nuovo processo in Corte d'Appello per Pegoraro\",\"isPartOf\":{\"@id\":\"https:\/\/staging.varesenews.it\/#website\"},\"datePublished\":\"2018-02-07T17:52:52+00:00\",\"dateModified\":\"2018-02-07T17:54:11+00:00\",\"author\":{\"@id\":\"https:\/\/staging.varesenews.it\/#\/schema\/person\/14c47ccce537a9058dddce296f10b296\"},\"description\":\"Nuovo processo in Corte d'Appello per approfondire anche le altre cause che possono aver portato alla morte la sindaca, gravemente ferita il 2 luglio del 2014 insieme al suo vice dall'ex-vigile urbano\",\"breadcrumb\":{\"@id\":\"https:\/\/staging.varesenews.it\/2018\/02\/omicidio-laura-prati-processo-corte-dappello-pegoraro\/689897\/#breadcrumb\"},\"inLanguage\":\"it-IT\",\"potentialAction\":[{\"@type\":\"ReadAction\",\"target\":[\"https:\/\/staging.varesenews.it\/2018\/02\/omicidio-laura-prati-processo-corte-dappello-pegoraro\/689897\/\"]}]},{\"@type\":\"BreadcrumbList\",\"@id\":\"https:\/\/staging.varesenews.it\/2018\/02\/omicidio-laura-prati-processo-corte-dappello-pegoraro\/689897\/#breadcrumb\",\"itemListElement\":[{\"@type\":\"ListItem\",\"position\":1,\"name\":\"Home\",\"item\":\"https:\/\/www.varesenews.it\/\"},{\"@type\":\"ListItem\",\"position\":2,\"name\":\"Omicidio di Laura Prati, nuovo processo in Corte d&#8217;Appello per Pegoraro\"}]},{\"@type\":\"WebSite\",\"@id\":\"https:\/\/staging.varesenews.it\/#website\",\"url\":\"https:\/\/staging.varesenews.it\/\",\"name\":\"VareseNews\",\"description\":\"\",\"potentialAction\":[{\"@type\":\"SearchAction\",\"target\":{\"@type\":\"EntryPoint\",\"urlTemplate\":\"https:\/\/staging.varesenews.it\/?s={search_term_string}\"},\"query-input\":\"required name=search_term_string\"}],\"inLanguage\":\"it-IT\"},{\"@type\":\"Person\",\"@id\":\"https:\/\/staging.varesenews.it\/#\/schema\/person\/14c47ccce537a9058dddce296f10b296\",\"name\":\"Orlando Mastrillo\",\"image\":{\"@type\":\"ImageObject\",\"inLanguage\":\"it-IT\",\"@id\":\"https:\/\/staging.varesenews.it\/#\/schema\/person\/image\/\",\"url\":\"https:\/\/staging.varesenews.it\/wp-content\/uploads\/2020\/12\/orlando_mastrillo_colori_500.jpg\",\"contentUrl\":\"https:\/\/staging.varesenews.it\/wp-content\/uploads\/2020\/12\/orlando_mastrillo_colori_500.jpg\",\"caption\":\"Orlando Mastrillo\"},\"description\":\"Nasco a Luino nel 1981, ho iniziato questo lavoro nell'estate del 2003 nella redazione de Il Giorno di Varese e dall'anno successivo ho intrapreso la collaborazione con VareseNews. Dopo anni nell'Alto Varesotto mi sono trasferito a Busto Arsizio nel 2007, territorio che ho iniziato a seguire e che seguo tutt'oggi. Nel 2013 sono diventato giornalista professionista. Mi occupo di cronaca politica, giudiziaria e nera in una vasta area che comprende anche parte della Valle Olona e il Legnanese. Sono sposato con Valeria Arini e ho due splendide figlie.\",\"sameAs\":[\"or_ma\",\"https:\/\/twitter.com\/nando_mastrillo\"],\"url\":\"https:\/\/staging.varesenews.it\/persona\/orlando-mastrillo1\/\"}]}<\/script>\n<!-- \/ Yoast SEO plugin. -->","yoast_head_json":{"title":"Omicidio di Laura Prati, nuovo processo in Corte d'Appello per Pegoraro","description":"Nuovo processo in Corte d'Appello per approfondire anche le altre cause che possono aver portato alla morte la sindaca, gravemente ferita il 2 luglio del 2014 insieme al suo vice dall'ex-vigile urbano","robots":{"index":"noindex","follow":"follow","max-snippet":"max-snippet:-1","max-image-preview":"max-image-preview:large","max-video-preview":"max-video-preview:-1"},"og_locale":"it_IT","og_type":"article","og_title":"Omicidio di Laura Prati, nuovo processo in Corte d'Appello per Pegoraro","og_description":"Nuovo processo in Corte d'Appello per approfondire anche le altre cause che possono aver portato alla morte la sindaca, gravemente ferita il 2 luglio del 2014 insieme al suo vice dall'ex-vigile urbano","og_url":"https:\/\/staging.varesenews.it\/2018\/02\/omicidio-laura-prati-processo-corte-dappello-pegoraro\/689897\/","og_site_name":"VareseNews","article_publisher":"https:\/\/www.facebook.com\/varesenews","article_published_time":"2018-02-07T17:52:52+00:00","article_modified_time":"2018-02-07T17:54:11+00:00","author":"Orlando Mastrillo","twitter_card":"summary_large_image","twitter_creator":"@nando_mastrillo","twitter_site":"@varesenews","twitter_misc":{"Scritto da":"Orlando Mastrillo","Tempo di lettura stimato":"2 minuti"},"schema":{"@context":"https:\/\/schema.org","@graph":[{"@type":"WebPage","@id":"https:\/\/staging.varesenews.it\/2018\/02\/omicidio-laura-prati-processo-corte-dappello-pegoraro\/689897\/","url":"https:\/\/staging.varesenews.it\/2018\/02\/omicidio-laura-prati-processo-corte-dappello-pegoraro\/689897\/","name":"Omicidio di Laura Prati, nuovo processo in Corte d'Appello per Pegoraro","isPartOf":{"@id":"https:\/\/staging.varesenews.it\/#website"},"datePublished":"2018-02-07T17:52:52+00:00","dateModified":"2018-02-07T17:54:11+00:00","author":{"@id":"https:\/\/staging.varesenews.it\/#\/schema\/person\/14c47ccce537a9058dddce296f10b296"},"description":"Nuovo processo in Corte d'Appello per approfondire anche le altre cause che possono aver portato alla morte la sindaca, gravemente ferita il 2 luglio del 2014 insieme al suo vice dall'ex-vigile urbano","breadcrumb":{"@id":"https:\/\/staging.varesenews.it\/2018\/02\/omicidio-laura-prati-processo-corte-dappello-pegoraro\/689897\/#breadcrumb"},"inLanguage":"it-IT","potentialAction":[{"@type":"ReadAction","target":["https:\/\/staging.varesenews.it\/2018\/02\/omicidio-laura-prati-processo-corte-dappello-pegoraro\/689897\/"]}]},{"@type":"BreadcrumbList","@id":"https:\/\/staging.varesenews.it\/2018\/02\/omicidio-laura-prati-processo-corte-dappello-pegoraro\/689897\/#breadcrumb","itemListElement":[{"@type":"ListItem","position":1,"name":"Home","item":"https:\/\/www.varesenews.it\/"},{"@type":"ListItem","position":2,"name":"Omicidio di Laura Prati, nuovo processo in Corte d&#8217;Appello per Pegoraro"}]},{"@type":"WebSite","@id":"https:\/\/staging.varesenews.it\/#website","url":"https:\/\/staging.varesenews.it\/","name":"VareseNews","description":"","potentialAction":[{"@type":"SearchAction","target":{"@type":"EntryPoint","urlTemplate":"https:\/\/staging.varesenews.it\/?s={search_term_string}"},"query-input":"required name=search_term_string"}],"inLanguage":"it-IT"},{"@type":"Person","@id":"https:\/\/staging.varesenews.it\/#\/schema\/person\/14c47ccce537a9058dddce296f10b296","name":"Orlando Mastrillo","image":{"@type":"ImageObject","inLanguage":"it-IT","@id":"https:\/\/staging.varesenews.it\/#\/schema\/person\/image\/","url":"https:\/\/staging.varesenews.it\/wp-content\/uploads\/2020\/12\/orlando_mastrillo_colori_500.jpg","contentUrl":"https:\/\/staging.varesenews.it\/wp-content\/uploads\/2020\/12\/orlando_mastrillo_colori_500.jpg","caption":"Orlando Mastrillo"},"description":"Nasco a Luino nel 1981, ho iniziato questo lavoro nell'estate del 2003 nella redazione de Il Giorno di Varese e dall'anno successivo ho intrapreso la collaborazione con VareseNews. Dopo anni nell'Alto Varesotto mi sono trasferito a Busto Arsizio nel 2007, territorio che ho iniziato a seguire e che seguo tutt'oggi. Nel 2013 sono diventato giornalista professionista. Mi occupo di cronaca politica, giudiziaria e nera in una vasta area che comprende anche parte della Valle Olona e il Legnanese. Sono sposato con Valeria Arini e ho due splendide figlie.","sameAs":["or_ma","https:\/\/twitter.com\/nando_mastrillo"],"url":"https:\/\/staging.varesenews.it\/persona\/orlando-mastrillo1\/"}]}},"post_meta":{"_edit_lock":"1518080964:47","_edit_last":"47","_category_permalink":"a:1:{s:8:\"category\";s:0:\"\";}","ratings_users":"0","ratings_score":"0","ratings_average":"0","id_leggi_anche":"651354,361278,361217,359078,350728,27922,651386,640150,533620,702519,702939","foto":"434025","argomento":"Roma","_yoast_wpseo_content_score":"30","_jd_tweet_this":"yes","_wpt_short_url":"http:\/\/www.varesenews.it\/2018\/02\/omicidio-laura-prati-processo-corte-dappello-pegoraro\/689897\/","_wp_jd_target":"http:\/\/www.varesenews.it\/2018\/02\/omicidio-laura-prati-processo-corte-dappello-pegoraro\/689897\/","_jd_wp_twitter":"a:1:{i:0;s:193:\"Omicidio di Laura Prati, nuovo processo in Corte d\u2019Appello per Pegoraro http:\/\/www.varesenews.it\/2018\/02\/omicidio-laura-prati-processo-corte-dappello-pegoraro\/689897\/ #omicidioprati #processo\";}","_wpt_status_message":"Tweet inviato con successo.","_yoast_wpseo_focuskw_text_input":"laura prati","_yoast_wpseo_focuskw":"laura prati","_yoast_wpseo_linkdex":"68"},"photos":[{"original":"https:\/\/staging.varesenews.it\/photogallery_new\/images\/2015\/02\/giuseppe-pegoraro-omicidio-prati-434025.jpg","full":"https:\/\/staging.varesenews.it\/photogallery_new\/images\/2015\/02\/giuseppe-pegoraro-omicidio-prati-434025.1024x768.jpg","large":"https:\/\/staging.varesenews.it\/photogallery_new\/images\/2015\/02\/giuseppe-pegoraro-omicidio-prati-434025.610x431.jpg"}],"_links":{"self":[{"href":"https:\/\/staging.varesenews.it\/swgapi\/v1\/wp\/v2\/posts\/689897"}],"collection":[{"href":"https:\/\/staging.varesenews.it\/swgapi\/v1\/wp\/v2\/posts"}],"about":[{"href":"https:\/\/staging.varesenews.it\/swgapi\/v1\/wp\/v2\/types\/post"}],"author":[{"embeddable":true,"href":"https:\/\/staging.varesenews.it\/swgapi\/v1\/wp\/v2\/users\/47"}],"replies":[{"embeddable":true,"href":"https:\/\/staging.varesenews.it\/swgapi\/v1\/wp\/v2\/comments?post=689897"}],"version-history":[{"count":0,"href":"https:\/\/staging.varesenews.it\/swgapi\/v1\/wp\/v2\/posts\/689897\/revisions"}],"wp:attachment":[{"href":"https:\/\/staging.varesenews.it\/swgapi\/v1\/wp\/v2\/media?parent=689897"}],"wp:term":[{"taxonomy":"category","embeddable":true,"href":"https:\/\/staging.varesenews.it\/swgapi\/v1\/wp\/v2\/categories?post=689897"},{"taxonomy":"post_tag","embeddable":true,"href":"https:\/\/staging.varesenews.it\/swgapi\/v1\/wp\/v2\/tags?post=689897"}],"curies":[{"name":"wp","href":"https:\/\/api.w.org\/{rel}","templated":true}]}}