{"id":691988,"date":"2018-02-15T17:17:43","date_gmt":"2018-02-15T16:17:43","guid":{"rendered":"http:\/\/www.varesenews.it\/?p=691988"},"modified":"2018-02-15T17:18:05","modified_gmt":"2018-02-15T16:18:05","slug":"confartigianato-soddisfatti-lelezione-della-giunta-camerale","status":"publish","type":"post","link":"https:\/\/staging.varesenews.it\/2018\/02\/confartigianato-soddisfatti-lelezione-della-giunta-camerale\/691988\/","title":{"rendered":"Confartigianato: soddisfatti per l&#8217;elezione della giunta camerale"},"content":{"rendered":"<p>\u00abUna sinergia di intenti perfetta e una continuit\u00e0 con i mandati precedenti acclarata che, da oggi, consentir\u00e0 alla provincia di <strong>Varese<\/strong> e al suo tessuto economico e produttivo di entrare nel pieno dell\u2019operativit\u00e0, anche grazie al contributo di figure di elevato profilo tecnico e di consolidata esperienza\u00bb. Attraverso il presidente <strong>Davide Galli,<\/strong> Confartigianato Imprese Varese esprime piena soddisfazione per l\u2019elezione \u2013 avvenuta nel pomeriggio di mercoled\u00ec 14 febbraio \u2013 della giunta della <strong>Camera di Commercio.<\/strong><\/p>\n<p><strong>Monica Baj<\/strong> (Confartigianato Imprese Varese), <strong>Ilaria Broggian<\/strong> (Unione degli Industriali della Provincia di Varese), <strong>Gianluigi Casati<\/strong> (Unione degli Industriali della provincia di Varese), <strong>Rudy Collini<\/strong> (Confcommercio), <strong>Umberto Colombo<\/strong> (Cgil), <strong>Daniele Grossoni<\/strong> (Confartigianato Imprese Varese) e <strong>Francesco Riva<\/strong> (Coldiretti) resteranno in carica &#8211; accanto al presidente <strong>Fabio Lunghi<\/strong> &#8211; per i prossimi cinque anni (2018-2023).<\/p>\n<p>\u00abRivolgo a presidente e componenti di giunta i miei migliori auguri, il mandato che li attende sar\u00e0 ricco di sfide perch\u00e9 dovr\u00e0 interpretare i cambiamenti e agganciare i segnali di ripresa in una logica di espansione dei processi di internazionalizzazione e digitalizzazione delle imprese \u2013 prosegue Galli \u2013 A questo proposito, la presenza di una figura come <strong>Monica Baj,<\/strong> responsabile del servizio Internazionalizzazione e Innovazione di <strong>Confartigianato<\/strong>, con una consolidata esperienza nelle relazioni con le imprese, potr\u00e0 esprimere assieme a <strong>Daniele Grossoni<\/strong>, un contributo strategico e operativo forte\u00bb.<\/p>\n<p>Analogamente, resta da rilevare il <strong>ritorno delle parti sociali in seno alla giunta<\/strong>, \u00abparti sociali con le quali negli anni abbiamo sempre intrattenuto rapporti di collaborazione e confronto importanti e che offriranno un contributo importante nel definire la visione di un mondo del lavoro in profondo mutamento\u00bb conferma <strong>Mauro Colombo,<\/strong> direttore generale di <strong>Confartigianato Imprese Varese<\/strong>.<\/p>\n<p><strong>Complice Industria 4.0<\/strong> che, progressivamente, <strong>ridefinir\u00e0 professionalit\u00e0 e competenze<\/strong>. \u00abLa sfida forse pi\u00f9 importante che attende tutti noi \u00e8 proprio questa, la sfida delle competenze e della qualit\u00e0 del lavoro, della riqualificazione delle mansioni e dell\u2019eventuale riconversione di figure professionali portatrici di esperienza\u00bb conclude Galli.<\/p>\n","protected":false},"excerpt":{"rendered":"<p>Due i rappresentanti dell\u2019associazione di viale Milano, Grossoni e Baj. \u00abQualit\u00e0 e competenze garantiranno un mandato nel segno della crescita\u00bb<\/p>\n","protected":false},"author":45,"featured_media":0,"comment_status":"open","ping_status":"open","sticky":false,"template":"","format":"standard","meta":{"footnotes":""},"categories":[1],"tags":[562],"acf":[],"yoast_head":"<!-- This site is optimized with the Yoast SEO plugin v20.1 - https:\/\/yoast.com\/wordpress\/plugins\/seo\/ -->\n<title>Confartigianato: soddisfatti per l&#039;elezione della giunta camerale<\/title>\n<meta name=\"description\" content=\"Due i rappresentanti dell\u2019associazione di viale Milano, Grossoni e Baj. \u00abQualit\u00e0 e competenze garantiranno un mandato nel segno della crescita\u00bb\" \/>\n<meta name=\"robots\" content=\"noindex, follow, max-snippet:-1, max-image-preview:large, max-video-preview:-1\" \/>\n<meta property=\"og:locale\" content=\"it_IT\" \/>\n<meta property=\"og:type\" content=\"article\" \/>\n<meta property=\"og:title\" content=\"Confartigianato: soddisfatti per l&#039;elezione della giunta camerale\" \/>\n<meta property=\"og:description\" content=\"Due i rappresentanti dell\u2019associazione di viale Milano, Grossoni e Baj. \u00abQualit\u00e0 e competenze garantiranno un mandato nel segno della crescita\u00bb\" \/>\n<meta property=\"og:url\" content=\"https:\/\/www.varesenews.it\/2018\/02\/confartigianato-soddisfatti-lelezione-della-giunta-camerale\/691988\/\" \/>\n<meta property=\"og:site_name\" content=\"VareseNews\" \/>\n<meta property=\"article:publisher\" content=\"https:\/\/www.facebook.com\/varesenews\" \/>\n<meta property=\"article:author\" content=\"https:\/\/www.facebook.com\/michele.mancino.5\" \/>\n<meta property=\"article:published_time\" content=\"2018-02-15T16:17:43+00:00\" \/>\n<meta property=\"article:modified_time\" content=\"2018-02-15T16:18:05+00:00\" \/>\n<meta name=\"author\" content=\"Michele Mancino\" \/>\n<meta name=\"twitter:card\" content=\"summary_large_image\" \/>\n<meta name=\"twitter:creator\" content=\"@micmancio\" \/>\n<meta name=\"twitter:site\" content=\"@varesenews\" \/>\n<meta name=\"twitter:label1\" content=\"Scritto da\" \/>\n\t<meta name=\"twitter:data1\" content=\"Michele Mancino\" \/>\n\t<meta name=\"twitter:label2\" content=\"Tempo di lettura stimato\" \/>\n\t<meta name=\"twitter:data2\" content=\"2 minuti\" \/>\n<script type=\"application\/ld+json\" class=\"yoast-schema-graph\">{\"@context\":\"https:\/\/schema.org\",\"@graph\":[{\"@type\":\"WebPage\",\"@id\":\"https:\/\/www.varesenews.it\/2018\/02\/confartigianato-soddisfatti-lelezione-della-giunta-camerale\/691988\/\",\"url\":\"https:\/\/www.varesenews.it\/2018\/02\/confartigianato-soddisfatti-lelezione-della-giunta-camerale\/691988\/\",\"name\":\"Confartigianato: soddisfatti per l'elezione della giunta camerale\",\"isPartOf\":{\"@id\":\"https:\/\/staging.varesenews.it\/#website\"},\"datePublished\":\"2018-02-15T16:17:43+00:00\",\"dateModified\":\"2018-02-15T16:18:05+00:00\",\"author\":{\"@id\":\"https:\/\/staging.varesenews.it\/#\/schema\/person\/308b491d3cb680ead199e5ff6c6ce540\"},\"description\":\"Due i rappresentanti dell\u2019associazione di viale Milano, Grossoni e Baj. \u00abQualit\u00e0 e competenze garantiranno un mandato nel segno della crescita\u00bb\",\"breadcrumb\":{\"@id\":\"https:\/\/www.varesenews.it\/2018\/02\/confartigianato-soddisfatti-lelezione-della-giunta-camerale\/691988\/#breadcrumb\"},\"inLanguage\":\"it-IT\",\"potentialAction\":[{\"@type\":\"ReadAction\",\"target\":[\"https:\/\/www.varesenews.it\/2018\/02\/confartigianato-soddisfatti-lelezione-della-giunta-camerale\/691988\/\"]}]},{\"@type\":\"BreadcrumbList\",\"@id\":\"https:\/\/www.varesenews.it\/2018\/02\/confartigianato-soddisfatti-lelezione-della-giunta-camerale\/691988\/#breadcrumb\",\"itemListElement\":[{\"@type\":\"ListItem\",\"position\":1,\"name\":\"Home\",\"item\":\"https:\/\/www.varesenews.it\/\"},{\"@type\":\"ListItem\",\"position\":2,\"name\":\"Confartigianato: soddisfatti per l&#8217;elezione della giunta camerale\"}]},{\"@type\":\"WebSite\",\"@id\":\"https:\/\/staging.varesenews.it\/#website\",\"url\":\"https:\/\/staging.varesenews.it\/\",\"name\":\"VareseNews\",\"description\":\"\",\"potentialAction\":[{\"@type\":\"SearchAction\",\"target\":{\"@type\":\"EntryPoint\",\"urlTemplate\":\"https:\/\/staging.varesenews.it\/?s={search_term_string}\"},\"query-input\":\"required name=search_term_string\"}],\"inLanguage\":\"it-IT\"},{\"@type\":\"Person\",\"@id\":\"https:\/\/staging.varesenews.it\/#\/schema\/person\/308b491d3cb680ead199e5ff6c6ce540\",\"name\":\"Michele Mancino\",\"image\":{\"@type\":\"ImageObject\",\"inLanguage\":\"it-IT\",\"@id\":\"https:\/\/staging.varesenews.it\/#\/schema\/person\/image\/\",\"url\":\"https:\/\/staging.varesenews.it\/wp-content\/uploads\/2020\/12\/michele_mancino_colori_500.jpg\",\"contentUrl\":\"https:\/\/staging.varesenews.it\/wp-content\/uploads\/2020\/12\/michele_mancino_colori_500.jpg\",\"caption\":\"Michele Mancino\"},\"description\":\"Sono a VareseNews da prima che nascesse. Ho inserito le prime notizie in una stringa di codice html, la lingua di internet. Aprivo i computer, cambiavo schede di rete e portavo i server dal provider. A met&agrave; degli anni &rsquo;90 il giornalista online doveva saper fare anche questo. Ho vissuto gli anni drammatici della bolla speculativa di Internet e quelli entusiastici della crescita, anni in cui VareseNews era un Davide in mezzo a tanti Golia. Poi sono arrivati i social, le nuove piattaforme e soprattutto gli smartphone, una postazione di lavoro racchiusa in una mano. Una nuova rivoluzione. Insomma, &egrave; stata, ed &egrave; ancora, un&rsquo;avventura entusiasmante perch&eacute; mi insegna giorno dopo giorno che il cambiamento &egrave; l&rsquo;unica certezza di questa fragile esistenza.\",\"sameAs\":[\"https:\/\/www.facebook.com\/michele.mancino.5\",\"micmancio\",\"Aggiorna le impostazioni del tuo profilo pubblicoit.linkedin.com\/pub\/michele-mancino\/28\/b71\/890\/it\",\"https:\/\/twitter.com\/micmancio\"],\"url\":\"https:\/\/staging.varesenews.it\/persona\/michele_mancino\/\"}]}<\/script>\n<!-- \/ Yoast SEO plugin. -->","yoast_head_json":{"title":"Confartigianato: soddisfatti per l'elezione della giunta camerale","description":"Due i rappresentanti dell\u2019associazione di viale Milano, Grossoni e Baj. \u00abQualit\u00e0 e competenze garantiranno un mandato nel segno della crescita\u00bb","robots":{"index":"noindex","follow":"follow","max-snippet":"max-snippet:-1","max-image-preview":"max-image-preview:large","max-video-preview":"max-video-preview:-1"},"og_locale":"it_IT","og_type":"article","og_title":"Confartigianato: soddisfatti per l'elezione della giunta camerale","og_description":"Due i rappresentanti dell\u2019associazione di viale Milano, Grossoni e Baj. \u00abQualit\u00e0 e competenze garantiranno un mandato nel segno della crescita\u00bb","og_url":"https:\/\/www.varesenews.it\/2018\/02\/confartigianato-soddisfatti-lelezione-della-giunta-camerale\/691988\/","og_site_name":"VareseNews","article_publisher":"https:\/\/www.facebook.com\/varesenews","article_author":"https:\/\/www.facebook.com\/michele.mancino.5","article_published_time":"2018-02-15T16:17:43+00:00","article_modified_time":"2018-02-15T16:18:05+00:00","author":"Michele Mancino","twitter_card":"summary_large_image","twitter_creator":"@micmancio","twitter_site":"@varesenews","twitter_misc":{"Scritto da":"Michele Mancino","Tempo di lettura stimato":"2 minuti"},"schema":{"@context":"https:\/\/schema.org","@graph":[{"@type":"WebPage","@id":"https:\/\/www.varesenews.it\/2018\/02\/confartigianato-soddisfatti-lelezione-della-giunta-camerale\/691988\/","url":"https:\/\/www.varesenews.it\/2018\/02\/confartigianato-soddisfatti-lelezione-della-giunta-camerale\/691988\/","name":"Confartigianato: soddisfatti per l'elezione della giunta camerale","isPartOf":{"@id":"https:\/\/staging.varesenews.it\/#website"},"datePublished":"2018-02-15T16:17:43+00:00","dateModified":"2018-02-15T16:18:05+00:00","author":{"@id":"https:\/\/staging.varesenews.it\/#\/schema\/person\/308b491d3cb680ead199e5ff6c6ce540"},"description":"Due i rappresentanti dell\u2019associazione di viale Milano, Grossoni e Baj. \u00abQualit\u00e0 e competenze garantiranno un mandato nel segno della crescita\u00bb","breadcrumb":{"@id":"https:\/\/www.varesenews.it\/2018\/02\/confartigianato-soddisfatti-lelezione-della-giunta-camerale\/691988\/#breadcrumb"},"inLanguage":"it-IT","potentialAction":[{"@type":"ReadAction","target":["https:\/\/www.varesenews.it\/2018\/02\/confartigianato-soddisfatti-lelezione-della-giunta-camerale\/691988\/"]}]},{"@type":"BreadcrumbList","@id":"https:\/\/www.varesenews.it\/2018\/02\/confartigianato-soddisfatti-lelezione-della-giunta-camerale\/691988\/#breadcrumb","itemListElement":[{"@type":"ListItem","position":1,"name":"Home","item":"https:\/\/www.varesenews.it\/"},{"@type":"ListItem","position":2,"name":"Confartigianato: soddisfatti per l&#8217;elezione della giunta camerale"}]},{"@type":"WebSite","@id":"https:\/\/staging.varesenews.it\/#website","url":"https:\/\/staging.varesenews.it\/","name":"VareseNews","description":"","potentialAction":[{"@type":"SearchAction","target":{"@type":"EntryPoint","urlTemplate":"https:\/\/staging.varesenews.it\/?s={search_term_string}"},"query-input":"required name=search_term_string"}],"inLanguage":"it-IT"},{"@type":"Person","@id":"https:\/\/staging.varesenews.it\/#\/schema\/person\/308b491d3cb680ead199e5ff6c6ce540","name":"Michele Mancino","image":{"@type":"ImageObject","inLanguage":"it-IT","@id":"https:\/\/staging.varesenews.it\/#\/schema\/person\/image\/","url":"https:\/\/staging.varesenews.it\/wp-content\/uploads\/2020\/12\/michele_mancino_colori_500.jpg","contentUrl":"https:\/\/staging.varesenews.it\/wp-content\/uploads\/2020\/12\/michele_mancino_colori_500.jpg","caption":"Michele Mancino"},"description":"Sono a VareseNews da prima che nascesse. Ho inserito le prime notizie in una stringa di codice html, la lingua di internet. Aprivo i computer, cambiavo schede di rete e portavo i server dal provider. A met&agrave; degli anni &rsquo;90 il giornalista online doveva saper fare anche questo. Ho vissuto gli anni drammatici della bolla speculativa di Internet e quelli entusiastici della crescita, anni in cui VareseNews era un Davide in mezzo a tanti Golia. Poi sono arrivati i social, le nuove piattaforme e soprattutto gli smartphone, una postazione di lavoro racchiusa in una mano. Una nuova rivoluzione. Insomma, &egrave; stata, ed &egrave; ancora, un&rsquo;avventura entusiasmante perch&eacute; mi insegna giorno dopo giorno che il cambiamento &egrave; l&rsquo;unica certezza di questa fragile esistenza.","sameAs":["https:\/\/www.facebook.com\/michele.mancino.5","micmancio","Aggiorna le impostazioni del tuo profilo pubblicoit.linkedin.com\/pub\/michele-mancino\/28\/b71\/890\/it","https:\/\/twitter.com\/micmancio"],"url":"https:\/\/staging.varesenews.it\/persona\/michele_mancino\/"}]}},"post_meta":{"_edit_lock":"1518711534:45","_edit_last":"45","_category_permalink":"a:1:{s:8:\"category\";s:0:\"\";}","ratings_users":"0","ratings_score":"0","ratings_average":"0","foto":"656721","argomento":"Varese","_yoast_wpseo_content_score":"30","_jd_tweet_this":"yes","_wpt_short_url":"http:\/\/www.varesenews.it\/2018\/02\/confartigianato-soddisfatti-lelezione-della-giunta-camerale\/691988\/","_wp_jd_target":"http:\/\/www.varesenews.it\/2018\/02\/confartigianato-soddisfatti-lelezione-della-giunta-camerale\/691988\/","_jd_wp_twitter":"a:1:{i:0;s:169:\"Confartigianato: soddisfatti per l\u2019elezione della giunta camerale http:\/\/www.varesenews.it\/2018\/02\/confartigianato-soddisfatti-lelezione-della-giunta-camerale\/691988\/ \";}","_wpt_status_message":"Tweet inviato con successo."},"photos":[{"original":"https:\/\/staging.varesenews.it\/photogallery_new\/images\/2018\/02\/camera-di-commercio-generiche-656721.jpg","full":"https:\/\/staging.varesenews.it\/photogallery_new\/images\/2018\/02\/camera-di-commercio-generiche-656721.1024x768.jpg","large":"https:\/\/staging.varesenews.it\/photogallery_new\/images\/2018\/02\/camera-di-commercio-generiche-656721.610x431.jpg"}],"_links":{"self":[{"href":"https:\/\/staging.varesenews.it\/swgapi\/v1\/wp\/v2\/posts\/691988"}],"collection":[{"href":"https:\/\/staging.varesenews.it\/swgapi\/v1\/wp\/v2\/posts"}],"about":[{"href":"https:\/\/staging.varesenews.it\/swgapi\/v1\/wp\/v2\/types\/post"}],"author":[{"embeddable":true,"href":"https:\/\/staging.varesenews.it\/swgapi\/v1\/wp\/v2\/users\/45"}],"replies":[{"embeddable":true,"href":"https:\/\/staging.varesenews.it\/swgapi\/v1\/wp\/v2\/comments?post=691988"}],"version-history":[{"count":0,"href":"https:\/\/staging.varesenews.it\/swgapi\/v1\/wp\/v2\/posts\/691988\/revisions"}],"wp:attachment":[{"href":"https:\/\/staging.varesenews.it\/swgapi\/v1\/wp\/v2\/media?parent=691988"}],"wp:term":[{"taxonomy":"category","embeddable":true,"href":"https:\/\/staging.varesenews.it\/swgapi\/v1\/wp\/v2\/categories?post=691988"},{"taxonomy":"post_tag","embeddable":true,"href":"https:\/\/staging.varesenews.it\/swgapi\/v1\/wp\/v2\/tags?post=691988"}],"curies":[{"name":"wp","href":"https:\/\/api.w.org\/{rel}","templated":true}]}}