{"id":692862,"date":"2018-02-19T15:44:35","date_gmt":"2018-02-19T14:44:35","guid":{"rendered":"http:\/\/www.varesenews.it\/?p=692862"},"modified":"2018-02-19T15:44:35","modified_gmt":"2018-02-19T14:44:35","slug":"malato-immaginario-scena-al-giuditta-pasta","status":"publish","type":"post","link":"https:\/\/staging.varesenews.it\/2018\/02\/malato-immaginario-scena-al-giuditta-pasta\/692862\/","title":{"rendered":"&#8220;Il malato immaginario&#8221; in scena al Giuditta Pasta"},"content":{"rendered":"<p>Appuntamento al Teatro Giuditta Pasta di Saronno sabato 24 e domenica 25 febbraio, alle 21 e alle 15 e 30 con lo spettacolo &#8220;Il Malato Immaginario&#8221; di Moli\u00e8re.<\/p>\n<p>Prosegue il nostro percorso di riscoperta dei capolavori moli\u00e8rani. Sulla scena ritroviamo gli attori della Compagnia di Arca Azzurra Teatro che da oltre trent\u2019anni macinano successi con il sodalizio artistico di Ugo Chiti.<\/p>\n<p>L\u2019adattamento e la regia sono firmati dal maestro Ugo Chiti che ci aiuta a rileggere la grande commedia moli\u00e8riana rendendola pi\u00f9 contemporanea e vicina alle nostre corde. Il risultato \u00e8 un intreccio ricchissimo e di un\u2019attualit\u00e0 quasi disarmante.<\/p>\n<p>Protagonista della commedia \u00e8 l\u2019ipocondriaco Argante che, credendosi segnato nel fisico ed esposto a ogni malattia, vive perennemente tra medici e medicine.<\/p>\n<p>Per assicurarsi cure pi\u00f9 assidue, vorrebbe costringere la figlia Angelica a sposare lo sciocco e pedante Tommaso Diarroicus, figlio del suo dottore.<\/p>\n<p>Vivacizzato da una violenta satira nei confronti della classe medica, nasce cos\u00ec in famiglia un intreccio drammatico, inevitabilmente votato al lieto fine. Il motore dell\u2019azione \u00e8 rappresentato dalla serva Tonina, la quale riuscir\u00e0 con l\u2019astuzia e non solo, a spingere Angelica nelle braccia dell\u2019amato Cleante, ma anche a svelare l\u2019amore interessato che la seconda moglie Becchina ostenta per Argante.<\/p>\n<p>Dire che Il malato immaginario, come tutti i classici, parla apertamente all\u2019oggi \u00e8 quasi una banalit\u00e0, ma certo l\u2019ossessione ipocondriaca di Argante, la sua bulimia medicinale ci sembrano paradigmatiche di atteggiamenti apertamente contemporanei, come del resto la sua vulnerabilit\u00e0 ai raggiri degli esperti e dei dottori, che sono senza dubbio caratteristica della nostra societ\u00e0 dove abbondano millantatori e maghi, ma dove i rimedi sono spesso peggiori dei mali.<\/p>\n<p>Biglietti: intero \u20ac 25 \u2013 ridotto over70 \u20ac 23 \u2013 gruppi organizzati \u20ac 20 \u2013 ridotto under26 \u20ac 15. Informazioni:\u00a0<a href=\"http:\/\/www.teatrogiudittapasta.it\/\" target=\"_blank\" rel=\"noopener\" data-saferedirecturl=\"https:\/\/www.google.com\/url?hl=it&amp;q=http:\/\/www.teatrogiudittapasta.it\/&amp;source=gmail&amp;ust=1519131341374000&amp;usg=AFQjCNGS6i1whMPYzo5dB6Gxfk4hv1LCgw\">www.teatrogiudittapasta.it.<\/a><\/p>\n","protected":false},"excerpt":{"rendered":"<p>Appuntamento per sabato 24 e domenica 25 febbraio, alle 21 e alle 15 e 30 <\/p>\n","protected":false},"author":32,"featured_media":0,"comment_status":"open","ping_status":"open","sticky":false,"template":"","format":"standard","meta":{"footnotes":""},"categories":[5,21],"tags":[314,1527,158],"acf":[],"yoast_head":"<!-- This site is optimized with the Yoast SEO plugin v20.1 - https:\/\/yoast.com\/wordpress\/plugins\/seo\/ -->\n<title>&quot;Il malato immaginario&quot; in scena al Giuditta Pasta<\/title>\n<meta name=\"description\" content=\"Appuntamento per sabato 24 e domenica 25 febbraio, alle 21 e alle 15 e 30\" \/>\n<meta name=\"robots\" content=\"noindex, follow, max-snippet:-1, max-image-preview:large, max-video-preview:-1\" \/>\n<meta property=\"og:locale\" content=\"it_IT\" \/>\n<meta property=\"og:type\" content=\"article\" \/>\n<meta property=\"og:title\" content=\"&quot;Il malato immaginario&quot; in scena al Giuditta Pasta\" \/>\n<meta property=\"og:description\" content=\"Appuntamento per sabato 24 e domenica 25 febbraio, alle 21 e alle 15 e 30\" \/>\n<meta property=\"og:url\" content=\"https:\/\/staging.varesenews.it\/2018\/02\/malato-immaginario-scena-al-giuditta-pasta\/692862\/\" \/>\n<meta property=\"og:site_name\" content=\"VareseNews\" \/>\n<meta property=\"article:publisher\" content=\"https:\/\/www.facebook.com\/varesenews\" \/>\n<meta property=\"article:published_time\" content=\"2018-02-19T14:44:35+00:00\" \/>\n<meta name=\"author\" content=\"Adelia Brigo\" \/>\n<meta name=\"twitter:card\" content=\"summary_large_image\" \/>\n<meta name=\"twitter:creator\" content=\"@AdeliaBrigo\" \/>\n<meta name=\"twitter:site\" content=\"@varesenews\" \/>\n<meta name=\"twitter:label1\" content=\"Scritto da\" \/>\n\t<meta name=\"twitter:data1\" content=\"Adelia Brigo\" \/>\n\t<meta name=\"twitter:label2\" content=\"Tempo di lettura stimato\" \/>\n\t<meta name=\"twitter:data2\" content=\"1 minuto\" \/>\n<script type=\"application\/ld+json\" class=\"yoast-schema-graph\">{\"@context\":\"https:\/\/schema.org\",\"@graph\":[{\"@type\":\"WebPage\",\"@id\":\"https:\/\/staging.varesenews.it\/2018\/02\/malato-immaginario-scena-al-giuditta-pasta\/692862\/\",\"url\":\"https:\/\/staging.varesenews.it\/2018\/02\/malato-immaginario-scena-al-giuditta-pasta\/692862\/\",\"name\":\"\\\"Il malato immaginario\\\" in scena al Giuditta Pasta\",\"isPartOf\":{\"@id\":\"https:\/\/staging.varesenews.it\/#website\"},\"datePublished\":\"2018-02-19T14:44:35+00:00\",\"dateModified\":\"2018-02-19T14:44:35+00:00\",\"author\":{\"@id\":\"https:\/\/staging.varesenews.it\/#\/schema\/person\/272ac0f5b2dbfd572218c2d86e013f1a\"},\"description\":\"Appuntamento per sabato 24 e domenica 25 febbraio, alle 21 e alle 15 e 30\",\"breadcrumb\":{\"@id\":\"https:\/\/staging.varesenews.it\/2018\/02\/malato-immaginario-scena-al-giuditta-pasta\/692862\/#breadcrumb\"},\"inLanguage\":\"it-IT\",\"potentialAction\":[{\"@type\":\"ReadAction\",\"target\":[\"https:\/\/staging.varesenews.it\/2018\/02\/malato-immaginario-scena-al-giuditta-pasta\/692862\/\"]}]},{\"@type\":\"BreadcrumbList\",\"@id\":\"https:\/\/staging.varesenews.it\/2018\/02\/malato-immaginario-scena-al-giuditta-pasta\/692862\/#breadcrumb\",\"itemListElement\":[{\"@type\":\"ListItem\",\"position\":1,\"name\":\"Home\",\"item\":\"https:\/\/www.varesenews.it\/\"},{\"@type\":\"ListItem\",\"position\":2,\"name\":\"&#8220;Il malato immaginario&#8221; in scena al Giuditta Pasta\"}]},{\"@type\":\"WebSite\",\"@id\":\"https:\/\/staging.varesenews.it\/#website\",\"url\":\"https:\/\/staging.varesenews.it\/\",\"name\":\"VareseNews\",\"description\":\"\",\"potentialAction\":[{\"@type\":\"SearchAction\",\"target\":{\"@type\":\"EntryPoint\",\"urlTemplate\":\"https:\/\/staging.varesenews.it\/?s={search_term_string}\"},\"query-input\":\"required name=search_term_string\"}],\"inLanguage\":\"it-IT\"},{\"@type\":\"Person\",\"@id\":\"https:\/\/staging.varesenews.it\/#\/schema\/person\/272ac0f5b2dbfd572218c2d86e013f1a\",\"name\":\"Adelia Brigo\",\"image\":{\"@type\":\"ImageObject\",\"inLanguage\":\"it-IT\",\"@id\":\"https:\/\/staging.varesenews.it\/#\/schema\/person\/image\/\",\"url\":\"https:\/\/staging.varesenews.it\/wp-content\/uploads\/2020\/12\/adelia_brigo_colori_500.jpg\",\"contentUrl\":\"https:\/\/staging.varesenews.it\/wp-content\/uploads\/2020\/12\/adelia_brigo_colori_500.jpg\",\"caption\":\"Adelia Brigo\"},\"description\":\"Giornalista pubblicista, lavoro a VareseNews dal 2007 e mi occupo di cronaca locale e del settore dedicato alla cultura. In questi anni ho seguito diversi progetti di comunicazione, amo sperimentare strategie per i Social Network e raccontare storie. Varesina, classe 1984, sono laureata in Scienze della Comunicazione.&nbsp;\",\"sameAs\":[\"AdeliaBrigo\",\"https:\/\/twitter.com\/AdeliaBrigo\"],\"url\":\"https:\/\/staging.varesenews.it\/persona\/adelia_brigo\/\"}]}<\/script>\n<!-- \/ Yoast SEO plugin. -->","yoast_head_json":{"title":"\"Il malato immaginario\" in scena al Giuditta Pasta","description":"Appuntamento per sabato 24 e domenica 25 febbraio, alle 21 e alle 15 e 30","robots":{"index":"noindex","follow":"follow","max-snippet":"max-snippet:-1","max-image-preview":"max-image-preview:large","max-video-preview":"max-video-preview:-1"},"og_locale":"it_IT","og_type":"article","og_title":"\"Il malato immaginario\" in scena al Giuditta Pasta","og_description":"Appuntamento per sabato 24 e domenica 25 febbraio, alle 21 e alle 15 e 30","og_url":"https:\/\/staging.varesenews.it\/2018\/02\/malato-immaginario-scena-al-giuditta-pasta\/692862\/","og_site_name":"VareseNews","article_publisher":"https:\/\/www.facebook.com\/varesenews","article_published_time":"2018-02-19T14:44:35+00:00","author":"Adelia Brigo","twitter_card":"summary_large_image","twitter_creator":"@AdeliaBrigo","twitter_site":"@varesenews","twitter_misc":{"Scritto da":"Adelia Brigo","Tempo di lettura stimato":"1 minuto"},"schema":{"@context":"https:\/\/schema.org","@graph":[{"@type":"WebPage","@id":"https:\/\/staging.varesenews.it\/2018\/02\/malato-immaginario-scena-al-giuditta-pasta\/692862\/","url":"https:\/\/staging.varesenews.it\/2018\/02\/malato-immaginario-scena-al-giuditta-pasta\/692862\/","name":"\"Il malato immaginario\" in scena al Giuditta Pasta","isPartOf":{"@id":"https:\/\/staging.varesenews.it\/#website"},"datePublished":"2018-02-19T14:44:35+00:00","dateModified":"2018-02-19T14:44:35+00:00","author":{"@id":"https:\/\/staging.varesenews.it\/#\/schema\/person\/272ac0f5b2dbfd572218c2d86e013f1a"},"description":"Appuntamento per sabato 24 e domenica 25 febbraio, alle 21 e alle 15 e 30","breadcrumb":{"@id":"https:\/\/staging.varesenews.it\/2018\/02\/malato-immaginario-scena-al-giuditta-pasta\/692862\/#breadcrumb"},"inLanguage":"it-IT","potentialAction":[{"@type":"ReadAction","target":["https:\/\/staging.varesenews.it\/2018\/02\/malato-immaginario-scena-al-giuditta-pasta\/692862\/"]}]},{"@type":"BreadcrumbList","@id":"https:\/\/staging.varesenews.it\/2018\/02\/malato-immaginario-scena-al-giuditta-pasta\/692862\/#breadcrumb","itemListElement":[{"@type":"ListItem","position":1,"name":"Home","item":"https:\/\/www.varesenews.it\/"},{"@type":"ListItem","position":2,"name":"&#8220;Il malato immaginario&#8221; in scena al Giuditta Pasta"}]},{"@type":"WebSite","@id":"https:\/\/staging.varesenews.it\/#website","url":"https:\/\/staging.varesenews.it\/","name":"VareseNews","description":"","potentialAction":[{"@type":"SearchAction","target":{"@type":"EntryPoint","urlTemplate":"https:\/\/staging.varesenews.it\/?s={search_term_string}"},"query-input":"required name=search_term_string"}],"inLanguage":"it-IT"},{"@type":"Person","@id":"https:\/\/staging.varesenews.it\/#\/schema\/person\/272ac0f5b2dbfd572218c2d86e013f1a","name":"Adelia Brigo","image":{"@type":"ImageObject","inLanguage":"it-IT","@id":"https:\/\/staging.varesenews.it\/#\/schema\/person\/image\/","url":"https:\/\/staging.varesenews.it\/wp-content\/uploads\/2020\/12\/adelia_brigo_colori_500.jpg","contentUrl":"https:\/\/staging.varesenews.it\/wp-content\/uploads\/2020\/12\/adelia_brigo_colori_500.jpg","caption":"Adelia Brigo"},"description":"Giornalista pubblicista, lavoro a VareseNews dal 2007 e mi occupo di cronaca locale e del settore dedicato alla cultura. In questi anni ho seguito diversi progetti di comunicazione, amo sperimentare strategie per i Social Network e raccontare storie. Varesina, classe 1984, sono laureata in Scienze della Comunicazione.&nbsp;","sameAs":["AdeliaBrigo","https:\/\/twitter.com\/AdeliaBrigo"],"url":"https:\/\/staging.varesenews.it\/persona\/adelia_brigo\/"}]}},"post_meta":{"_edit_lock":"1519053498:32","_edit_last":"32","_category_permalink":"a:1:{s:8:\"category\";s:2:\"21\";}","ratings_users":"0","ratings_score":"0","ratings_average":"0","foto":"657650","firma_come_redazione":"1","argomento":"Saronno","_yoast_wpseo_content_score":"30","_jd_tweet_this":"yes","_wpt_short_url":"http:\/\/www.varesenews.it\/2018\/02\/malato-immaginario-scena-al-giuditta-pasta\/692862\/","_wp_jd_target":"http:\/\/www.varesenews.it\/2018\/02\/malato-immaginario-scena-al-giuditta-pasta\/692862\/","_jd_wp_twitter":"a:1:{i:0;s:155:\"\u201cIl malato immaginario\u201d in scena al Giuditta Pasta http:\/\/www.varesenews.it\/2018\/02\/malato-immaginario-scena-al-giuditta-pasta\/692862\/ #teatro #weekend\";}","_wpt_status_message":"Tweet inviato con successo."},"photos":[{"original":"https:\/\/staging.varesenews.it\/photogallery_new\/images\/2018\/02\/i-big-della-prossima-stagione-al-giuditta-pasta-657650.jpg","full":"https:\/\/staging.varesenews.it\/photogallery_new\/images\/2018\/02\/i-big-della-prossima-stagione-al-giuditta-pasta-657650.1024x768.jpg","large":"https:\/\/staging.varesenews.it\/photogallery_new\/images\/2018\/02\/i-big-della-prossima-stagione-al-giuditta-pasta-657650.610x431.jpg"}],"_links":{"self":[{"href":"https:\/\/staging.varesenews.it\/swgapi\/v1\/wp\/v2\/posts\/692862"}],"collection":[{"href":"https:\/\/staging.varesenews.it\/swgapi\/v1\/wp\/v2\/posts"}],"about":[{"href":"https:\/\/staging.varesenews.it\/swgapi\/v1\/wp\/v2\/types\/post"}],"author":[{"embeddable":true,"href":"https:\/\/staging.varesenews.it\/swgapi\/v1\/wp\/v2\/users\/32"}],"replies":[{"embeddable":true,"href":"https:\/\/staging.varesenews.it\/swgapi\/v1\/wp\/v2\/comments?post=692862"}],"version-history":[{"count":0,"href":"https:\/\/staging.varesenews.it\/swgapi\/v1\/wp\/v2\/posts\/692862\/revisions"}],"wp:attachment":[{"href":"https:\/\/staging.varesenews.it\/swgapi\/v1\/wp\/v2\/media?parent=692862"}],"wp:term":[{"taxonomy":"category","embeddable":true,"href":"https:\/\/staging.varesenews.it\/swgapi\/v1\/wp\/v2\/categories?post=692862"},{"taxonomy":"post_tag","embeddable":true,"href":"https:\/\/staging.varesenews.it\/swgapi\/v1\/wp\/v2\/tags?post=692862"}],"curies":[{"name":"wp","href":"https:\/\/api.w.org\/{rel}","templated":true}]}}