{"id":693776,"date":"2018-02-22T15:53:59","date_gmt":"2018-02-22T14:53:59","guid":{"rendered":"http:\/\/www.varesenews.it\/?p=693776"},"modified":"2018-02-22T15:55:27","modified_gmt":"2018-02-22T14:55:27","slug":"bala-locc-gorla-minore-arriva-controllo-vicinato","status":"publish","type":"post","link":"https:\/\/staging.varesenews.it\/2018\/02\/bala-locc-gorla-minore-arriva-controllo-vicinato\/693776\/","title":{"rendered":"Fa bal\u00e0 l&#8217;\u00f6cc, a Gorla Minore arriva il controllo di vicinato"},"content":{"rendered":"<p>Una mappa di <strong>Gorla Minore<\/strong> con segnalate le sei zone in cui \u00e8 stato attivato il<strong> Controllo del Vicinato<\/strong>: \u00e8 questa l\u2019immagine che i gorlesi hanno trovato ad accoglierli all\u2019<strong>auditorium Peppo Ferri. <\/strong><\/p>\n<p>Ieri (mercoled\u00ec), infatti, si \u00e8 tenuto il<strong> secondo incontro del ciclo \u201csicurezza\u201d organizzato dall\u2019Amministrazione comunale<\/strong>, dopo la serata dello scorso 8 febbraio sulla prevenzione dei furti. \u201cLa cittadinanza attiva passa proprio da iniziative come il Controllo del Vicinato\u201d ha commentato il sindaco Vittorio Landoni, prima di lasciare la parola al dottor<strong> Alfonso Castellone, Comandante della Polizia locale di Olgiate Olona. <\/strong><\/p>\n<p>\u201cAnche noi a Olgiate stiamo vivendo la stessa situazione di disagio: \u00e8 in tutta la valle che si riscontra un incremento di furti o tentati tali nei mesi di gennaio e febbraio, nonostante i dati raccolti parlino di una diminuzione di questo trend se confrontato agli anni precedenti\u201d. Meno furti, quindi, rispetto al 2016 e al 2017, ma questo non basta a far cessare l\u2019allarme, soprattutto in questo periodo dell\u2019anno, che sembra essere il pi\u00f9 \u2018caldo\u2019.<\/p>\n<p>\u201cCombattiamo insieme il crimine\u201d: \u00e8 questo l\u2019invito di Castellone. \u201cA Olgiate recentemente si \u00e8 riusciti a sventare un furto proprio grazie all\u2019attivazione dei canali di allarme del Controllo del Vicinato. E\u2019 una grande vittoria, la dimostrazione che con la prevenzione e rafforzando i legami fra i vicini di casa, qualcosa si ottiene. Occorre fare attenzione a ci\u00f2 che avviene intorno, sviluppare la collaborazione, creare un canale di comunicazione (che possono essere i gruppi su whatsapp o le telefonate ai fissi, per raggiungere i pi\u00f9 anziani e meno \u201ctecnologici\u201d) e collaborare con le Forze dell\u2019Ordine. Ricordo a tutti che l\u2019adesione \u00e8 gratuita, \u00e8 necessario darne comunicazione alla Polizia locale e all\u2019Amministrazione comunale e iscriversi, sempre senza costi, all\u2019associazione CdV, che fornisce informazioni e know how sull\u2019argomento. In Italia, al momento, sono 431 i comuni in cui questo servizio \u00e8 presente\u201d.<\/p>\n<p>Occhio per\u00f2 a non confondere questa attivit\u00e0 con le, spesso citate, ronde: \u201cIl Controllo del Vicinato non prevede n\u00e9 ronde di perlustrazione, n\u00e9 comporta alcun rischio per i cittadini. Il mio motto \u00e8, per dirla in dialetto: <strong>\u201cFa bal\u00e0 l&#8217;\u00f6cc\u201d<\/strong> o, come direbbero gli inglesi \u201cIf you see something, say something\u201d, osservare ci\u00f2 che avviene intorno a noi e segnalare eventuali situazioni sospette.<\/p>\n<p>La seconda parte della serata ha visto gli interventi dell\u2019esperto di sicurezza <strong>Fabio Malvestiti,<\/strong> che ha ricordato l\u2019importanza delle inferriate e dell\u2019installazione di sistemi di videosorveglianza, meglio se perimetrali e collegati agli smartphone, e di un focus finale del Comandante Castellone su ci\u00f2 che prevede la legge sulla possibilit\u00e0 di arrestare\/fermare un ladro sorpreso nella nostra abitazione.<\/p>\n<p><strong>Ma qual \u00e8 la situazione a Gorla al momento? E cosa \u00e8 previsto per l\u2019immediato futuro?<\/strong><br \/>\n\u201cAl momento<strong> sono attive sei zone di Controllo del Vicinato:<\/strong> via Rovereto, via La Marmora, via san Luigi, piazza Montale e la zona di via Carducci, Porta, De Amicis \u2013 spiega il sindaco Landoni \u2013 e a margine della serata altri cittadini hanno espresso interesse per l\u2019iniziativa, ma si tratta, al momento, di voci singole. Potranno creare un canale di comunicazione con i loro vicini di casa e, dopo aver raccolto le adesioni e nominato un referente, potr\u00e0 essere attivato il riconoscimento della loro via come zona \u2018Controllo del Vicinato\u2019.<\/p>\n<p>Da parte dell\u2019Amministrazione c\u2019\u00e8 la volont\u00e0 di sostenere queste iniziative: non \u00e8 il primo anno in cui organizziamo serate come queste e continueremo a farle, per dare aggiornamenti sull\u2019argomento alla popolazione. E\u2019 per\u00f2 importante che i cittadini capiscano che il paese \u00e8 di tutti ed \u00e8 necessario collaborare con chi amministra e le Forze dell\u2019Ordine: non si pu\u00f2 solo lamentarsi e delegare a chi, occorre farci tutti carico delle nostre responsabilit\u00e0 e impegnarci, ci vuole senso civico\u201d.<\/p>\n","protected":false},"excerpt":{"rendered":"<p>Il secondo incontro sulla sicurezza e sulla prevenzione dei furti in appartamento ha avvicinato nuovi cittadini all&#8217;esperienza del controllo di vicinato<\/p>\n","protected":false},"author":47,"featured_media":0,"comment_status":"open","ping_status":"open","sticky":false,"template":"","format":"standard","meta":{"footnotes":""},"categories":[4],"tags":[16663,21129,239,1700],"acf":[],"yoast_head":"<!-- This site is optimized with the Yoast SEO plugin v20.1 - https:\/\/yoast.com\/wordpress\/plugins\/seo\/ -->\n<title>Fa bal\u00e0 l&#039;\u00f6cc, a Gorla Minore arriva il controllo di vicinato<\/title>\n<meta name=\"description\" content=\"Il secondo incontro sulla sicurezza e sulla prevenzione dei furti in appartamento ha avvicinato nuovi cittadini all&#039;esperienza del controllo di vicinato\" \/>\n<meta name=\"robots\" content=\"noindex, follow, max-snippet:-1, max-image-preview:large, max-video-preview:-1\" \/>\n<meta property=\"og:locale\" content=\"it_IT\" \/>\n<meta property=\"og:type\" content=\"article\" \/>\n<meta property=\"og:title\" content=\"Fa bal\u00e0 l&#039;\u00f6cc, a Gorla Minore arriva il controllo di vicinato\" \/>\n<meta property=\"og:description\" content=\"Il secondo incontro sulla sicurezza e sulla prevenzione dei furti in appartamento ha avvicinato nuovi cittadini all&#039;esperienza del controllo di vicinato\" \/>\n<meta property=\"og:url\" content=\"https:\/\/staging.varesenews.it\/2018\/02\/bala-locc-gorla-minore-arriva-controllo-vicinato\/693776\/\" \/>\n<meta property=\"og:site_name\" content=\"VareseNews\" \/>\n<meta property=\"article:publisher\" content=\"https:\/\/www.facebook.com\/varesenews\" \/>\n<meta property=\"article:published_time\" content=\"2018-02-22T14:53:59+00:00\" \/>\n<meta property=\"article:modified_time\" content=\"2018-02-22T14:55:27+00:00\" \/>\n<meta name=\"author\" content=\"Orlando Mastrillo\" \/>\n<meta name=\"twitter:card\" content=\"summary_large_image\" \/>\n<meta name=\"twitter:creator\" content=\"@nando_mastrillo\" \/>\n<meta name=\"twitter:site\" content=\"@varesenews\" \/>\n<meta name=\"twitter:label1\" content=\"Scritto da\" \/>\n\t<meta name=\"twitter:data1\" content=\"Orlando Mastrillo\" \/>\n\t<meta name=\"twitter:label2\" content=\"Tempo di lettura stimato\" \/>\n\t<meta name=\"twitter:data2\" content=\"3 minuti\" \/>\n<script type=\"application\/ld+json\" class=\"yoast-schema-graph\">{\"@context\":\"https:\/\/schema.org\",\"@graph\":[{\"@type\":\"WebPage\",\"@id\":\"https:\/\/staging.varesenews.it\/2018\/02\/bala-locc-gorla-minore-arriva-controllo-vicinato\/693776\/\",\"url\":\"https:\/\/staging.varesenews.it\/2018\/02\/bala-locc-gorla-minore-arriva-controllo-vicinato\/693776\/\",\"name\":\"Fa bal\u00e0 l'\u00f6cc, a Gorla Minore arriva il controllo di vicinato\",\"isPartOf\":{\"@id\":\"https:\/\/staging.varesenews.it\/#website\"},\"datePublished\":\"2018-02-22T14:53:59+00:00\",\"dateModified\":\"2018-02-22T14:55:27+00:00\",\"author\":{\"@id\":\"https:\/\/staging.varesenews.it\/#\/schema\/person\/14c47ccce537a9058dddce296f10b296\"},\"description\":\"Il secondo incontro sulla sicurezza e sulla prevenzione dei furti in appartamento ha avvicinato nuovi cittadini all'esperienza del controllo di vicinato\",\"breadcrumb\":{\"@id\":\"https:\/\/staging.varesenews.it\/2018\/02\/bala-locc-gorla-minore-arriva-controllo-vicinato\/693776\/#breadcrumb\"},\"inLanguage\":\"it-IT\",\"potentialAction\":[{\"@type\":\"ReadAction\",\"target\":[\"https:\/\/staging.varesenews.it\/2018\/02\/bala-locc-gorla-minore-arriva-controllo-vicinato\/693776\/\"]}]},{\"@type\":\"BreadcrumbList\",\"@id\":\"https:\/\/staging.varesenews.it\/2018\/02\/bala-locc-gorla-minore-arriva-controllo-vicinato\/693776\/#breadcrumb\",\"itemListElement\":[{\"@type\":\"ListItem\",\"position\":1,\"name\":\"Home\",\"item\":\"https:\/\/www.varesenews.it\/\"},{\"@type\":\"ListItem\",\"position\":2,\"name\":\"Fa bal\u00e0 l&#8217;\u00f6cc, a Gorla Minore arriva il controllo di vicinato\"}]},{\"@type\":\"WebSite\",\"@id\":\"https:\/\/staging.varesenews.it\/#website\",\"url\":\"https:\/\/staging.varesenews.it\/\",\"name\":\"VareseNews\",\"description\":\"\",\"potentialAction\":[{\"@type\":\"SearchAction\",\"target\":{\"@type\":\"EntryPoint\",\"urlTemplate\":\"https:\/\/staging.varesenews.it\/?s={search_term_string}\"},\"query-input\":\"required name=search_term_string\"}],\"inLanguage\":\"it-IT\"},{\"@type\":\"Person\",\"@id\":\"https:\/\/staging.varesenews.it\/#\/schema\/person\/14c47ccce537a9058dddce296f10b296\",\"name\":\"Orlando Mastrillo\",\"image\":{\"@type\":\"ImageObject\",\"inLanguage\":\"it-IT\",\"@id\":\"https:\/\/staging.varesenews.it\/#\/schema\/person\/image\/\",\"url\":\"https:\/\/staging.varesenews.it\/wp-content\/uploads\/2020\/12\/orlando_mastrillo_colori_500.jpg\",\"contentUrl\":\"https:\/\/staging.varesenews.it\/wp-content\/uploads\/2020\/12\/orlando_mastrillo_colori_500.jpg\",\"caption\":\"Orlando Mastrillo\"},\"description\":\"Nasco a Luino nel 1981, ho iniziato questo lavoro nell'estate del 2003 nella redazione de Il Giorno di Varese e dall'anno successivo ho intrapreso la collaborazione con VareseNews. Dopo anni nell'Alto Varesotto mi sono trasferito a Busto Arsizio nel 2007, territorio che ho iniziato a seguire e che seguo tutt'oggi. Nel 2013 sono diventato giornalista professionista. Mi occupo di cronaca politica, giudiziaria e nera in una vasta area che comprende anche parte della Valle Olona e il Legnanese. Sono sposato con Valeria Arini e ho due splendide figlie.\",\"sameAs\":[\"or_ma\",\"https:\/\/twitter.com\/nando_mastrillo\"],\"url\":\"https:\/\/staging.varesenews.it\/persona\/orlando-mastrillo1\/\"}]}<\/script>\n<!-- \/ Yoast SEO plugin. -->","yoast_head_json":{"title":"Fa bal\u00e0 l'\u00f6cc, a Gorla Minore arriva il controllo di vicinato","description":"Il secondo incontro sulla sicurezza e sulla prevenzione dei furti in appartamento ha avvicinato nuovi cittadini all'esperienza del controllo di vicinato","robots":{"index":"noindex","follow":"follow","max-snippet":"max-snippet:-1","max-image-preview":"max-image-preview:large","max-video-preview":"max-video-preview:-1"},"og_locale":"it_IT","og_type":"article","og_title":"Fa bal\u00e0 l'\u00f6cc, a Gorla Minore arriva il controllo di vicinato","og_description":"Il secondo incontro sulla sicurezza e sulla prevenzione dei furti in appartamento ha avvicinato nuovi cittadini all'esperienza del controllo di vicinato","og_url":"https:\/\/staging.varesenews.it\/2018\/02\/bala-locc-gorla-minore-arriva-controllo-vicinato\/693776\/","og_site_name":"VareseNews","article_publisher":"https:\/\/www.facebook.com\/varesenews","article_published_time":"2018-02-22T14:53:59+00:00","article_modified_time":"2018-02-22T14:55:27+00:00","author":"Orlando Mastrillo","twitter_card":"summary_large_image","twitter_creator":"@nando_mastrillo","twitter_site":"@varesenews","twitter_misc":{"Scritto da":"Orlando Mastrillo","Tempo di lettura stimato":"3 minuti"},"schema":{"@context":"https:\/\/schema.org","@graph":[{"@type":"WebPage","@id":"https:\/\/staging.varesenews.it\/2018\/02\/bala-locc-gorla-minore-arriva-controllo-vicinato\/693776\/","url":"https:\/\/staging.varesenews.it\/2018\/02\/bala-locc-gorla-minore-arriva-controllo-vicinato\/693776\/","name":"Fa bal\u00e0 l'\u00f6cc, a Gorla Minore arriva il controllo di vicinato","isPartOf":{"@id":"https:\/\/staging.varesenews.it\/#website"},"datePublished":"2018-02-22T14:53:59+00:00","dateModified":"2018-02-22T14:55:27+00:00","author":{"@id":"https:\/\/staging.varesenews.it\/#\/schema\/person\/14c47ccce537a9058dddce296f10b296"},"description":"Il secondo incontro sulla sicurezza e sulla prevenzione dei furti in appartamento ha avvicinato nuovi cittadini all'esperienza del controllo di vicinato","breadcrumb":{"@id":"https:\/\/staging.varesenews.it\/2018\/02\/bala-locc-gorla-minore-arriva-controllo-vicinato\/693776\/#breadcrumb"},"inLanguage":"it-IT","potentialAction":[{"@type":"ReadAction","target":["https:\/\/staging.varesenews.it\/2018\/02\/bala-locc-gorla-minore-arriva-controllo-vicinato\/693776\/"]}]},{"@type":"BreadcrumbList","@id":"https:\/\/staging.varesenews.it\/2018\/02\/bala-locc-gorla-minore-arriva-controllo-vicinato\/693776\/#breadcrumb","itemListElement":[{"@type":"ListItem","position":1,"name":"Home","item":"https:\/\/www.varesenews.it\/"},{"@type":"ListItem","position":2,"name":"Fa bal\u00e0 l&#8217;\u00f6cc, a Gorla Minore arriva il controllo di vicinato"}]},{"@type":"WebSite","@id":"https:\/\/staging.varesenews.it\/#website","url":"https:\/\/staging.varesenews.it\/","name":"VareseNews","description":"","potentialAction":[{"@type":"SearchAction","target":{"@type":"EntryPoint","urlTemplate":"https:\/\/staging.varesenews.it\/?s={search_term_string}"},"query-input":"required name=search_term_string"}],"inLanguage":"it-IT"},{"@type":"Person","@id":"https:\/\/staging.varesenews.it\/#\/schema\/person\/14c47ccce537a9058dddce296f10b296","name":"Orlando Mastrillo","image":{"@type":"ImageObject","inLanguage":"it-IT","@id":"https:\/\/staging.varesenews.it\/#\/schema\/person\/image\/","url":"https:\/\/staging.varesenews.it\/wp-content\/uploads\/2020\/12\/orlando_mastrillo_colori_500.jpg","contentUrl":"https:\/\/staging.varesenews.it\/wp-content\/uploads\/2020\/12\/orlando_mastrillo_colori_500.jpg","caption":"Orlando Mastrillo"},"description":"Nasco a Luino nel 1981, ho iniziato questo lavoro nell'estate del 2003 nella redazione de Il Giorno di Varese e dall'anno successivo ho intrapreso la collaborazione con VareseNews. Dopo anni nell'Alto Varesotto mi sono trasferito a Busto Arsizio nel 2007, territorio che ho iniziato a seguire e che seguo tutt'oggi. Nel 2013 sono diventato giornalista professionista. Mi occupo di cronaca politica, giudiziaria e nera in una vasta area che comprende anche parte della Valle Olona e il Legnanese. Sono sposato con Valeria Arini e ho due splendide figlie.","sameAs":["or_ma","https:\/\/twitter.com\/nando_mastrillo"],"url":"https:\/\/staging.varesenews.it\/persona\/orlando-mastrillo1\/"}]}},"post_meta":{"_edit_lock":"1519311280:47","_edit_last":"47","_category_permalink":"a:1:{s:8:\"category\";s:0:\"\";}","ratings_users":"0","ratings_score":"0","ratings_average":"0","foto":"570919","argomento":"Gorla Minore","_yoast_wpseo_content_score":"30","_jd_tweet_this":"yes","_wpt_short_url":"http:\/\/www.varesenews.it\/2018\/02\/bala-locc-gorla-minore-arriva-controllo-vicinato\/693776\/","_wp_jd_target":"http:\/\/www.varesenews.it\/2018\/02\/bala-locc-gorla-minore-arriva-controllo-vicinato\/693776\/","_jd_wp_twitter":"a:1:{i:0;s:181:\"Fa bal\u00e0 l\u2019\u00f6cc, a Gorla Minore arriva il controllo di vicinato http:\/\/www.varesenews.it\/2018\/02\/bala-locc-gorla-minore-arriva-controllo-vicinato\/693776\/ #polizialocale #sicurezza\";}","_wpt_status_message":"Tweet inviato con successo.","firma-personalizzata":"Santina Buscemi"},"photos":[{"original":"https:\/\/staging.varesenews.it\/photogallery_new\/images\/2016\/10\/avarie-570919.jpg","full":"https:\/\/staging.varesenews.it\/photogallery_new\/images\/2016\/10\/avarie-570919.1024x768.jpg","large":"https:\/\/staging.varesenews.it\/photogallery_new\/images\/2016\/10\/avarie-570919.610x431.jpg"}],"_links":{"self":[{"href":"https:\/\/staging.varesenews.it\/swgapi\/v1\/wp\/v2\/posts\/693776"}],"collection":[{"href":"https:\/\/staging.varesenews.it\/swgapi\/v1\/wp\/v2\/posts"}],"about":[{"href":"https:\/\/staging.varesenews.it\/swgapi\/v1\/wp\/v2\/types\/post"}],"author":[{"embeddable":true,"href":"https:\/\/staging.varesenews.it\/swgapi\/v1\/wp\/v2\/users\/47"}],"replies":[{"embeddable":true,"href":"https:\/\/staging.varesenews.it\/swgapi\/v1\/wp\/v2\/comments?post=693776"}],"version-history":[{"count":0,"href":"https:\/\/staging.varesenews.it\/swgapi\/v1\/wp\/v2\/posts\/693776\/revisions"}],"wp:attachment":[{"href":"https:\/\/staging.varesenews.it\/swgapi\/v1\/wp\/v2\/media?parent=693776"}],"wp:term":[{"taxonomy":"category","embeddable":true,"href":"https:\/\/staging.varesenews.it\/swgapi\/v1\/wp\/v2\/categories?post=693776"},{"taxonomy":"post_tag","embeddable":true,"href":"https:\/\/staging.varesenews.it\/swgapi\/v1\/wp\/v2\/tags?post=693776"}],"curies":[{"name":"wp","href":"https:\/\/api.w.org\/{rel}","templated":true}]}}