{"id":694710,"date":"2018-02-26T16:59:36","date_gmt":"2018-02-26T15:59:36","guid":{"rendered":"http:\/\/www.varesenews.it\/?p=694710"},"modified":"2018-02-26T16:59:36","modified_gmt":"2018-02-26T15:59:36","slug":"aism-affronto-la-vita-con-sorriso-e-nulla-potra-fermarmi","status":"publish","type":"post","link":"https:\/\/staging.varesenews.it\/2018\/02\/aism-affronto-la-vita-con-sorriso-e-nulla-potra-fermarmi\/694710\/","title":{"rendered":"&#8220;Ho scelto di affrontare la vita con il sorriso e nulla potr\u00e0 fermarmi&#8221;"},"content":{"rendered":"<p class=\"p1\"><span class=\"s1\">\u00a0<b>Sabato<\/b>\u00a0<b>3, domenica 4 marzo e gioved\u00ec 8 marzo in molte piazze italiane sar\u00e0 possibile acquistare:<\/b>\u00a0<a href=\"https:\/\/sostienici.aism.it\/gardensia\/\" target=\"_blank\" rel=\"noopener\"><b>\u201cLa gardensia dell\u2019AISM\u201d<\/b>. <\/a><\/span><\/p>\n<p class=\"p1\" style=\"text-align: left;\"><span class=\"s1\">In occasione del 50esimo anno dalla fondazione, i fiori proposti nelle piazze italiane saranno due: alla <strong>ormai tradizionale gardenia si aggiunger\u00e0 l\u2019ortensia<\/strong>.<\/span><\/p>\n<p class=\"p1\"><span class=\"s1\">Testimonial di questa campagna di sostengo alle attivit\u00e0 di AISM <strong>\u00e8 Cinzia Cardia, una donna di Luino<\/strong> che racconta la sua vita e la sua vita con la sclerosi multipla: <\/span><\/p>\n<p class=\"p2\"><span class=\"s1\">\u00ab<strong>Mi chiamo Cinzia e sono una mamma, una moglie e una donna che da anni convive con una forma grave di SM.<\/strong> Da qualche tempo, a causa della progressione della malattia ho difficolt\u00e0 a camminare e devo usare il deambulatore e la carrozzina. <\/span><\/p>\n<p class=\"p2\"><span class=\"s1\">Quando si manifesta, purtroppo, la sclerosi multipla non colpisce soltanto un individuo ma tante altre esistenze: nel mio caso,<strong> la malattia ha cambiato la\u00a0<\/strong><\/span><span class=\"s1\"><strong>mia vita, quella di mio marito e delle mie due figlie.<\/strong> Una mamma non vorrebbe mai essere causa del dolore dei propri cari: anche questo \u00e8 il prezzo da pagare alla SM.<\/span><\/p>\n<p class=\"p2\"><span class=\"s1\">La diagnosi di SM \u00e8 arrivata poco dopo la nascita di Virginia, la mia seconda bambina.<span class=\"Apple-converted-space\">\u00a0 <\/span>I problemi alle gambe riscontrati in gravidanza non accennavano a diminuire e cos\u00ec\u00a0<\/span><span class=\"s1\">decisi di approfondire con esami specifici. <strong>Vissi quel primo ricovero come un trauma<\/strong>: ricordo di essere scoppiata in lacrime quando lasciai la piccola di 5 mesi al pap\u00e0 e alla\u00a0<\/span><span class=\"s1\">sorella maggiore per andare in ospedale. Per il tipo di accertamenti, dovetti rinunciare all\u2019allattamento, per me uno dei momenti-chiave nella crescita dei bambini. In quel\u00a0<\/span><span class=\"s1\">periodo Matilde \u00e8 dovuta crescere in fretta e da allora mi ha sempre aiutato. Scherzando, dice che il vero pilastro della famiglia \u00e8 lei, ma io non sono da meno con il bastone in una mano e l\u2019aspirapolvere nell\u2019altra!<\/span><\/p>\n<p class=\"p2\"><span class=\"s1\"><strong>Ogni tanto cado ma quando cado, rido<\/strong>. Anche con il decorso pi\u00f9 duro della malattia non ho modificato il mio modo positivo di affrontare le difficolt\u00e0 perch\u00e9<strong> voglio essere un\u00a0<\/strong><\/span><span class=\"s1\"><strong>esempio per la mia famiglia<\/strong>. Non potendo pi\u00f9 guidare come prima, ho cambiato l\u2019auto e imparato a usare freno e acceleratore sul volante. Anche se ho dovuto rinunciare al\u00a0<\/span><span class=\"s1\">lavoro che amavo tanto \u2013 ero assistente alla poltrona \u2013 oggi penso che in fondo posso trascorrere pi\u00f9 tempo con le mie bambine. Adoriamo cucinare insieme, e la nostra\u00a0<\/span><span class=\"s1\">speciale ricetta dei biscotti del sorriso \u00e8 imbattibile. Da sola riesce a metterci di buon umore.<\/span><\/p>\n<p class=\"p2\"><span class=\"s1\"><strong>Il mio futuro? Ha i colori del lago, la nota di sfida della Straluino e l\u2019allegria di un concerto di Vasco,<\/strong> come quello cui andr\u00f2 con Matilde, la mia bambina pi\u00f9 grande. Con lei e con Virginia continuer\u00f2 a rendere speciale ogni occasione, come quando balliamo, io seduta in carrozzina e loro intorno a me, e la SM sparisce.<\/span><\/p>\n<p class=\"p2\"><strong><span class=\"s1\">Ho scelto di affrontare la vita con il sorriso e nulla potr\u00e0 fermarmi.<\/span><\/strong><\/p>\n<p class=\"p2\"><span class=\"s1\">Le donne sono colpite dalla SM in misura doppia rispetto agli uomini. L\u2019informazione corretta e tempestiva \u00e8 fondamentale per conoscere i nostri diritti e sapere come reagire a una \u201csentenza\u201d che spesso toglie il fiato. AISM \u00e8 come un membro della mia famiglia. Tutti ci sentiremmo pi\u00f9 soli se non avessimo l\u2019Associazione al nostro fianco:\u00a0<\/span><span class=\"s1\">condividere la mia esperienza mi fa stare bene, cos\u00ec come seguire l\u2019attivit\u00e0 fisica specifica, utile per essere autonoma a dispetto della rapida progressione della malattia.<br \/>\n<\/span><span class=\"s1\"><strong>La ricerca scientifica \u00e8 l\u2019unica via che abbiamo per fermare la SM perch\u00e9 da sola non si ferma<\/strong>, non regredisce, non smetter\u00e0 di colpire tante altre vite\u00bb.<\/span><\/p>\n<p><a href=\"https:\/\/sostienici.aism.it\/partecipa\/mappe\/\" target=\"_blank\" rel=\"noopener\">Qui l&#8217;elenco delle piazze dove saranno in vendita ortensie e gardenie<\/a><\/p>\n","protected":false},"excerpt":{"rendered":"<p>Cinzia Cardia abita a Luino. Dopo la nascita della seconda figlia ha scoperto di avere la Sclerosi Multipla. La malattia ha cambiato la vita sua e della sua famiglia. \u00c8 testimonial di Aism in piazza con la gardenia della ricerca<\/p>\n","protected":false},"author":33,"featured_media":0,"comment_status":"open","ping_status":"open","sticky":false,"template":"","format":"standard","meta":{"footnotes":""},"categories":[9,24,21,2],"tags":[13251,66851,6587],"acf":[],"yoast_head":"<!-- This site is optimized with the Yoast SEO plugin v20.1 - https:\/\/yoast.com\/wordpress\/plugins\/seo\/ -->\n<title>&quot;Ho scelto di affrontare la vita con il sorriso e nulla potr\u00e0 fermarmi&quot;<\/title>\n<meta name=\"description\" content=\"Cinzia Cardia abita a Luino. Dopo la nascita della seconda figlia ha scoperto di avere la Sclerosi Multipla. La malattia ha cambiato la vita sua e della sua famiglia. \u00c8 testimonial di Aism in piazza con la gardenia della ricerca\" \/>\n<meta name=\"robots\" content=\"noindex, follow, max-snippet:-1, max-image-preview:large, max-video-preview:-1\" \/>\n<meta property=\"og:locale\" content=\"it_IT\" \/>\n<meta property=\"og:type\" content=\"article\" \/>\n<meta property=\"og:title\" content=\"&quot;Ho scelto di affrontare la vita con il sorriso e nulla potr\u00e0 fermarmi&quot;\" \/>\n<meta property=\"og:description\" content=\"Cinzia Cardia abita a Luino. Dopo la nascita della seconda figlia ha scoperto di avere la Sclerosi Multipla. La malattia ha cambiato la vita sua e della sua famiglia. \u00c8 testimonial di Aism in piazza con la gardenia della ricerca\" \/>\n<meta property=\"og:url\" content=\"https:\/\/staging.varesenews.it\/2018\/02\/aism-affronto-la-vita-con-sorriso-e-nulla-potra-fermarmi\/694710\/\" \/>\n<meta property=\"og:site_name\" content=\"VareseNews\" \/>\n<meta property=\"article:publisher\" content=\"https:\/\/www.facebook.com\/varesenews\" \/>\n<meta property=\"article:author\" content=\"alessandra.toni7\" \/>\n<meta property=\"article:published_time\" content=\"2018-02-26T15:59:36+00:00\" \/>\n<meta name=\"author\" content=\"Alessandra Toni\" \/>\n<meta name=\"twitter:card\" content=\"summary_large_image\" \/>\n<meta name=\"twitter:creator\" content=\"@alessandra_toni\" \/>\n<meta name=\"twitter:site\" content=\"@varesenews\" \/>\n<meta name=\"twitter:label1\" content=\"Scritto da\" \/>\n\t<meta name=\"twitter:data1\" content=\"Alessandra Toni\" \/>\n\t<meta name=\"twitter:label2\" content=\"Tempo di lettura stimato\" \/>\n\t<meta name=\"twitter:data2\" content=\"3 minuti\" \/>\n<script type=\"application\/ld+json\" class=\"yoast-schema-graph\">{\"@context\":\"https:\/\/schema.org\",\"@graph\":[{\"@type\":\"WebPage\",\"@id\":\"https:\/\/staging.varesenews.it\/2018\/02\/aism-affronto-la-vita-con-sorriso-e-nulla-potra-fermarmi\/694710\/\",\"url\":\"https:\/\/staging.varesenews.it\/2018\/02\/aism-affronto-la-vita-con-sorriso-e-nulla-potra-fermarmi\/694710\/\",\"name\":\"\\\"Ho scelto di affrontare la vita con il sorriso e nulla potr\u00e0 fermarmi\\\"\",\"isPartOf\":{\"@id\":\"https:\/\/staging.varesenews.it\/#website\"},\"datePublished\":\"2018-02-26T15:59:36+00:00\",\"dateModified\":\"2018-02-26T15:59:36+00:00\",\"author\":{\"@id\":\"https:\/\/staging.varesenews.it\/#\/schema\/person\/2643ce123d4a3c9511e015dc548779b8\"},\"description\":\"Cinzia Cardia abita a Luino. Dopo la nascita della seconda figlia ha scoperto di avere la Sclerosi Multipla. La malattia ha cambiato la vita sua e della sua famiglia. \u00c8 testimonial di Aism in piazza con la gardenia della ricerca\",\"breadcrumb\":{\"@id\":\"https:\/\/staging.varesenews.it\/2018\/02\/aism-affronto-la-vita-con-sorriso-e-nulla-potra-fermarmi\/694710\/#breadcrumb\"},\"inLanguage\":\"it-IT\",\"potentialAction\":[{\"@type\":\"ReadAction\",\"target\":[\"https:\/\/staging.varesenews.it\/2018\/02\/aism-affronto-la-vita-con-sorriso-e-nulla-potra-fermarmi\/694710\/\"]}]},{\"@type\":\"BreadcrumbList\",\"@id\":\"https:\/\/staging.varesenews.it\/2018\/02\/aism-affronto-la-vita-con-sorriso-e-nulla-potra-fermarmi\/694710\/#breadcrumb\",\"itemListElement\":[{\"@type\":\"ListItem\",\"position\":1,\"name\":\"Home\",\"item\":\"https:\/\/www.varesenews.it\/\"},{\"@type\":\"ListItem\",\"position\":2,\"name\":\"&#8220;Ho scelto di affrontare la vita con il sorriso e nulla potr\u00e0 fermarmi&#8221;\"}]},{\"@type\":\"WebSite\",\"@id\":\"https:\/\/staging.varesenews.it\/#website\",\"url\":\"https:\/\/staging.varesenews.it\/\",\"name\":\"VareseNews\",\"description\":\"\",\"potentialAction\":[{\"@type\":\"SearchAction\",\"target\":{\"@type\":\"EntryPoint\",\"urlTemplate\":\"https:\/\/staging.varesenews.it\/?s={search_term_string}\"},\"query-input\":\"required name=search_term_string\"}],\"inLanguage\":\"it-IT\"},{\"@type\":\"Person\",\"@id\":\"https:\/\/staging.varesenews.it\/#\/schema\/person\/2643ce123d4a3c9511e015dc548779b8\",\"name\":\"Alessandra Toni\",\"image\":{\"@type\":\"ImageObject\",\"inLanguage\":\"it-IT\",\"@id\":\"https:\/\/staging.varesenews.it\/#\/schema\/person\/image\/\",\"url\":\"https:\/\/staging.varesenews.it\/wp-content\/uploads\/2020\/12\/alessandra_toni_colori_500.jpg\",\"contentUrl\":\"https:\/\/staging.varesenews.it\/wp-content\/uploads\/2020\/12\/alessandra_toni_colori_500.jpg\",\"caption\":\"Alessandra Toni\"},\"description\":\"Sono entrata nella redazione di VareseNews nel lontano anno 2000. Ero reduce da una bellissima esperienza nella redazione giornalistica della TV Nuova Antennatre, sotto la direzione dell'indimenticabile direttore Adolfo Caldarini. Sono arrivata quando era ancora una piccola realt\u00e0 editoriale e insieme abbiamo fatto un lungo ed entusiasmante lavoro. Mi occupo prevalentemente di scuola e di sanit\u00e0, settori impegnativi di grande valore sociale.\u00a0\",\"sameAs\":[\"alessandra.toni7\",\"alessandra.toni\",\"https:\/\/twitter.com\/alessandra_toni\"],\"url\":\"https:\/\/staging.varesenews.it\/persona\/alessandra_toni1\/\"}]}<\/script>\n<!-- \/ Yoast SEO plugin. -->","yoast_head_json":{"title":"\"Ho scelto di affrontare la vita con il sorriso e nulla potr\u00e0 fermarmi\"","description":"Cinzia Cardia abita a Luino. Dopo la nascita della seconda figlia ha scoperto di avere la Sclerosi Multipla. La malattia ha cambiato la vita sua e della sua famiglia. \u00c8 testimonial di Aism in piazza con la gardenia della ricerca","robots":{"index":"noindex","follow":"follow","max-snippet":"max-snippet:-1","max-image-preview":"max-image-preview:large","max-video-preview":"max-video-preview:-1"},"og_locale":"it_IT","og_type":"article","og_title":"\"Ho scelto di affrontare la vita con il sorriso e nulla potr\u00e0 fermarmi\"","og_description":"Cinzia Cardia abita a Luino. Dopo la nascita della seconda figlia ha scoperto di avere la Sclerosi Multipla. La malattia ha cambiato la vita sua e della sua famiglia. \u00c8 testimonial di Aism in piazza con la gardenia della ricerca","og_url":"https:\/\/staging.varesenews.it\/2018\/02\/aism-affronto-la-vita-con-sorriso-e-nulla-potra-fermarmi\/694710\/","og_site_name":"VareseNews","article_publisher":"https:\/\/www.facebook.com\/varesenews","article_author":"alessandra.toni7","article_published_time":"2018-02-26T15:59:36+00:00","author":"Alessandra Toni","twitter_card":"summary_large_image","twitter_creator":"@alessandra_toni","twitter_site":"@varesenews","twitter_misc":{"Scritto da":"Alessandra Toni","Tempo di lettura stimato":"3 minuti"},"schema":{"@context":"https:\/\/schema.org","@graph":[{"@type":"WebPage","@id":"https:\/\/staging.varesenews.it\/2018\/02\/aism-affronto-la-vita-con-sorriso-e-nulla-potra-fermarmi\/694710\/","url":"https:\/\/staging.varesenews.it\/2018\/02\/aism-affronto-la-vita-con-sorriso-e-nulla-potra-fermarmi\/694710\/","name":"\"Ho scelto di affrontare la vita con il sorriso e nulla potr\u00e0 fermarmi\"","isPartOf":{"@id":"https:\/\/staging.varesenews.it\/#website"},"datePublished":"2018-02-26T15:59:36+00:00","dateModified":"2018-02-26T15:59:36+00:00","author":{"@id":"https:\/\/staging.varesenews.it\/#\/schema\/person\/2643ce123d4a3c9511e015dc548779b8"},"description":"Cinzia Cardia abita a Luino. Dopo la nascita della seconda figlia ha scoperto di avere la Sclerosi Multipla. La malattia ha cambiato la vita sua e della sua famiglia. \u00c8 testimonial di Aism in piazza con la gardenia della ricerca","breadcrumb":{"@id":"https:\/\/staging.varesenews.it\/2018\/02\/aism-affronto-la-vita-con-sorriso-e-nulla-potra-fermarmi\/694710\/#breadcrumb"},"inLanguage":"it-IT","potentialAction":[{"@type":"ReadAction","target":["https:\/\/staging.varesenews.it\/2018\/02\/aism-affronto-la-vita-con-sorriso-e-nulla-potra-fermarmi\/694710\/"]}]},{"@type":"BreadcrumbList","@id":"https:\/\/staging.varesenews.it\/2018\/02\/aism-affronto-la-vita-con-sorriso-e-nulla-potra-fermarmi\/694710\/#breadcrumb","itemListElement":[{"@type":"ListItem","position":1,"name":"Home","item":"https:\/\/www.varesenews.it\/"},{"@type":"ListItem","position":2,"name":"&#8220;Ho scelto di affrontare la vita con il sorriso e nulla potr\u00e0 fermarmi&#8221;"}]},{"@type":"WebSite","@id":"https:\/\/staging.varesenews.it\/#website","url":"https:\/\/staging.varesenews.it\/","name":"VareseNews","description":"","potentialAction":[{"@type":"SearchAction","target":{"@type":"EntryPoint","urlTemplate":"https:\/\/staging.varesenews.it\/?s={search_term_string}"},"query-input":"required name=search_term_string"}],"inLanguage":"it-IT"},{"@type":"Person","@id":"https:\/\/staging.varesenews.it\/#\/schema\/person\/2643ce123d4a3c9511e015dc548779b8","name":"Alessandra Toni","image":{"@type":"ImageObject","inLanguage":"it-IT","@id":"https:\/\/staging.varesenews.it\/#\/schema\/person\/image\/","url":"https:\/\/staging.varesenews.it\/wp-content\/uploads\/2020\/12\/alessandra_toni_colori_500.jpg","contentUrl":"https:\/\/staging.varesenews.it\/wp-content\/uploads\/2020\/12\/alessandra_toni_colori_500.jpg","caption":"Alessandra Toni"},"description":"Sono entrata nella redazione di VareseNews nel lontano anno 2000. Ero reduce da una bellissima esperienza nella redazione giornalistica della TV Nuova Antennatre, sotto la direzione dell'indimenticabile direttore Adolfo Caldarini. Sono arrivata quando era ancora una piccola realt\u00e0 editoriale e insieme abbiamo fatto un lungo ed entusiasmante lavoro. Mi occupo prevalentemente di scuola e di sanit\u00e0, settori impegnativi di grande valore sociale.\u00a0","sameAs":["alessandra.toni7","alessandra.toni","https:\/\/twitter.com\/alessandra_toni"],"url":"https:\/\/staging.varesenews.it\/persona\/alessandra_toni1\/"}]}},"post_meta":{"_edit_lock":"1519661808:33","_edit_last":"33","_category_permalink":"a:1:{s:8:\"category\";s:2:\"24\";}","foto":"658645","argomento":"Luino","_yoast_wpseo_focuskw_text_input":"aism","_yoast_wpseo_focuskw":"aism","_yoast_wpseo_linkdex":"62","_yoast_wpseo_content_score":"30","_jd_tweet_this":"yes","firma_come_redazione":"1","ratings_users":"0","ratings_score":"0","ratings_average":"0","_wp_old_slug":"aism-affronto-la-vita-con-il-sorriso-e-nulla-potra-fermarmi","_wpt_short_url":"http:\/\/www.varesenews.it\/2018\/02\/aism-affronto-la-vita-con-sorriso-e-nulla-potra-fermarmi\/694710\/","_wp_jd_target":"http:\/\/www.varesenews.it\/2018\/02\/aism-affronto-la-vita-con-sorriso-e-nulla-potra-fermarmi\/694710\/","_jd_wp_twitter":"a:1:{i:0;s:180:\"\u201cHo scelto di affrontare la vita con il sorriso e nulla potr\u00e0 fermarmi\u201d http:\/\/www.varesenews.it\/2018\/02\/aism-affronto-la-vita-con-sorriso-e-nulla-potra-fermarmi\/694710\/ #aism\";}","_wpt_status_message":"Tweet inviato con successo."},"photos":[{"original":"https:\/\/staging.varesenews.it\/photogallery_new\/images\/2018\/02\/campagna-aism-con-testimonial-di-luino-658645.jpg","full":"https:\/\/staging.varesenews.it\/photogallery_new\/images\/2018\/02\/campagna-aism-con-testimonial-di-luino-658645.1024x768.jpg","large":"https:\/\/staging.varesenews.it\/photogallery_new\/images\/2018\/02\/campagna-aism-con-testimonial-di-luino-658645.610x431.jpg"}],"_links":{"self":[{"href":"https:\/\/staging.varesenews.it\/swgapi\/v1\/wp\/v2\/posts\/694710"}],"collection":[{"href":"https:\/\/staging.varesenews.it\/swgapi\/v1\/wp\/v2\/posts"}],"about":[{"href":"https:\/\/staging.varesenews.it\/swgapi\/v1\/wp\/v2\/types\/post"}],"author":[{"embeddable":true,"href":"https:\/\/staging.varesenews.it\/swgapi\/v1\/wp\/v2\/users\/33"}],"replies":[{"embeddable":true,"href":"https:\/\/staging.varesenews.it\/swgapi\/v1\/wp\/v2\/comments?post=694710"}],"version-history":[{"count":0,"href":"https:\/\/staging.varesenews.it\/swgapi\/v1\/wp\/v2\/posts\/694710\/revisions"}],"wp:attachment":[{"href":"https:\/\/staging.varesenews.it\/swgapi\/v1\/wp\/v2\/media?parent=694710"}],"wp:term":[{"taxonomy":"category","embeddable":true,"href":"https:\/\/staging.varesenews.it\/swgapi\/v1\/wp\/v2\/categories?post=694710"},{"taxonomy":"post_tag","embeddable":true,"href":"https:\/\/staging.varesenews.it\/swgapi\/v1\/wp\/v2\/tags?post=694710"}],"curies":[{"name":"wp","href":"https:\/\/api.w.org\/{rel}","templated":true}]}}