{"id":695465,"date":"2018-03-01T08:41:28","date_gmt":"2018-03-01T07:41:28","guid":{"rendered":"http:\/\/www.varesenews.it\/?p=695465"},"modified":"2018-03-01T08:41:28","modified_gmt":"2018-03-01T07:41:28","slug":"neve-anche-venerdi-migliora","status":"publish","type":"post","link":"https:\/\/staging.varesenews.it\/2018\/03\/neve-anche-venerdi-migliora\/695465\/","title":{"rendered":"Neve anche venerd\u00ec, poi migliora"},"content":{"rendered":"<p>La neve annunciata \u00e8 arrivata, anche in pianura perch\u00e9 \u201c<strong>una bassa pressione in evoluzione sull\u2019Atlantico influenza il tempo sospingendo correnti umide e pi\u00f9 miti sull\u2019Italia settentrionale che da ieri hanno iniziato a portare nuvolosit\u00e0 diffusa<\/strong>. L&#8217;aria fredda giunta nei giorni scorsi sulla Pianura Padana consente alle nevicate di giungere sino a quote di pianura\u201d.<\/p>\n<p>Lo dice il <a href=\"http:\/\/www.astrogeo.va.it\/meteo\/\"><strong>Centro Geofisico Prealpino<\/strong> <\/a>che in maniera sempre pi\u00f9 precisa \u00e8 in grado di prevedere il tempo che far\u00e0 nei prossimi giorni.<\/p>\n<p><strong>PREVISIONI<\/strong> &#8211; Oggi, gioved\u00ec primo marzo cieli molto nuvolosi o coperti con qualche debole nevicata fino a quote di pianura, in mattinata su tutta la regione e da met\u00e0 giornata perlopi\u00f9 insistenti sulle medio-basse pianure, Bresciano e Garda. In serata via via asciutto e brevi schiarite sulle Alpi.<br \/>\n<strong>Venerd\u00ec<\/strong> ancora molte nuvole accompagnate da alcune nevicate a partire dalla tarda mattinata fino in pianura. Nel tardo pomeriggio attenuazione delle precipitazioni a partire dal Piemonte e tendenza al rialzo delle temperature con locali piogge. Schiarite irregolari in serata.<br \/>\n<strong>Sabato<\/strong> prevalentemente molto nuvoloso ma in mattinata qualche breve schiarita soleggiata. Asciutto o deboli precipitazioni, pi\u00f9 probabili nella seconda parte della giornata, a carattere nevoso oltre circa 400m di quota.\u2028Le temperature sono in aumento di qualche grado, soprattutto le minime, e comunque meno rigide dei giorni scorsi. Si parla comunque di clima invernale: di massime fino a pi\u00f9 4, ma non oltre.<\/p>\n<p><strong>TENDENZA<\/strong> &#8211; <strong>Domenica<\/strong> 4 marzo: in parte soleggiato nella prima parte della giornata, poi aumento della nuvolosit\u00e0 che potr\u00e0 portare qualche pioggia in serata. <strong>Luned\u00ec<\/strong> 5 marzo: molto nuvoloso o coperto con precipitazioni diffuse. Limite neve generalmente a quote collinari, localmente fino in pianura sul Piemonte.<\/p>\n","protected":false},"excerpt":{"rendered":"<p>Fiocchi a causa dell\u2019ingresso di una perturbazione atlantica che arriva dopo giorni di freddo intenso. Temperature ancora invernali, attenzione al ghiaccio<\/p>\n","protected":false},"author":34,"featured_media":0,"comment_status":"open","ping_status":"open","sticky":false,"template":"","format":"standard","meta":{"footnotes":""},"categories":[2],"tags":[163,162],"acf":[],"yoast_head":"<!-- This site is optimized with the Yoast SEO plugin v20.1 - https:\/\/yoast.com\/wordpress\/plugins\/seo\/ -->\n<title>Neve anche venerd\u00ec, poi migliora<\/title>\n<meta name=\"description\" content=\"Fiocchi a causa dell\u2019ingresso di una perturbazione atlantica che arriva dopo giorni di freddo intenso. Temperature ancora invernali, attenzione al ghiaccio\" \/>\n<meta name=\"robots\" content=\"noindex, follow, max-snippet:-1, max-image-preview:large, max-video-preview:-1\" \/>\n<meta property=\"og:locale\" content=\"it_IT\" \/>\n<meta property=\"og:type\" content=\"article\" \/>\n<meta property=\"og:title\" content=\"Neve anche venerd\u00ec, poi migliora\" \/>\n<meta property=\"og:description\" content=\"Fiocchi a causa dell\u2019ingresso di una perturbazione atlantica che arriva dopo giorni di freddo intenso. Temperature ancora invernali, attenzione al ghiaccio\" \/>\n<meta property=\"og:url\" content=\"https:\/\/staging.varesenews.it\/2018\/03\/neve-anche-venerdi-migliora\/695465\/\" \/>\n<meta property=\"og:site_name\" content=\"VareseNews\" \/>\n<meta property=\"article:publisher\" content=\"https:\/\/www.facebook.com\/varesenews\" \/>\n<meta property=\"article:author\" content=\"https:\/\/www.facebook.com\/andrea.camurani?fref=photo\" \/>\n<meta property=\"article:published_time\" content=\"2018-03-01T07:41:28+00:00\" \/>\n<meta name=\"author\" content=\"Andrea Camurani\" \/>\n<meta name=\"twitter:card\" content=\"summary_large_image\" \/>\n<meta name=\"twitter:creator\" content=\"@AndreaCamurani\" \/>\n<meta name=\"twitter:site\" content=\"@varesenews\" \/>\n<meta name=\"twitter:label1\" content=\"Scritto da\" \/>\n\t<meta name=\"twitter:data1\" content=\"Andrea Camurani\" \/>\n\t<meta name=\"twitter:label2\" content=\"Tempo di lettura stimato\" \/>\n\t<meta name=\"twitter:data2\" content=\"1 minuto\" \/>\n<script type=\"application\/ld+json\" class=\"yoast-schema-graph\">{\"@context\":\"https:\/\/schema.org\",\"@graph\":[{\"@type\":\"WebPage\",\"@id\":\"https:\/\/staging.varesenews.it\/2018\/03\/neve-anche-venerdi-migliora\/695465\/\",\"url\":\"https:\/\/staging.varesenews.it\/2018\/03\/neve-anche-venerdi-migliora\/695465\/\",\"name\":\"Neve anche venerd\u00ec, poi migliora\",\"isPartOf\":{\"@id\":\"https:\/\/staging.varesenews.it\/#website\"},\"datePublished\":\"2018-03-01T07:41:28+00:00\",\"dateModified\":\"2018-03-01T07:41:28+00:00\",\"author\":{\"@id\":\"https:\/\/staging.varesenews.it\/#\/schema\/person\/3eb5832c6beae763de8d9596fdbe8c49\"},\"description\":\"Fiocchi a causa dell\u2019ingresso di una perturbazione atlantica che arriva dopo giorni di freddo intenso. Temperature ancora invernali, attenzione al ghiaccio\",\"breadcrumb\":{\"@id\":\"https:\/\/staging.varesenews.it\/2018\/03\/neve-anche-venerdi-migliora\/695465\/#breadcrumb\"},\"inLanguage\":\"it-IT\",\"potentialAction\":[{\"@type\":\"ReadAction\",\"target\":[\"https:\/\/staging.varesenews.it\/2018\/03\/neve-anche-venerdi-migliora\/695465\/\"]}]},{\"@type\":\"BreadcrumbList\",\"@id\":\"https:\/\/staging.varesenews.it\/2018\/03\/neve-anche-venerdi-migliora\/695465\/#breadcrumb\",\"itemListElement\":[{\"@type\":\"ListItem\",\"position\":1,\"name\":\"Home\",\"item\":\"https:\/\/www.varesenews.it\/\"},{\"@type\":\"ListItem\",\"position\":2,\"name\":\"Neve anche venerd\u00ec, poi migliora\"}]},{\"@type\":\"WebSite\",\"@id\":\"https:\/\/staging.varesenews.it\/#website\",\"url\":\"https:\/\/staging.varesenews.it\/\",\"name\":\"VareseNews\",\"description\":\"\",\"potentialAction\":[{\"@type\":\"SearchAction\",\"target\":{\"@type\":\"EntryPoint\",\"urlTemplate\":\"https:\/\/staging.varesenews.it\/?s={search_term_string}\"},\"query-input\":\"required name=search_term_string\"}],\"inLanguage\":\"it-IT\"},{\"@type\":\"Person\",\"@id\":\"https:\/\/staging.varesenews.it\/#\/schema\/person\/3eb5832c6beae763de8d9596fdbe8c49\",\"name\":\"Andrea Camurani\",\"image\":{\"@type\":\"ImageObject\",\"inLanguage\":\"it-IT\",\"@id\":\"https:\/\/staging.varesenews.it\/#\/schema\/person\/image\/\",\"url\":\"https:\/\/staging.varesenews.it\/wp-content\/uploads\/2020\/12\/andrea_camurani_colori_500.jpg\",\"contentUrl\":\"https:\/\/staging.varesenews.it\/wp-content\/uploads\/2020\/12\/andrea_camurani_colori_500.jpg\",\"caption\":\"Andrea Camurani\"},\"description\":\"Sono figlio degli anni Settanta e di Milano, dove ho imparato a riconoscere buoni e cattivi. Laurea in scienze politiche, lavoro a VareseNews dal 2000. Racconto quel che trovo quando incontro chi vuole lasciare al mondo un pezzetto di vita, che si chiama cronaca. &ldquo;...perch&eacute; &egrave; la gente il pi&ugrave; grande spettacolo del mondo. E non si paga il biglietto...&rdquo; (Charles Bukowsky)\",\"sameAs\":[\"https:\/\/www.facebook.com\/andrea.camurani?fref=photo\",\"andreacamurani\",\"https:\/\/www.linkedin.com\/hp\/?dnr=A9a84RfzsLdo9xg4NcGV4dLiMknoc9ms4WM\",\"https:\/\/twitter.com\/AndreaCamurani\"],\"url\":\"https:\/\/staging.varesenews.it\/persona\/andrea_camurani\/\"}]}<\/script>\n<!-- \/ Yoast SEO plugin. -->","yoast_head_json":{"title":"Neve anche venerd\u00ec, poi migliora","description":"Fiocchi a causa dell\u2019ingresso di una perturbazione atlantica che arriva dopo giorni di freddo intenso. Temperature ancora invernali, attenzione al ghiaccio","robots":{"index":"noindex","follow":"follow","max-snippet":"max-snippet:-1","max-image-preview":"max-image-preview:large","max-video-preview":"max-video-preview:-1"},"og_locale":"it_IT","og_type":"article","og_title":"Neve anche venerd\u00ec, poi migliora","og_description":"Fiocchi a causa dell\u2019ingresso di una perturbazione atlantica che arriva dopo giorni di freddo intenso. Temperature ancora invernali, attenzione al ghiaccio","og_url":"https:\/\/staging.varesenews.it\/2018\/03\/neve-anche-venerdi-migliora\/695465\/","og_site_name":"VareseNews","article_publisher":"https:\/\/www.facebook.com\/varesenews","article_author":"https:\/\/www.facebook.com\/andrea.camurani?fref=photo","article_published_time":"2018-03-01T07:41:28+00:00","author":"Andrea Camurani","twitter_card":"summary_large_image","twitter_creator":"@AndreaCamurani","twitter_site":"@varesenews","twitter_misc":{"Scritto da":"Andrea Camurani","Tempo di lettura stimato":"1 minuto"},"schema":{"@context":"https:\/\/schema.org","@graph":[{"@type":"WebPage","@id":"https:\/\/staging.varesenews.it\/2018\/03\/neve-anche-venerdi-migliora\/695465\/","url":"https:\/\/staging.varesenews.it\/2018\/03\/neve-anche-venerdi-migliora\/695465\/","name":"Neve anche venerd\u00ec, poi migliora","isPartOf":{"@id":"https:\/\/staging.varesenews.it\/#website"},"datePublished":"2018-03-01T07:41:28+00:00","dateModified":"2018-03-01T07:41:28+00:00","author":{"@id":"https:\/\/staging.varesenews.it\/#\/schema\/person\/3eb5832c6beae763de8d9596fdbe8c49"},"description":"Fiocchi a causa dell\u2019ingresso di una perturbazione atlantica che arriva dopo giorni di freddo intenso. Temperature ancora invernali, attenzione al ghiaccio","breadcrumb":{"@id":"https:\/\/staging.varesenews.it\/2018\/03\/neve-anche-venerdi-migliora\/695465\/#breadcrumb"},"inLanguage":"it-IT","potentialAction":[{"@type":"ReadAction","target":["https:\/\/staging.varesenews.it\/2018\/03\/neve-anche-venerdi-migliora\/695465\/"]}]},{"@type":"BreadcrumbList","@id":"https:\/\/staging.varesenews.it\/2018\/03\/neve-anche-venerdi-migliora\/695465\/#breadcrumb","itemListElement":[{"@type":"ListItem","position":1,"name":"Home","item":"https:\/\/www.varesenews.it\/"},{"@type":"ListItem","position":2,"name":"Neve anche venerd\u00ec, poi migliora"}]},{"@type":"WebSite","@id":"https:\/\/staging.varesenews.it\/#website","url":"https:\/\/staging.varesenews.it\/","name":"VareseNews","description":"","potentialAction":[{"@type":"SearchAction","target":{"@type":"EntryPoint","urlTemplate":"https:\/\/staging.varesenews.it\/?s={search_term_string}"},"query-input":"required name=search_term_string"}],"inLanguage":"it-IT"},{"@type":"Person","@id":"https:\/\/staging.varesenews.it\/#\/schema\/person\/3eb5832c6beae763de8d9596fdbe8c49","name":"Andrea Camurani","image":{"@type":"ImageObject","inLanguage":"it-IT","@id":"https:\/\/staging.varesenews.it\/#\/schema\/person\/image\/","url":"https:\/\/staging.varesenews.it\/wp-content\/uploads\/2020\/12\/andrea_camurani_colori_500.jpg","contentUrl":"https:\/\/staging.varesenews.it\/wp-content\/uploads\/2020\/12\/andrea_camurani_colori_500.jpg","caption":"Andrea Camurani"},"description":"Sono figlio degli anni Settanta e di Milano, dove ho imparato a riconoscere buoni e cattivi. Laurea in scienze politiche, lavoro a VareseNews dal 2000. Racconto quel che trovo quando incontro chi vuole lasciare al mondo un pezzetto di vita, che si chiama cronaca. &ldquo;...perch&eacute; &egrave; la gente il pi&ugrave; grande spettacolo del mondo. E non si paga il biglietto...&rdquo; (Charles Bukowsky)","sameAs":["https:\/\/www.facebook.com\/andrea.camurani?fref=photo","andreacamurani","https:\/\/www.linkedin.com\/hp\/?dnr=A9a84RfzsLdo9xg4NcGV4dLiMknoc9ms4WM","https:\/\/twitter.com\/AndreaCamurani"],"url":"https:\/\/staging.varesenews.it\/persona\/andrea_camurani\/"}]}},"post_meta":{"_edit_lock":"1519890944:34","_edit_last":"34","_category_permalink":"a:1:{s:8:\"category\";s:0:\"\";}","ratings_users":"0","ratings_score":"0","ratings_average":"0","foto":"651780","firma_come_redazione":"1","argomento":"Meteo","_yoast_wpseo_content_score":"30","_jd_tweet_this":"yes","_wpt_short_url":"http:\/\/www.varesenews.it\/2018\/03\/neve-anche-venerdi-migliora\/695465\/","_wp_jd_target":"http:\/\/www.varesenews.it\/2018\/03\/neve-anche-venerdi-migliora\/695465\/","_jd_wp_twitter":"a:1:{i:0;s:109:\"Neve anche venerd\u00ec, poi migliora http:\/\/www.varesenews.it\/2018\/03\/neve-anche-venerdi-migliora\/695465\/ #meteo\";}","_wpt_status_message":"Tweet inviato con successo.","id_leggi_anche":"695572"},"photos":[{"original":"https:\/\/staging.varesenews.it\/photogallery_new\/images\/2018\/01\/neve-alta-a-macugnaga-651780.jpg","full":"https:\/\/staging.varesenews.it\/photogallery_new\/images\/2018\/01\/neve-alta-a-macugnaga-651780.1024x768.jpg","large":"https:\/\/staging.varesenews.it\/photogallery_new\/images\/2018\/01\/neve-alta-a-macugnaga-651780.610x431.jpg"}],"_links":{"self":[{"href":"https:\/\/staging.varesenews.it\/swgapi\/v1\/wp\/v2\/posts\/695465"}],"collection":[{"href":"https:\/\/staging.varesenews.it\/swgapi\/v1\/wp\/v2\/posts"}],"about":[{"href":"https:\/\/staging.varesenews.it\/swgapi\/v1\/wp\/v2\/types\/post"}],"author":[{"embeddable":true,"href":"https:\/\/staging.varesenews.it\/swgapi\/v1\/wp\/v2\/users\/34"}],"replies":[{"embeddable":true,"href":"https:\/\/staging.varesenews.it\/swgapi\/v1\/wp\/v2\/comments?post=695465"}],"version-history":[{"count":0,"href":"https:\/\/staging.varesenews.it\/swgapi\/v1\/wp\/v2\/posts\/695465\/revisions"}],"wp:attachment":[{"href":"https:\/\/staging.varesenews.it\/swgapi\/v1\/wp\/v2\/media?parent=695465"}],"wp:term":[{"taxonomy":"category","embeddable":true,"href":"https:\/\/staging.varesenews.it\/swgapi\/v1\/wp\/v2\/categories?post=695465"},{"taxonomy":"post_tag","embeddable":true,"href":"https:\/\/staging.varesenews.it\/swgapi\/v1\/wp\/v2\/tags?post=695465"}],"curies":[{"name":"wp","href":"https:\/\/api.w.org\/{rel}","templated":true}]}}