{"id":695906,"date":"2018-03-02T12:18:34","date_gmt":"2018-03-02T11:18:34","guid":{"rendered":"http:\/\/www.varesenews.it\/?p=695906"},"modified":"2018-03-02T12:18:34","modified_gmt":"2018-03-02T11:18:34","slug":"nuova-denuncia-del-comitato-lospedale-chirurgia-ps","status":"publish","type":"post","link":"https:\/\/staging.varesenews.it\/2018\/03\/nuova-denuncia-del-comitato-lospedale-chirurgia-ps\/695906\/","title":{"rendered":"Nuova denuncia del Comitato Noi per l&#8217;ospedale su chirurgia e PS"},"content":{"rendered":"<p class=\"p1\"><span class=\"s1\"><strong>Nuovo volantino del Comitato \u201cIo per l\u2019ospedale\u201d<\/strong> per denunciare situazioni difficili all\u2019interno del <strong>Circolo di Varese.<\/strong> Dopo <a href=\"http:\/\/www.varesenews.it\/2018\/02\/volantini-difesa-della-pediatria-si-sta-svuotando-reparto\/692346\/\">l\u2019analisi sul Del Ponte<\/a>, il Comitato analizza le questioni relative a <strong>pronto soccorso e chirurgia universitaria<\/strong>.<\/span><\/p>\n<p class=\"p1\"><span class=\"s1\">La partenza della squadra dell<strong>\u2019ex primario Renzo Dionigi<\/strong>, uno dei padri dell\u2019universit\u00e0 dell\u2019Insubria, ha lasciato perplessi. La polemica era stata innescata dal <a href=\"http:\/\/www.varesenews.it\/2017\/02\/vado-policlinico-a-varese-non-cera-posto-per-me\/593188\/\" target=\"_blank\" rel=\"noopener\">chirurgo specializzato in laparoscopica Luigi Boni c<\/a>hiamato a dirigere la chirurgia milanese del Policlinico : lui stesso afferm\u00f2 di essere costretto a emigrare per la volontaria riduzione degli spazi lasciati alla chirurgia clinica da parte della direzione aziendale: \u00ab La Chirurgia 1 universitaria &#8211; si legge nel volantino &#8211; era un fiore all\u2019occhiello della sanit\u00e0 varesina e punto di riferimento per i cittadini, grazie al Prof. Renzo Dionigi, sotto il quale si erano formate vere e proprie eccellenze nella chirurgia mini invasiva e oncologica, riconosciute a livello mondiale. Ebbene, oggi queste eccellenze\u00a0non ci sono pi\u00f9!\u00a0Nel giro di qualche mese,<strong> il prof. Luigi Boni, se ne \u00e8 andato,<\/strong> con grande dispiacere, sbattendo la porta, dichiarando \u201cSono nato professionalmente in questo ospedale dove sono cresciuto sotto una guida molto brava e illuminata. Ora me ne devo andare. Le scelte aziendali non mi lasciano altra scelta\u201d perch\u00e8 a Varese non c\u2019era futuro n\u00e9 posto per lui, cos\u00ec come <strong>il prof. Gianlorenzo Dionigi Renzo e il dr Dott. Stefano Rausei<\/strong> sono stati costretti a dire addio al nostro ospedale\u201d.<span class=\"Apple-converted-space\">\u00a0\u00a0<\/span>Ben tre figure apicali, straordinari professionisti, che abbiamo perso perch\u00e8 sono stati messi in condizioni di dover andare altrove. La Direzione Generale, infatti, indirizzata dalla politica, aveva deciso, con assoluta esclusivit\u00e0, di spostare tutta la chirurgia oncologica dalla Chirurgia 1, alla Chirurgia 2, ospedaliera, togliendo la possibilit\u00e0 a questi professori di lavorare nel campo in cui eccellevano e di poter formare nuovi medici.<span class=\"Apple-converted-space\">\u00a0&#8230;<\/span>\u00a0Tutto questo con il silenzio assordante dell\u2019Universit\u00e0 che, evidentemente sta cercando altri ospedali, ad esempio Como, dove ripartire. Purtroppo ha ragione il <a href=\"http:\/\/www.varesenews.it\/2018\/01\/lospedale-varese-tradito-dalla-politica\/688359\/\" target=\"_blank\" rel=\"noopener\">Dott. Carlo Ballerio <\/a>nell\u2019affermare che abbiamo una facolt\u00e0 di medicina e chirurgia ridimensionata\u00bb.<\/span><\/p>\n<p class=\"p1\"><span class=\"s1\">Il Comitato analizza poi la delicata situazione del <strong>pronto soccorso<\/strong>, un tema ricorrente: \u00ab Al Pronto Soccorso &#8211; affermano Giorgio Arca e il Comitato &#8211; ci sono gravi criticit\u00e0 note e segnalate pi\u00f9 volte dal personale al direttore generale Dott.Bravi, soprattutto in merito alla tristemente famosa barellaia, dove le persone, attendono il posto in reparto, anche diversi giorni, in spazi insufficienti, con assenza di adeguati arredamenti sanitari, privacy inesistente, drammatica sproporzione tra numero di pazienti e servizi igienici, con una spaventosa carenza di personale, che viene esposto ad un elevato rischio di errore\u00bb.<\/span><\/p>\n<p class=\"p1\"><span class=\"s1\">Il Comitato si lancia in una disamina del sistema organizzativo complesso che, accusa, fa apparire il congestionamento meno gravoso di quello che \u00e8. Quello che descrivono un sistema di \u201cscatole cinesi\u201d \u00e8, fa sapere l&#8217;Asst Sette Laghi, una normale gestione dei pazienti<span class=\"Apple-converted-space\">\u00a0 <\/span>che non \u201cscompaiono\u201d ma vengono gestiti con codifiche specifiche interne, senza rilasciare alcuna altra dichiarazione. <\/span><\/p>\n<p class=\"p1\"><span class=\"s1\">Un ultimo appunto del Comitato riguarda il \u201c<strong>Trauma Center<\/strong>\u201d: \u00ab Da circa 5 anni Varese ha il nulla osta dalla Regione. I requisiti prevedono che un team di e chirurghi e infermieri siano dedicati solo ed esclusivamente alle urgenze emergenze. Ma ancora non esiste. Ci \u00e8 stato detto che \u00e8 stato fatto un concorso per questo a tempo determinato e non si \u00e8 presentato nessuno. Fatto grave per Varese che come ospedale non sia ambito\u00bb.<\/span><\/p>\n<p>Il secondo volantino del Comitato mette in luce ulteriori problemi di un ospedale su cui il Comune chiede da tempo chiarimenti. Nei giorni scorsi, <strong>il consigliere Fabrizio Mirabelli si era lamentato, sulla sua pagina Facebook<\/strong>, del silenzio da parte della direzione Asst : \u00ab\u00a0<span class=\"s1\">Nel settembre dell&#8217;anno scorso, il Comune di Varese ha invitato il direttore generale dell&#8217;Azienda\u00a0ospedaliera, dott. Bravi, a venire nell&#8217;apposita Commissione consiliare a spiegare cosa sta succedendo e a fornire possibili soluzioni. <strong>Lo stiamo ancora aspettando&#8230;<\/strong>.probabilmente il Comune di Varese non esercita su di lui la stessa attrattiva della Scala di Milano, di cui sappiamo essere abbonato. Ma non \u00e8 giunto il momento che Regione Lombardia dia delle risposte ai cittadini contribuenti che pagano le tasse anche per avere una sanit\u00e0 che funzioni?\u00bb<\/span><\/p>\n","protected":false},"excerpt":{"rendered":"<p>Giorgio Arca, presidente del Comitato Noi per l&#8217;Ospedale, pubblica una nuova accusa sulla chirurgia e del pronto soccorso. Polemico anche il consigliere Mirabelli<\/p>\n","protected":false},"author":33,"featured_media":0,"comment_status":"open","ping_status":"open","sticky":false,"template":"","format":"standard","meta":{"footnotes":""},"categories":[24,2],"tags":[72569,113],"acf":[],"yoast_head":"<!-- This site is optimized with the Yoast SEO plugin v20.1 - https:\/\/yoast.com\/wordpress\/plugins\/seo\/ -->\n<title>Nuova denuncia del Comitato Noi per l&#039;ospedale su chirurgia e PS<\/title>\n<meta name=\"description\" content=\"Giorgio Arca, presidente del Comitato Noi per l&#039;Ospedale, pubblica una nuova accusa sulla chirurgia e del pronto soccorso. Polemico anche il consigliere Mirabelli\" \/>\n<meta name=\"robots\" content=\"noindex, follow, max-snippet:-1, max-image-preview:large, max-video-preview:-1\" \/>\n<meta property=\"og:locale\" content=\"it_IT\" \/>\n<meta property=\"og:type\" content=\"article\" \/>\n<meta property=\"og:title\" content=\"Nuova denuncia del Comitato Noi per l&#039;ospedale su chirurgia e PS\" \/>\n<meta property=\"og:description\" content=\"Giorgio Arca, presidente del Comitato Noi per l&#039;Ospedale, pubblica una nuova accusa sulla chirurgia e del pronto soccorso. Polemico anche il consigliere Mirabelli\" \/>\n<meta property=\"og:url\" content=\"https:\/\/staging.varesenews.it\/2018\/03\/nuova-denuncia-del-comitato-lospedale-chirurgia-ps\/695906\/\" \/>\n<meta property=\"og:site_name\" content=\"VareseNews\" \/>\n<meta property=\"article:publisher\" content=\"https:\/\/www.facebook.com\/varesenews\" \/>\n<meta property=\"article:author\" content=\"alessandra.toni7\" \/>\n<meta property=\"article:published_time\" content=\"2018-03-02T11:18:34+00:00\" \/>\n<meta name=\"author\" content=\"Alessandra Toni\" \/>\n<meta name=\"twitter:card\" content=\"summary_large_image\" \/>\n<meta name=\"twitter:creator\" content=\"@alessandra_toni\" \/>\n<meta name=\"twitter:site\" content=\"@varesenews\" \/>\n<meta name=\"twitter:label1\" content=\"Scritto da\" \/>\n\t<meta name=\"twitter:data1\" content=\"Alessandra Toni\" \/>\n\t<meta name=\"twitter:label2\" content=\"Tempo di lettura stimato\" \/>\n\t<meta name=\"twitter:data2\" content=\"3 minuti\" \/>\n<script type=\"application\/ld+json\" class=\"yoast-schema-graph\">{\"@context\":\"https:\/\/schema.org\",\"@graph\":[{\"@type\":\"WebPage\",\"@id\":\"https:\/\/staging.varesenews.it\/2018\/03\/nuova-denuncia-del-comitato-lospedale-chirurgia-ps\/695906\/\",\"url\":\"https:\/\/staging.varesenews.it\/2018\/03\/nuova-denuncia-del-comitato-lospedale-chirurgia-ps\/695906\/\",\"name\":\"Nuova denuncia del Comitato Noi per l'ospedale su chirurgia e PS\",\"isPartOf\":{\"@id\":\"https:\/\/staging.varesenews.it\/#website\"},\"datePublished\":\"2018-03-02T11:18:34+00:00\",\"dateModified\":\"2018-03-02T11:18:34+00:00\",\"author\":{\"@id\":\"https:\/\/staging.varesenews.it\/#\/schema\/person\/2643ce123d4a3c9511e015dc548779b8\"},\"description\":\"Giorgio Arca, presidente del Comitato Noi per l'Ospedale, pubblica una nuova accusa sulla chirurgia e del pronto soccorso. Polemico anche il consigliere Mirabelli\",\"breadcrumb\":{\"@id\":\"https:\/\/staging.varesenews.it\/2018\/03\/nuova-denuncia-del-comitato-lospedale-chirurgia-ps\/695906\/#breadcrumb\"},\"inLanguage\":\"it-IT\",\"potentialAction\":[{\"@type\":\"ReadAction\",\"target\":[\"https:\/\/staging.varesenews.it\/2018\/03\/nuova-denuncia-del-comitato-lospedale-chirurgia-ps\/695906\/\"]}]},{\"@type\":\"BreadcrumbList\",\"@id\":\"https:\/\/staging.varesenews.it\/2018\/03\/nuova-denuncia-del-comitato-lospedale-chirurgia-ps\/695906\/#breadcrumb\",\"itemListElement\":[{\"@type\":\"ListItem\",\"position\":1,\"name\":\"Home\",\"item\":\"https:\/\/www.varesenews.it\/\"},{\"@type\":\"ListItem\",\"position\":2,\"name\":\"Nuova denuncia del Comitato Noi per l&#8217;ospedale su chirurgia e PS\"}]},{\"@type\":\"WebSite\",\"@id\":\"https:\/\/staging.varesenews.it\/#website\",\"url\":\"https:\/\/staging.varesenews.it\/\",\"name\":\"VareseNews\",\"description\":\"\",\"potentialAction\":[{\"@type\":\"SearchAction\",\"target\":{\"@type\":\"EntryPoint\",\"urlTemplate\":\"https:\/\/staging.varesenews.it\/?s={search_term_string}\"},\"query-input\":\"required name=search_term_string\"}],\"inLanguage\":\"it-IT\"},{\"@type\":\"Person\",\"@id\":\"https:\/\/staging.varesenews.it\/#\/schema\/person\/2643ce123d4a3c9511e015dc548779b8\",\"name\":\"Alessandra Toni\",\"image\":{\"@type\":\"ImageObject\",\"inLanguage\":\"it-IT\",\"@id\":\"https:\/\/staging.varesenews.it\/#\/schema\/person\/image\/\",\"url\":\"https:\/\/staging.varesenews.it\/wp-content\/uploads\/2020\/12\/alessandra_toni_colori_500.jpg\",\"contentUrl\":\"https:\/\/staging.varesenews.it\/wp-content\/uploads\/2020\/12\/alessandra_toni_colori_500.jpg\",\"caption\":\"Alessandra Toni\"},\"description\":\"Sono entrata nella redazione di VareseNews nel lontano anno 2000. Ero reduce da una bellissima esperienza nella redazione giornalistica della TV Nuova Antennatre, sotto la direzione dell'indimenticabile direttore Adolfo Caldarini. Sono arrivata quando era ancora una piccola realt\u00e0 editoriale e insieme abbiamo fatto un lungo ed entusiasmante lavoro. Mi occupo prevalentemente di scuola e di sanit\u00e0, settori impegnativi di grande valore sociale.\u00a0\",\"sameAs\":[\"alessandra.toni7\",\"alessandra.toni\",\"https:\/\/twitter.com\/alessandra_toni\"],\"url\":\"https:\/\/staging.varesenews.it\/persona\/alessandra_toni1\/\"}]}<\/script>\n<!-- \/ Yoast SEO plugin. -->","yoast_head_json":{"title":"Nuova denuncia del Comitato Noi per l'ospedale su chirurgia e PS","description":"Giorgio Arca, presidente del Comitato Noi per l'Ospedale, pubblica una nuova accusa sulla chirurgia e del pronto soccorso. Polemico anche il consigliere Mirabelli","robots":{"index":"noindex","follow":"follow","max-snippet":"max-snippet:-1","max-image-preview":"max-image-preview:large","max-video-preview":"max-video-preview:-1"},"og_locale":"it_IT","og_type":"article","og_title":"Nuova denuncia del Comitato Noi per l'ospedale su chirurgia e PS","og_description":"Giorgio Arca, presidente del Comitato Noi per l'Ospedale, pubblica una nuova accusa sulla chirurgia e del pronto soccorso. Polemico anche il consigliere Mirabelli","og_url":"https:\/\/staging.varesenews.it\/2018\/03\/nuova-denuncia-del-comitato-lospedale-chirurgia-ps\/695906\/","og_site_name":"VareseNews","article_publisher":"https:\/\/www.facebook.com\/varesenews","article_author":"alessandra.toni7","article_published_time":"2018-03-02T11:18:34+00:00","author":"Alessandra Toni","twitter_card":"summary_large_image","twitter_creator":"@alessandra_toni","twitter_site":"@varesenews","twitter_misc":{"Scritto da":"Alessandra Toni","Tempo di lettura stimato":"3 minuti"},"schema":{"@context":"https:\/\/schema.org","@graph":[{"@type":"WebPage","@id":"https:\/\/staging.varesenews.it\/2018\/03\/nuova-denuncia-del-comitato-lospedale-chirurgia-ps\/695906\/","url":"https:\/\/staging.varesenews.it\/2018\/03\/nuova-denuncia-del-comitato-lospedale-chirurgia-ps\/695906\/","name":"Nuova denuncia del Comitato Noi per l'ospedale su chirurgia e PS","isPartOf":{"@id":"https:\/\/staging.varesenews.it\/#website"},"datePublished":"2018-03-02T11:18:34+00:00","dateModified":"2018-03-02T11:18:34+00:00","author":{"@id":"https:\/\/staging.varesenews.it\/#\/schema\/person\/2643ce123d4a3c9511e015dc548779b8"},"description":"Giorgio Arca, presidente del Comitato Noi per l'Ospedale, pubblica una nuova accusa sulla chirurgia e del pronto soccorso. Polemico anche il consigliere Mirabelli","breadcrumb":{"@id":"https:\/\/staging.varesenews.it\/2018\/03\/nuova-denuncia-del-comitato-lospedale-chirurgia-ps\/695906\/#breadcrumb"},"inLanguage":"it-IT","potentialAction":[{"@type":"ReadAction","target":["https:\/\/staging.varesenews.it\/2018\/03\/nuova-denuncia-del-comitato-lospedale-chirurgia-ps\/695906\/"]}]},{"@type":"BreadcrumbList","@id":"https:\/\/staging.varesenews.it\/2018\/03\/nuova-denuncia-del-comitato-lospedale-chirurgia-ps\/695906\/#breadcrumb","itemListElement":[{"@type":"ListItem","position":1,"name":"Home","item":"https:\/\/www.varesenews.it\/"},{"@type":"ListItem","position":2,"name":"Nuova denuncia del Comitato Noi per l&#8217;ospedale su chirurgia e PS"}]},{"@type":"WebSite","@id":"https:\/\/staging.varesenews.it\/#website","url":"https:\/\/staging.varesenews.it\/","name":"VareseNews","description":"","potentialAction":[{"@type":"SearchAction","target":{"@type":"EntryPoint","urlTemplate":"https:\/\/staging.varesenews.it\/?s={search_term_string}"},"query-input":"required name=search_term_string"}],"inLanguage":"it-IT"},{"@type":"Person","@id":"https:\/\/staging.varesenews.it\/#\/schema\/person\/2643ce123d4a3c9511e015dc548779b8","name":"Alessandra Toni","image":{"@type":"ImageObject","inLanguage":"it-IT","@id":"https:\/\/staging.varesenews.it\/#\/schema\/person\/image\/","url":"https:\/\/staging.varesenews.it\/wp-content\/uploads\/2020\/12\/alessandra_toni_colori_500.jpg","contentUrl":"https:\/\/staging.varesenews.it\/wp-content\/uploads\/2020\/12\/alessandra_toni_colori_500.jpg","caption":"Alessandra Toni"},"description":"Sono entrata nella redazione di VareseNews nel lontano anno 2000. Ero reduce da una bellissima esperienza nella redazione giornalistica della TV Nuova Antennatre, sotto la direzione dell'indimenticabile direttore Adolfo Caldarini. Sono arrivata quando era ancora una piccola realt\u00e0 editoriale e insieme abbiamo fatto un lungo ed entusiasmante lavoro. Mi occupo prevalentemente di scuola e di sanit\u00e0, settori impegnativi di grande valore sociale.\u00a0","sameAs":["alessandra.toni7","alessandra.toni","https:\/\/twitter.com\/alessandra_toni"],"url":"https:\/\/staging.varesenews.it\/persona\/alessandra_toni1\/"}]}},"post_meta":{"_edit_lock":"1519992044:33","_edit_last":"33","_category_permalink":"a:1:{s:8:\"category\";s:2:\"24\";}","foto":"647934","firma_come_redazione":"1","argomento":"Varese","_yoast_wpseo_content_score":"30","_jd_tweet_this":"yes","ratings_users":"0","ratings_score":"0","ratings_average":"0","_wpt_short_url":"http:\/\/www.varesenews.it\/2018\/03\/nuova-denuncia-del-comitato-lospedale-chirurgia-ps\/695906\/","_wp_jd_target":"http:\/\/www.varesenews.it\/2018\/03\/nuova-denuncia-del-comitato-lospedale-chirurgia-ps\/695906\/","_jd_wp_twitter":"a:1:{i:0;s:159:\"Nuova denuncia del Comitato Noi per l\u2019ospedale su chirurgia e PS http:\/\/www.varesenews.it\/2018\/03\/nuova-denuncia-del-comitato-lospedale-chirurgia-ps\/695906\/ \";}","_wpt_status_message":"Tweet inviato con successo.","id_leggi_anche":"700141"},"photos":[{"original":"https:\/\/staging.varesenews.it\/photogallery_new\/images\/2017\/12\/monoblocco-ingresso-647934.jpg","full":"https:\/\/staging.varesenews.it\/photogallery_new\/images\/2017\/12\/monoblocco-ingresso-647934.1024x768.jpg","large":"https:\/\/staging.varesenews.it\/photogallery_new\/images\/2017\/12\/monoblocco-ingresso-647934.610x431.jpg"}],"_links":{"self":[{"href":"https:\/\/staging.varesenews.it\/swgapi\/v1\/wp\/v2\/posts\/695906"}],"collection":[{"href":"https:\/\/staging.varesenews.it\/swgapi\/v1\/wp\/v2\/posts"}],"about":[{"href":"https:\/\/staging.varesenews.it\/swgapi\/v1\/wp\/v2\/types\/post"}],"author":[{"embeddable":true,"href":"https:\/\/staging.varesenews.it\/swgapi\/v1\/wp\/v2\/users\/33"}],"replies":[{"embeddable":true,"href":"https:\/\/staging.varesenews.it\/swgapi\/v1\/wp\/v2\/comments?post=695906"}],"version-history":[{"count":0,"href":"https:\/\/staging.varesenews.it\/swgapi\/v1\/wp\/v2\/posts\/695906\/revisions"}],"wp:attachment":[{"href":"https:\/\/staging.varesenews.it\/swgapi\/v1\/wp\/v2\/media?parent=695906"}],"wp:term":[{"taxonomy":"category","embeddable":true,"href":"https:\/\/staging.varesenews.it\/swgapi\/v1\/wp\/v2\/categories?post=695906"},{"taxonomy":"post_tag","embeddable":true,"href":"https:\/\/staging.varesenews.it\/swgapi\/v1\/wp\/v2\/tags?post=695906"}],"curies":[{"name":"wp","href":"https:\/\/api.w.org\/{rel}","templated":true}]}}