{"id":696202,"date":"2018-03-03T16:07:56","date_gmt":"2018-03-03T15:07:56","guid":{"rendered":"http:\/\/www.varesenews.it\/?p=696202"},"modified":"2018-03-03T16:07:56","modified_gmt":"2018-03-03T15:07:56","slug":"sanita-difficili-rapporti-ospedale-universita","status":"publish","type":"post","link":"https:\/\/staging.varesenews.it\/2018\/03\/sanita-difficili-rapporti-ospedale-universita\/696202\/","title":{"rendered":"Sanit\u00e0, i difficili rapporti tra ospedale e universit\u00e0"},"content":{"rendered":"<p>Caro direttore,<\/p>\n<p><strong>l\u2019ultimo volantino del Comitato \u201cIo per l\u2019ospedale\u201d<\/strong> sollecita una testimonianza e qualche riflessione da parte di chi, come me, fu l\u2019estensore della <strong>Convenzione, mai pi\u00f9 ripresa e aggiornata in forma organica, che regolava la presenza degli universitari all\u2019interno dell\u2019Ospedale di Circolo di Varese<\/strong>, la prima in assoluto in Regione Lombardia.<br \/>\nFu un\u2019impresa resa possibile dall\u2019intelligenza del Prof. Renzo Dionigi, sul versante universitario e, sul versante ospedaliero, di personaggi di grande spessore umano e professionale come il Prof. Marcello Curzio e il Dott. Renato Uccella, che collaborarono attivamente alla stesura del testo e alla ricerca di ogni possibile mediazione rispettosa delle finalit\u00e0 dei due Enti. La presenza universitaria era ancora connotata come seconda Facolt\u00e0 di Medicina dell\u2019Universit\u00e0 degli Studi di Pavia, non essendosi ancora costituito l&#8217;ateneo dell\u2019Insubria.<br \/>\nNon fu semplice armonizzare normative e aspirazioni diverse e neppure vincere le diffidenze di chi temeva una sorta di accaparramento dei primariati da parte degli universitari, a danno della progressione di carriera di validi medici ospedalieri.<\/p>\n<p><strong>Gli universitari partirono pretendendo che solo un terzo del loro tempo fosse destinato all\u2019assistenza e all\u2019attivit\u00e0 clinica<\/strong>, mentre i restanti due terzi dovevano essere destinati alla ricerca (un terzo) e insegnamento (un terzo). Il secondo \u201cpaletto\u201d fu il rifiuto di qualunque tipo di \u201cplacet\u201d della dirigenza ospedaliera sull\u2019indicazione degli universitari destinati ad assumere funzioni assistenziali, in nome dell\u2019autonomia universitaria. Erano vincoli normativi sui quali c\u2019era poco da discutere. Le difficolt\u00e0 furono superate da un lato con la previsione che la ricerca non poteva che essere strettamente connessa all\u2019attivit\u00e0 clinica, e quindi il limite di un terzo del tempo sarebbe stato superato, come in effetti \u00e8 avvenuto, e, sull\u2019altro versante, dall\u2019impegno assunto dal Prof. Dionigi, anche a nome degli altri cattedratici allora presenti, di designare per le funzioni assistenziali solo universitari di spessore, impegno sempre mantenuto dal Prof. Dionigi, primario chirurgo in ospedale e Preside di Facolt\u00e0 poi Rettore, sul versante accademico. Quanto ai Primariati, la mediazione aveva portato a definire che i Primariati universitari non avrebbero superato il 50% del totale, privilegiando importanti discipline di cui l\u2019ospedale era allora privo, anche per limitare il pi\u00f9 possibile l\u2019interferenza con le aspirazioni degli ospedalieri.<\/p>\n<p><strong>Per la prima volta in assoluto gli universitari accettarono di certificare la loro presenza clinico-assistenziale con la timbratura<\/strong>. Il limite non superato fu il disinteresse degli universitari ad assumere funzioni assistenziali negli ospedali di Cittiglio e Luino.<\/p>\n<p>Si convenne anche su una prima forma di disciplina dell\u2019attivit\u00e0 ospedaliera degli specializzandi, autorizzati ad operare in ospedale sotto la responsabilit\u00e0 e la guida dei rispettivi Direttori di specialit\u00e0, ma privi di autonomia clinico-assistenziale.<\/p>\n<p>L\u2019accordo raggiunto fu ratificato in una non facile seduta dell\u2019allora Collegio dei Primari.<\/p>\n<p><strong>Storia passata e altri protagonisti<\/strong>. <strong>Oggi i rapporti fra Asst dei sette laghi e Universit\u00e0 sono al minimo storico<\/strong>. Da un lato per il sostanziale disinteresse dell\u2019attuale Rettore in scadenza per la medicina universitaria varesina, pi\u00f9 interessato com\u2019\u00e8 alle aperture su Como, associata alla debolezza intrinseca della Scuola di Medicina, che ha sostituito la Facolt\u00e0, gravata da divisioni interne secondo la regola \u201cognuno per s\u00e9 e Dio per tutti\u201d, e, d\u2019altro canto, dalla dimostrata e miope incapacit\u00e0\/non volont\u00e0 di sostenere e valorizzare la presenza universitaria da parte dell\u2019Asst dei sette laghi, che, oltretutto, ha dimostrato di non saper porre all\u2019Universit\u00e0 istanze qualificanti e di negoziare seriamente ed efficacemente con l\u2019Ateneo varesino-comasco. Non basta ottenere anche il logo dell\u2019Universit\u00e0 sulla carta intestata, che \u00e8 stato fin qui il massimo delle aspirazioni, ma di pura immagine.<\/p>\n<p>Prevale la logica del contenimento dei costi, anche a scapito della qualit\u00e0.<\/p>\n<p>Si rischia di veder vanificati per pura insipienza l\u2019impegno preveggente e di lungo periodo di personaggi, cui va il mio grato ricordo e la massima stima, come gli indimenticati Avv. Valcavi, Trombetta e Salvatore, oltre che dello stesso Prof. Dionigi e del Prof. Cherubino, veri capi-scuola, per citarne solo alcuni, che hanno operato nell\u2019interesse di Varese e del suo ospedale.<\/p>\n<p><strong>Carlo Ballerio<br \/>\n<\/strong><em>Ex Vice Segretario Generale dell&#8217;ospedale di Varese<\/em><\/p>\n","protected":false},"excerpt":{"rendered":"<p>In una lettera Carlo Ballerio, ex Vice Segretario Generale dell&#8217;ospedale di Varese, tratteggia le difficili relazioni fra mondo accademico e ospedaliero. Ma non fu sempre cos\u00ec<\/p>\n","protected":false},"author":34,"featured_media":0,"comment_status":"open","ping_status":"open","sticky":false,"template":"","format":"standard","meta":{"footnotes":""},"categories":[71,24,22,2],"tags":[113,202],"acf":[],"yoast_head":"<!-- This site is optimized with the Yoast SEO plugin v20.1 - https:\/\/yoast.com\/wordpress\/plugins\/seo\/ -->\n<title>Sanit\u00e0, i difficili rapporti tra ospedale e universit\u00e0<\/title>\n<meta name=\"description\" content=\"In una lettera Carlo Ballerio, ex Vice Segretario Generale dell&#039;ospedale di Varese, tratteggia le difficili relazioni fra mondo accademico e ospedaliero. Ma non fu sempre cos\u00ec\" \/>\n<meta name=\"robots\" content=\"noindex, follow, max-snippet:-1, max-image-preview:large, max-video-preview:-1\" \/>\n<meta property=\"og:locale\" content=\"it_IT\" \/>\n<meta property=\"og:type\" content=\"article\" \/>\n<meta property=\"og:title\" content=\"Sanit\u00e0, i difficili rapporti tra ospedale e universit\u00e0\" \/>\n<meta property=\"og:description\" content=\"In una lettera Carlo Ballerio, ex Vice Segretario Generale dell&#039;ospedale di Varese, tratteggia le difficili relazioni fra mondo accademico e ospedaliero. Ma non fu sempre cos\u00ec\" \/>\n<meta property=\"og:url\" content=\"https:\/\/staging.varesenews.it\/2018\/03\/sanita-difficili-rapporti-ospedale-universita\/696202\/\" \/>\n<meta property=\"og:site_name\" content=\"VareseNews\" \/>\n<meta property=\"article:publisher\" content=\"https:\/\/www.facebook.com\/varesenews\" \/>\n<meta property=\"article:author\" content=\"https:\/\/www.facebook.com\/andrea.camurani?fref=photo\" \/>\n<meta property=\"article:published_time\" content=\"2018-03-03T15:07:56+00:00\" \/>\n<meta name=\"author\" content=\"Andrea Camurani\" \/>\n<meta name=\"twitter:card\" content=\"summary_large_image\" \/>\n<meta name=\"twitter:creator\" content=\"@AndreaCamurani\" \/>\n<meta name=\"twitter:site\" content=\"@varesenews\" \/>\n<meta name=\"twitter:label1\" content=\"Scritto da\" \/>\n\t<meta name=\"twitter:data1\" content=\"Andrea Camurani\" \/>\n\t<meta name=\"twitter:label2\" content=\"Tempo di lettura stimato\" \/>\n\t<meta name=\"twitter:data2\" content=\"3 minuti\" \/>\n<script type=\"application\/ld+json\" class=\"yoast-schema-graph\">{\"@context\":\"https:\/\/schema.org\",\"@graph\":[{\"@type\":\"WebPage\",\"@id\":\"https:\/\/staging.varesenews.it\/2018\/03\/sanita-difficili-rapporti-ospedale-universita\/696202\/\",\"url\":\"https:\/\/staging.varesenews.it\/2018\/03\/sanita-difficili-rapporti-ospedale-universita\/696202\/\",\"name\":\"Sanit\u00e0, i difficili rapporti tra ospedale e universit\u00e0\",\"isPartOf\":{\"@id\":\"https:\/\/staging.varesenews.it\/#website\"},\"datePublished\":\"2018-03-03T15:07:56+00:00\",\"dateModified\":\"2018-03-03T15:07:56+00:00\",\"author\":{\"@id\":\"https:\/\/staging.varesenews.it\/#\/schema\/person\/3eb5832c6beae763de8d9596fdbe8c49\"},\"description\":\"In una lettera Carlo Ballerio, ex Vice Segretario Generale dell'ospedale di Varese, tratteggia le difficili relazioni fra mondo accademico e ospedaliero. Ma non fu sempre cos\u00ec\",\"breadcrumb\":{\"@id\":\"https:\/\/staging.varesenews.it\/2018\/03\/sanita-difficili-rapporti-ospedale-universita\/696202\/#breadcrumb\"},\"inLanguage\":\"it-IT\",\"potentialAction\":[{\"@type\":\"ReadAction\",\"target\":[\"https:\/\/staging.varesenews.it\/2018\/03\/sanita-difficili-rapporti-ospedale-universita\/696202\/\"]}]},{\"@type\":\"BreadcrumbList\",\"@id\":\"https:\/\/staging.varesenews.it\/2018\/03\/sanita-difficili-rapporti-ospedale-universita\/696202\/#breadcrumb\",\"itemListElement\":[{\"@type\":\"ListItem\",\"position\":1,\"name\":\"Home\",\"item\":\"https:\/\/www.varesenews.it\/\"},{\"@type\":\"ListItem\",\"position\":2,\"name\":\"Sanit\u00e0, i difficili rapporti tra ospedale e universit\u00e0\"}]},{\"@type\":\"WebSite\",\"@id\":\"https:\/\/staging.varesenews.it\/#website\",\"url\":\"https:\/\/staging.varesenews.it\/\",\"name\":\"VareseNews\",\"description\":\"\",\"potentialAction\":[{\"@type\":\"SearchAction\",\"target\":{\"@type\":\"EntryPoint\",\"urlTemplate\":\"https:\/\/staging.varesenews.it\/?s={search_term_string}\"},\"query-input\":\"required name=search_term_string\"}],\"inLanguage\":\"it-IT\"},{\"@type\":\"Person\",\"@id\":\"https:\/\/staging.varesenews.it\/#\/schema\/person\/3eb5832c6beae763de8d9596fdbe8c49\",\"name\":\"Andrea Camurani\",\"image\":{\"@type\":\"ImageObject\",\"inLanguage\":\"it-IT\",\"@id\":\"https:\/\/staging.varesenews.it\/#\/schema\/person\/image\/\",\"url\":\"https:\/\/staging.varesenews.it\/wp-content\/uploads\/2020\/12\/andrea_camurani_colori_500.jpg\",\"contentUrl\":\"https:\/\/staging.varesenews.it\/wp-content\/uploads\/2020\/12\/andrea_camurani_colori_500.jpg\",\"caption\":\"Andrea Camurani\"},\"description\":\"Sono figlio degli anni Settanta e di Milano, dove ho imparato a riconoscere buoni e cattivi. Laurea in scienze politiche, lavoro a VareseNews dal 2000. Racconto quel che trovo quando incontro chi vuole lasciare al mondo un pezzetto di vita, che si chiama cronaca. &ldquo;...perch&eacute; &egrave; la gente il pi&ugrave; grande spettacolo del mondo. E non si paga il biglietto...&rdquo; (Charles Bukowsky)\",\"sameAs\":[\"https:\/\/www.facebook.com\/andrea.camurani?fref=photo\",\"andreacamurani\",\"https:\/\/www.linkedin.com\/hp\/?dnr=A9a84RfzsLdo9xg4NcGV4dLiMknoc9ms4WM\",\"https:\/\/twitter.com\/AndreaCamurani\"],\"url\":\"https:\/\/staging.varesenews.it\/persona\/andrea_camurani\/\"}]}<\/script>\n<!-- \/ Yoast SEO plugin. -->","yoast_head_json":{"title":"Sanit\u00e0, i difficili rapporti tra ospedale e universit\u00e0","description":"In una lettera Carlo Ballerio, ex Vice Segretario Generale dell'ospedale di Varese, tratteggia le difficili relazioni fra mondo accademico e ospedaliero. Ma non fu sempre cos\u00ec","robots":{"index":"noindex","follow":"follow","max-snippet":"max-snippet:-1","max-image-preview":"max-image-preview:large","max-video-preview":"max-video-preview:-1"},"og_locale":"it_IT","og_type":"article","og_title":"Sanit\u00e0, i difficili rapporti tra ospedale e universit\u00e0","og_description":"In una lettera Carlo Ballerio, ex Vice Segretario Generale dell'ospedale di Varese, tratteggia le difficili relazioni fra mondo accademico e ospedaliero. Ma non fu sempre cos\u00ec","og_url":"https:\/\/staging.varesenews.it\/2018\/03\/sanita-difficili-rapporti-ospedale-universita\/696202\/","og_site_name":"VareseNews","article_publisher":"https:\/\/www.facebook.com\/varesenews","article_author":"https:\/\/www.facebook.com\/andrea.camurani?fref=photo","article_published_time":"2018-03-03T15:07:56+00:00","author":"Andrea Camurani","twitter_card":"summary_large_image","twitter_creator":"@AndreaCamurani","twitter_site":"@varesenews","twitter_misc":{"Scritto da":"Andrea Camurani","Tempo di lettura stimato":"3 minuti"},"schema":{"@context":"https:\/\/schema.org","@graph":[{"@type":"WebPage","@id":"https:\/\/staging.varesenews.it\/2018\/03\/sanita-difficili-rapporti-ospedale-universita\/696202\/","url":"https:\/\/staging.varesenews.it\/2018\/03\/sanita-difficili-rapporti-ospedale-universita\/696202\/","name":"Sanit\u00e0, i difficili rapporti tra ospedale e universit\u00e0","isPartOf":{"@id":"https:\/\/staging.varesenews.it\/#website"},"datePublished":"2018-03-03T15:07:56+00:00","dateModified":"2018-03-03T15:07:56+00:00","author":{"@id":"https:\/\/staging.varesenews.it\/#\/schema\/person\/3eb5832c6beae763de8d9596fdbe8c49"},"description":"In una lettera Carlo Ballerio, ex Vice Segretario Generale dell'ospedale di Varese, tratteggia le difficili relazioni fra mondo accademico e ospedaliero. Ma non fu sempre cos\u00ec","breadcrumb":{"@id":"https:\/\/staging.varesenews.it\/2018\/03\/sanita-difficili-rapporti-ospedale-universita\/696202\/#breadcrumb"},"inLanguage":"it-IT","potentialAction":[{"@type":"ReadAction","target":["https:\/\/staging.varesenews.it\/2018\/03\/sanita-difficili-rapporti-ospedale-universita\/696202\/"]}]},{"@type":"BreadcrumbList","@id":"https:\/\/staging.varesenews.it\/2018\/03\/sanita-difficili-rapporti-ospedale-universita\/696202\/#breadcrumb","itemListElement":[{"@type":"ListItem","position":1,"name":"Home","item":"https:\/\/www.varesenews.it\/"},{"@type":"ListItem","position":2,"name":"Sanit\u00e0, i difficili rapporti tra ospedale e universit\u00e0"}]},{"@type":"WebSite","@id":"https:\/\/staging.varesenews.it\/#website","url":"https:\/\/staging.varesenews.it\/","name":"VareseNews","description":"","potentialAction":[{"@type":"SearchAction","target":{"@type":"EntryPoint","urlTemplate":"https:\/\/staging.varesenews.it\/?s={search_term_string}"},"query-input":"required name=search_term_string"}],"inLanguage":"it-IT"},{"@type":"Person","@id":"https:\/\/staging.varesenews.it\/#\/schema\/person\/3eb5832c6beae763de8d9596fdbe8c49","name":"Andrea Camurani","image":{"@type":"ImageObject","inLanguage":"it-IT","@id":"https:\/\/staging.varesenews.it\/#\/schema\/person\/image\/","url":"https:\/\/staging.varesenews.it\/wp-content\/uploads\/2020\/12\/andrea_camurani_colori_500.jpg","contentUrl":"https:\/\/staging.varesenews.it\/wp-content\/uploads\/2020\/12\/andrea_camurani_colori_500.jpg","caption":"Andrea Camurani"},"description":"Sono figlio degli anni Settanta e di Milano, dove ho imparato a riconoscere buoni e cattivi. Laurea in scienze politiche, lavoro a VareseNews dal 2000. Racconto quel che trovo quando incontro chi vuole lasciare al mondo un pezzetto di vita, che si chiama cronaca. &ldquo;...perch&eacute; &egrave; la gente il pi&ugrave; grande spettacolo del mondo. E non si paga il biglietto...&rdquo; (Charles Bukowsky)","sameAs":["https:\/\/www.facebook.com\/andrea.camurani?fref=photo","andreacamurani","https:\/\/www.linkedin.com\/hp\/?dnr=A9a84RfzsLdo9xg4NcGV4dLiMknoc9ms4WM","https:\/\/twitter.com\/AndreaCamurani"],"url":"https:\/\/staging.varesenews.it\/persona\/andrea_camurani\/"}]}},"post_meta":{"_edit_lock":"1520093878:34","_edit_last":"34","_category_permalink":"a:1:{s:8:\"category\";s:1:\"2\";}","ratings_users":"0","ratings_score":"0","ratings_average":"0","foto":"659378","firma_come_redazione":"1","argomento":"LETTERE AL DIRETTORE","_yoast_wpseo_content_score":"30","_jd_tweet_this":"yes","_wpt_short_url":"http:\/\/www.varesenews.it\/2018\/03\/sanita-difficili-rapporti-ospedale-universita\/696202\/","_wp_jd_target":"http:\/\/www.varesenews.it\/2018\/03\/sanita-difficili-rapporti-ospedale-universita\/696202\/","_jd_wp_twitter":"a:1:{i:0;s:144:\"Sanit\u00e0, i difficili rapporti tra ospedale e universit\u00e0 http:\/\/www.varesenews.it\/2018\/03\/sanita-difficili-rapporti-ospedale-universita\/696202\/ \";}","_wpt_status_message":"Tweet inviato con successo.","id_leggi_anche":"728441"},"photos":[{"original":"https:\/\/staging.varesenews.it\/photogallery_new\/images\/2018\/03\/avarie-659378.jpg","full":"https:\/\/staging.varesenews.it\/photogallery_new\/images\/2018\/03\/avarie-659378.1024x768.jpg","large":"https:\/\/staging.varesenews.it\/photogallery_new\/images\/2018\/03\/avarie-659378.610x431.jpg"}],"_links":{"self":[{"href":"https:\/\/staging.varesenews.it\/swgapi\/v1\/wp\/v2\/posts\/696202"}],"collection":[{"href":"https:\/\/staging.varesenews.it\/swgapi\/v1\/wp\/v2\/posts"}],"about":[{"href":"https:\/\/staging.varesenews.it\/swgapi\/v1\/wp\/v2\/types\/post"}],"author":[{"embeddable":true,"href":"https:\/\/staging.varesenews.it\/swgapi\/v1\/wp\/v2\/users\/34"}],"replies":[{"embeddable":true,"href":"https:\/\/staging.varesenews.it\/swgapi\/v1\/wp\/v2\/comments?post=696202"}],"version-history":[{"count":0,"href":"https:\/\/staging.varesenews.it\/swgapi\/v1\/wp\/v2\/posts\/696202\/revisions"}],"wp:attachment":[{"href":"https:\/\/staging.varesenews.it\/swgapi\/v1\/wp\/v2\/media?parent=696202"}],"wp:term":[{"taxonomy":"category","embeddable":true,"href":"https:\/\/staging.varesenews.it\/swgapi\/v1\/wp\/v2\/categories?post=696202"},{"taxonomy":"post_tag","embeddable":true,"href":"https:\/\/staging.varesenews.it\/swgapi\/v1\/wp\/v2\/tags?post=696202"}],"curies":[{"name":"wp","href":"https:\/\/api.w.org\/{rel}","templated":true}]}}