{"id":696428,"date":"2018-03-05T08:58:37","date_gmt":"2018-03-05T07:58:37","guid":{"rendered":"http:\/\/www.varesenews.it\/?p=696428"},"modified":"2018-03-05T08:58:37","modified_gmt":"2018-03-05T07:58:37","slug":"la-centenaria-copuf-si-interroga-sulla-cooperazione","status":"publish","type":"post","link":"https:\/\/staging.varesenews.it\/2018\/03\/la-centenaria-copuf-si-interroga-sulla-cooperazione\/696428\/","title":{"rendered":"La centenaria Copuf si interroga sulla cooperazione"},"content":{"rendered":"<p>Sabato<strong> 17 marzo\u00a0dalle ore 15 alle ore 17<\/strong> presso la <strong>Copuf<\/strong> si terr\u00e0 un incontro dal titolo &#8220;<strong>100 idee per i prossimi 100 anni<\/strong>&#8221;\u00a0tra competenze del settore cooperativo. Un appuntamento che arriva\u00a0 alla soglia dei 100 anni. La\u00a0<strong>Soc. Anonima Cooperativa di Consumo denominata<\/strong> \u201cUnione Famigliare Cooperativa di Biumo Inferiore\u201d con lo scopo di \u201cProcurare il miglioramento morale e materiale degli associati viene costituita nel 1920.<br \/>\nper mezzo della cooperazione\u201d.<\/p>\n<p>\u00c8 passato un secolo e <strong>Biumo \u00e8 oggi tra i pi\u00f9 vitali quartieri della citt\u00e0.<\/strong> Cinque generazioni si sono succedute e <strong>Coopuf<\/strong> \u00e8 oggi uno dei centri pi\u00f9 frequentati della citt\u00e0, grazie alla sua sede che accoglie una sala concerto, una cine-club ed un bar-ristorante. Coopuf \u00e8 sinonimo di casa della musica, del cinema, del teatro e di ogni altra forma espressiva.<\/p>\n<p>Il fenomeno della cooperazione \u00e8 stato fiorente a Varese fin dalla seconda met\u00e0 dell\u2019Ottocento. Le Coop hanno sempre preso nome dalla <strong>Castellanza<\/strong> nella quale venivano fondate, diventandone il fulcro della<br \/>\nvita quotidiana. Coopuf nasce dopo l\u2019esperienza della <strong>Cooperativa di Biumo Inferiore, la pi\u00f9 antica della citt\u00e0,<\/strong> con sede in via <strong>Garibaldi<\/strong> (la cui eredit\u00e0 \u00e8 stata raccolta dall&#8217;attuale Cooperativa di Biumo e Belforte). I varesini l\u2019hanno chiamata negli anni <strong>Circolino di Biumo,<\/strong> Circulin de Pr\u00e9, fino all&#8217;attuale acronimo. La mutata attivit\u00e0, il potere evocativo dei vecchi epiteti e la volont\u00e0 di dare corso ad un radicale cambiamento d\u2019immagine richiedono oggi una riflessione sul cosa vogliamo fare e per i prossimi 100 anni.<\/p>\n<p>INFO<br \/>\nweb:<strong><a href=\"http:\/\/www.coopuf.org\"> www.coopuf.org<\/a><\/strong><br \/>\nmail: info@coopuf.it<br \/>\npec: coopuf@pec.it<br \/>\nfacebook.com\/coopuf\/<br \/>\ntwitter: @CoopufBiumo<br \/>\ntelefono: 348 5184586 presidente Luigi Vanini<\/p>\n","protected":false},"excerpt":{"rendered":"<p>Sabato 17 marzo\u00a0dalle ore 15 alle ore 17 la pi\u00f9 antica  si terr\u00e0 l&#8217;incontro  &#8220;100 idee per i prossimi 100 anni&#8221;\u00a0<\/p>\n","protected":false},"author":45,"featured_media":0,"comment_status":"open","ping_status":"open","sticky":false,"template":"","format":"standard","meta":{"footnotes":""},"categories":[18,2],"tags":[84601],"acf":[],"yoast_head":"<!-- This site is optimized with the Yoast SEO plugin v20.1 - https:\/\/yoast.com\/wordpress\/plugins\/seo\/ -->\n<title>La centenaria Copuf si interroga sulla cooperazione<\/title>\n<meta name=\"description\" content=\"Sabato 17 marzo\u00a0dalle ore 15 alle ore 17 la pi\u00f9 antica si terr\u00e0 l&#039;incontro &quot;100 idee per i prossimi 100 anni&quot;\u00a0\" \/>\n<meta name=\"robots\" content=\"noindex, follow, max-snippet:-1, max-image-preview:large, max-video-preview:-1\" \/>\n<meta property=\"og:locale\" content=\"it_IT\" \/>\n<meta property=\"og:type\" content=\"article\" \/>\n<meta property=\"og:title\" content=\"La centenaria Copuf si interroga sulla cooperazione\" \/>\n<meta property=\"og:description\" content=\"Sabato 17 marzo\u00a0dalle ore 15 alle ore 17 la pi\u00f9 antica si terr\u00e0 l&#039;incontro &quot;100 idee per i prossimi 100 anni&quot;\u00a0\" \/>\n<meta property=\"og:url\" content=\"https:\/\/staging.varesenews.it\/2018\/03\/la-centenaria-copuf-si-interroga-sulla-cooperazione\/696428\/\" \/>\n<meta property=\"og:site_name\" content=\"VareseNews\" \/>\n<meta property=\"article:publisher\" content=\"https:\/\/www.facebook.com\/varesenews\" \/>\n<meta property=\"article:author\" content=\"https:\/\/www.facebook.com\/michele.mancino.5\" \/>\n<meta property=\"article:published_time\" content=\"2018-03-05T07:58:37+00:00\" \/>\n<meta name=\"author\" content=\"Michele Mancino\" \/>\n<meta name=\"twitter:card\" content=\"summary_large_image\" \/>\n<meta name=\"twitter:creator\" content=\"@micmancio\" \/>\n<meta name=\"twitter:site\" content=\"@varesenews\" \/>\n<meta name=\"twitter:label1\" content=\"Scritto da\" \/>\n\t<meta name=\"twitter:data1\" content=\"Michele Mancino\" \/>\n\t<meta name=\"twitter:label2\" content=\"Tempo di lettura stimato\" \/>\n\t<meta name=\"twitter:data2\" content=\"1 minuto\" \/>\n<script type=\"application\/ld+json\" class=\"yoast-schema-graph\">{\"@context\":\"https:\/\/schema.org\",\"@graph\":[{\"@type\":\"WebPage\",\"@id\":\"https:\/\/staging.varesenews.it\/2018\/03\/la-centenaria-copuf-si-interroga-sulla-cooperazione\/696428\/\",\"url\":\"https:\/\/staging.varesenews.it\/2018\/03\/la-centenaria-copuf-si-interroga-sulla-cooperazione\/696428\/\",\"name\":\"La centenaria Copuf si interroga sulla cooperazione\",\"isPartOf\":{\"@id\":\"https:\/\/staging.varesenews.it\/#website\"},\"datePublished\":\"2018-03-05T07:58:37+00:00\",\"dateModified\":\"2018-03-05T07:58:37+00:00\",\"author\":{\"@id\":\"https:\/\/staging.varesenews.it\/#\/schema\/person\/308b491d3cb680ead199e5ff6c6ce540\"},\"description\":\"Sabato 17 marzo\u00a0dalle ore 15 alle ore 17 la pi\u00f9 antica si terr\u00e0 l'incontro \\\"100 idee per i prossimi 100 anni\\\"\u00a0\",\"breadcrumb\":{\"@id\":\"https:\/\/staging.varesenews.it\/2018\/03\/la-centenaria-copuf-si-interroga-sulla-cooperazione\/696428\/#breadcrumb\"},\"inLanguage\":\"it-IT\",\"potentialAction\":[{\"@type\":\"ReadAction\",\"target\":[\"https:\/\/staging.varesenews.it\/2018\/03\/la-centenaria-copuf-si-interroga-sulla-cooperazione\/696428\/\"]}]},{\"@type\":\"BreadcrumbList\",\"@id\":\"https:\/\/staging.varesenews.it\/2018\/03\/la-centenaria-copuf-si-interroga-sulla-cooperazione\/696428\/#breadcrumb\",\"itemListElement\":[{\"@type\":\"ListItem\",\"position\":1,\"name\":\"Home\",\"item\":\"https:\/\/www.varesenews.it\/\"},{\"@type\":\"ListItem\",\"position\":2,\"name\":\"La centenaria Copuf si interroga sulla cooperazione\"}]},{\"@type\":\"WebSite\",\"@id\":\"https:\/\/staging.varesenews.it\/#website\",\"url\":\"https:\/\/staging.varesenews.it\/\",\"name\":\"VareseNews\",\"description\":\"\",\"potentialAction\":[{\"@type\":\"SearchAction\",\"target\":{\"@type\":\"EntryPoint\",\"urlTemplate\":\"https:\/\/staging.varesenews.it\/?s={search_term_string}\"},\"query-input\":\"required name=search_term_string\"}],\"inLanguage\":\"it-IT\"},{\"@type\":\"Person\",\"@id\":\"https:\/\/staging.varesenews.it\/#\/schema\/person\/308b491d3cb680ead199e5ff6c6ce540\",\"name\":\"Michele Mancino\",\"image\":{\"@type\":\"ImageObject\",\"inLanguage\":\"it-IT\",\"@id\":\"https:\/\/staging.varesenews.it\/#\/schema\/person\/image\/\",\"url\":\"https:\/\/staging.varesenews.it\/wp-content\/uploads\/2020\/12\/michele_mancino_colori_500.jpg\",\"contentUrl\":\"https:\/\/staging.varesenews.it\/wp-content\/uploads\/2020\/12\/michele_mancino_colori_500.jpg\",\"caption\":\"Michele Mancino\"},\"description\":\"Sono a VareseNews da prima che nascesse. Ho inserito le prime notizie in una stringa di codice html, la lingua di internet. Aprivo i computer, cambiavo schede di rete e portavo i server dal provider. A met&agrave; degli anni &rsquo;90 il giornalista online doveva saper fare anche questo. Ho vissuto gli anni drammatici della bolla speculativa di Internet e quelli entusiastici della crescita, anni in cui VareseNews era un Davide in mezzo a tanti Golia. Poi sono arrivati i social, le nuove piattaforme e soprattutto gli smartphone, una postazione di lavoro racchiusa in una mano. Una nuova rivoluzione. Insomma, &egrave; stata, ed &egrave; ancora, un&rsquo;avventura entusiasmante perch&eacute; mi insegna giorno dopo giorno che il cambiamento &egrave; l&rsquo;unica certezza di questa fragile esistenza.\",\"sameAs\":[\"https:\/\/www.facebook.com\/michele.mancino.5\",\"micmancio\",\"Aggiorna le impostazioni del tuo profilo pubblicoit.linkedin.com\/pub\/michele-mancino\/28\/b71\/890\/it\",\"https:\/\/twitter.com\/micmancio\"],\"url\":\"https:\/\/staging.varesenews.it\/persona\/michele_mancino\/\"}]}<\/script>\n<!-- \/ Yoast SEO plugin. -->","yoast_head_json":{"title":"La centenaria Copuf si interroga sulla cooperazione","description":"Sabato 17 marzo\u00a0dalle ore 15 alle ore 17 la pi\u00f9 antica si terr\u00e0 l'incontro \"100 idee per i prossimi 100 anni\"\u00a0","robots":{"index":"noindex","follow":"follow","max-snippet":"max-snippet:-1","max-image-preview":"max-image-preview:large","max-video-preview":"max-video-preview:-1"},"og_locale":"it_IT","og_type":"article","og_title":"La centenaria Copuf si interroga sulla cooperazione","og_description":"Sabato 17 marzo\u00a0dalle ore 15 alle ore 17 la pi\u00f9 antica si terr\u00e0 l'incontro \"100 idee per i prossimi 100 anni\"\u00a0","og_url":"https:\/\/staging.varesenews.it\/2018\/03\/la-centenaria-copuf-si-interroga-sulla-cooperazione\/696428\/","og_site_name":"VareseNews","article_publisher":"https:\/\/www.facebook.com\/varesenews","article_author":"https:\/\/www.facebook.com\/michele.mancino.5","article_published_time":"2018-03-05T07:58:37+00:00","author":"Michele Mancino","twitter_card":"summary_large_image","twitter_creator":"@micmancio","twitter_site":"@varesenews","twitter_misc":{"Scritto da":"Michele Mancino","Tempo di lettura stimato":"1 minuto"},"schema":{"@context":"https:\/\/schema.org","@graph":[{"@type":"WebPage","@id":"https:\/\/staging.varesenews.it\/2018\/03\/la-centenaria-copuf-si-interroga-sulla-cooperazione\/696428\/","url":"https:\/\/staging.varesenews.it\/2018\/03\/la-centenaria-copuf-si-interroga-sulla-cooperazione\/696428\/","name":"La centenaria Copuf si interroga sulla cooperazione","isPartOf":{"@id":"https:\/\/staging.varesenews.it\/#website"},"datePublished":"2018-03-05T07:58:37+00:00","dateModified":"2018-03-05T07:58:37+00:00","author":{"@id":"https:\/\/staging.varesenews.it\/#\/schema\/person\/308b491d3cb680ead199e5ff6c6ce540"},"description":"Sabato 17 marzo\u00a0dalle ore 15 alle ore 17 la pi\u00f9 antica si terr\u00e0 l'incontro \"100 idee per i prossimi 100 anni\"\u00a0","breadcrumb":{"@id":"https:\/\/staging.varesenews.it\/2018\/03\/la-centenaria-copuf-si-interroga-sulla-cooperazione\/696428\/#breadcrumb"},"inLanguage":"it-IT","potentialAction":[{"@type":"ReadAction","target":["https:\/\/staging.varesenews.it\/2018\/03\/la-centenaria-copuf-si-interroga-sulla-cooperazione\/696428\/"]}]},{"@type":"BreadcrumbList","@id":"https:\/\/staging.varesenews.it\/2018\/03\/la-centenaria-copuf-si-interroga-sulla-cooperazione\/696428\/#breadcrumb","itemListElement":[{"@type":"ListItem","position":1,"name":"Home","item":"https:\/\/www.varesenews.it\/"},{"@type":"ListItem","position":2,"name":"La centenaria Copuf si interroga sulla cooperazione"}]},{"@type":"WebSite","@id":"https:\/\/staging.varesenews.it\/#website","url":"https:\/\/staging.varesenews.it\/","name":"VareseNews","description":"","potentialAction":[{"@type":"SearchAction","target":{"@type":"EntryPoint","urlTemplate":"https:\/\/staging.varesenews.it\/?s={search_term_string}"},"query-input":"required name=search_term_string"}],"inLanguage":"it-IT"},{"@type":"Person","@id":"https:\/\/staging.varesenews.it\/#\/schema\/person\/308b491d3cb680ead199e5ff6c6ce540","name":"Michele Mancino","image":{"@type":"ImageObject","inLanguage":"it-IT","@id":"https:\/\/staging.varesenews.it\/#\/schema\/person\/image\/","url":"https:\/\/staging.varesenews.it\/wp-content\/uploads\/2020\/12\/michele_mancino_colori_500.jpg","contentUrl":"https:\/\/staging.varesenews.it\/wp-content\/uploads\/2020\/12\/michele_mancino_colori_500.jpg","caption":"Michele Mancino"},"description":"Sono a VareseNews da prima che nascesse. Ho inserito le prime notizie in una stringa di codice html, la lingua di internet. Aprivo i computer, cambiavo schede di rete e portavo i server dal provider. A met&agrave; degli anni &rsquo;90 il giornalista online doveva saper fare anche questo. Ho vissuto gli anni drammatici della bolla speculativa di Internet e quelli entusiastici della crescita, anni in cui VareseNews era un Davide in mezzo a tanti Golia. Poi sono arrivati i social, le nuove piattaforme e soprattutto gli smartphone, una postazione di lavoro racchiusa in una mano. Una nuova rivoluzione. Insomma, &egrave; stata, ed &egrave; ancora, un&rsquo;avventura entusiasmante perch&eacute; mi insegna giorno dopo giorno che il cambiamento &egrave; l&rsquo;unica certezza di questa fragile esistenza.","sameAs":["https:\/\/www.facebook.com\/michele.mancino.5","micmancio","Aggiorna le impostazioni del tuo profilo pubblicoit.linkedin.com\/pub\/michele-mancino\/28\/b71\/890\/it","https:\/\/twitter.com\/micmancio"],"url":"https:\/\/staging.varesenews.it\/persona\/michele_mancino\/"}]}},"post_meta":{"_edit_lock":"1520236620:45","_edit_last":"45","_category_permalink":"a:1:{s:8:\"category\";s:0:\"\";}","ratings_users":"0","ratings_score":"0","ratings_average":"0","foto":"130374","firma_come_redazione":"1","argomento":"Varese","_yoast_wpseo_content_score":"30","_jd_tweet_this":"yes","_wpt_short_url":"http:\/\/www.varesenews.it\/2018\/03\/la-centenaria-copuf-si-interroga-sulla-cooperazione\/696428\/","_wp_jd_target":"http:\/\/www.varesenews.it\/2018\/03\/la-centenaria-copuf-si-interroga-sulla-cooperazione\/696428\/","_jd_wp_twitter":"a:1:{i:0;s:151:\"La centenaria Copuf si interroga sulla cooperazione http:\/\/www.varesenews.it\/2018\/03\/la-centenaria-copuf-si-interroga-sulla-cooperazione\/696428\/ #copuf\";}","_wpt_status_message":"Tweet inviato con successo."},"photos":[{"original":"https:\/\/staging.varesenews.it\/photogallery_new\/images\/2012\/04\/biumo-inferiore-ancora-crolli-130374.jpg","full":"https:\/\/staging.varesenews.it\/photogallery_new\/images\/2012\/04\/biumo-inferiore-ancora-crolli-130374.1024x768.jpg","large":"https:\/\/staging.varesenews.it\/photogallery_new\/images\/2012\/04\/biumo-inferiore-ancora-crolli-130374.610x431.jpg"}],"_links":{"self":[{"href":"https:\/\/staging.varesenews.it\/swgapi\/v1\/wp\/v2\/posts\/696428"}],"collection":[{"href":"https:\/\/staging.varesenews.it\/swgapi\/v1\/wp\/v2\/posts"}],"about":[{"href":"https:\/\/staging.varesenews.it\/swgapi\/v1\/wp\/v2\/types\/post"}],"author":[{"embeddable":true,"href":"https:\/\/staging.varesenews.it\/swgapi\/v1\/wp\/v2\/users\/45"}],"replies":[{"embeddable":true,"href":"https:\/\/staging.varesenews.it\/swgapi\/v1\/wp\/v2\/comments?post=696428"}],"version-history":[{"count":0,"href":"https:\/\/staging.varesenews.it\/swgapi\/v1\/wp\/v2\/posts\/696428\/revisions"}],"wp:attachment":[{"href":"https:\/\/staging.varesenews.it\/swgapi\/v1\/wp\/v2\/media?parent=696428"}],"wp:term":[{"taxonomy":"category","embeddable":true,"href":"https:\/\/staging.varesenews.it\/swgapi\/v1\/wp\/v2\/categories?post=696428"},{"taxonomy":"post_tag","embeddable":true,"href":"https:\/\/staging.varesenews.it\/swgapi\/v1\/wp\/v2\/tags?post=696428"}],"curies":[{"name":"wp","href":"https:\/\/api.w.org\/{rel}","templated":true}]}}