{"id":696799,"date":"2018-03-05T19:45:22","date_gmt":"2018-03-05T18:45:22","guid":{"rendered":"http:\/\/www.varesenews.it\/?p=696799"},"modified":"2018-03-05T19:45:22","modified_gmt":"2018-03-05T18:45:22","slug":"gori-ammette-la-sconfitta-possibile-non-so-torno-sindaco","status":"publish","type":"post","link":"https:\/\/staging.varesenews.it\/2018\/03\/gori-ammette-la-sconfitta-possibile-non-so-torno-sindaco\/696799\/","title":{"rendered":"Gori ammette la sconfitta: &#8220;Fatto il possibile, non so se torno a fare il sindaco&#8221;"},"content":{"rendered":"<p>Poco dopo le 19 anche lo sfidante di Attilio Fontana,\u00a0<strong>Giorgio Gori, ha rilasciato le prime dichiarazioni in cui ammette la sconfitta sua e del centrosinistra<\/strong>: \u00abCi sono 22 punti di distacco nel voto politico e qualcosa di meno nel voto regionale. Il voto politico ha condizionato la nostra competizione che si \u00e8 basata sulla vita dei cittadini lombardi\u00bb.<\/p>\n<p><strong><a href=\"http:\/\/www.varesenews.it\/2018\/03\/elezioni-regionali-lombardia-2018-conta-dei-voti\/696635\/\">I RISULTATI IN TEMPO REALE<\/a><\/strong><\/p>\n<p>Il candidato uscito sconfitto dal voto regionale pensa di aver fatto tutto il possibile: \u00abIo francamente mi sento di aver fatto la miglior campagna elettorale che potessi fare. In questo contesto difficilmente era possibile portare a casa un risultato diverso. Netta la vittoria del centrodestra, della Lega e di Attilio Fontana che ho chiamato e col quale mi sono complimentato\u00bb.<\/p>\n<p>Su Renzi: \u00ab<strong>Si \u00e8 dimesso e ha fatto la cosa giusta<\/strong>. Io credo che gi\u00e0 dopo la sconfitta del referendum c&#8217;\u00e8 stato un passo indietro. Ora spetta ad altri la responsabilit\u00e0 di ricostruire\u00bb.<br \/>\nSul suo futuro: \u00abMi prendo qualche giorno per decidere se continuare come sindaco a Bergamo o se guidare l&#8217;opposizione in consiglio regionale\u00bb.<\/p>\n<p><strong>La diretta di Giorgio Gori<\/strong><\/p>\n<p><iframe loading=\"lazy\" style=\"border: none; overflow: hidden;\" src=\"https:\/\/www.facebook.com\/plugins\/video.php?href=https%3A%2F%2Fwww.facebook.com%2Ffrancescaulivi2018%2Fvideos%2F112619982867815%2F&amp;show_text=0&amp;width=267\" width=\"267\" height=\"476\" frameborder=\"0\" scrolling=\"no\" allowfullscreen=\"allowfullscreen\"><\/iframe><\/p>\n","protected":false},"excerpt":{"rendered":"<p>Il candidato della coalizione di centrosinistra ha chiamato Fontana e gli ha fatto gli auguri. Su Renzi: &#8220;Ha fatto bene a dimettersi&#8221;<\/p>\n","protected":false},"author":47,"featured_media":0,"comment_status":"open","ping_status":"open","sticky":false,"template":"","format":"standard","meta":{"footnotes":""},"categories":[7,16],"tags":[70658,275],"acf":[],"yoast_head":"<!-- This site is optimized with the Yoast SEO plugin v20.1 - https:\/\/yoast.com\/wordpress\/plugins\/seo\/ -->\n<title>Gori ammette la sconfitta: &quot;Fatto il possibile, non so se torno a fare il sindaco&quot;<\/title>\n<meta name=\"description\" content=\"Il candidato della coalizione di centrosinistra ha chiamato Fontana e gli ha fatto gli auguri. Su Renzi: &quot;Ha fatto bene a dimettersi&quot;\" \/>\n<meta name=\"robots\" content=\"noindex, follow, max-snippet:-1, max-image-preview:large, max-video-preview:-1\" \/>\n<meta property=\"og:locale\" content=\"it_IT\" \/>\n<meta property=\"og:type\" content=\"article\" \/>\n<meta property=\"og:title\" content=\"Gori ammette la sconfitta: &quot;Fatto il possibile, non so se torno a fare il sindaco&quot;\" \/>\n<meta property=\"og:description\" content=\"Il candidato della coalizione di centrosinistra ha chiamato Fontana e gli ha fatto gli auguri. Su Renzi: &quot;Ha fatto bene a dimettersi&quot;\" \/>\n<meta property=\"og:url\" content=\"https:\/\/staging.varesenews.it\/2018\/03\/gori-ammette-la-sconfitta-possibile-non-so-torno-sindaco\/696799\/\" \/>\n<meta property=\"og:site_name\" content=\"VareseNews\" \/>\n<meta property=\"article:publisher\" content=\"https:\/\/www.facebook.com\/varesenews\" \/>\n<meta property=\"article:published_time\" content=\"2018-03-05T18:45:22+00:00\" \/>\n<meta name=\"author\" content=\"Orlando Mastrillo\" \/>\n<meta name=\"twitter:card\" content=\"summary_large_image\" \/>\n<meta name=\"twitter:creator\" content=\"@nando_mastrillo\" \/>\n<meta name=\"twitter:site\" content=\"@varesenews\" \/>\n<meta name=\"twitter:label1\" content=\"Scritto da\" \/>\n\t<meta name=\"twitter:data1\" content=\"Orlando Mastrillo\" \/>\n\t<meta name=\"twitter:label2\" content=\"Tempo di lettura stimato\" \/>\n\t<meta name=\"twitter:data2\" content=\"1 minuto\" \/>\n<script type=\"application\/ld+json\" class=\"yoast-schema-graph\">{\"@context\":\"https:\/\/schema.org\",\"@graph\":[{\"@type\":\"WebPage\",\"@id\":\"https:\/\/staging.varesenews.it\/2018\/03\/gori-ammette-la-sconfitta-possibile-non-so-torno-sindaco\/696799\/\",\"url\":\"https:\/\/staging.varesenews.it\/2018\/03\/gori-ammette-la-sconfitta-possibile-non-so-torno-sindaco\/696799\/\",\"name\":\"Gori ammette la sconfitta: \\\"Fatto il possibile, non so se torno a fare il sindaco\\\"\",\"isPartOf\":{\"@id\":\"https:\/\/staging.varesenews.it\/#website\"},\"datePublished\":\"2018-03-05T18:45:22+00:00\",\"dateModified\":\"2018-03-05T18:45:22+00:00\",\"author\":{\"@id\":\"https:\/\/staging.varesenews.it\/#\/schema\/person\/14c47ccce537a9058dddce296f10b296\"},\"description\":\"Il candidato della coalizione di centrosinistra ha chiamato Fontana e gli ha fatto gli auguri. Su Renzi: \\\"Ha fatto bene a dimettersi\\\"\",\"breadcrumb\":{\"@id\":\"https:\/\/staging.varesenews.it\/2018\/03\/gori-ammette-la-sconfitta-possibile-non-so-torno-sindaco\/696799\/#breadcrumb\"},\"inLanguage\":\"it-IT\",\"potentialAction\":[{\"@type\":\"ReadAction\",\"target\":[\"https:\/\/staging.varesenews.it\/2018\/03\/gori-ammette-la-sconfitta-possibile-non-so-torno-sindaco\/696799\/\"]}]},{\"@type\":\"BreadcrumbList\",\"@id\":\"https:\/\/staging.varesenews.it\/2018\/03\/gori-ammette-la-sconfitta-possibile-non-so-torno-sindaco\/696799\/#breadcrumb\",\"itemListElement\":[{\"@type\":\"ListItem\",\"position\":1,\"name\":\"Home\",\"item\":\"https:\/\/www.varesenews.it\/\"},{\"@type\":\"ListItem\",\"position\":2,\"name\":\"Gori ammette la sconfitta: &#8220;Fatto il possibile, non so se torno a fare il sindaco&#8221;\"}]},{\"@type\":\"WebSite\",\"@id\":\"https:\/\/staging.varesenews.it\/#website\",\"url\":\"https:\/\/staging.varesenews.it\/\",\"name\":\"VareseNews\",\"description\":\"\",\"potentialAction\":[{\"@type\":\"SearchAction\",\"target\":{\"@type\":\"EntryPoint\",\"urlTemplate\":\"https:\/\/staging.varesenews.it\/?s={search_term_string}\"},\"query-input\":\"required name=search_term_string\"}],\"inLanguage\":\"it-IT\"},{\"@type\":\"Person\",\"@id\":\"https:\/\/staging.varesenews.it\/#\/schema\/person\/14c47ccce537a9058dddce296f10b296\",\"name\":\"Orlando Mastrillo\",\"image\":{\"@type\":\"ImageObject\",\"inLanguage\":\"it-IT\",\"@id\":\"https:\/\/staging.varesenews.it\/#\/schema\/person\/image\/\",\"url\":\"https:\/\/staging.varesenews.it\/wp-content\/uploads\/2020\/12\/orlando_mastrillo_colori_500.jpg\",\"contentUrl\":\"https:\/\/staging.varesenews.it\/wp-content\/uploads\/2020\/12\/orlando_mastrillo_colori_500.jpg\",\"caption\":\"Orlando Mastrillo\"},\"description\":\"Nasco a Luino nel 1981, ho iniziato questo lavoro nell'estate del 2003 nella redazione de Il Giorno di Varese e dall'anno successivo ho intrapreso la collaborazione con VareseNews. Dopo anni nell'Alto Varesotto mi sono trasferito a Busto Arsizio nel 2007, territorio che ho iniziato a seguire e che seguo tutt'oggi. Nel 2013 sono diventato giornalista professionista. Mi occupo di cronaca politica, giudiziaria e nera in una vasta area che comprende anche parte della Valle Olona e il Legnanese. Sono sposato con Valeria Arini e ho due splendide figlie.\",\"sameAs\":[\"or_ma\",\"https:\/\/twitter.com\/nando_mastrillo\"],\"url\":\"https:\/\/staging.varesenews.it\/persona\/orlando-mastrillo1\/\"}]}<\/script>\n<!-- \/ Yoast SEO plugin. -->","yoast_head_json":{"title":"Gori ammette la sconfitta: \"Fatto il possibile, non so se torno a fare il sindaco\"","description":"Il candidato della coalizione di centrosinistra ha chiamato Fontana e gli ha fatto gli auguri. Su Renzi: \"Ha fatto bene a dimettersi\"","robots":{"index":"noindex","follow":"follow","max-snippet":"max-snippet:-1","max-image-preview":"max-image-preview:large","max-video-preview":"max-video-preview:-1"},"og_locale":"it_IT","og_type":"article","og_title":"Gori ammette la sconfitta: \"Fatto il possibile, non so se torno a fare il sindaco\"","og_description":"Il candidato della coalizione di centrosinistra ha chiamato Fontana e gli ha fatto gli auguri. Su Renzi: \"Ha fatto bene a dimettersi\"","og_url":"https:\/\/staging.varesenews.it\/2018\/03\/gori-ammette-la-sconfitta-possibile-non-so-torno-sindaco\/696799\/","og_site_name":"VareseNews","article_publisher":"https:\/\/www.facebook.com\/varesenews","article_published_time":"2018-03-05T18:45:22+00:00","author":"Orlando Mastrillo","twitter_card":"summary_large_image","twitter_creator":"@nando_mastrillo","twitter_site":"@varesenews","twitter_misc":{"Scritto da":"Orlando Mastrillo","Tempo di lettura stimato":"1 minuto"},"schema":{"@context":"https:\/\/schema.org","@graph":[{"@type":"WebPage","@id":"https:\/\/staging.varesenews.it\/2018\/03\/gori-ammette-la-sconfitta-possibile-non-so-torno-sindaco\/696799\/","url":"https:\/\/staging.varesenews.it\/2018\/03\/gori-ammette-la-sconfitta-possibile-non-so-torno-sindaco\/696799\/","name":"Gori ammette la sconfitta: \"Fatto il possibile, non so se torno a fare il sindaco\"","isPartOf":{"@id":"https:\/\/staging.varesenews.it\/#website"},"datePublished":"2018-03-05T18:45:22+00:00","dateModified":"2018-03-05T18:45:22+00:00","author":{"@id":"https:\/\/staging.varesenews.it\/#\/schema\/person\/14c47ccce537a9058dddce296f10b296"},"description":"Il candidato della coalizione di centrosinistra ha chiamato Fontana e gli ha fatto gli auguri. Su Renzi: \"Ha fatto bene a dimettersi\"","breadcrumb":{"@id":"https:\/\/staging.varesenews.it\/2018\/03\/gori-ammette-la-sconfitta-possibile-non-so-torno-sindaco\/696799\/#breadcrumb"},"inLanguage":"it-IT","potentialAction":[{"@type":"ReadAction","target":["https:\/\/staging.varesenews.it\/2018\/03\/gori-ammette-la-sconfitta-possibile-non-so-torno-sindaco\/696799\/"]}]},{"@type":"BreadcrumbList","@id":"https:\/\/staging.varesenews.it\/2018\/03\/gori-ammette-la-sconfitta-possibile-non-so-torno-sindaco\/696799\/#breadcrumb","itemListElement":[{"@type":"ListItem","position":1,"name":"Home","item":"https:\/\/www.varesenews.it\/"},{"@type":"ListItem","position":2,"name":"Gori ammette la sconfitta: &#8220;Fatto il possibile, non so se torno a fare il sindaco&#8221;"}]},{"@type":"WebSite","@id":"https:\/\/staging.varesenews.it\/#website","url":"https:\/\/staging.varesenews.it\/","name":"VareseNews","description":"","potentialAction":[{"@type":"SearchAction","target":{"@type":"EntryPoint","urlTemplate":"https:\/\/staging.varesenews.it\/?s={search_term_string}"},"query-input":"required name=search_term_string"}],"inLanguage":"it-IT"},{"@type":"Person","@id":"https:\/\/staging.varesenews.it\/#\/schema\/person\/14c47ccce537a9058dddce296f10b296","name":"Orlando Mastrillo","image":{"@type":"ImageObject","inLanguage":"it-IT","@id":"https:\/\/staging.varesenews.it\/#\/schema\/person\/image\/","url":"https:\/\/staging.varesenews.it\/wp-content\/uploads\/2020\/12\/orlando_mastrillo_colori_500.jpg","contentUrl":"https:\/\/staging.varesenews.it\/wp-content\/uploads\/2020\/12\/orlando_mastrillo_colori_500.jpg","caption":"Orlando Mastrillo"},"description":"Nasco a Luino nel 1981, ho iniziato questo lavoro nell'estate del 2003 nella redazione de Il Giorno di Varese e dall'anno successivo ho intrapreso la collaborazione con VareseNews. Dopo anni nell'Alto Varesotto mi sono trasferito a Busto Arsizio nel 2007, territorio che ho iniziato a seguire e che seguo tutt'oggi. Nel 2013 sono diventato giornalista professionista. Mi occupo di cronaca politica, giudiziaria e nera in una vasta area che comprende anche parte della Valle Olona e il Legnanese. Sono sposato con Valeria Arini e ho due splendide figlie.","sameAs":["or_ma","https:\/\/twitter.com\/nando_mastrillo"],"url":"https:\/\/staging.varesenews.it\/persona\/orlando-mastrillo1\/"}]}},"post_meta":{"_edit_lock":"1520277742:47","_edit_last":"47","_category_permalink":"a:1:{s:8:\"category\";s:0:\"\";}","ratings_users":"0","ratings_score":"0","ratings_average":"0","foto":"659751","firma_come_redazione":"1","argomento":"Milano","_yoast_wpseo_content_score":"60","_jd_tweet_this":"yes","_wpt_short_url":"http:\/\/www.varesenews.it\/2018\/03\/gori-ammette-la-sconfitta-possibile-non-so-torno-sindaco\/696799\/","_wp_jd_target":"http:\/\/www.varesenews.it\/2018\/03\/gori-ammette-la-sconfitta-possibile-non-so-torno-sindaco\/696799\/","_jd_wp_twitter":"a:1:{i:0;s:188:\"Gori ammette la sconfitta: \u201cFatto il possibile, non so se torno a fare il sindaco\u201d http:\/\/www.varesenews.it\/2018\/03\/gori-ammette-la-sconfitta-possibile-non-so-torno-sindaco\/696799\/ #Pd\";}","_wpt_status_message":"Tweet inviato con successo."},"photos":[{"original":"https:\/\/staging.varesenews.it\/photogallery_new\/images\/2018\/03\/giorgio-gori-659751.jpg","full":"https:\/\/staging.varesenews.it\/photogallery_new\/images\/2018\/03\/giorgio-gori-659751.1024x768.jpg","large":"https:\/\/staging.varesenews.it\/photogallery_new\/images\/2018\/03\/giorgio-gori-659751.610x431.jpg"}],"_links":{"self":[{"href":"https:\/\/staging.varesenews.it\/swgapi\/v1\/wp\/v2\/posts\/696799"}],"collection":[{"href":"https:\/\/staging.varesenews.it\/swgapi\/v1\/wp\/v2\/posts"}],"about":[{"href":"https:\/\/staging.varesenews.it\/swgapi\/v1\/wp\/v2\/types\/post"}],"author":[{"embeddable":true,"href":"https:\/\/staging.varesenews.it\/swgapi\/v1\/wp\/v2\/users\/47"}],"replies":[{"embeddable":true,"href":"https:\/\/staging.varesenews.it\/swgapi\/v1\/wp\/v2\/comments?post=696799"}],"version-history":[{"count":0,"href":"https:\/\/staging.varesenews.it\/swgapi\/v1\/wp\/v2\/posts\/696799\/revisions"}],"wp:attachment":[{"href":"https:\/\/staging.varesenews.it\/swgapi\/v1\/wp\/v2\/media?parent=696799"}],"wp:term":[{"taxonomy":"category","embeddable":true,"href":"https:\/\/staging.varesenews.it\/swgapi\/v1\/wp\/v2\/categories?post=696799"},{"taxonomy":"post_tag","embeddable":true,"href":"https:\/\/staging.varesenews.it\/swgapi\/v1\/wp\/v2\/tags?post=696799"}],"curies":[{"name":"wp","href":"https:\/\/api.w.org\/{rel}","templated":true}]}}