{"id":698414,"date":"2018-03-12T09:39:20","date_gmt":"2018-03-12T08:39:20","guid":{"rendered":"http:\/\/www.varesenews.it\/?p=698414"},"modified":"2018-03-12T09:39:20","modified_gmt":"2018-03-12T08:39:20","slug":"un-capire-mattina-sulla-sindrome-chiari","status":"publish","type":"post","link":"https:\/\/staging.varesenews.it\/2018\/03\/un-capire-mattina-sulla-sindrome-chiari\/698414\/","title":{"rendered":"Un t\u00e8 per capire: una mattina sulla Sindrome di Chiari"},"content":{"rendered":"<p class=\"p1\"><span class=\"s1\">Non chiedono soldi, firme o impegni a lungo termine. <strong>\u00c8 sufficiente presentarsi e \u201cmetterci la faccia\u201d.<\/strong> <strong>Domenica 18 marzo<\/strong>, nella <strong>piazzetta Rosa presso il vicolo di Villa Truffini a Tradate,<\/strong> dalle <strong>ore 9.30 alle 12.30<\/strong> si svolger\u00e0 l\u2019iniziativa <strong>\u201cShow your rare, Show tuo care<\/strong>\u201d. <\/span><\/p>\n<p class=\"p1\"><span class=\"s1\">Si tratta di un\u2019iniziativa molto particolare che vuole accendere i riflettori su una <strong>malattia rara: la <a href=\"https:\/\/it.wikipedia.org\/wiki\/Sindrome_di_Arnold-Chiari\" target=\"_blank\" rel=\"noopener\">sindrome di Chiari.<\/a><\/strong> Parliamo di una <strong>malformazione strutturale della fossa cranica<\/strong> che contiene il cervelletto che, quindi, \u00e8 spostato verso il basso, verso il foro occipitale e il canale spinale. Una malformazione che, nei casi meno gravi, d\u00e0 <strong>mal di testa e debolezza muscolare<\/strong>, mentre negli stadi pi\u00f9 gravi d\u00e0 complicanze progressivamente sempre pi\u00f9 serie. <\/span><\/p>\n<p class=\"p1\"><span class=\"s1\">Quattro ragazze, affette dalla sindrome, hanno voluto organizzare questa iniziativa di sensibilizzazione per far conoscere la patologia. L\u2019iniziativa \u00e8 di carattere sociale:<strong> chi \u00e8 disposto a fare una fotografia con le organizzatrici riceve t\u00e8 e biscotti<\/strong> e si ferma a fare due chiacchiere sulla malattia per comprendere le condizioni di vita di chi ne \u00e8 affetto. <\/span><\/p>\n","protected":false},"excerpt":{"rendered":"<p>Quattro ragazze affette da questa patologia hanno organizzato una mattinata di approfondimento per domenica prossima 12 marzo vicino a Villa Truffini. Chi vorr\u00e0 conoscere ricever\u00e0 t\u00e8 e biscotti<\/p>\n","protected":false},"author":33,"featured_media":0,"comment_status":"open","ping_status":"open","sticky":false,"template":"","format":"standard","meta":{"footnotes":""},"categories":[24,5,1,21],"tags":[441],"acf":[],"yoast_head":"<!-- This site is optimized with the Yoast SEO plugin v20.1 - https:\/\/yoast.com\/wordpress\/plugins\/seo\/ -->\n<title>Un t\u00e8 per capire: una mattina sulla Sindrome di Chiari<\/title>\n<meta name=\"description\" content=\"Quattro ragazze affette da questa patologia hanno organizzato una mattinata di approfondimento per domenica prossima 12 marzo vicino a Villa Truffini. Chi vorr\u00e0 conoscere ricever\u00e0 t\u00e8 e biscotti\" \/>\n<meta name=\"robots\" content=\"noindex, follow, max-snippet:-1, max-image-preview:large, max-video-preview:-1\" \/>\n<meta property=\"og:locale\" content=\"it_IT\" \/>\n<meta property=\"og:type\" content=\"article\" \/>\n<meta property=\"og:title\" content=\"Un t\u00e8 per capire: una mattina sulla Sindrome di Chiari\" \/>\n<meta property=\"og:description\" content=\"Quattro ragazze affette da questa patologia hanno organizzato una mattinata di approfondimento per domenica prossima 12 marzo vicino a Villa Truffini. Chi vorr\u00e0 conoscere ricever\u00e0 t\u00e8 e biscotti\" \/>\n<meta property=\"og:url\" content=\"https:\/\/staging.varesenews.it\/2018\/03\/un-capire-mattina-sulla-sindrome-chiari\/698414\/\" \/>\n<meta property=\"og:site_name\" content=\"VareseNews\" \/>\n<meta property=\"article:publisher\" content=\"https:\/\/www.facebook.com\/varesenews\" \/>\n<meta property=\"article:author\" content=\"alessandra.toni7\" \/>\n<meta property=\"article:published_time\" content=\"2018-03-12T08:39:20+00:00\" \/>\n<meta name=\"author\" content=\"Alessandra Toni\" \/>\n<meta name=\"twitter:card\" content=\"summary_large_image\" \/>\n<meta name=\"twitter:creator\" content=\"@alessandra_toni\" \/>\n<meta name=\"twitter:site\" content=\"@varesenews\" \/>\n<meta name=\"twitter:label1\" content=\"Scritto da\" \/>\n\t<meta name=\"twitter:data1\" content=\"Alessandra Toni\" \/>\n\t<meta name=\"twitter:label2\" content=\"Tempo di lettura stimato\" \/>\n\t<meta name=\"twitter:data2\" content=\"1 minuto\" \/>\n<script type=\"application\/ld+json\" class=\"yoast-schema-graph\">{\"@context\":\"https:\/\/schema.org\",\"@graph\":[{\"@type\":\"WebPage\",\"@id\":\"https:\/\/staging.varesenews.it\/2018\/03\/un-capire-mattina-sulla-sindrome-chiari\/698414\/\",\"url\":\"https:\/\/staging.varesenews.it\/2018\/03\/un-capire-mattina-sulla-sindrome-chiari\/698414\/\",\"name\":\"Un t\u00e8 per capire: una mattina sulla Sindrome di Chiari\",\"isPartOf\":{\"@id\":\"https:\/\/staging.varesenews.it\/#website\"},\"datePublished\":\"2018-03-12T08:39:20+00:00\",\"dateModified\":\"2018-03-12T08:39:20+00:00\",\"author\":{\"@id\":\"https:\/\/staging.varesenews.it\/#\/schema\/person\/2643ce123d4a3c9511e015dc548779b8\"},\"description\":\"Quattro ragazze affette da questa patologia hanno organizzato una mattinata di approfondimento per domenica prossima 12 marzo vicino a Villa Truffini. Chi vorr\u00e0 conoscere ricever\u00e0 t\u00e8 e biscotti\",\"breadcrumb\":{\"@id\":\"https:\/\/staging.varesenews.it\/2018\/03\/un-capire-mattina-sulla-sindrome-chiari\/698414\/#breadcrumb\"},\"inLanguage\":\"it-IT\",\"potentialAction\":[{\"@type\":\"ReadAction\",\"target\":[\"https:\/\/staging.varesenews.it\/2018\/03\/un-capire-mattina-sulla-sindrome-chiari\/698414\/\"]}]},{\"@type\":\"BreadcrumbList\",\"@id\":\"https:\/\/staging.varesenews.it\/2018\/03\/un-capire-mattina-sulla-sindrome-chiari\/698414\/#breadcrumb\",\"itemListElement\":[{\"@type\":\"ListItem\",\"position\":1,\"name\":\"Home\",\"item\":\"https:\/\/www.varesenews.it\/\"},{\"@type\":\"ListItem\",\"position\":2,\"name\":\"Un t\u00e8 per capire: una mattina sulla Sindrome di Chiari\"}]},{\"@type\":\"WebSite\",\"@id\":\"https:\/\/staging.varesenews.it\/#website\",\"url\":\"https:\/\/staging.varesenews.it\/\",\"name\":\"VareseNews\",\"description\":\"\",\"potentialAction\":[{\"@type\":\"SearchAction\",\"target\":{\"@type\":\"EntryPoint\",\"urlTemplate\":\"https:\/\/staging.varesenews.it\/?s={search_term_string}\"},\"query-input\":\"required name=search_term_string\"}],\"inLanguage\":\"it-IT\"},{\"@type\":\"Person\",\"@id\":\"https:\/\/staging.varesenews.it\/#\/schema\/person\/2643ce123d4a3c9511e015dc548779b8\",\"name\":\"Alessandra Toni\",\"image\":{\"@type\":\"ImageObject\",\"inLanguage\":\"it-IT\",\"@id\":\"https:\/\/staging.varesenews.it\/#\/schema\/person\/image\/\",\"url\":\"https:\/\/staging.varesenews.it\/wp-content\/uploads\/2020\/12\/alessandra_toni_colori_500.jpg\",\"contentUrl\":\"https:\/\/staging.varesenews.it\/wp-content\/uploads\/2020\/12\/alessandra_toni_colori_500.jpg\",\"caption\":\"Alessandra Toni\"},\"description\":\"Sono entrata nella redazione di VareseNews nel lontano anno 2000. Ero reduce da una bellissima esperienza nella redazione giornalistica della TV Nuova Antennatre, sotto la direzione dell'indimenticabile direttore Adolfo Caldarini. Sono arrivata quando era ancora una piccola realt\u00e0 editoriale e insieme abbiamo fatto un lungo ed entusiasmante lavoro. Mi occupo prevalentemente di scuola e di sanit\u00e0, settori impegnativi di grande valore sociale.\u00a0\",\"sameAs\":[\"alessandra.toni7\",\"alessandra.toni\",\"https:\/\/twitter.com\/alessandra_toni\"],\"url\":\"https:\/\/staging.varesenews.it\/persona\/alessandra_toni1\/\"}]}<\/script>\n<!-- \/ Yoast SEO plugin. -->","yoast_head_json":{"title":"Un t\u00e8 per capire: una mattina sulla Sindrome di Chiari","description":"Quattro ragazze affette da questa patologia hanno organizzato una mattinata di approfondimento per domenica prossima 12 marzo vicino a Villa Truffini. Chi vorr\u00e0 conoscere ricever\u00e0 t\u00e8 e biscotti","robots":{"index":"noindex","follow":"follow","max-snippet":"max-snippet:-1","max-image-preview":"max-image-preview:large","max-video-preview":"max-video-preview:-1"},"og_locale":"it_IT","og_type":"article","og_title":"Un t\u00e8 per capire: una mattina sulla Sindrome di Chiari","og_description":"Quattro ragazze affette da questa patologia hanno organizzato una mattinata di approfondimento per domenica prossima 12 marzo vicino a Villa Truffini. Chi vorr\u00e0 conoscere ricever\u00e0 t\u00e8 e biscotti","og_url":"https:\/\/staging.varesenews.it\/2018\/03\/un-capire-mattina-sulla-sindrome-chiari\/698414\/","og_site_name":"VareseNews","article_publisher":"https:\/\/www.facebook.com\/varesenews","article_author":"alessandra.toni7","article_published_time":"2018-03-12T08:39:20+00:00","author":"Alessandra Toni","twitter_card":"summary_large_image","twitter_creator":"@alessandra_toni","twitter_site":"@varesenews","twitter_misc":{"Scritto da":"Alessandra Toni","Tempo di lettura stimato":"1 minuto"},"schema":{"@context":"https:\/\/schema.org","@graph":[{"@type":"WebPage","@id":"https:\/\/staging.varesenews.it\/2018\/03\/un-capire-mattina-sulla-sindrome-chiari\/698414\/","url":"https:\/\/staging.varesenews.it\/2018\/03\/un-capire-mattina-sulla-sindrome-chiari\/698414\/","name":"Un t\u00e8 per capire: una mattina sulla Sindrome di Chiari","isPartOf":{"@id":"https:\/\/staging.varesenews.it\/#website"},"datePublished":"2018-03-12T08:39:20+00:00","dateModified":"2018-03-12T08:39:20+00:00","author":{"@id":"https:\/\/staging.varesenews.it\/#\/schema\/person\/2643ce123d4a3c9511e015dc548779b8"},"description":"Quattro ragazze affette da questa patologia hanno organizzato una mattinata di approfondimento per domenica prossima 12 marzo vicino a Villa Truffini. Chi vorr\u00e0 conoscere ricever\u00e0 t\u00e8 e biscotti","breadcrumb":{"@id":"https:\/\/staging.varesenews.it\/2018\/03\/un-capire-mattina-sulla-sindrome-chiari\/698414\/#breadcrumb"},"inLanguage":"it-IT","potentialAction":[{"@type":"ReadAction","target":["https:\/\/staging.varesenews.it\/2018\/03\/un-capire-mattina-sulla-sindrome-chiari\/698414\/"]}]},{"@type":"BreadcrumbList","@id":"https:\/\/staging.varesenews.it\/2018\/03\/un-capire-mattina-sulla-sindrome-chiari\/698414\/#breadcrumb","itemListElement":[{"@type":"ListItem","position":1,"name":"Home","item":"https:\/\/www.varesenews.it\/"},{"@type":"ListItem","position":2,"name":"Un t\u00e8 per capire: una mattina sulla Sindrome di Chiari"}]},{"@type":"WebSite","@id":"https:\/\/staging.varesenews.it\/#website","url":"https:\/\/staging.varesenews.it\/","name":"VareseNews","description":"","potentialAction":[{"@type":"SearchAction","target":{"@type":"EntryPoint","urlTemplate":"https:\/\/staging.varesenews.it\/?s={search_term_string}"},"query-input":"required name=search_term_string"}],"inLanguage":"it-IT"},{"@type":"Person","@id":"https:\/\/staging.varesenews.it\/#\/schema\/person\/2643ce123d4a3c9511e015dc548779b8","name":"Alessandra Toni","image":{"@type":"ImageObject","inLanguage":"it-IT","@id":"https:\/\/staging.varesenews.it\/#\/schema\/person\/image\/","url":"https:\/\/staging.varesenews.it\/wp-content\/uploads\/2020\/12\/alessandra_toni_colori_500.jpg","contentUrl":"https:\/\/staging.varesenews.it\/wp-content\/uploads\/2020\/12\/alessandra_toni_colori_500.jpg","caption":"Alessandra Toni"},"description":"Sono entrata nella redazione di VareseNews nel lontano anno 2000. Ero reduce da una bellissima esperienza nella redazione giornalistica della TV Nuova Antennatre, sotto la direzione dell'indimenticabile direttore Adolfo Caldarini. Sono arrivata quando era ancora una piccola realt\u00e0 editoriale e insieme abbiamo fatto un lungo ed entusiasmante lavoro. Mi occupo prevalentemente di scuola e di sanit\u00e0, settori impegnativi di grande valore sociale.\u00a0","sameAs":["alessandra.toni7","alessandra.toni","https:\/\/twitter.com\/alessandra_toni"],"url":"https:\/\/staging.varesenews.it\/persona\/alessandra_toni1\/"}]}},"post_meta":{"_edit_lock":"1520844831:33","_edit_last":"33","_category_permalink":"a:1:{s:8:\"category\";s:2:\"24\";}","argomento":"Tradate","_yoast_wpseo_content_score":"30","_jd_tweet_this":"yes","foto":"660453","firma_come_redazione":"1","ratings_users":"0","ratings_score":"0","ratings_average":"0","_wpt_short_url":"http:\/\/www.varesenews.it\/2018\/03\/un-capire-mattina-sulla-sindrome-chiari\/698414\/","_wp_jd_target":"http:\/\/www.varesenews.it\/2018\/03\/un-capire-mattina-sulla-sindrome-chiari\/698414\/","_jd_wp_twitter":"a:1:{i:0;s:150:\"Un t\u00e8 per capire: una mattina sulla Sindrome di Chiari http:\/\/www.varesenews.it\/2018\/03\/un-capire-mattina-sulla-sindrome-chiari\/698414\/ #malattiarara\";}","_wpt_status_message":"Tweet inviato con successo."},"photos":[{"original":"https:\/\/staging.varesenews.it\/photogallery_new\/images\/2018\/03\/incontro-su-sindrome-di-chiari-660453.jpg","full":"https:\/\/staging.varesenews.it\/photogallery_new\/images\/2018\/03\/incontro-su-sindrome-di-chiari-660453.1024x768.jpg","large":"https:\/\/staging.varesenews.it\/photogallery_new\/images\/2018\/03\/incontro-su-sindrome-di-chiari-660453.610x431.jpg"}],"_links":{"self":[{"href":"https:\/\/staging.varesenews.it\/swgapi\/v1\/wp\/v2\/posts\/698414"}],"collection":[{"href":"https:\/\/staging.varesenews.it\/swgapi\/v1\/wp\/v2\/posts"}],"about":[{"href":"https:\/\/staging.varesenews.it\/swgapi\/v1\/wp\/v2\/types\/post"}],"author":[{"embeddable":true,"href":"https:\/\/staging.varesenews.it\/swgapi\/v1\/wp\/v2\/users\/33"}],"replies":[{"embeddable":true,"href":"https:\/\/staging.varesenews.it\/swgapi\/v1\/wp\/v2\/comments?post=698414"}],"version-history":[{"count":0,"href":"https:\/\/staging.varesenews.it\/swgapi\/v1\/wp\/v2\/posts\/698414\/revisions"}],"wp:attachment":[{"href":"https:\/\/staging.varesenews.it\/swgapi\/v1\/wp\/v2\/media?parent=698414"}],"wp:term":[{"taxonomy":"category","embeddable":true,"href":"https:\/\/staging.varesenews.it\/swgapi\/v1\/wp\/v2\/categories?post=698414"},{"taxonomy":"post_tag","embeddable":true,"href":"https:\/\/staging.varesenews.it\/swgapi\/v1\/wp\/v2\/tags?post=698414"}],"curies":[{"name":"wp","href":"https:\/\/api.w.org\/{rel}","templated":true}]}}