{"id":698975,"date":"2018-03-13T16:49:55","date_gmt":"2018-03-13T15:49:55","guid":{"rendered":"http:\/\/www.varesenews.it\/?p=698975"},"modified":"2018-03-13T16:54:40","modified_gmt":"2018-03-13T15:54:40","slug":"si-parla-portare-capolinea-tutti-malpensa-express-centrale","status":"publish","type":"post","link":"https:\/\/staging.varesenews.it\/2018\/03\/si-parla-portare-capolinea-tutti-malpensa-express-centrale\/698975\/","title":{"rendered":"Si parla (di nuovo) di portare il capolinea di tutti i Malpensa Express a Centrale"},"content":{"rendered":"<p>Portare il capolinea milanese di <strong>tutti i Malpensa Express a Milano Centrale.<\/strong> \u00c8 una ipotesi di cui<strong> si \u00e8 parlato tante volte<\/strong>, con inevitabile coda di polemiche. Ed \u00e8 arrivato il <strong>momento di parlarne un&#8217;altra volta.<\/strong><\/p>\n<p>\u00abBisogna far partire i treni per Malpensa ogni 15 minuti e, per farlo, vanno <strong>concentrate le partenze nella stazione hub<\/strong>, che \u00e8 <strong>Milano Centrale<\/strong>\u00bb ha spiegato il presidente di Sea <strong>Pietro Modiano<\/strong>, intervenendo alla Mobility Conference Exhibition.<\/p>\n<p>Per il gestore Malpensa quel che conta di pi\u00f9 \u00e8 il collegamento punto-punto verso l&#8217;aeroporto. E <strong>la Centrale \u00e8 strategica<\/strong> \u00abperch\u00e9 \u00e8 <strong>connessa sia con l&#8217;alta velocit\u00e0 che con la metro<\/strong>\u00bb, a differenza della stazione di Cadorna, &#8220;storico&#8221; capolinea dei treni aeroportuali (che oggi partono gi\u00e0 anche da Centrale, ma solo con treni con molte fermate intermedie).<\/p>\n<p>Il <strong>presidente di Sea ha aggiunto: \u00abCerchiamo di farlo per il 2019\u00bb<\/strong>. Sar\u00e0 la volta buona? Il progetto di accentramento a Centrale dei servizi per Malpensa \u00e8 un&#8217;idea di vecchia data, l&#8217;ultima volta che <a href=\"http:\/\/www.varesenews.it\/2017\/10\/malpensa-express-a-cadorna-o-a-centrale-si-apre-la-guerra-del-capolinea\/657920\/\" target=\"_blank\" rel=\"noopener\">se n&#8217;era parlato era solo pochi mesi fa<\/a>. Un&#8217;ipotesi che per\u00f2 si \u00e8 scontrata sempre con le <strong>lamentele dei pendolari dell&#8217;area vicino all&#8217;aeroporto<\/strong> &#8211; in particolare Busto Arsizio &#8211; e anche con <strong>una certa ritrosia di Fnm<\/strong>: per la societ\u00e0 regionale il Malpensa Express \u00e8 un cliente importante (decine di corse ogni giorno che impegnano la rete Fnm) e il <strong>capolinea di Cadorna \u00e8 un asset importante,<\/strong> che fa della stazione vicino al Castello non solo una stazione locale, ma un nodo trasportistico importante. Basta per scongiurare il trasferimento di tutti i treni aeroportuali a Centrale?<\/p>\n","protected":false},"excerpt":{"rendered":"<p>\u00c8 una ipotesi che di tanto in tanto ricompare. Sea vorrebbe i treni tutti sulla stazione principale, per\u00f2 poi ci sono di mezzo anche i pendolari e Fnm<\/p>\n","protected":false},"author":46,"featured_media":0,"comment_status":"open","ping_status":"open","sticky":false,"template":"","format":"standard","meta":{"footnotes":""},"categories":[4,3],"tags":[365,1717],"acf":[],"yoast_head":"<!-- This site is optimized with the Yoast SEO plugin v20.1 - https:\/\/yoast.com\/wordpress\/plugins\/seo\/ -->\n<title>Si parla (di nuovo) di portare il capolinea di tutti i Malpensa Express a Centrale<\/title>\n<meta name=\"description\" content=\"\u00c8 una ipotesi che di tanto in tanto ricompare. Sea vorrebbe i treni tutti sulla stazione principale, per\u00f2 poi ci sono di mezzo anche i pendolari e Fnm\" \/>\n<meta name=\"robots\" content=\"noindex, follow, max-snippet:-1, max-image-preview:large, max-video-preview:-1\" \/>\n<meta property=\"og:locale\" content=\"it_IT\" \/>\n<meta property=\"og:type\" content=\"article\" \/>\n<meta property=\"og:title\" content=\"Si parla (di nuovo) di portare il capolinea di tutti i Malpensa Express a Centrale\" \/>\n<meta property=\"og:description\" content=\"\u00c8 una ipotesi che di tanto in tanto ricompare. Sea vorrebbe i treni tutti sulla stazione principale, per\u00f2 poi ci sono di mezzo anche i pendolari e Fnm\" \/>\n<meta property=\"og:url\" content=\"https:\/\/staging.varesenews.it\/2018\/03\/si-parla-portare-capolinea-tutti-malpensa-express-centrale\/698975\/\" \/>\n<meta property=\"og:site_name\" content=\"VareseNews\" \/>\n<meta property=\"article:publisher\" content=\"https:\/\/www.facebook.com\/varesenews\" \/>\n<meta property=\"article:published_time\" content=\"2018-03-13T15:49:55+00:00\" \/>\n<meta property=\"article:modified_time\" content=\"2018-03-13T15:54:40+00:00\" \/>\n<meta name=\"author\" content=\"Roberto Morandi\" \/>\n<meta name=\"twitter:card\" content=\"summary_large_image\" \/>\n<meta name=\"twitter:creator\" content=\"@ilmorands\" \/>\n<meta name=\"twitter:site\" content=\"@varesenews\" \/>\n<meta name=\"twitter:label1\" content=\"Scritto da\" \/>\n\t<meta name=\"twitter:data1\" content=\"Roberto Morandi\" \/>\n\t<meta name=\"twitter:label2\" content=\"Tempo di lettura stimato\" \/>\n\t<meta name=\"twitter:data2\" content=\"1 minuto\" \/>\n<script type=\"application\/ld+json\" class=\"yoast-schema-graph\">{\"@context\":\"https:\/\/schema.org\",\"@graph\":[{\"@type\":\"WebPage\",\"@id\":\"https:\/\/staging.varesenews.it\/2018\/03\/si-parla-portare-capolinea-tutti-malpensa-express-centrale\/698975\/\",\"url\":\"https:\/\/staging.varesenews.it\/2018\/03\/si-parla-portare-capolinea-tutti-malpensa-express-centrale\/698975\/\",\"name\":\"Si parla (di nuovo) di portare il capolinea di tutti i Malpensa Express a Centrale\",\"isPartOf\":{\"@id\":\"https:\/\/staging.varesenews.it\/#website\"},\"datePublished\":\"2018-03-13T15:49:55+00:00\",\"dateModified\":\"2018-03-13T15:54:40+00:00\",\"author\":{\"@id\":\"https:\/\/staging.varesenews.it\/#\/schema\/person\/efe592ae4c76536b551f89d8b6674bc3\"},\"description\":\"\u00c8 una ipotesi che di tanto in tanto ricompare. Sea vorrebbe i treni tutti sulla stazione principale, per\u00f2 poi ci sono di mezzo anche i pendolari e Fnm\",\"breadcrumb\":{\"@id\":\"https:\/\/staging.varesenews.it\/2018\/03\/si-parla-portare-capolinea-tutti-malpensa-express-centrale\/698975\/#breadcrumb\"},\"inLanguage\":\"it-IT\",\"potentialAction\":[{\"@type\":\"ReadAction\",\"target\":[\"https:\/\/staging.varesenews.it\/2018\/03\/si-parla-portare-capolinea-tutti-malpensa-express-centrale\/698975\/\"]}]},{\"@type\":\"BreadcrumbList\",\"@id\":\"https:\/\/staging.varesenews.it\/2018\/03\/si-parla-portare-capolinea-tutti-malpensa-express-centrale\/698975\/#breadcrumb\",\"itemListElement\":[{\"@type\":\"ListItem\",\"position\":1,\"name\":\"Home\",\"item\":\"https:\/\/www.varesenews.it\/\"},{\"@type\":\"ListItem\",\"position\":2,\"name\":\"Si parla (di nuovo) di portare il capolinea di tutti i Malpensa Express a Centrale\"}]},{\"@type\":\"WebSite\",\"@id\":\"https:\/\/staging.varesenews.it\/#website\",\"url\":\"https:\/\/staging.varesenews.it\/\",\"name\":\"VareseNews\",\"description\":\"\",\"potentialAction\":[{\"@type\":\"SearchAction\",\"target\":{\"@type\":\"EntryPoint\",\"urlTemplate\":\"https:\/\/staging.varesenews.it\/?s={search_term_string}\"},\"query-input\":\"required name=search_term_string\"}],\"inLanguage\":\"it-IT\"},{\"@type\":\"Person\",\"@id\":\"https:\/\/staging.varesenews.it\/#\/schema\/person\/efe592ae4c76536b551f89d8b6674bc3\",\"name\":\"Roberto Morandi\",\"image\":{\"@type\":\"ImageObject\",\"inLanguage\":\"it-IT\",\"@id\":\"https:\/\/staging.varesenews.it\/#\/schema\/person\/image\/\",\"url\":\"https:\/\/staging.varesenews.it\/wp-content\/uploads\/2020\/12\/roberto_morandi_colori_500.jpg\",\"contentUrl\":\"https:\/\/staging.varesenews.it\/wp-content\/uploads\/2020\/12\/roberto_morandi_colori_500.jpg\",\"caption\":\"Roberto Morandi\"},\"description\":\"Classe 1980, laureato in storia, mi occupo dell&rsquo;area di Gallarate e di Malpensa, di trasporti e mobilit&agrave;. Amo molto la dimensione della citt&agrave;, come luogo d&rsquo;incontro di persone diverse e come organismo che si trasforma costantemente. Mi piace anche raccontare le piccole e grandi vicende, anche locali, che compongono la Storia con la S maiuscola. Appassionato di bicicletta: la macchina perfetta per muoversi in citt&agrave; e per viaggiare.\",\"sameAs\":[\"https:\/\/twitter.com\/ilmorands\"],\"url\":\"https:\/\/staging.varesenews.it\/persona\/roberto-morandi1\/\"}]}<\/script>\n<!-- \/ Yoast SEO plugin. -->","yoast_head_json":{"title":"Si parla (di nuovo) di portare il capolinea di tutti i Malpensa Express a Centrale","description":"\u00c8 una ipotesi che di tanto in tanto ricompare. Sea vorrebbe i treni tutti sulla stazione principale, per\u00f2 poi ci sono di mezzo anche i pendolari e Fnm","robots":{"index":"noindex","follow":"follow","max-snippet":"max-snippet:-1","max-image-preview":"max-image-preview:large","max-video-preview":"max-video-preview:-1"},"og_locale":"it_IT","og_type":"article","og_title":"Si parla (di nuovo) di portare il capolinea di tutti i Malpensa Express a Centrale","og_description":"\u00c8 una ipotesi che di tanto in tanto ricompare. Sea vorrebbe i treni tutti sulla stazione principale, per\u00f2 poi ci sono di mezzo anche i pendolari e Fnm","og_url":"https:\/\/staging.varesenews.it\/2018\/03\/si-parla-portare-capolinea-tutti-malpensa-express-centrale\/698975\/","og_site_name":"VareseNews","article_publisher":"https:\/\/www.facebook.com\/varesenews","article_published_time":"2018-03-13T15:49:55+00:00","article_modified_time":"2018-03-13T15:54:40+00:00","author":"Roberto Morandi","twitter_card":"summary_large_image","twitter_creator":"@ilmorands","twitter_site":"@varesenews","twitter_misc":{"Scritto da":"Roberto Morandi","Tempo di lettura stimato":"1 minuto"},"schema":{"@context":"https:\/\/schema.org","@graph":[{"@type":"WebPage","@id":"https:\/\/staging.varesenews.it\/2018\/03\/si-parla-portare-capolinea-tutti-malpensa-express-centrale\/698975\/","url":"https:\/\/staging.varesenews.it\/2018\/03\/si-parla-portare-capolinea-tutti-malpensa-express-centrale\/698975\/","name":"Si parla (di nuovo) di portare il capolinea di tutti i Malpensa Express a Centrale","isPartOf":{"@id":"https:\/\/staging.varesenews.it\/#website"},"datePublished":"2018-03-13T15:49:55+00:00","dateModified":"2018-03-13T15:54:40+00:00","author":{"@id":"https:\/\/staging.varesenews.it\/#\/schema\/person\/efe592ae4c76536b551f89d8b6674bc3"},"description":"\u00c8 una ipotesi che di tanto in tanto ricompare. Sea vorrebbe i treni tutti sulla stazione principale, per\u00f2 poi ci sono di mezzo anche i pendolari e Fnm","breadcrumb":{"@id":"https:\/\/staging.varesenews.it\/2018\/03\/si-parla-portare-capolinea-tutti-malpensa-express-centrale\/698975\/#breadcrumb"},"inLanguage":"it-IT","potentialAction":[{"@type":"ReadAction","target":["https:\/\/staging.varesenews.it\/2018\/03\/si-parla-portare-capolinea-tutti-malpensa-express-centrale\/698975\/"]}]},{"@type":"BreadcrumbList","@id":"https:\/\/staging.varesenews.it\/2018\/03\/si-parla-portare-capolinea-tutti-malpensa-express-centrale\/698975\/#breadcrumb","itemListElement":[{"@type":"ListItem","position":1,"name":"Home","item":"https:\/\/www.varesenews.it\/"},{"@type":"ListItem","position":2,"name":"Si parla (di nuovo) di portare il capolinea di tutti i Malpensa Express a Centrale"}]},{"@type":"WebSite","@id":"https:\/\/staging.varesenews.it\/#website","url":"https:\/\/staging.varesenews.it\/","name":"VareseNews","description":"","potentialAction":[{"@type":"SearchAction","target":{"@type":"EntryPoint","urlTemplate":"https:\/\/staging.varesenews.it\/?s={search_term_string}"},"query-input":"required name=search_term_string"}],"inLanguage":"it-IT"},{"@type":"Person","@id":"https:\/\/staging.varesenews.it\/#\/schema\/person\/efe592ae4c76536b551f89d8b6674bc3","name":"Roberto Morandi","image":{"@type":"ImageObject","inLanguage":"it-IT","@id":"https:\/\/staging.varesenews.it\/#\/schema\/person\/image\/","url":"https:\/\/staging.varesenews.it\/wp-content\/uploads\/2020\/12\/roberto_morandi_colori_500.jpg","contentUrl":"https:\/\/staging.varesenews.it\/wp-content\/uploads\/2020\/12\/roberto_morandi_colori_500.jpg","caption":"Roberto Morandi"},"description":"Classe 1980, laureato in storia, mi occupo dell&rsquo;area di Gallarate e di Malpensa, di trasporti e mobilit&agrave;. Amo molto la dimensione della citt&agrave;, come luogo d&rsquo;incontro di persone diverse e come organismo che si trasforma costantemente. Mi piace anche raccontare le piccole e grandi vicende, anche locali, che compongono la Storia con la S maiuscola. Appassionato di bicicletta: la macchina perfetta per muoversi in citt&agrave; e per viaggiare.","sameAs":["https:\/\/twitter.com\/ilmorands"],"url":"https:\/\/staging.varesenews.it\/persona\/roberto-morandi1\/"}]}},"post_meta":{"_edit_lock":"1520958397:46","_edit_last":"46","_category_permalink":"a:1:{s:8:\"category\";s:1:\"3\";}","ratings_users":"0","ratings_score":"0","ratings_average":"0","foto":"446846","argomento":"Malpensa","_yoast_wpseo_content_score":"30","_jd_tweet_this":"yes","_wpt_short_url":"http:\/\/www.varesenews.it\/2018\/03\/si-parla-portare-capolinea-tutti-malpensa-express-centrale\/698975\/","_wp_jd_target":"http:\/\/www.varesenews.it\/2018\/03\/si-parla-portare-capolinea-tutti-malpensa-express-centrale\/698975\/","_jd_wp_twitter":"a:1:{i:0;s:209:\"Si parla (di nuovo) di portare il capolinea di tutti i Malpensa Express a Centrale http:\/\/www.varesenews.it\/2018\/03\/si-parla-portare-capolinea-tutti-malpensa-express-centrale\/698975\/ #Malpensa #malpensaexpress\";}","_wpt_status_message":"Tweet inviato con successo."},"photos":[{"original":"https:\/\/staging.varesenews.it\/photogallery_new\/images\/2015\/04\/treni-varie-446846.jpg","full":"https:\/\/staging.varesenews.it\/photogallery_new\/images\/2015\/04\/treni-varie-446846.1024x768.jpg","large":"https:\/\/staging.varesenews.it\/photogallery_new\/images\/2015\/04\/treni-varie-446846.610x431.jpg"}],"_links":{"self":[{"href":"https:\/\/staging.varesenews.it\/swgapi\/v1\/wp\/v2\/posts\/698975"}],"collection":[{"href":"https:\/\/staging.varesenews.it\/swgapi\/v1\/wp\/v2\/posts"}],"about":[{"href":"https:\/\/staging.varesenews.it\/swgapi\/v1\/wp\/v2\/types\/post"}],"author":[{"embeddable":true,"href":"https:\/\/staging.varesenews.it\/swgapi\/v1\/wp\/v2\/users\/46"}],"replies":[{"embeddable":true,"href":"https:\/\/staging.varesenews.it\/swgapi\/v1\/wp\/v2\/comments?post=698975"}],"version-history":[{"count":0,"href":"https:\/\/staging.varesenews.it\/swgapi\/v1\/wp\/v2\/posts\/698975\/revisions"}],"wp:attachment":[{"href":"https:\/\/staging.varesenews.it\/swgapi\/v1\/wp\/v2\/media?parent=698975"}],"wp:term":[{"taxonomy":"category","embeddable":true,"href":"https:\/\/staging.varesenews.it\/swgapi\/v1\/wp\/v2\/categories?post=698975"},{"taxonomy":"post_tag","embeddable":true,"href":"https:\/\/staging.varesenews.it\/swgapi\/v1\/wp\/v2\/tags?post=698975"}],"curies":[{"name":"wp","href":"https:\/\/api.w.org\/{rel}","templated":true}]}}