{"id":699066,"date":"2018-03-14T00:00:24","date_gmt":"2018-03-13T23:00:24","guid":{"rendered":"http:\/\/www.varesenews.it\/?p=699066"},"modified":"2018-03-14T01:09:02","modified_gmt":"2018-03-14T00:09:02","slug":"roberto-cecchi-mi-iscrivo-al-pd","status":"publish","type":"post","link":"https:\/\/staging.varesenews.it\/2018\/03\/roberto-cecchi-mi-iscrivo-al-pd\/699066\/","title":{"rendered":"Roberto Cecchi: &#8220;Mi iscrivo al Pd&#8221;"},"content":{"rendered":"<p>&#8220;\u00c8 arrivato il momento di impegnarsi in prima persona per fare del bene al nostro Paese. Ho deciso di iscrivermi al Partito Democratico&#8221;.<\/p>\n<p><strong>Roberto Cecchi<\/strong> \u00e8 <a href=\"http:\/\/www.varesenews.it\/2016\/08\/cecchi-sbagliavo-a-dire-che-varese-e-addormentata\/546190\/\" target=\"_blank\" rel=\"noopener\">assessore alla cultura del Comune di Varese<\/a>. Fiorentino d&#8217;origine ha un curriculum eccezionale tutto giocato nel campo della Pubblica amministratore.<\/p>\n<p>&#8220;Per questa ragione non ho mai avuto una tessera di partito. Ora che non sono pi\u00f9 un dirigente dello Stato non mi sento pi\u00f9 vincolato da questo impegno di neutralit\u00e0&#8221;.<\/p>\n<p>All&#8217;indomani della sonora sconfitta elettorale del 4 marzo, il ministro <strong>Carlo Calenda<\/strong> con un tweet aveva annunciato l&#8217;iscrizione al Pd.<\/p>\n<blockquote class=\"twitter-tweet\" data-lang=\"it\">\n<p dir=\"ltr\" lang=\"it\">Non bisogna fare un altro partito ma lavorare per risollevare quello che c&#8217;\u00e8. Domani mi vado ad iscrivere al <a href=\"https:\/\/twitter.com\/pdnetwork?ref_src=twsrc%5Etfw\">@pdnetwork<\/a>. <a href=\"https:\/\/t.co\/5Jem2aDZfO\">https:\/\/t.co\/5Jem2aDZfO<\/a><\/p>\n<p>\u2014 Carlo Calenda (@CarloCalenda) <a href=\"https:\/\/twitter.com\/CarloCalenda\/status\/970923938007126021?ref_src=twsrc%5Etfw\">6 marzo 2018<\/a><\/p><\/blockquote>\n<p><script async src=\"https:\/\/platform.twitter.com\/widgets.js\" charset=\"utf-8\"><\/script><\/p>\n<p>Nel momento pi\u00f9 delicato della storia della sinistra, e dei dieci anni dalla nascita del Partito democratico, sono in diversi a sentire l&#8217;esigenza di un maggiore impegno politico. Solo tre giorni fa ne aveva dato notizia sulla <a href=\"http:\/\/www.varesenews.it\/2018\/03\/sulle-orme-calenda-anche-professor-salvatore-si-iscrive-al-pd\/698216\/\" target=\"_blank\" rel=\"noopener\"><strong>sua iscrizione al Pd<\/strong><\/a>\u00a0anche il professore <strong>Vincenzo Salvatore<\/strong> che si era candidato alla Camera dei deputati nel collegio uninominale di Varese.<\/p>\n<p>&#8220;Scelgo il Pd &#8211; prosegue <strong>Roberto Cecchi<\/strong> &#8211; perch\u00e9 la mia storia personale e familiare arriva da una tradizione di sinistra. Nel mio piccolo sento il dovere di un maggiore impegno per garantire un futuro migliore al nostro paese. Le conquiste del welfare, di un sistema universitario eccellente, di una cultura aperta, di un attaccamento alle istituzioni democratiche, non arrivano per caso e sono figlie delle battaglie della sinistra. Da tempo nella cassetta della posta della mia casa a Firenze trovo volantini della destra sociale che offre servizi ai cittadini. Attivit\u00e0 che ha sempre fatto il Pci e poi i partiti della sinistra nati dopo la chiusura di quella grande forza popolare. Noi dobbiamo ripartire da l\u00ec, dall&#8217;ascolto dei bisogni dei cittadini&#8221;<\/p>\n","protected":false},"excerpt":{"rendered":"<p>L&#8217;assessore alla cultura del comune di Varese annuncia una decisione politica: &#8220;Ci ho pensato bene e per la prima volta prender\u00f2 una tessera di partito&#8221;<\/p>\n","protected":false},"author":54,"featured_media":0,"comment_status":"open","ping_status":"open","sticky":false,"template":"","format":"standard","meta":{"footnotes":""},"categories":[16,2],"tags":[275],"acf":[],"yoast_head":"<!-- This site is optimized with the Yoast SEO plugin v20.1 - https:\/\/yoast.com\/wordpress\/plugins\/seo\/ -->\n<title>Roberto Cecchi: &quot;Mi iscrivo al Pd&quot;<\/title>\n<meta name=\"description\" content=\"L&#039;assessore alla cultura del comune di Varese annuncia una decisione politica: &quot;Ci ho pensato bene e per la prima volta prender\u00f2 una tessera di partito&quot;\" \/>\n<meta name=\"robots\" content=\"noindex, follow, max-snippet:-1, max-image-preview:large, max-video-preview:-1\" \/>\n<meta property=\"og:locale\" content=\"it_IT\" \/>\n<meta property=\"og:type\" content=\"article\" \/>\n<meta property=\"og:title\" content=\"Roberto Cecchi: &quot;Mi iscrivo al Pd&quot;\" \/>\n<meta property=\"og:description\" content=\"L&#039;assessore alla cultura del comune di Varese annuncia una decisione politica: &quot;Ci ho pensato bene e per la prima volta prender\u00f2 una tessera di partito&quot;\" \/>\n<meta property=\"og:url\" content=\"https:\/\/staging.varesenews.it\/2018\/03\/roberto-cecchi-mi-iscrivo-al-pd\/699066\/\" \/>\n<meta property=\"og:site_name\" content=\"VareseNews\" \/>\n<meta property=\"article:publisher\" content=\"https:\/\/www.facebook.com\/varesenews\" \/>\n<meta property=\"article:author\" content=\"https:\/\/www.facebook.com\/giovannelli.marco?fref=ts\" \/>\n<meta property=\"article:published_time\" content=\"2018-03-13T23:00:24+00:00\" \/>\n<meta property=\"article:modified_time\" content=\"2018-03-14T00:09:02+00:00\" \/>\n<meta name=\"author\" content=\"Marco Giovannelli\" \/>\n<meta name=\"twitter:card\" content=\"summary_large_image\" \/>\n<meta name=\"twitter:creator\" content=\"@marcogio59\" \/>\n<meta name=\"twitter:site\" content=\"@varesenews\" \/>\n<meta name=\"twitter:label1\" content=\"Scritto da\" \/>\n\t<meta name=\"twitter:data1\" content=\"Marco Giovannelli\" \/>\n\t<meta name=\"twitter:label2\" content=\"Tempo di lettura stimato\" \/>\n\t<meta name=\"twitter:data2\" content=\"2 minuti\" \/>\n<script type=\"application\/ld+json\" class=\"yoast-schema-graph\">{\"@context\":\"https:\/\/schema.org\",\"@graph\":[{\"@type\":\"WebPage\",\"@id\":\"https:\/\/staging.varesenews.it\/2018\/03\/roberto-cecchi-mi-iscrivo-al-pd\/699066\/\",\"url\":\"https:\/\/staging.varesenews.it\/2018\/03\/roberto-cecchi-mi-iscrivo-al-pd\/699066\/\",\"name\":\"Roberto Cecchi: \\\"Mi iscrivo al Pd\\\"\",\"isPartOf\":{\"@id\":\"https:\/\/staging.varesenews.it\/#website\"},\"datePublished\":\"2018-03-13T23:00:24+00:00\",\"dateModified\":\"2018-03-14T00:09:02+00:00\",\"author\":{\"@id\":\"https:\/\/staging.varesenews.it\/#\/schema\/person\/b32b6f44664f8274f79469e452856024\"},\"description\":\"L'assessore alla cultura del comune di Varese annuncia una decisione politica: \\\"Ci ho pensato bene e per la prima volta prender\u00f2 una tessera di partito\\\"\",\"breadcrumb\":{\"@id\":\"https:\/\/staging.varesenews.it\/2018\/03\/roberto-cecchi-mi-iscrivo-al-pd\/699066\/#breadcrumb\"},\"inLanguage\":\"it-IT\",\"potentialAction\":[{\"@type\":\"ReadAction\",\"target\":[\"https:\/\/staging.varesenews.it\/2018\/03\/roberto-cecchi-mi-iscrivo-al-pd\/699066\/\"]}]},{\"@type\":\"BreadcrumbList\",\"@id\":\"https:\/\/staging.varesenews.it\/2018\/03\/roberto-cecchi-mi-iscrivo-al-pd\/699066\/#breadcrumb\",\"itemListElement\":[{\"@type\":\"ListItem\",\"position\":1,\"name\":\"Home\",\"item\":\"https:\/\/www.varesenews.it\/\"},{\"@type\":\"ListItem\",\"position\":2,\"name\":\"Roberto Cecchi: &#8220;Mi iscrivo al Pd&#8221;\"}]},{\"@type\":\"WebSite\",\"@id\":\"https:\/\/staging.varesenews.it\/#website\",\"url\":\"https:\/\/staging.varesenews.it\/\",\"name\":\"VareseNews\",\"description\":\"\",\"potentialAction\":[{\"@type\":\"SearchAction\",\"target\":{\"@type\":\"EntryPoint\",\"urlTemplate\":\"https:\/\/staging.varesenews.it\/?s={search_term_string}\"},\"query-input\":\"required name=search_term_string\"}],\"inLanguage\":\"it-IT\"},{\"@type\":\"Person\",\"@id\":\"https:\/\/staging.varesenews.it\/#\/schema\/person\/b32b6f44664f8274f79469e452856024\",\"name\":\"Marco Giovannelli\",\"image\":{\"@type\":\"ImageObject\",\"inLanguage\":\"it-IT\",\"@id\":\"https:\/\/staging.varesenews.it\/#\/schema\/person\/image\/\",\"url\":\"https:\/\/staging.varesenews.it\/wp-content\/uploads\/2020\/12\/marco_giovannelli_colori_500.jpg\",\"contentUrl\":\"https:\/\/staging.varesenews.it\/wp-content\/uploads\/2020\/12\/marco_giovannelli_colori_500.jpg\",\"caption\":\"Marco Giovannelli\"},\"description\":\"Viterbese di origine vivo a Varese dal 1978. Due figli grandi, due lauree in scienze &ldquo;inutili&rdquo; quanto affascinanti che mi portano a mettere lo studio ancora al primo posto. Dopo aver lavorato per il sindacato, fondato e lavorato al centro Gulliver, in una cooperativa che gestiva il Circolino a Varese, con un altro viterbese e un lucano ho fondato VareseNews quando nessuno o quasi sapeva cosa fosse Internet. Ho alcune grandi passioni, la prima &egrave; il cammino che cerco di vivere quotidianamente. Averne percorsi alcuni storici con Santiago e la Francigena mi ha poi portato a far diventare anche lavoro la loro valorizzazione e in particolare la Via Francisca del Lucomagno. Amo leggere, andare al cinema, viaggiare. Mi piace conoscere. La mia migliore attitudine &egrave; connettere mondi e per questo mi affascina la contemporaneit&agrave; e il digitale. Ho insegnato diritto ed economia per un decennio nelle scuole superiori. Ho tenuto diverse lezioni e laboratori allo Iulm e ora all&rsquo;Universit&agrave; dell&rsquo;Insubria con un corso di Giornalismo digitale alla specialistica. Ho fondato diversi progetti editoriali.&nbsp;\",\"sameAs\":[\"https:\/\/www.facebook.com\/giovannelli.marco?fref=ts\",\"marcogio59\",\"https:\/\/it.linkedin.com\/in\/giovannellimarco\",\"https:\/\/twitter.com\/marcogio59\"],\"url\":\"https:\/\/staging.varesenews.it\/persona\/marco_giovannelli-2\/\"}]}<\/script>\n<!-- \/ Yoast SEO plugin. -->","yoast_head_json":{"title":"Roberto Cecchi: \"Mi iscrivo al Pd\"","description":"L'assessore alla cultura del comune di Varese annuncia una decisione politica: \"Ci ho pensato bene e per la prima volta prender\u00f2 una tessera di partito\"","robots":{"index":"noindex","follow":"follow","max-snippet":"max-snippet:-1","max-image-preview":"max-image-preview:large","max-video-preview":"max-video-preview:-1"},"og_locale":"it_IT","og_type":"article","og_title":"Roberto Cecchi: \"Mi iscrivo al Pd\"","og_description":"L'assessore alla cultura del comune di Varese annuncia una decisione politica: \"Ci ho pensato bene e per la prima volta prender\u00f2 una tessera di partito\"","og_url":"https:\/\/staging.varesenews.it\/2018\/03\/roberto-cecchi-mi-iscrivo-al-pd\/699066\/","og_site_name":"VareseNews","article_publisher":"https:\/\/www.facebook.com\/varesenews","article_author":"https:\/\/www.facebook.com\/giovannelli.marco?fref=ts","article_published_time":"2018-03-13T23:00:24+00:00","article_modified_time":"2018-03-14T00:09:02+00:00","author":"Marco Giovannelli","twitter_card":"summary_large_image","twitter_creator":"@marcogio59","twitter_site":"@varesenews","twitter_misc":{"Scritto da":"Marco Giovannelli","Tempo di lettura stimato":"2 minuti"},"schema":{"@context":"https:\/\/schema.org","@graph":[{"@type":"WebPage","@id":"https:\/\/staging.varesenews.it\/2018\/03\/roberto-cecchi-mi-iscrivo-al-pd\/699066\/","url":"https:\/\/staging.varesenews.it\/2018\/03\/roberto-cecchi-mi-iscrivo-al-pd\/699066\/","name":"Roberto Cecchi: \"Mi iscrivo al Pd\"","isPartOf":{"@id":"https:\/\/staging.varesenews.it\/#website"},"datePublished":"2018-03-13T23:00:24+00:00","dateModified":"2018-03-14T00:09:02+00:00","author":{"@id":"https:\/\/staging.varesenews.it\/#\/schema\/person\/b32b6f44664f8274f79469e452856024"},"description":"L'assessore alla cultura del comune di Varese annuncia una decisione politica: \"Ci ho pensato bene e per la prima volta prender\u00f2 una tessera di partito\"","breadcrumb":{"@id":"https:\/\/staging.varesenews.it\/2018\/03\/roberto-cecchi-mi-iscrivo-al-pd\/699066\/#breadcrumb"},"inLanguage":"it-IT","potentialAction":[{"@type":"ReadAction","target":["https:\/\/staging.varesenews.it\/2018\/03\/roberto-cecchi-mi-iscrivo-al-pd\/699066\/"]}]},{"@type":"BreadcrumbList","@id":"https:\/\/staging.varesenews.it\/2018\/03\/roberto-cecchi-mi-iscrivo-al-pd\/699066\/#breadcrumb","itemListElement":[{"@type":"ListItem","position":1,"name":"Home","item":"https:\/\/www.varesenews.it\/"},{"@type":"ListItem","position":2,"name":"Roberto Cecchi: &#8220;Mi iscrivo al Pd&#8221;"}]},{"@type":"WebSite","@id":"https:\/\/staging.varesenews.it\/#website","url":"https:\/\/staging.varesenews.it\/","name":"VareseNews","description":"","potentialAction":[{"@type":"SearchAction","target":{"@type":"EntryPoint","urlTemplate":"https:\/\/staging.varesenews.it\/?s={search_term_string}"},"query-input":"required name=search_term_string"}],"inLanguage":"it-IT"},{"@type":"Person","@id":"https:\/\/staging.varesenews.it\/#\/schema\/person\/b32b6f44664f8274f79469e452856024","name":"Marco Giovannelli","image":{"@type":"ImageObject","inLanguage":"it-IT","@id":"https:\/\/staging.varesenews.it\/#\/schema\/person\/image\/","url":"https:\/\/staging.varesenews.it\/wp-content\/uploads\/2020\/12\/marco_giovannelli_colori_500.jpg","contentUrl":"https:\/\/staging.varesenews.it\/wp-content\/uploads\/2020\/12\/marco_giovannelli_colori_500.jpg","caption":"Marco Giovannelli"},"description":"Viterbese di origine vivo a Varese dal 1978. Due figli grandi, due lauree in scienze &ldquo;inutili&rdquo; quanto affascinanti che mi portano a mettere lo studio ancora al primo posto. Dopo aver lavorato per il sindacato, fondato e lavorato al centro Gulliver, in una cooperativa che gestiva il Circolino a Varese, con un altro viterbese e un lucano ho fondato VareseNews quando nessuno o quasi sapeva cosa fosse Internet. Ho alcune grandi passioni, la prima &egrave; il cammino che cerco di vivere quotidianamente. Averne percorsi alcuni storici con Santiago e la Francigena mi ha poi portato a far diventare anche lavoro la loro valorizzazione e in particolare la Via Francisca del Lucomagno. Amo leggere, andare al cinema, viaggiare. Mi piace conoscere. La mia migliore attitudine &egrave; connettere mondi e per questo mi affascina la contemporaneit&agrave; e il digitale. Ho insegnato diritto ed economia per un decennio nelle scuole superiori. Ho tenuto diverse lezioni e laboratori allo Iulm e ora all&rsquo;Universit&agrave; dell&rsquo;Insubria con un corso di Giornalismo digitale alla specialistica. Ho fondato diversi progetti editoriali.&nbsp;","sameAs":["https:\/\/www.facebook.com\/giovannelli.marco?fref=ts","marcogio59","https:\/\/it.linkedin.com\/in\/giovannellimarco","https:\/\/twitter.com\/marcogio59"],"url":"https:\/\/staging.varesenews.it\/persona\/marco_giovannelli-2\/"}]}},"post_meta":{"_edit_lock":"1520986008:54","_edit_last":"54","_category_permalink":"a:1:{s:8:\"category\";s:0:\"\";}","ratings_users":"0","ratings_score":"0","ratings_average":"0","id_leggi_anche":"651635,658503,546190,697217","foto":"585596","firma_come_redazione":"1","argomento":"Varese","_yoast_wpseo_content_score":"60","_jd_tweet_this":"yes","_wpt_short_url":"http:\/\/www.varesenews.it\/2018\/03\/roberto-cecchi-mi-iscrivo-al-pd\/699066\/","_wp_jd_target":"http:\/\/www.varesenews.it\/2018\/03\/roberto-cecchi-mi-iscrivo-al-pd\/699066\/","_jd_wp_twitter":"a:1:{i:0;s:115:\"Roberto Cecchi: \u201cMi iscrivo al Pd\u201d http:\/\/www.varesenews.it\/2018\/03\/roberto-cecchi-mi-iscrivo-al-pd\/699066\/ #Pd\";}","_wpt_status_message":"Tweet inviato con successo."},"photos":[{"original":"https:\/\/staging.varesenews.it\/photogallery_new\/images\/2016\/12\/caricamento-temporaneo-per-contributo-51h4eftz1d-585596.jpg","full":"https:\/\/staging.varesenews.it\/photogallery_new\/images\/2016\/12\/caricamento-temporaneo-per-contributo-51h4eftz1d-585596.1024x768.jpg","large":"https:\/\/staging.varesenews.it\/photogallery_new\/images\/2016\/12\/caricamento-temporaneo-per-contributo-51h4eftz1d-585596.610x431.jpg"}],"_links":{"self":[{"href":"https:\/\/staging.varesenews.it\/swgapi\/v1\/wp\/v2\/posts\/699066"}],"collection":[{"href":"https:\/\/staging.varesenews.it\/swgapi\/v1\/wp\/v2\/posts"}],"about":[{"href":"https:\/\/staging.varesenews.it\/swgapi\/v1\/wp\/v2\/types\/post"}],"author":[{"embeddable":true,"href":"https:\/\/staging.varesenews.it\/swgapi\/v1\/wp\/v2\/users\/54"}],"replies":[{"embeddable":true,"href":"https:\/\/staging.varesenews.it\/swgapi\/v1\/wp\/v2\/comments?post=699066"}],"version-history":[{"count":0,"href":"https:\/\/staging.varesenews.it\/swgapi\/v1\/wp\/v2\/posts\/699066\/revisions"}],"wp:attachment":[{"href":"https:\/\/staging.varesenews.it\/swgapi\/v1\/wp\/v2\/media?parent=699066"}],"wp:term":[{"taxonomy":"category","embeddable":true,"href":"https:\/\/staging.varesenews.it\/swgapi\/v1\/wp\/v2\/categories?post=699066"},{"taxonomy":"post_tag","embeddable":true,"href":"https:\/\/staging.varesenews.it\/swgapi\/v1\/wp\/v2\/tags?post=699066"}],"curies":[{"name":"wp","href":"https:\/\/api.w.org\/{rel}","templated":true}]}}